{"id":18986,"date":"2023-07-15T09:02:04","date_gmt":"2023-07-15T13:02:04","guid":{"rendered":"https:\/\/conexion23.com\/?p=18986"},"modified":"2023-07-15T09:02:07","modified_gmt":"2023-07-15T13:02:07","slug":"el-periodo-de-la-precampana-se-calienta-en-mexico","status":"publish","type":"post","link":"https:\/\/conexion23.com\/?p=18986","title":{"rendered":"El per\u00edodo de la precampa\u00f1a se calienta en M\u00e9xico."},"content":{"rendered":"\n<p><\/p>\n\n\n\n<p>El presidente mexicano, Andr\u00e9s Manuel L\u00f3pez Obrador, continu\u00f3 ayer viernes con los ataques contra la precandidata favorita de la oposici\u00f3n a pesar de que las autoridades electorales le ordenaron abstenerse de intervenir en el proceso electoral interno de los partidos. La campa\u00f1a se va as\u00ed caldeando a menos de dos meses de que se definan los competidores para los comicios presidenciales del 2024.<\/p>\n\n\n\n<p>Desatendiendo la orden que emiti\u00f3 la v\u00edspera una unidad del Instituto Nacional Electoral (INE), L\u00f3pez Obrador volvi\u00f3 a acusar a la senadora X\u00f3chitl G\u00e1lvez de beneficiarse de contratos millonarios a trav\u00e9s de sus empresas de tecnolog\u00eda.<\/p>\n\n\n\n<p>Durante su conferencia matutina, el mandatario afirm\u00f3 que las empresas G\u00e1lvez recibieron por nueve a\u00f1os contratos para obras por cerca de 1.500 millones de pesos (unos 88 millones de d\u00f3lares).<\/p>\n\n\n\n<p>\u201cSi hay injusticias, si se cometen delitos, si hay delincuencia de cuello blanco, delincuencia organizada, hay que denunciarlo\u201d, dijo L\u00f3pez Obrador tras asegurar que con la decisi\u00f3n del INE se busca acallarlo y advirti\u00f3 que si sus adversarios lo atacan, va a tener derecho a la r\u00e9plica. \u00abNi modo que no voy a contestar\u201d, subray\u00f3.<\/p>\n\n\n\n<p>Ante los comentarios del presidente, la opositora reaccion\u00f3 de inmediato y, en una entrevista con un medio local, lo ret\u00f3 a mostrar los contratos de sus empresas.<\/p>\n\n\n\n<h3 class=\"wp-block-heading\">VIOLAR UNA SERIE DE LEYES<\/h3>\n\n\n\n<p>Poco despu\u00e9s, anunci\u00f3 en Twitter que lo denunciar\u00e1 por violar una serie de leyes tras difundir en la red social los cuadros de ingresos y gastos de sus empresas y lo acus\u00f3 de utilizar \u201ctodo el aparato del Estado para investigarme dolosamente por mi aspiraci\u00f3n\u201d.<\/p>\n\n\n\n<p>\u201cS\u00edgale, no le tengo miedo, no hay nada que ocultar\u201d, dijo la pol\u00edtica de 60 a\u00f1os. Si el gobernante demuestra los contratos, ella renunciar\u00e1 a la candidatura, seg\u00fan dijo. \u00abY si no, que renuncie \u00e9l a la presidencia por mentiroso\u201d, remat\u00f3.<\/p>\n","protected":false},"excerpt":{"rendered":"<p>El presidente mexicano, Andr\u00e9s Manuel L\u00f3pez Obrador, continu\u00f3 ayer viernes con los ataques contra la precandidata favorita de la oposici\u00f3n a pesar de que las autoridades electorales le ordenaron abstenerse de intervenir en el proceso electoral interno de los partidos. La campa\u00f1a se va as\u00ed caldeando a menos de dos meses de que se definan [&hellip;]<\/p>\n","protected":false},"author":15,"featured_media":18987,"comment_status":"open","ping_status":"open","sticky":false,"template":"","format":"standard","meta":{"footnotes":""},"categories":[1],"tags":[],"class_list":{"0":"post-18986","1":"post","2":"type-post","3":"status-publish","4":"format-standard","5":"has-post-thumbnail","7":"category-uncategorized"},"yoast_head":"<!-- This site is optimized with the Yoast SEO plugin v27.1.1 - https:\/\/yoast.com\/product\/yoast-seo-wordpress\/ -->\n<title>El per\u00edodo de la precampa\u00f1a se calienta en M\u00e9xico. - Conexi\u00f3n 23<\/title>\n<meta name=\"robots\" content=\"index, follow, max-snippet:-1, max-image-preview:large, max-video-preview:-1\" \/>\n<link rel=\"canonical\" href=\"https:\/\/conexion23.com\/?p=18986\" \/>\n<meta property=\"og:locale\" content=\"es_ES\" \/>\n<meta property=\"og:type\" content=\"article\" \/>\n<meta property=\"og:title\" content=\"El per\u00edodo de la precampa\u00f1a se calienta en M\u00e9xico. - Conexi\u00f3n 23\" \/>\n<meta property=\"og:description\" content=\"El presidente mexicano, Andr\u00e9s Manuel L\u00f3pez Obrador, continu\u00f3 ayer viernes con los ataques contra la precandidata favorita de la oposici\u00f3n a pesar de que las autoridades electorales le ordenaron abstenerse de intervenir en el proceso electoral interno de los partidos. La campa\u00f1a se va as\u00ed caldeando a menos de dos meses de que se definan [&hellip;]\" \/>\n<meta property=\"og:url\" content=\"https:\/\/conexion23.com\/?p=18986\" \/>\n<meta property=\"og:site_name\" content=\"Conexi\u00f3n 23\" \/>\n<meta property=\"article:publisher\" content=\"https:\/\/www.facebook.com\/conexion23com\" \/>\n<meta property=\"article:published_time\" content=\"2023-07-15T13:02:04+00:00\" \/>\n<meta property=\"article:modified_time\" content=\"2023-07-15T13:02:07+00:00\" \/>\n<meta property=\"og:image\" content=\"https:\/\/conexion23.com\/wp-content\/uploads\/2023\/07\/64b2015c804e7.webp\" \/>\n\t<meta property=\"og:image:width\" content=\"628\" \/>\n\t<meta property=\"og:image:height\" content=\"537\" \/>\n\t<meta property=\"og:image:type\" content=\"image\/webp\" \/>\n<meta name=\"author\" content=\"Raffy Ben\u00edtez\" \/>\n<meta name=\"twitter:card\" content=\"summary_large_image\" \/>\n<meta name=\"twitter:label1\" content=\"Escrito por\" \/>\n\t<meta name=\"twitter:data1\" content=\"Raffy Ben\u00edtez\" \/>\n\t<meta name=\"twitter:label2\" content=\"Tiempo de lectura\" \/>\n\t<meta name=\"twitter:data2\" content=\"2 minutos\" \/>\n<script type=\"application\/ld+json\" class=\"yoast-schema-graph\">{\"@context\":\"https:\/\/schema.org\",\"@graph\":[{\"@type\":\"Article\",\"@id\":\"https:\/\/conexion23.com\/?p=18986#article\",\"isPartOf\":{\"@id\":\"https:\/\/conexion23.com\/?p=18986\"},\"author\":{\"name\":\"Raffy Ben\u00edtez\",\"@id\":\"https:\/\/conexion23.com\/#\/schema\/person\/03e36043331117e97a373299bbcd30a6\"},\"headline\":\"El per\u00edodo de la precampa\u00f1a se calienta en M\u00e9xico.\",\"datePublished\":\"2023-07-15T13:02:04+00:00\",\"dateModified\":\"2023-07-15T13:02:07+00:00\",\"mainEntityOfPage\":{\"@id\":\"https:\/\/conexion23.com\/?p=18986\"},\"wordCount\":332,\"commentCount\":0,\"publisher\":{\"@id\":\"https:\/\/conexion23.com\/#organization\"},\"image\":{\"@id\":\"https:\/\/conexion23.com\/?p=18986#primaryimage\"},\"thumbnailUrl\":\"https:\/\/conexion23.com\/wp-content\/uploads\/2023\/07\/64b2015c804e7.webp\",\"articleSection\":[\"Uncategorized\"],\"inLanguage\":\"es\",\"potentialAction\":[{\"@type\":\"CommentAction\",\"name\":\"Comment\",\"target\":[\"https:\/\/conexion23.com\/?p=18986#respond\"]}]},{\"@type\":\"WebPage\",\"@id\":\"https:\/\/conexion23.com\/?p=18986\",\"url\":\"https:\/\/conexion23.com\/?p=18986\",\"name\":\"El per\u00edodo de la precampa\u00f1a se calienta en M\u00e9xico. - Conexi\u00f3n 23\",\"isPartOf\":{\"@id\":\"https:\/\/conexion23.com\/#website\"},\"primaryImageOfPage\":{\"@id\":\"https:\/\/conexion23.com\/?p=18986#primaryimage\"},\"image\":{\"@id\":\"https:\/\/conexion23.com\/?p=18986#primaryimage\"},\"thumbnailUrl\":\"https:\/\/conexion23.com\/wp-content\/uploads\/2023\/07\/64b2015c804e7.webp\",\"datePublished\":\"2023-07-15T13:02:04+00:00\",\"dateModified\":\"2023-07-15T13:02:07+00:00\",\"breadcrumb\":{\"@id\":\"https:\/\/conexion23.com\/?p=18986#breadcrumb\"},\"inLanguage\":\"es\",\"potentialAction\":[{\"@type\":\"ReadAction\",\"target\":[\"https:\/\/conexion23.com\/?p=18986\"]}]},{\"@type\":\"ImageObject\",\"inLanguage\":\"es\",\"@id\":\"https:\/\/conexion23.com\/?p=18986#primaryimage\",\"url\":\"https:\/\/conexion23.com\/wp-content\/uploads\/2023\/07\/64b2015c804e7.webp\",\"contentUrl\":\"https:\/\/conexion23.com\/wp-content\/uploads\/2023\/07\/64b2015c804e7.webp\",\"width\":628,\"height\":537},{\"@type\":\"BreadcrumbList\",\"@id\":\"https:\/\/conexion23.com\/?p=18986#breadcrumb\",\"itemListElement\":[{\"@type\":\"ListItem\",\"position\":1,\"name\":\"Portada\",\"item\":\"https:\/\/conexion23.com\/\"},{\"@type\":\"ListItem\",\"position\":2,\"name\":\"El per\u00edodo de la precampa\u00f1a se calienta en M\u00e9xico.\"}]},{\"@type\":\"WebSite\",\"@id\":\"https:\/\/conexion23.com\/#website\",\"url\":\"https:\/\/conexion23.com\/\",\"name\":\"Conexi\u00f3n 23\",\"description\":\"Peri\u00f3dico 100% Petromacorisano\",\"publisher\":{\"@id\":\"https:\/\/conexion23.com\/#organization\"},\"potentialAction\":[{\"@type\":\"SearchAction\",\"target\":{\"@type\":\"EntryPoint\",\"urlTemplate\":\"https:\/\/conexion23.com\/?s={search_term_string}\"},\"query-input\":{\"@type\":\"PropertyValueSpecification\",\"valueRequired\":true,\"valueName\":\"search_term_string\"}}],\"inLanguage\":\"es\"},{\"@type\":\"Organization\",\"@id\":\"https:\/\/conexion23.com\/#organization\",\"name\":\"Conexion 23\",\"url\":\"https:\/\/conexion23.com\/\",\"logo\":{\"@type\":\"ImageObject\",\"inLanguage\":\"es\",\"@id\":\"https:\/\/conexion23.com\/#\/schema\/logo\/image\/\",\"url\":\"https:\/\/conexion23.com\/wp-content\/uploads\/2021\/11\/Diseno-sin-titulo-2.png\",\"contentUrl\":\"https:\/\/conexion23.com\/wp-content\/uploads\/2021\/11\/Diseno-sin-titulo-2.png\",\"width\":541,\"height\":90,\"caption\":\"Conexion 23\"},\"image\":{\"@id\":\"https:\/\/conexion23.com\/#\/schema\/logo\/image\/\"},\"sameAs\":[\"https:\/\/www.facebook.com\/conexion23com\",\"https:\/\/www.instagram.com\/conexion23com\/\",\"https:\/\/www.youtube.com\/channel\/UCYc7vxxFZMYLIHNsHHxPZ3Q\"]},{\"@type\":\"Person\",\"@id\":\"https:\/\/conexion23.com\/#\/schema\/person\/03e36043331117e97a373299bbcd30a6\",\"name\":\"Raffy Ben\u00edtez\",\"image\":{\"@type\":\"ImageObject\",\"inLanguage\":\"es\",\"@id\":\"https:\/\/conexion23.com\/#\/schema\/person\/image\/\",\"url\":\"https:\/\/secure.gravatar.com\/avatar\/3190a6a6c5e1b0327500f7d6c56b6242472ee6cb974cf09b401ee6b3b0798f23?s=96&d=mm&r=g\",\"contentUrl\":\"https:\/\/secure.gravatar.com\/avatar\/3190a6a6c5e1b0327500f7d6c56b6242472ee6cb974cf09b401ee6b3b0798f23?s=96&d=mm&r=g\",\"caption\":\"Raffy Ben\u00edtez\"},\"url\":\"https:\/\/conexion23.com\/?author=15\"}]}<\/script>\n<!-- \/ Yoast SEO plugin. -->","yoast_head_json":{"title":"El per\u00edodo de la precampa\u00f1a se calienta en M\u00e9xico. - Conexi\u00f3n 23","robots":{"index":"index","follow":"follow","max-snippet":"max-snippet:-1","max-image-preview":"max-image-preview:large","max-video-preview":"max-video-preview:-1"},"canonical":"https:\/\/conexion23.com\/?p=18986","og_locale":"es_ES","og_type":"article","og_title":"El per\u00edodo de la precampa\u00f1a se calienta en M\u00e9xico. - Conexi\u00f3n 23","og_description":"El presidente mexicano, Andr\u00e9s Manuel L\u00f3pez Obrador, continu\u00f3 ayer viernes con los ataques contra la precandidata favorita de la oposici\u00f3n a pesar de que las autoridades electorales le ordenaron abstenerse de intervenir en el proceso electoral interno de los partidos. La campa\u00f1a se va as\u00ed caldeando a menos de dos meses de que se definan [&hellip;]","og_url":"https:\/\/conexion23.com\/?p=18986","og_site_name":"Conexi\u00f3n 23","article_publisher":"https:\/\/www.facebook.com\/conexion23com","article_published_time":"2023-07-15T13:02:04+00:00","article_modified_time":"2023-07-15T13:02:07+00:00","og_image":[{"width":628,"height":537,"url":"https:\/\/conexion23.com\/wp-content\/uploads\/2023\/07\/64b2015c804e7.webp","type":"image\/webp"}],"author":"Raffy Ben\u00edtez","twitter_card":"summary_large_image","twitter_misc":{"Escrito por":"Raffy Ben\u00edtez","Tiempo de lectura":"2 minutos"},"schema":{"@context":"https:\/\/schema.org","@graph":[{"@type":"Article","@id":"https:\/\/conexion23.com\/?p=18986#article","isPartOf":{"@id":"https:\/\/conexion23.com\/?p=18986"},"author":{"name":"Raffy Ben\u00edtez","@id":"https:\/\/conexion23.com\/#\/schema\/person\/03e36043331117e97a373299bbcd30a6"},"headline":"El per\u00edodo de la precampa\u00f1a se calienta en M\u00e9xico.","datePublished":"2023-07-15T13:02:04+00:00","dateModified":"2023-07-15T13:02:07+00:00","mainEntityOfPage":{"@id":"https:\/\/conexion23.com\/?p=18986"},"wordCount":332,"commentCount":0,"publisher":{"@id":"https:\/\/conexion23.com\/#organization"},"image":{"@id":"https:\/\/conexion23.com\/?p=18986#primaryimage"},"thumbnailUrl":"https:\/\/conexion23.com\/wp-content\/uploads\/2023\/07\/64b2015c804e7.webp","articleSection":["Uncategorized"],"inLanguage":"es","potentialAction":[{"@type":"CommentAction","name":"Comment","target":["https:\/\/conexion23.com\/?p=18986#respond"]}]},{"@type":"WebPage","@id":"https:\/\/conexion23.com\/?p=18986","url":"https:\/\/conexion23.com\/?p=18986","name":"El per\u00edodo de la precampa\u00f1a se calienta en M\u00e9xico. - Conexi\u00f3n 23","isPartOf":{"@id":"https:\/\/conexion23.com\/#website"},"primaryImageOfPage":{"@id":"https:\/\/conexion23.com\/?p=18986#primaryimage"},"image":{"@id":"https:\/\/conexion23.com\/?p=18986#primaryimage"},"thumbnailUrl":"https:\/\/conexion23.com\/wp-content\/uploads\/2023\/07\/64b2015c804e7.webp","datePublished":"2023-07-15T13:02:04+00:00","dateModified":"2023-07-15T13:02:07+00:00","breadcrumb":{"@id":"https:\/\/conexion23.com\/?p=18986#breadcrumb"},"inLanguage":"es","potentialAction":[{"@type":"ReadAction","target":["https:\/\/conexion23.com\/?p=18986"]}]},{"@type":"ImageObject","inLanguage":"es","@id":"https:\/\/conexion23.com\/?p=18986#primaryimage","url":"https:\/\/conexion23.com\/wp-content\/uploads\/2023\/07\/64b2015c804e7.webp","contentUrl":"https:\/\/conexion23.com\/wp-content\/uploads\/2023\/07\/64b2015c804e7.webp","width":628,"height":537},{"@type":"BreadcrumbList","@id":"https:\/\/conexion23.com\/?p=18986#breadcrumb","itemListElement":[{"@type":"ListItem","position":1,"name":"Portada","item":"https:\/\/conexion23.com\/"},{"@type":"ListItem","position":2,"name":"El per\u00edodo de la precampa\u00f1a se calienta en M\u00e9xico."}]},{"@type":"WebSite","@id":"https:\/\/conexion23.com\/#website","url":"https:\/\/conexion23.com\/","name":"Conexi\u00f3n 23","description":"Peri\u00f3dico 100% Petromacorisano","publisher":{"@id":"https:\/\/conexion23.com\/#organization"},"potentialAction":[{"@type":"SearchAction","target":{"@type":"EntryPoint","urlTemplate":"https:\/\/conexion23.com\/?s={search_term_string}"},"query-input":{"@type":"PropertyValueSpecification","valueRequired":true,"valueName":"search_term_string"}}],"inLanguage":"es"},{"@type":"Organization","@id":"https:\/\/conexion23.com\/#organization","name":"Conexion 23","url":"https:\/\/conexion23.com\/","logo":{"@type":"ImageObject","inLanguage":"es","@id":"https:\/\/conexion23.com\/#\/schema\/logo\/image\/","url":"https:\/\/conexion23.com\/wp-content\/uploads\/2021\/11\/Diseno-sin-titulo-2.png","contentUrl":"https:\/\/conexion23.com\/wp-content\/uploads\/2021\/11\/Diseno-sin-titulo-2.png","width":541,"height":90,"caption":"Conexion 23"},"image":{"@id":"https:\/\/conexion23.com\/#\/schema\/logo\/image\/"},"sameAs":["https:\/\/www.facebook.com\/conexion23com","https:\/\/www.instagram.com\/conexion23com\/","https:\/\/www.youtube.com\/channel\/UCYc7vxxFZMYLIHNsHHxPZ3Q"]},{"@type":"Person","@id":"https:\/\/conexion23.com\/#\/schema\/person\/03e36043331117e97a373299bbcd30a6","name":"Raffy Ben\u00edtez","image":{"@type":"ImageObject","inLanguage":"es","@id":"https:\/\/conexion23.com\/#\/schema\/person\/image\/","url":"https:\/\/secure.gravatar.com\/avatar\/3190a6a6c5e1b0327500f7d6c56b6242472ee6cb974cf09b401ee6b3b0798f23?s=96&d=mm&r=g","contentUrl":"https:\/\/secure.gravatar.com\/avatar\/3190a6a6c5e1b0327500f7d6c56b6242472ee6cb974cf09b401ee6b3b0798f23?s=96&d=mm&r=g","caption":"Raffy Ben\u00edtez"},"url":"https:\/\/conexion23.com\/?author=15"}]}},"_links":{"self":[{"href":"https:\/\/conexion23.com\/index.php?rest_route=\/wp\/v2\/posts\/18986","targetHints":{"allow":["GET"]}}],"collection":[{"href":"https:\/\/conexion23.com\/index.php?rest_route=\/wp\/v2\/posts"}],"about":[{"href":"https:\/\/conexion23.com\/index.php?rest_route=\/wp\/v2\/types\/post"}],"author":[{"embeddable":true,"href":"https:\/\/conexion23.com\/index.php?rest_route=\/wp\/v2\/users\/15"}],"replies":[{"embeddable":true,"href":"https:\/\/conexion23.com\/index.php?rest_route=%2Fwp%2Fv2%2Fcomments&post=18986"}],"version-history":[{"count":1,"href":"https:\/\/conexion23.com\/index.php?rest_route=\/wp\/v2\/posts\/18986\/revisions"}],"predecessor-version":[{"id":18988,"href":"https:\/\/conexion23.com\/index.php?rest_route=\/wp\/v2\/posts\/18986\/revisions\/18988"}],"wp:featuredmedia":[{"embeddable":true,"href":"https:\/\/conexion23.com\/index.php?rest_route=\/wp\/v2\/media\/18987"}],"wp:attachment":[{"href":"https:\/\/conexion23.com\/index.php?rest_route=%2Fwp%2Fv2%2Fmedia&parent=18986"}],"wp:term":[{"taxonomy":"category","embeddable":true,"href":"https:\/\/conexion23.com\/index.php?rest_route=%2Fwp%2Fv2%2Fcategories&post=18986"},{"taxonomy":"post_tag","embeddable":true,"href":"https:\/\/conexion23.com\/index.php?rest_route=%2Fwp%2Fv2%2Ftags&post=18986"}],"curies":[{"name":"wp","href":"https:\/\/api.w.org\/{rel}","templated":true}]}}