{"id":19077,"date":"2023-07-18T18:21:35","date_gmt":"2023-07-18T22:21:35","guid":{"rendered":"https:\/\/conexion23.com\/?p=19077"},"modified":"2023-07-18T18:21:37","modified_gmt":"2023-07-18T22:21:37","slug":"guillermo-moreno-rechaza-propuesta-del-prm-como-senador-por-el-distrito-nacional","status":"publish","type":"post","link":"https:\/\/conexion23.com\/?p=19077","title":{"rendered":"GUILLERMO MORENO RECHAZA PROPUESTA DEL PRM COMO SENADOR POR EL DISTRITO NACIONAL."},"content":{"rendered":"\n<p>La&nbsp;<strong>Comisi\u00f3n Pol\u00edtica de Alianza Pa\u00eds (AlPa\u00eds)&nbsp;<\/strong>aprob\u00f3 rechazar la propuesta del&nbsp;<strong>Partido Revolucionario Moderno (PRM)&nbsp;<\/strong>de que su l\u00edder y presidente,&nbsp;<strong>Guillermo Moreno<\/strong>, sea el&nbsp;<strong>candidato a senador<\/strong>&nbsp;por el Distrito Nacional en una&nbsp;<strong>coalici\u00f3n<\/strong>&nbsp;encabezada por el partido gobernante.Seg\u00fan una fuente que pidi\u00f3 mantener su nombre en reserva, la decisi\u00f3n de los miembros de AlPa\u00eds se tom\u00f3 el mi\u00e9rcoles pasado durante la reuni\u00f3n del organismo de direcci\u00f3n.&nbsp;<strong>En la misma reuni\u00f3n, Moreno inform\u00f3 que no se presentar\u00e1 como aspirante a la candidatura presidencial en la convenci\u00f3n interna.\u201dDespu\u00e9s de considerar varios factores y analizar las conveniencias pol\u00edticas, decidimos comunicar al PRM nuestra decisi\u00f3n de rechazar la oferta de una alianza electoral para que Guillermo Moreno sea candidato a senador del Distrito Nacional\u201d<\/strong>, enfatiz\u00f3 la fuente.<\/p>\n\n\n\n<p>El rechazo a la propuesta fue comunicado oficialmente al PRM a trav\u00e9s de una carta enviada a la comisi\u00f3n del partido oficialista encargada de discutir las alianzas electorales.En cuanto a la decisi\u00f3n de&nbsp;<strong>Guillermo Moreno<\/strong>&nbsp;de no volver a ser candidato presidencial en las elecciones de 2024, e<strong>l informante dijo que a\u00fan no se ha fijado la fecha de la convenci\u00f3n para elegir al candidato presidencial.<\/strong><\/p>\n\n\n\n<p>Cabe destacar que hasta el momento,<strong>&nbsp;el empresario, periodista y activista social Franc Rosario es el \u00fanico dirigente de AlPa\u00eds<\/strong>&nbsp;que ha anunciado su intenci\u00f3n de disputar la candidatura presidencial contra Moreno.Aunque la Comisi\u00f3n Pol\u00edtica rechaz\u00f3 la propuesta del PRM de que&nbsp;<strong>Guillermo Moreno<\/strong>&nbsp;sea&nbsp;<strong>candidato a senador<\/strong>, a\u00fan queda pendiente la discusi\u00f3n de acuerdos espec\u00edficos sobre posibles apoyos a cargos electos locales en las elecciones congresuales y municipales.<\/p>\n","protected":false},"excerpt":{"rendered":"<p>La&nbsp;Comisi\u00f3n Pol\u00edtica de Alianza Pa\u00eds (AlPa\u00eds)&nbsp;aprob\u00f3 rechazar la propuesta del&nbsp;Partido Revolucionario Moderno (PRM)&nbsp;de que su l\u00edder y presidente,&nbsp;Guillermo Moreno, sea el&nbsp;candidato a senador&nbsp;por el Distrito Nacional en una&nbsp;coalici\u00f3n&nbsp;encabezada por el partido gobernante.Seg\u00fan una fuente que pidi\u00f3 mantener su nombre en reserva, la decisi\u00f3n de los miembros de AlPa\u00eds se tom\u00f3 el mi\u00e9rcoles pasado durante la [&hellip;]<\/p>\n","protected":false},"author":15,"featured_media":19078,"comment_status":"open","ping_status":"open","sticky":false,"template":"","format":"standard","meta":{"footnotes":""},"categories":[1],"tags":[],"class_list":{"0":"post-19077","1":"post","2":"type-post","3":"status-publish","4":"format-standard","5":"has-post-thumbnail","7":"category-uncategorized"},"yoast_head":"<!-- This site is optimized with the Yoast SEO plugin v27.1.1 - https:\/\/yoast.com\/product\/yoast-seo-wordpress\/ -->\n<title>GUILLERMO MORENO RECHAZA PROPUESTA DEL PRM COMO SENADOR POR EL DISTRITO NACIONAL. - Conexi\u00f3n 23<\/title>\n<meta name=\"robots\" content=\"index, follow, max-snippet:-1, max-image-preview:large, max-video-preview:-1\" \/>\n<link rel=\"canonical\" href=\"http:\/\/conexion23.com\/?p=19077\" \/>\n<meta property=\"og:locale\" content=\"es_ES\" \/>\n<meta property=\"og:type\" content=\"article\" \/>\n<meta property=\"og:title\" content=\"GUILLERMO MORENO RECHAZA PROPUESTA DEL PRM COMO SENADOR POR EL DISTRITO NACIONAL. - Conexi\u00f3n 23\" \/>\n<meta property=\"og:description\" content=\"La&nbsp;Comisi\u00f3n Pol\u00edtica de Alianza Pa\u00eds (AlPa\u00eds)&nbsp;aprob\u00f3 rechazar la propuesta del&nbsp;Partido Revolucionario Moderno (PRM)&nbsp;de que su l\u00edder y presidente,&nbsp;Guillermo Moreno, sea el&nbsp;candidato a senador&nbsp;por el Distrito Nacional en una&nbsp;coalici\u00f3n&nbsp;encabezada por el partido gobernante.Seg\u00fan una fuente que pidi\u00f3 mantener su nombre en reserva, la decisi\u00f3n de los miembros de AlPa\u00eds se tom\u00f3 el mi\u00e9rcoles pasado durante la [&hellip;]\" \/>\n<meta property=\"og:url\" content=\"http:\/\/conexion23.com\/?p=19077\" \/>\n<meta property=\"og:site_name\" content=\"Conexi\u00f3n 23\" \/>\n<meta property=\"article:publisher\" content=\"https:\/\/www.facebook.com\/conexion23com\" \/>\n<meta property=\"article:published_time\" content=\"2023-07-18T22:21:35+00:00\" \/>\n<meta property=\"article:modified_time\" content=\"2023-07-18T22:21:37+00:00\" \/>\n<meta property=\"og:image\" content=\"http:\/\/conexion23.com\/wp-content\/uploads\/2023\/07\/Guillermo-Morenoo.webp\" \/>\n\t<meta property=\"og:image:width\" content=\"896\" \/>\n\t<meta property=\"og:image:height\" content=\"504\" \/>\n\t<meta property=\"og:image:type\" content=\"image\/webp\" \/>\n<meta name=\"author\" content=\"Raffy Ben\u00edtez\" \/>\n<meta name=\"twitter:card\" content=\"summary_large_image\" \/>\n<meta name=\"twitter:label1\" content=\"Escrito por\" \/>\n\t<meta name=\"twitter:data1\" content=\"Raffy Ben\u00edtez\" \/>\n\t<meta name=\"twitter:label2\" content=\"Tiempo de lectura\" \/>\n\t<meta name=\"twitter:data2\" content=\"2 minutos\" \/>\n<script type=\"application\/ld+json\" class=\"yoast-schema-graph\">{\"@context\":\"https:\/\/schema.org\",\"@graph\":[{\"@type\":\"Article\",\"@id\":\"http:\/\/conexion23.com\/?p=19077#article\",\"isPartOf\":{\"@id\":\"http:\/\/conexion23.com\/?p=19077\"},\"author\":{\"name\":\"Raffy Ben\u00edtez\",\"@id\":\"https:\/\/conexion23.com\/#\/schema\/person\/03e36043331117e97a373299bbcd30a6\"},\"headline\":\"GUILLERMO MORENO RECHAZA PROPUESTA DEL PRM COMO SENADOR POR EL DISTRITO NACIONAL.\",\"datePublished\":\"2023-07-18T22:21:35+00:00\",\"dateModified\":\"2023-07-18T22:21:37+00:00\",\"mainEntityOfPage\":{\"@id\":\"http:\/\/conexion23.com\/?p=19077\"},\"wordCount\":322,\"commentCount\":0,\"publisher\":{\"@id\":\"https:\/\/conexion23.com\/#organization\"},\"image\":{\"@id\":\"http:\/\/conexion23.com\/?p=19077#primaryimage\"},\"thumbnailUrl\":\"https:\/\/conexion23.com\/wp-content\/uploads\/2023\/07\/Guillermo-Morenoo.webp\",\"articleSection\":[\"Uncategorized\"],\"inLanguage\":\"es\",\"potentialAction\":[{\"@type\":\"CommentAction\",\"name\":\"Comment\",\"target\":[\"http:\/\/conexion23.com\/?p=19077#respond\"]}]},{\"@type\":\"WebPage\",\"@id\":\"http:\/\/conexion23.com\/?p=19077\",\"url\":\"http:\/\/conexion23.com\/?p=19077\",\"name\":\"GUILLERMO MORENO RECHAZA PROPUESTA DEL PRM COMO SENADOR POR EL DISTRITO NACIONAL. - Conexi\u00f3n 23\",\"isPartOf\":{\"@id\":\"https:\/\/conexion23.com\/#website\"},\"primaryImageOfPage\":{\"@id\":\"http:\/\/conexion23.com\/?p=19077#primaryimage\"},\"image\":{\"@id\":\"http:\/\/conexion23.com\/?p=19077#primaryimage\"},\"thumbnailUrl\":\"https:\/\/conexion23.com\/wp-content\/uploads\/2023\/07\/Guillermo-Morenoo.webp\",\"datePublished\":\"2023-07-18T22:21:35+00:00\",\"dateModified\":\"2023-07-18T22:21:37+00:00\",\"breadcrumb\":{\"@id\":\"http:\/\/conexion23.com\/?p=19077#breadcrumb\"},\"inLanguage\":\"es\",\"potentialAction\":[{\"@type\":\"ReadAction\",\"target\":[\"http:\/\/conexion23.com\/?p=19077\"]}]},{\"@type\":\"ImageObject\",\"inLanguage\":\"es\",\"@id\":\"http:\/\/conexion23.com\/?p=19077#primaryimage\",\"url\":\"https:\/\/conexion23.com\/wp-content\/uploads\/2023\/07\/Guillermo-Morenoo.webp\",\"contentUrl\":\"https:\/\/conexion23.com\/wp-content\/uploads\/2023\/07\/Guillermo-Morenoo.webp\",\"width\":896,\"height\":504},{\"@type\":\"BreadcrumbList\",\"@id\":\"http:\/\/conexion23.com\/?p=19077#breadcrumb\",\"itemListElement\":[{\"@type\":\"ListItem\",\"position\":1,\"name\":\"Portada\",\"item\":\"https:\/\/conexion23.com\/\"},{\"@type\":\"ListItem\",\"position\":2,\"name\":\"GUILLERMO MORENO RECHAZA PROPUESTA DEL PRM COMO SENADOR POR EL DISTRITO NACIONAL.\"}]},{\"@type\":\"WebSite\",\"@id\":\"https:\/\/conexion23.com\/#website\",\"url\":\"https:\/\/conexion23.com\/\",\"name\":\"Conexi\u00f3n 23\",\"description\":\"Peri\u00f3dico 100% Petromacorisano\",\"publisher\":{\"@id\":\"https:\/\/conexion23.com\/#organization\"},\"potentialAction\":[{\"@type\":\"SearchAction\",\"target\":{\"@type\":\"EntryPoint\",\"urlTemplate\":\"https:\/\/conexion23.com\/?s={search_term_string}\"},\"query-input\":{\"@type\":\"PropertyValueSpecification\",\"valueRequired\":true,\"valueName\":\"search_term_string\"}}],\"inLanguage\":\"es\"},{\"@type\":\"Organization\",\"@id\":\"https:\/\/conexion23.com\/#organization\",\"name\":\"Conexion 23\",\"url\":\"https:\/\/conexion23.com\/\",\"logo\":{\"@type\":\"ImageObject\",\"inLanguage\":\"es\",\"@id\":\"https:\/\/conexion23.com\/#\/schema\/logo\/image\/\",\"url\":\"https:\/\/conexion23.com\/wp-content\/uploads\/2021\/11\/Diseno-sin-titulo-2.png\",\"contentUrl\":\"https:\/\/conexion23.com\/wp-content\/uploads\/2021\/11\/Diseno-sin-titulo-2.png\",\"width\":541,\"height\":90,\"caption\":\"Conexion 23\"},\"image\":{\"@id\":\"https:\/\/conexion23.com\/#\/schema\/logo\/image\/\"},\"sameAs\":[\"https:\/\/www.facebook.com\/conexion23com\",\"https:\/\/www.instagram.com\/conexion23com\/\",\"https:\/\/www.youtube.com\/channel\/UCYc7vxxFZMYLIHNsHHxPZ3Q\"]},{\"@type\":\"Person\",\"@id\":\"https:\/\/conexion23.com\/#\/schema\/person\/03e36043331117e97a373299bbcd30a6\",\"name\":\"Raffy Ben\u00edtez\",\"image\":{\"@type\":\"ImageObject\",\"inLanguage\":\"es\",\"@id\":\"https:\/\/conexion23.com\/#\/schema\/person\/image\/\",\"url\":\"https:\/\/secure.gravatar.com\/avatar\/3190a6a6c5e1b0327500f7d6c56b6242472ee6cb974cf09b401ee6b3b0798f23?s=96&d=mm&r=g\",\"contentUrl\":\"https:\/\/secure.gravatar.com\/avatar\/3190a6a6c5e1b0327500f7d6c56b6242472ee6cb974cf09b401ee6b3b0798f23?s=96&d=mm&r=g\",\"caption\":\"Raffy Ben\u00edtez\"},\"url\":\"https:\/\/conexion23.com\/?author=15\"}]}<\/script>\n<!-- \/ Yoast SEO plugin. -->","yoast_head_json":{"title":"GUILLERMO MORENO RECHAZA PROPUESTA DEL PRM COMO SENADOR POR EL DISTRITO NACIONAL. - Conexi\u00f3n 23","robots":{"index":"index","follow":"follow","max-snippet":"max-snippet:-1","max-image-preview":"max-image-preview:large","max-video-preview":"max-video-preview:-1"},"canonical":"http:\/\/conexion23.com\/?p=19077","og_locale":"es_ES","og_type":"article","og_title":"GUILLERMO MORENO RECHAZA PROPUESTA DEL PRM COMO SENADOR POR EL DISTRITO NACIONAL. - Conexi\u00f3n 23","og_description":"La&nbsp;Comisi\u00f3n Pol\u00edtica de Alianza Pa\u00eds (AlPa\u00eds)&nbsp;aprob\u00f3 rechazar la propuesta del&nbsp;Partido Revolucionario Moderno (PRM)&nbsp;de que su l\u00edder y presidente,&nbsp;Guillermo Moreno, sea el&nbsp;candidato a senador&nbsp;por el Distrito Nacional en una&nbsp;coalici\u00f3n&nbsp;encabezada por el partido gobernante.Seg\u00fan una fuente que pidi\u00f3 mantener su nombre en reserva, la decisi\u00f3n de los miembros de AlPa\u00eds se tom\u00f3 el mi\u00e9rcoles pasado durante la [&hellip;]","og_url":"http:\/\/conexion23.com\/?p=19077","og_site_name":"Conexi\u00f3n 23","article_publisher":"https:\/\/www.facebook.com\/conexion23com","article_published_time":"2023-07-18T22:21:35+00:00","article_modified_time":"2023-07-18T22:21:37+00:00","og_image":[{"width":896,"height":504,"url":"http:\/\/conexion23.com\/wp-content\/uploads\/2023\/07\/Guillermo-Morenoo.webp","type":"image\/webp"}],"author":"Raffy Ben\u00edtez","twitter_card":"summary_large_image","twitter_misc":{"Escrito por":"Raffy Ben\u00edtez","Tiempo de lectura":"2 minutos"},"schema":{"@context":"https:\/\/schema.org","@graph":[{"@type":"Article","@id":"http:\/\/conexion23.com\/?p=19077#article","isPartOf":{"@id":"http:\/\/conexion23.com\/?p=19077"},"author":{"name":"Raffy Ben\u00edtez","@id":"https:\/\/conexion23.com\/#\/schema\/person\/03e36043331117e97a373299bbcd30a6"},"headline":"GUILLERMO MORENO RECHAZA PROPUESTA DEL PRM COMO SENADOR POR EL DISTRITO NACIONAL.","datePublished":"2023-07-18T22:21:35+00:00","dateModified":"2023-07-18T22:21:37+00:00","mainEntityOfPage":{"@id":"http:\/\/conexion23.com\/?p=19077"},"wordCount":322,"commentCount":0,"publisher":{"@id":"https:\/\/conexion23.com\/#organization"},"image":{"@id":"http:\/\/conexion23.com\/?p=19077#primaryimage"},"thumbnailUrl":"https:\/\/conexion23.com\/wp-content\/uploads\/2023\/07\/Guillermo-Morenoo.webp","articleSection":["Uncategorized"],"inLanguage":"es","potentialAction":[{"@type":"CommentAction","name":"Comment","target":["http:\/\/conexion23.com\/?p=19077#respond"]}]},{"@type":"WebPage","@id":"http:\/\/conexion23.com\/?p=19077","url":"http:\/\/conexion23.com\/?p=19077","name":"GUILLERMO MORENO RECHAZA PROPUESTA DEL PRM COMO SENADOR POR EL DISTRITO NACIONAL. - Conexi\u00f3n 23","isPartOf":{"@id":"https:\/\/conexion23.com\/#website"},"primaryImageOfPage":{"@id":"http:\/\/conexion23.com\/?p=19077#primaryimage"},"image":{"@id":"http:\/\/conexion23.com\/?p=19077#primaryimage"},"thumbnailUrl":"https:\/\/conexion23.com\/wp-content\/uploads\/2023\/07\/Guillermo-Morenoo.webp","datePublished":"2023-07-18T22:21:35+00:00","dateModified":"2023-07-18T22:21:37+00:00","breadcrumb":{"@id":"http:\/\/conexion23.com\/?p=19077#breadcrumb"},"inLanguage":"es","potentialAction":[{"@type":"ReadAction","target":["http:\/\/conexion23.com\/?p=19077"]}]},{"@type":"ImageObject","inLanguage":"es","@id":"http:\/\/conexion23.com\/?p=19077#primaryimage","url":"https:\/\/conexion23.com\/wp-content\/uploads\/2023\/07\/Guillermo-Morenoo.webp","contentUrl":"https:\/\/conexion23.com\/wp-content\/uploads\/2023\/07\/Guillermo-Morenoo.webp","width":896,"height":504},{"@type":"BreadcrumbList","@id":"http:\/\/conexion23.com\/?p=19077#breadcrumb","itemListElement":[{"@type":"ListItem","position":1,"name":"Portada","item":"https:\/\/conexion23.com\/"},{"@type":"ListItem","position":2,"name":"GUILLERMO MORENO RECHAZA PROPUESTA DEL PRM COMO SENADOR POR EL DISTRITO NACIONAL."}]},{"@type":"WebSite","@id":"https:\/\/conexion23.com\/#website","url":"https:\/\/conexion23.com\/","name":"Conexi\u00f3n 23","description":"Peri\u00f3dico 100% Petromacorisano","publisher":{"@id":"https:\/\/conexion23.com\/#organization"},"potentialAction":[{"@type":"SearchAction","target":{"@type":"EntryPoint","urlTemplate":"https:\/\/conexion23.com\/?s={search_term_string}"},"query-input":{"@type":"PropertyValueSpecification","valueRequired":true,"valueName":"search_term_string"}}],"inLanguage":"es"},{"@type":"Organization","@id":"https:\/\/conexion23.com\/#organization","name":"Conexion 23","url":"https:\/\/conexion23.com\/","logo":{"@type":"ImageObject","inLanguage":"es","@id":"https:\/\/conexion23.com\/#\/schema\/logo\/image\/","url":"https:\/\/conexion23.com\/wp-content\/uploads\/2021\/11\/Diseno-sin-titulo-2.png","contentUrl":"https:\/\/conexion23.com\/wp-content\/uploads\/2021\/11\/Diseno-sin-titulo-2.png","width":541,"height":90,"caption":"Conexion 23"},"image":{"@id":"https:\/\/conexion23.com\/#\/schema\/logo\/image\/"},"sameAs":["https:\/\/www.facebook.com\/conexion23com","https:\/\/www.instagram.com\/conexion23com\/","https:\/\/www.youtube.com\/channel\/UCYc7vxxFZMYLIHNsHHxPZ3Q"]},{"@type":"Person","@id":"https:\/\/conexion23.com\/#\/schema\/person\/03e36043331117e97a373299bbcd30a6","name":"Raffy Ben\u00edtez","image":{"@type":"ImageObject","inLanguage":"es","@id":"https:\/\/conexion23.com\/#\/schema\/person\/image\/","url":"https:\/\/secure.gravatar.com\/avatar\/3190a6a6c5e1b0327500f7d6c56b6242472ee6cb974cf09b401ee6b3b0798f23?s=96&d=mm&r=g","contentUrl":"https:\/\/secure.gravatar.com\/avatar\/3190a6a6c5e1b0327500f7d6c56b6242472ee6cb974cf09b401ee6b3b0798f23?s=96&d=mm&r=g","caption":"Raffy Ben\u00edtez"},"url":"https:\/\/conexion23.com\/?author=15"}]}},"_links":{"self":[{"href":"https:\/\/conexion23.com\/index.php?rest_route=\/wp\/v2\/posts\/19077","targetHints":{"allow":["GET"]}}],"collection":[{"href":"https:\/\/conexion23.com\/index.php?rest_route=\/wp\/v2\/posts"}],"about":[{"href":"https:\/\/conexion23.com\/index.php?rest_route=\/wp\/v2\/types\/post"}],"author":[{"embeddable":true,"href":"https:\/\/conexion23.com\/index.php?rest_route=\/wp\/v2\/users\/15"}],"replies":[{"embeddable":true,"href":"https:\/\/conexion23.com\/index.php?rest_route=%2Fwp%2Fv2%2Fcomments&post=19077"}],"version-history":[{"count":1,"href":"https:\/\/conexion23.com\/index.php?rest_route=\/wp\/v2\/posts\/19077\/revisions"}],"predecessor-version":[{"id":19079,"href":"https:\/\/conexion23.com\/index.php?rest_route=\/wp\/v2\/posts\/19077\/revisions\/19079"}],"wp:featuredmedia":[{"embeddable":true,"href":"https:\/\/conexion23.com\/index.php?rest_route=\/wp\/v2\/media\/19078"}],"wp:attachment":[{"href":"https:\/\/conexion23.com\/index.php?rest_route=%2Fwp%2Fv2%2Fmedia&parent=19077"}],"wp:term":[{"taxonomy":"category","embeddable":true,"href":"https:\/\/conexion23.com\/index.php?rest_route=%2Fwp%2Fv2%2Fcategories&post=19077"},{"taxonomy":"post_tag","embeddable":true,"href":"https:\/\/conexion23.com\/index.php?rest_route=%2Fwp%2Fv2%2Ftags&post=19077"}],"curies":[{"name":"wp","href":"https:\/\/api.w.org\/{rel}","templated":true}]}}