{"id":19080,"date":"2023-07-18T18:25:03","date_gmt":"2023-07-18T22:25:03","guid":{"rendered":"https:\/\/conexion23.com\/?p=19080"},"modified":"2023-07-18T18:25:06","modified_gmt":"2023-07-18T22:25:06","slug":"dos-presos-resultan-heridos-en-la-carcel-de-spm-tras-un-incidente","status":"publish","type":"post","link":"https:\/\/conexion23.com\/?p=19080","title":{"rendered":"Dos presos resultan heridos en la c\u00e1rcel de SPM tras un incidente."},"content":{"rendered":"\n<p>Dos privados de libertad del centro de correcci\u00f3n y rehabilitaci\u00f3n de San Pedro de Macor\u00eds CCR-11, resultaron con heridas punzante tras ser atacado por otro, hecho registrado en el interior de esa c\u00e1rcel.<\/p>\n\n\n\n<p>Entre los heridos est\u00e1 H\u00e9ctor Lu\u00eds Ozuna de 37 a\u00f1os y Yonatan Feliciano de 32 a\u00f1os este con residencia en el barrio Placer Bonito de esta ciudad.<\/p>\n\n\n\n<p>Ambos fueron llevados a la sala de emergencia del hospital Antonio Musa.<\/p>\n","protected":false},"excerpt":{"rendered":"<p>Dos privados de libertad del centro de correcci\u00f3n y rehabilitaci\u00f3n de San Pedro de Macor\u00eds CCR-11, resultaron con heridas punzante tras ser atacado por otro, hecho registrado en el interior de esa c\u00e1rcel. Entre los heridos est\u00e1 H\u00e9ctor Lu\u00eds Ozuna de 37 a\u00f1os y Yonatan Feliciano de 32 a\u00f1os este con residencia en el barrio [&hellip;]<\/p>\n","protected":false},"author":15,"featured_media":19081,"comment_status":"open","ping_status":"open","sticky":false,"template":"","format":"standard","meta":{"footnotes":""},"categories":[35],"tags":[],"class_list":{"0":"post-19080","1":"post","2":"type-post","3":"status-publish","4":"format-standard","5":"has-post-thumbnail","7":"category-spm"},"yoast_head":"<!-- This site is optimized with the Yoast SEO plugin v27.1.1 - https:\/\/yoast.com\/product\/yoast-seo-wordpress\/ -->\n<title>Dos presos resultan heridos en la c\u00e1rcel de SPM tras un incidente. - Conexi\u00f3n 23<\/title>\n<meta name=\"robots\" content=\"index, follow, max-snippet:-1, max-image-preview:large, max-video-preview:-1\" \/>\n<link rel=\"canonical\" href=\"http:\/\/conexion23.com\/?p=19080\" \/>\n<meta property=\"og:locale\" content=\"es_ES\" \/>\n<meta property=\"og:type\" content=\"article\" \/>\n<meta property=\"og:title\" content=\"Dos presos resultan heridos en la c\u00e1rcel de SPM tras un incidente. - Conexi\u00f3n 23\" \/>\n<meta property=\"og:description\" content=\"Dos privados de libertad del centro de correcci\u00f3n y rehabilitaci\u00f3n de San Pedro de Macor\u00eds CCR-11, resultaron con heridas punzante tras ser atacado por otro, hecho registrado en el interior de esa c\u00e1rcel. Entre los heridos est\u00e1 H\u00e9ctor Lu\u00eds Ozuna de 37 a\u00f1os y Yonatan Feliciano de 32 a\u00f1os este con residencia en el barrio [&hellip;]\" \/>\n<meta property=\"og:url\" content=\"http:\/\/conexion23.com\/?p=19080\" \/>\n<meta property=\"og:site_name\" content=\"Conexi\u00f3n 23\" \/>\n<meta property=\"article:publisher\" content=\"https:\/\/www.facebook.com\/conexion23com\" \/>\n<meta property=\"article:published_time\" content=\"2023-07-18T22:25:03+00:00\" \/>\n<meta property=\"article:modified_time\" content=\"2023-07-18T22:25:06+00:00\" \/>\n<meta property=\"og:image\" content=\"http:\/\/conexion23.com\/wp-content\/uploads\/2023\/07\/4e4e2bd5-1f7b-4ad6-92ab-fa02e0a943e4.jpg\" \/>\n\t<meta property=\"og:image:width\" content=\"743\" \/>\n\t<meta property=\"og:image:height\" content=\"380\" \/>\n\t<meta property=\"og:image:type\" content=\"image\/jpeg\" \/>\n<meta name=\"author\" content=\"Raffy Ben\u00edtez\" \/>\n<meta name=\"twitter:card\" content=\"summary_large_image\" \/>\n<meta name=\"twitter:label1\" content=\"Escrito por\" \/>\n\t<meta name=\"twitter:data1\" content=\"Raffy Ben\u00edtez\" \/>\n\t<meta name=\"twitter:label2\" content=\"Tiempo de lectura\" \/>\n\t<meta name=\"twitter:data2\" content=\"1 minuto\" \/>\n<script type=\"application\/ld+json\" class=\"yoast-schema-graph\">{\"@context\":\"https:\/\/schema.org\",\"@graph\":[{\"@type\":\"Article\",\"@id\":\"http:\/\/conexion23.com\/?p=19080#article\",\"isPartOf\":{\"@id\":\"http:\/\/conexion23.com\/?p=19080\"},\"author\":{\"name\":\"Raffy Ben\u00edtez\",\"@id\":\"https:\/\/conexion23.com\/#\/schema\/person\/03e36043331117e97a373299bbcd30a6\"},\"headline\":\"Dos presos resultan heridos en la c\u00e1rcel de SPM tras un incidente.\",\"datePublished\":\"2023-07-18T22:25:03+00:00\",\"dateModified\":\"2023-07-18T22:25:06+00:00\",\"mainEntityOfPage\":{\"@id\":\"http:\/\/conexion23.com\/?p=19080\"},\"wordCount\":91,\"commentCount\":0,\"publisher\":{\"@id\":\"https:\/\/conexion23.com\/#organization\"},\"image\":{\"@id\":\"http:\/\/conexion23.com\/?p=19080#primaryimage\"},\"thumbnailUrl\":\"https:\/\/conexion23.com\/wp-content\/uploads\/2023\/07\/4e4e2bd5-1f7b-4ad6-92ab-fa02e0a943e4.jpg\",\"articleSection\":[\"SPM\"],\"inLanguage\":\"es\",\"potentialAction\":[{\"@type\":\"CommentAction\",\"name\":\"Comment\",\"target\":[\"http:\/\/conexion23.com\/?p=19080#respond\"]}]},{\"@type\":\"WebPage\",\"@id\":\"http:\/\/conexion23.com\/?p=19080\",\"url\":\"http:\/\/conexion23.com\/?p=19080\",\"name\":\"Dos presos resultan heridos en la c\u00e1rcel de SPM tras un incidente. - Conexi\u00f3n 23\",\"isPartOf\":{\"@id\":\"https:\/\/conexion23.com\/#website\"},\"primaryImageOfPage\":{\"@id\":\"http:\/\/conexion23.com\/?p=19080#primaryimage\"},\"image\":{\"@id\":\"http:\/\/conexion23.com\/?p=19080#primaryimage\"},\"thumbnailUrl\":\"https:\/\/conexion23.com\/wp-content\/uploads\/2023\/07\/4e4e2bd5-1f7b-4ad6-92ab-fa02e0a943e4.jpg\",\"datePublished\":\"2023-07-18T22:25:03+00:00\",\"dateModified\":\"2023-07-18T22:25:06+00:00\",\"breadcrumb\":{\"@id\":\"http:\/\/conexion23.com\/?p=19080#breadcrumb\"},\"inLanguage\":\"es\",\"potentialAction\":[{\"@type\":\"ReadAction\",\"target\":[\"http:\/\/conexion23.com\/?p=19080\"]}]},{\"@type\":\"ImageObject\",\"inLanguage\":\"es\",\"@id\":\"http:\/\/conexion23.com\/?p=19080#primaryimage\",\"url\":\"https:\/\/conexion23.com\/wp-content\/uploads\/2023\/07\/4e4e2bd5-1f7b-4ad6-92ab-fa02e0a943e4.jpg\",\"contentUrl\":\"https:\/\/conexion23.com\/wp-content\/uploads\/2023\/07\/4e4e2bd5-1f7b-4ad6-92ab-fa02e0a943e4.jpg\",\"width\":743,\"height\":380},{\"@type\":\"BreadcrumbList\",\"@id\":\"http:\/\/conexion23.com\/?p=19080#breadcrumb\",\"itemListElement\":[{\"@type\":\"ListItem\",\"position\":1,\"name\":\"Portada\",\"item\":\"https:\/\/conexion23.com\/\"},{\"@type\":\"ListItem\",\"position\":2,\"name\":\"Dos presos resultan heridos en la c\u00e1rcel de SPM tras un incidente.\"}]},{\"@type\":\"WebSite\",\"@id\":\"https:\/\/conexion23.com\/#website\",\"url\":\"https:\/\/conexion23.com\/\",\"name\":\"Conexi\u00f3n 23\",\"description\":\"Peri\u00f3dico 100% Petromacorisano\",\"publisher\":{\"@id\":\"https:\/\/conexion23.com\/#organization\"},\"potentialAction\":[{\"@type\":\"SearchAction\",\"target\":{\"@type\":\"EntryPoint\",\"urlTemplate\":\"https:\/\/conexion23.com\/?s={search_term_string}\"},\"query-input\":{\"@type\":\"PropertyValueSpecification\",\"valueRequired\":true,\"valueName\":\"search_term_string\"}}],\"inLanguage\":\"es\"},{\"@type\":\"Organization\",\"@id\":\"https:\/\/conexion23.com\/#organization\",\"name\":\"Conexion 23\",\"url\":\"https:\/\/conexion23.com\/\",\"logo\":{\"@type\":\"ImageObject\",\"inLanguage\":\"es\",\"@id\":\"https:\/\/conexion23.com\/#\/schema\/logo\/image\/\",\"url\":\"https:\/\/conexion23.com\/wp-content\/uploads\/2021\/11\/Diseno-sin-titulo-2.png\",\"contentUrl\":\"https:\/\/conexion23.com\/wp-content\/uploads\/2021\/11\/Diseno-sin-titulo-2.png\",\"width\":541,\"height\":90,\"caption\":\"Conexion 23\"},\"image\":{\"@id\":\"https:\/\/conexion23.com\/#\/schema\/logo\/image\/\"},\"sameAs\":[\"https:\/\/www.facebook.com\/conexion23com\",\"https:\/\/www.instagram.com\/conexion23com\/\",\"https:\/\/www.youtube.com\/channel\/UCYc7vxxFZMYLIHNsHHxPZ3Q\"]},{\"@type\":\"Person\",\"@id\":\"https:\/\/conexion23.com\/#\/schema\/person\/03e36043331117e97a373299bbcd30a6\",\"name\":\"Raffy Ben\u00edtez\",\"image\":{\"@type\":\"ImageObject\",\"inLanguage\":\"es\",\"@id\":\"https:\/\/conexion23.com\/#\/schema\/person\/image\/\",\"url\":\"https:\/\/secure.gravatar.com\/avatar\/3190a6a6c5e1b0327500f7d6c56b6242472ee6cb974cf09b401ee6b3b0798f23?s=96&d=mm&r=g\",\"contentUrl\":\"https:\/\/secure.gravatar.com\/avatar\/3190a6a6c5e1b0327500f7d6c56b6242472ee6cb974cf09b401ee6b3b0798f23?s=96&d=mm&r=g\",\"caption\":\"Raffy Ben\u00edtez\"},\"url\":\"https:\/\/conexion23.com\/?author=15\"}]}<\/script>\n<!-- \/ Yoast SEO plugin. -->","yoast_head_json":{"title":"Dos presos resultan heridos en la c\u00e1rcel de SPM tras un incidente. - Conexi\u00f3n 23","robots":{"index":"index","follow":"follow","max-snippet":"max-snippet:-1","max-image-preview":"max-image-preview:large","max-video-preview":"max-video-preview:-1"},"canonical":"http:\/\/conexion23.com\/?p=19080","og_locale":"es_ES","og_type":"article","og_title":"Dos presos resultan heridos en la c\u00e1rcel de SPM tras un incidente. - Conexi\u00f3n 23","og_description":"Dos privados de libertad del centro de correcci\u00f3n y rehabilitaci\u00f3n de San Pedro de Macor\u00eds CCR-11, resultaron con heridas punzante tras ser atacado por otro, hecho registrado en el interior de esa c\u00e1rcel. Entre los heridos est\u00e1 H\u00e9ctor Lu\u00eds Ozuna de 37 a\u00f1os y Yonatan Feliciano de 32 a\u00f1os este con residencia en el barrio [&hellip;]","og_url":"http:\/\/conexion23.com\/?p=19080","og_site_name":"Conexi\u00f3n 23","article_publisher":"https:\/\/www.facebook.com\/conexion23com","article_published_time":"2023-07-18T22:25:03+00:00","article_modified_time":"2023-07-18T22:25:06+00:00","og_image":[{"width":743,"height":380,"url":"http:\/\/conexion23.com\/wp-content\/uploads\/2023\/07\/4e4e2bd5-1f7b-4ad6-92ab-fa02e0a943e4.jpg","type":"image\/jpeg"}],"author":"Raffy Ben\u00edtez","twitter_card":"summary_large_image","twitter_misc":{"Escrito por":"Raffy Ben\u00edtez","Tiempo de lectura":"1 minuto"},"schema":{"@context":"https:\/\/schema.org","@graph":[{"@type":"Article","@id":"http:\/\/conexion23.com\/?p=19080#article","isPartOf":{"@id":"http:\/\/conexion23.com\/?p=19080"},"author":{"name":"Raffy Ben\u00edtez","@id":"https:\/\/conexion23.com\/#\/schema\/person\/03e36043331117e97a373299bbcd30a6"},"headline":"Dos presos resultan heridos en la c\u00e1rcel de SPM tras un incidente.","datePublished":"2023-07-18T22:25:03+00:00","dateModified":"2023-07-18T22:25:06+00:00","mainEntityOfPage":{"@id":"http:\/\/conexion23.com\/?p=19080"},"wordCount":91,"commentCount":0,"publisher":{"@id":"https:\/\/conexion23.com\/#organization"},"image":{"@id":"http:\/\/conexion23.com\/?p=19080#primaryimage"},"thumbnailUrl":"https:\/\/conexion23.com\/wp-content\/uploads\/2023\/07\/4e4e2bd5-1f7b-4ad6-92ab-fa02e0a943e4.jpg","articleSection":["SPM"],"inLanguage":"es","potentialAction":[{"@type":"CommentAction","name":"Comment","target":["http:\/\/conexion23.com\/?p=19080#respond"]}]},{"@type":"WebPage","@id":"http:\/\/conexion23.com\/?p=19080","url":"http:\/\/conexion23.com\/?p=19080","name":"Dos presos resultan heridos en la c\u00e1rcel de SPM tras un incidente. - Conexi\u00f3n 23","isPartOf":{"@id":"https:\/\/conexion23.com\/#website"},"primaryImageOfPage":{"@id":"http:\/\/conexion23.com\/?p=19080#primaryimage"},"image":{"@id":"http:\/\/conexion23.com\/?p=19080#primaryimage"},"thumbnailUrl":"https:\/\/conexion23.com\/wp-content\/uploads\/2023\/07\/4e4e2bd5-1f7b-4ad6-92ab-fa02e0a943e4.jpg","datePublished":"2023-07-18T22:25:03+00:00","dateModified":"2023-07-18T22:25:06+00:00","breadcrumb":{"@id":"http:\/\/conexion23.com\/?p=19080#breadcrumb"},"inLanguage":"es","potentialAction":[{"@type":"ReadAction","target":["http:\/\/conexion23.com\/?p=19080"]}]},{"@type":"ImageObject","inLanguage":"es","@id":"http:\/\/conexion23.com\/?p=19080#primaryimage","url":"https:\/\/conexion23.com\/wp-content\/uploads\/2023\/07\/4e4e2bd5-1f7b-4ad6-92ab-fa02e0a943e4.jpg","contentUrl":"https:\/\/conexion23.com\/wp-content\/uploads\/2023\/07\/4e4e2bd5-1f7b-4ad6-92ab-fa02e0a943e4.jpg","width":743,"height":380},{"@type":"BreadcrumbList","@id":"http:\/\/conexion23.com\/?p=19080#breadcrumb","itemListElement":[{"@type":"ListItem","position":1,"name":"Portada","item":"https:\/\/conexion23.com\/"},{"@type":"ListItem","position":2,"name":"Dos presos resultan heridos en la c\u00e1rcel de SPM tras un incidente."}]},{"@type":"WebSite","@id":"https:\/\/conexion23.com\/#website","url":"https:\/\/conexion23.com\/","name":"Conexi\u00f3n 23","description":"Peri\u00f3dico 100% Petromacorisano","publisher":{"@id":"https:\/\/conexion23.com\/#organization"},"potentialAction":[{"@type":"SearchAction","target":{"@type":"EntryPoint","urlTemplate":"https:\/\/conexion23.com\/?s={search_term_string}"},"query-input":{"@type":"PropertyValueSpecification","valueRequired":true,"valueName":"search_term_string"}}],"inLanguage":"es"},{"@type":"Organization","@id":"https:\/\/conexion23.com\/#organization","name":"Conexion 23","url":"https:\/\/conexion23.com\/","logo":{"@type":"ImageObject","inLanguage":"es","@id":"https:\/\/conexion23.com\/#\/schema\/logo\/image\/","url":"https:\/\/conexion23.com\/wp-content\/uploads\/2021\/11\/Diseno-sin-titulo-2.png","contentUrl":"https:\/\/conexion23.com\/wp-content\/uploads\/2021\/11\/Diseno-sin-titulo-2.png","width":541,"height":90,"caption":"Conexion 23"},"image":{"@id":"https:\/\/conexion23.com\/#\/schema\/logo\/image\/"},"sameAs":["https:\/\/www.facebook.com\/conexion23com","https:\/\/www.instagram.com\/conexion23com\/","https:\/\/www.youtube.com\/channel\/UCYc7vxxFZMYLIHNsHHxPZ3Q"]},{"@type":"Person","@id":"https:\/\/conexion23.com\/#\/schema\/person\/03e36043331117e97a373299bbcd30a6","name":"Raffy Ben\u00edtez","image":{"@type":"ImageObject","inLanguage":"es","@id":"https:\/\/conexion23.com\/#\/schema\/person\/image\/","url":"https:\/\/secure.gravatar.com\/avatar\/3190a6a6c5e1b0327500f7d6c56b6242472ee6cb974cf09b401ee6b3b0798f23?s=96&d=mm&r=g","contentUrl":"https:\/\/secure.gravatar.com\/avatar\/3190a6a6c5e1b0327500f7d6c56b6242472ee6cb974cf09b401ee6b3b0798f23?s=96&d=mm&r=g","caption":"Raffy Ben\u00edtez"},"url":"https:\/\/conexion23.com\/?author=15"}]}},"_links":{"self":[{"href":"https:\/\/conexion23.com\/index.php?rest_route=\/wp\/v2\/posts\/19080","targetHints":{"allow":["GET"]}}],"collection":[{"href":"https:\/\/conexion23.com\/index.php?rest_route=\/wp\/v2\/posts"}],"about":[{"href":"https:\/\/conexion23.com\/index.php?rest_route=\/wp\/v2\/types\/post"}],"author":[{"embeddable":true,"href":"https:\/\/conexion23.com\/index.php?rest_route=\/wp\/v2\/users\/15"}],"replies":[{"embeddable":true,"href":"https:\/\/conexion23.com\/index.php?rest_route=%2Fwp%2Fv2%2Fcomments&post=19080"}],"version-history":[{"count":1,"href":"https:\/\/conexion23.com\/index.php?rest_route=\/wp\/v2\/posts\/19080\/revisions"}],"predecessor-version":[{"id":19082,"href":"https:\/\/conexion23.com\/index.php?rest_route=\/wp\/v2\/posts\/19080\/revisions\/19082"}],"wp:featuredmedia":[{"embeddable":true,"href":"https:\/\/conexion23.com\/index.php?rest_route=\/wp\/v2\/media\/19081"}],"wp:attachment":[{"href":"https:\/\/conexion23.com\/index.php?rest_route=%2Fwp%2Fv2%2Fmedia&parent=19080"}],"wp:term":[{"taxonomy":"category","embeddable":true,"href":"https:\/\/conexion23.com\/index.php?rest_route=%2Fwp%2Fv2%2Fcategories&post=19080"},{"taxonomy":"post_tag","embeddable":true,"href":"https:\/\/conexion23.com\/index.php?rest_route=%2Fwp%2Fv2%2Ftags&post=19080"}],"curies":[{"name":"wp","href":"https:\/\/api.w.org\/{rel}","templated":true}]}}