{"id":19192,"date":"2023-07-21T17:59:19","date_gmt":"2023-07-21T21:59:19","guid":{"rendered":"https:\/\/conexion23.com\/?p=19192"},"modified":"2023-07-21T17:59:21","modified_gmt":"2023-07-21T21:59:21","slug":"asuntos-internos-investiga-a-cinco-policias-de-san-pedro-de-macoris-por-el-robo-de-casi-25-mil-pesos-a-un-electricista","status":"publish","type":"post","link":"https:\/\/conexion23.com\/?p=19192","title":{"rendered":"Asuntos Internos investiga a cinco polic\u00edas de San Pedro de Macor\u00eds por el robo de casi 25 mil pesos a un electricista\u00a0"},"content":{"rendered":"\n<p>Asuntos Internos de la Polic\u00eda Nacional recibe fuerte denuncia contra varios miembros de la instituci\u00f3n.<\/p>\n\n\n\n<p>La denuncia la expone el se\u00f1or Jos\u00e9 Rafael Carela Santana quien se queja de los siguientes polic\u00edas: Sargento Ram\u00f3n Eduardo Mazara Santana, Cabo Borelis Mota, Cabo M\u00e1rtires Santana Aponte, Cabo H\u00e9ctor Bienvenida Severino Jaime y el Cabo Telleria S\u00e1nchez,&nbsp; todos asignados a San Pedro de Macor\u00eds quienes en fecha del 17 de mayo de este a\u00f1o hicieron compras por Amazon por valor de US$150.41 d\u00f3lares y RD$3,188.97 pesos con la tarjeta de cr\u00e9dito&nbsp; del Banco Popular propiedad de Jos\u00e9 Rafael.&nbsp;<\/p>\n\n\n\n<p>Tambi\u00e9n hicieron compras en Shein por la suma de US$227.72 d\u00f3lares con&nbsp; la tarjeta de d\u00e9bito del Banco Popular la cual es propiedad de la novia del se\u00f1or Jos\u00e9 Rafael, Marlin Encarnaci\u00f3n. Todo estas compras las hicieron una hora despu\u00e9s de los Polic\u00eda haber detenido al se\u00f1or Jos\u00e9 Rafael cuando el transitaba por la avenida Francisco Alberto Caama\u00f1o rumbo a Juan Dolio.<\/p>\n\n\n\n<p>Cuando detuvieron a el afectado que es t\u00e9cnico en electricidad, andaba con tres de sus empleados a realizar un trabajo en el municipio costero.<\/p>\n\n\n\n<p>Fue cuando pasaban frente a Astrap\u00fa que fueron detenidos por una patrulla la cual reviso el veh\u00edculo, encontrando en el un arma de fuego propiedad del due\u00f1o del veh\u00edculo, quien es un amigo de nombre Lenin Jones,&nbsp; desconociendo que en el veh\u00edculo hab\u00eda un arma, el se\u00f1or Jos\u00e9 Rafael fue esposa y agredido f\u00edsicamente, los dem\u00e1s ocupantes fueron esposados.<\/p>\n\n\n\n<p>Es cuando la novia del se\u00f1or Carela Santana visita en el Palacio de la Polic\u00eda a este, que ella le da la noticia de que est\u00e1n haciendo compras por internet.<\/p>\n","protected":false},"excerpt":{"rendered":"<p>Asuntos Internos de la Polic\u00eda Nacional recibe fuerte denuncia contra varios miembros de la instituci\u00f3n. La denuncia la expone el se\u00f1or Jos\u00e9 Rafael Carela Santana quien se queja de los siguientes polic\u00edas: Sargento Ram\u00f3n Eduardo Mazara Santana, Cabo Borelis Mota, Cabo M\u00e1rtires Santana Aponte, Cabo H\u00e9ctor Bienvenida Severino Jaime y el Cabo Telleria S\u00e1nchez,&nbsp; todos [&hellip;]<\/p>\n","protected":false},"author":15,"featured_media":19193,"comment_status":"open","ping_status":"open","sticky":false,"template":"","format":"standard","meta":{"footnotes":""},"categories":[35],"tags":[],"class_list":{"0":"post-19192","1":"post","2":"type-post","3":"status-publish","4":"format-standard","5":"has-post-thumbnail","7":"category-spm"},"yoast_head":"<!-- This site is optimized with the Yoast SEO plugin v27.1.1 - https:\/\/yoast.com\/product\/yoast-seo-wordpress\/ -->\n<title>Asuntos Internos investiga a cinco polic\u00edas de San Pedro de Macor\u00eds por el robo de casi 25 mil pesos a un electricista\u00a0 - Conexi\u00f3n 23<\/title>\n<meta name=\"robots\" content=\"index, follow, max-snippet:-1, max-image-preview:large, max-video-preview:-1\" \/>\n<link rel=\"canonical\" href=\"http:\/\/conexion23.com\/?p=19192\" \/>\n<meta property=\"og:locale\" content=\"es_ES\" \/>\n<meta property=\"og:type\" content=\"article\" \/>\n<meta property=\"og:title\" content=\"Asuntos Internos investiga a cinco polic\u00edas de San Pedro de Macor\u00eds por el robo de casi 25 mil pesos a un electricista\u00a0 - Conexi\u00f3n 23\" \/>\n<meta property=\"og:description\" content=\"Asuntos Internos de la Polic\u00eda Nacional recibe fuerte denuncia contra varios miembros de la instituci\u00f3n. La denuncia la expone el se\u00f1or Jos\u00e9 Rafael Carela Santana quien se queja de los siguientes polic\u00edas: Sargento Ram\u00f3n Eduardo Mazara Santana, Cabo Borelis Mota, Cabo M\u00e1rtires Santana Aponte, Cabo H\u00e9ctor Bienvenida Severino Jaime y el Cabo Telleria S\u00e1nchez,&nbsp; todos [&hellip;]\" \/>\n<meta property=\"og:url\" content=\"http:\/\/conexion23.com\/?p=19192\" \/>\n<meta property=\"og:site_name\" content=\"Conexi\u00f3n 23\" \/>\n<meta property=\"article:publisher\" content=\"https:\/\/www.facebook.com\/conexion23com\" \/>\n<meta property=\"article:published_time\" content=\"2023-07-21T21:59:19+00:00\" \/>\n<meta property=\"article:modified_time\" content=\"2023-07-21T21:59:21+00:00\" \/>\n<meta property=\"og:image\" content=\"http:\/\/conexion23.com\/wp-content\/uploads\/2023\/07\/0e4f0c68-70d2-41fb-8ad5-87014232dd70.jpg\" \/>\n\t<meta property=\"og:image:width\" content=\"540\" \/>\n\t<meta property=\"og:image:height\" content=\"540\" \/>\n\t<meta property=\"og:image:type\" content=\"image\/jpeg\" \/>\n<meta name=\"author\" content=\"Raffy Ben\u00edtez\" \/>\n<meta name=\"twitter:card\" content=\"summary_large_image\" \/>\n<meta name=\"twitter:label1\" content=\"Escrito por\" \/>\n\t<meta name=\"twitter:data1\" content=\"Raffy Ben\u00edtez\" \/>\n\t<meta name=\"twitter:label2\" content=\"Tiempo de lectura\" \/>\n\t<meta name=\"twitter:data2\" content=\"2 minutos\" \/>\n<script type=\"application\/ld+json\" class=\"yoast-schema-graph\">{\"@context\":\"https:\/\/schema.org\",\"@graph\":[{\"@type\":\"Article\",\"@id\":\"http:\/\/conexion23.com\/?p=19192#article\",\"isPartOf\":{\"@id\":\"http:\/\/conexion23.com\/?p=19192\"},\"author\":{\"name\":\"Raffy Ben\u00edtez\",\"@id\":\"https:\/\/conexion23.com\/#\/schema\/person\/03e36043331117e97a373299bbcd30a6\"},\"headline\":\"Asuntos Internos investiga a cinco polic\u00edas de San Pedro de Macor\u00eds por el robo de casi 25 mil pesos a un electricista\u00a0\",\"datePublished\":\"2023-07-21T21:59:19+00:00\",\"dateModified\":\"2023-07-21T21:59:21+00:00\",\"mainEntityOfPage\":{\"@id\":\"http:\/\/conexion23.com\/?p=19192\"},\"wordCount\":330,\"commentCount\":0,\"publisher\":{\"@id\":\"https:\/\/conexion23.com\/#organization\"},\"image\":{\"@id\":\"http:\/\/conexion23.com\/?p=19192#primaryimage\"},\"thumbnailUrl\":\"https:\/\/conexion23.com\/wp-content\/uploads\/2023\/07\/0e4f0c68-70d2-41fb-8ad5-87014232dd70.jpg\",\"articleSection\":[\"SPM\"],\"inLanguage\":\"es\",\"potentialAction\":[{\"@type\":\"CommentAction\",\"name\":\"Comment\",\"target\":[\"http:\/\/conexion23.com\/?p=19192#respond\"]}]},{\"@type\":\"WebPage\",\"@id\":\"http:\/\/conexion23.com\/?p=19192\",\"url\":\"http:\/\/conexion23.com\/?p=19192\",\"name\":\"Asuntos Internos investiga a cinco polic\u00edas de San Pedro de Macor\u00eds por el robo de casi 25 mil pesos a un electricista\u00a0 - Conexi\u00f3n 23\",\"isPartOf\":{\"@id\":\"https:\/\/conexion23.com\/#website\"},\"primaryImageOfPage\":{\"@id\":\"http:\/\/conexion23.com\/?p=19192#primaryimage\"},\"image\":{\"@id\":\"http:\/\/conexion23.com\/?p=19192#primaryimage\"},\"thumbnailUrl\":\"https:\/\/conexion23.com\/wp-content\/uploads\/2023\/07\/0e4f0c68-70d2-41fb-8ad5-87014232dd70.jpg\",\"datePublished\":\"2023-07-21T21:59:19+00:00\",\"dateModified\":\"2023-07-21T21:59:21+00:00\",\"breadcrumb\":{\"@id\":\"http:\/\/conexion23.com\/?p=19192#breadcrumb\"},\"inLanguage\":\"es\",\"potentialAction\":[{\"@type\":\"ReadAction\",\"target\":[\"http:\/\/conexion23.com\/?p=19192\"]}]},{\"@type\":\"ImageObject\",\"inLanguage\":\"es\",\"@id\":\"http:\/\/conexion23.com\/?p=19192#primaryimage\",\"url\":\"https:\/\/conexion23.com\/wp-content\/uploads\/2023\/07\/0e4f0c68-70d2-41fb-8ad5-87014232dd70.jpg\",\"contentUrl\":\"https:\/\/conexion23.com\/wp-content\/uploads\/2023\/07\/0e4f0c68-70d2-41fb-8ad5-87014232dd70.jpg\",\"width\":540,\"height\":540},{\"@type\":\"BreadcrumbList\",\"@id\":\"http:\/\/conexion23.com\/?p=19192#breadcrumb\",\"itemListElement\":[{\"@type\":\"ListItem\",\"position\":1,\"name\":\"Portada\",\"item\":\"https:\/\/conexion23.com\/\"},{\"@type\":\"ListItem\",\"position\":2,\"name\":\"Asuntos Internos investiga a cinco polic\u00edas de San Pedro de Macor\u00eds por el robo de casi 25 mil pesos a un electricista\u00a0\"}]},{\"@type\":\"WebSite\",\"@id\":\"https:\/\/conexion23.com\/#website\",\"url\":\"https:\/\/conexion23.com\/\",\"name\":\"Conexi\u00f3n 23\",\"description\":\"Peri\u00f3dico 100% Petromacorisano\",\"publisher\":{\"@id\":\"https:\/\/conexion23.com\/#organization\"},\"potentialAction\":[{\"@type\":\"SearchAction\",\"target\":{\"@type\":\"EntryPoint\",\"urlTemplate\":\"https:\/\/conexion23.com\/?s={search_term_string}\"},\"query-input\":{\"@type\":\"PropertyValueSpecification\",\"valueRequired\":true,\"valueName\":\"search_term_string\"}}],\"inLanguage\":\"es\"},{\"@type\":\"Organization\",\"@id\":\"https:\/\/conexion23.com\/#organization\",\"name\":\"Conexion 23\",\"url\":\"https:\/\/conexion23.com\/\",\"logo\":{\"@type\":\"ImageObject\",\"inLanguage\":\"es\",\"@id\":\"https:\/\/conexion23.com\/#\/schema\/logo\/image\/\",\"url\":\"https:\/\/conexion23.com\/wp-content\/uploads\/2021\/11\/Diseno-sin-titulo-2.png\",\"contentUrl\":\"https:\/\/conexion23.com\/wp-content\/uploads\/2021\/11\/Diseno-sin-titulo-2.png\",\"width\":541,\"height\":90,\"caption\":\"Conexion 23\"},\"image\":{\"@id\":\"https:\/\/conexion23.com\/#\/schema\/logo\/image\/\"},\"sameAs\":[\"https:\/\/www.facebook.com\/conexion23com\",\"https:\/\/www.instagram.com\/conexion23com\/\",\"https:\/\/www.youtube.com\/channel\/UCYc7vxxFZMYLIHNsHHxPZ3Q\"]},{\"@type\":\"Person\",\"@id\":\"https:\/\/conexion23.com\/#\/schema\/person\/03e36043331117e97a373299bbcd30a6\",\"name\":\"Raffy Ben\u00edtez\",\"image\":{\"@type\":\"ImageObject\",\"inLanguage\":\"es\",\"@id\":\"https:\/\/conexion23.com\/#\/schema\/person\/image\/\",\"url\":\"https:\/\/secure.gravatar.com\/avatar\/3190a6a6c5e1b0327500f7d6c56b6242472ee6cb974cf09b401ee6b3b0798f23?s=96&d=mm&r=g\",\"contentUrl\":\"https:\/\/secure.gravatar.com\/avatar\/3190a6a6c5e1b0327500f7d6c56b6242472ee6cb974cf09b401ee6b3b0798f23?s=96&d=mm&r=g\",\"caption\":\"Raffy Ben\u00edtez\"},\"url\":\"https:\/\/conexion23.com\/?author=15\"}]}<\/script>\n<!-- \/ Yoast SEO plugin. -->","yoast_head_json":{"title":"Asuntos Internos investiga a cinco polic\u00edas de San Pedro de Macor\u00eds por el robo de casi 25 mil pesos a un electricista\u00a0 - Conexi\u00f3n 23","robots":{"index":"index","follow":"follow","max-snippet":"max-snippet:-1","max-image-preview":"max-image-preview:large","max-video-preview":"max-video-preview:-1"},"canonical":"http:\/\/conexion23.com\/?p=19192","og_locale":"es_ES","og_type":"article","og_title":"Asuntos Internos investiga a cinco polic\u00edas de San Pedro de Macor\u00eds por el robo de casi 25 mil pesos a un electricista\u00a0 - Conexi\u00f3n 23","og_description":"Asuntos Internos de la Polic\u00eda Nacional recibe fuerte denuncia contra varios miembros de la instituci\u00f3n. La denuncia la expone el se\u00f1or Jos\u00e9 Rafael Carela Santana quien se queja de los siguientes polic\u00edas: Sargento Ram\u00f3n Eduardo Mazara Santana, Cabo Borelis Mota, Cabo M\u00e1rtires Santana Aponte, Cabo H\u00e9ctor Bienvenida Severino Jaime y el Cabo Telleria S\u00e1nchez,&nbsp; todos [&hellip;]","og_url":"http:\/\/conexion23.com\/?p=19192","og_site_name":"Conexi\u00f3n 23","article_publisher":"https:\/\/www.facebook.com\/conexion23com","article_published_time":"2023-07-21T21:59:19+00:00","article_modified_time":"2023-07-21T21:59:21+00:00","og_image":[{"width":540,"height":540,"url":"http:\/\/conexion23.com\/wp-content\/uploads\/2023\/07\/0e4f0c68-70d2-41fb-8ad5-87014232dd70.jpg","type":"image\/jpeg"}],"author":"Raffy Ben\u00edtez","twitter_card":"summary_large_image","twitter_misc":{"Escrito por":"Raffy Ben\u00edtez","Tiempo de lectura":"2 minutos"},"schema":{"@context":"https:\/\/schema.org","@graph":[{"@type":"Article","@id":"http:\/\/conexion23.com\/?p=19192#article","isPartOf":{"@id":"http:\/\/conexion23.com\/?p=19192"},"author":{"name":"Raffy Ben\u00edtez","@id":"https:\/\/conexion23.com\/#\/schema\/person\/03e36043331117e97a373299bbcd30a6"},"headline":"Asuntos Internos investiga a cinco polic\u00edas de San Pedro de Macor\u00eds por el robo de casi 25 mil pesos a un electricista\u00a0","datePublished":"2023-07-21T21:59:19+00:00","dateModified":"2023-07-21T21:59:21+00:00","mainEntityOfPage":{"@id":"http:\/\/conexion23.com\/?p=19192"},"wordCount":330,"commentCount":0,"publisher":{"@id":"https:\/\/conexion23.com\/#organization"},"image":{"@id":"http:\/\/conexion23.com\/?p=19192#primaryimage"},"thumbnailUrl":"https:\/\/conexion23.com\/wp-content\/uploads\/2023\/07\/0e4f0c68-70d2-41fb-8ad5-87014232dd70.jpg","articleSection":["SPM"],"inLanguage":"es","potentialAction":[{"@type":"CommentAction","name":"Comment","target":["http:\/\/conexion23.com\/?p=19192#respond"]}]},{"@type":"WebPage","@id":"http:\/\/conexion23.com\/?p=19192","url":"http:\/\/conexion23.com\/?p=19192","name":"Asuntos Internos investiga a cinco polic\u00edas de San Pedro de Macor\u00eds por el robo de casi 25 mil pesos a un electricista\u00a0 - Conexi\u00f3n 23","isPartOf":{"@id":"https:\/\/conexion23.com\/#website"},"primaryImageOfPage":{"@id":"http:\/\/conexion23.com\/?p=19192#primaryimage"},"image":{"@id":"http:\/\/conexion23.com\/?p=19192#primaryimage"},"thumbnailUrl":"https:\/\/conexion23.com\/wp-content\/uploads\/2023\/07\/0e4f0c68-70d2-41fb-8ad5-87014232dd70.jpg","datePublished":"2023-07-21T21:59:19+00:00","dateModified":"2023-07-21T21:59:21+00:00","breadcrumb":{"@id":"http:\/\/conexion23.com\/?p=19192#breadcrumb"},"inLanguage":"es","potentialAction":[{"@type":"ReadAction","target":["http:\/\/conexion23.com\/?p=19192"]}]},{"@type":"ImageObject","inLanguage":"es","@id":"http:\/\/conexion23.com\/?p=19192#primaryimage","url":"https:\/\/conexion23.com\/wp-content\/uploads\/2023\/07\/0e4f0c68-70d2-41fb-8ad5-87014232dd70.jpg","contentUrl":"https:\/\/conexion23.com\/wp-content\/uploads\/2023\/07\/0e4f0c68-70d2-41fb-8ad5-87014232dd70.jpg","width":540,"height":540},{"@type":"BreadcrumbList","@id":"http:\/\/conexion23.com\/?p=19192#breadcrumb","itemListElement":[{"@type":"ListItem","position":1,"name":"Portada","item":"https:\/\/conexion23.com\/"},{"@type":"ListItem","position":2,"name":"Asuntos Internos investiga a cinco polic\u00edas de San Pedro de Macor\u00eds por el robo de casi 25 mil pesos a un electricista\u00a0"}]},{"@type":"WebSite","@id":"https:\/\/conexion23.com\/#website","url":"https:\/\/conexion23.com\/","name":"Conexi\u00f3n 23","description":"Peri\u00f3dico 100% Petromacorisano","publisher":{"@id":"https:\/\/conexion23.com\/#organization"},"potentialAction":[{"@type":"SearchAction","target":{"@type":"EntryPoint","urlTemplate":"https:\/\/conexion23.com\/?s={search_term_string}"},"query-input":{"@type":"PropertyValueSpecification","valueRequired":true,"valueName":"search_term_string"}}],"inLanguage":"es"},{"@type":"Organization","@id":"https:\/\/conexion23.com\/#organization","name":"Conexion 23","url":"https:\/\/conexion23.com\/","logo":{"@type":"ImageObject","inLanguage":"es","@id":"https:\/\/conexion23.com\/#\/schema\/logo\/image\/","url":"https:\/\/conexion23.com\/wp-content\/uploads\/2021\/11\/Diseno-sin-titulo-2.png","contentUrl":"https:\/\/conexion23.com\/wp-content\/uploads\/2021\/11\/Diseno-sin-titulo-2.png","width":541,"height":90,"caption":"Conexion 23"},"image":{"@id":"https:\/\/conexion23.com\/#\/schema\/logo\/image\/"},"sameAs":["https:\/\/www.facebook.com\/conexion23com","https:\/\/www.instagram.com\/conexion23com\/","https:\/\/www.youtube.com\/channel\/UCYc7vxxFZMYLIHNsHHxPZ3Q"]},{"@type":"Person","@id":"https:\/\/conexion23.com\/#\/schema\/person\/03e36043331117e97a373299bbcd30a6","name":"Raffy Ben\u00edtez","image":{"@type":"ImageObject","inLanguage":"es","@id":"https:\/\/conexion23.com\/#\/schema\/person\/image\/","url":"https:\/\/secure.gravatar.com\/avatar\/3190a6a6c5e1b0327500f7d6c56b6242472ee6cb974cf09b401ee6b3b0798f23?s=96&d=mm&r=g","contentUrl":"https:\/\/secure.gravatar.com\/avatar\/3190a6a6c5e1b0327500f7d6c56b6242472ee6cb974cf09b401ee6b3b0798f23?s=96&d=mm&r=g","caption":"Raffy Ben\u00edtez"},"url":"https:\/\/conexion23.com\/?author=15"}]}},"_links":{"self":[{"href":"https:\/\/conexion23.com\/index.php?rest_route=\/wp\/v2\/posts\/19192","targetHints":{"allow":["GET"]}}],"collection":[{"href":"https:\/\/conexion23.com\/index.php?rest_route=\/wp\/v2\/posts"}],"about":[{"href":"https:\/\/conexion23.com\/index.php?rest_route=\/wp\/v2\/types\/post"}],"author":[{"embeddable":true,"href":"https:\/\/conexion23.com\/index.php?rest_route=\/wp\/v2\/users\/15"}],"replies":[{"embeddable":true,"href":"https:\/\/conexion23.com\/index.php?rest_route=%2Fwp%2Fv2%2Fcomments&post=19192"}],"version-history":[{"count":1,"href":"https:\/\/conexion23.com\/index.php?rest_route=\/wp\/v2\/posts\/19192\/revisions"}],"predecessor-version":[{"id":19194,"href":"https:\/\/conexion23.com\/index.php?rest_route=\/wp\/v2\/posts\/19192\/revisions\/19194"}],"wp:featuredmedia":[{"embeddable":true,"href":"https:\/\/conexion23.com\/index.php?rest_route=\/wp\/v2\/media\/19193"}],"wp:attachment":[{"href":"https:\/\/conexion23.com\/index.php?rest_route=%2Fwp%2Fv2%2Fmedia&parent=19192"}],"wp:term":[{"taxonomy":"category","embeddable":true,"href":"https:\/\/conexion23.com\/index.php?rest_route=%2Fwp%2Fv2%2Fcategories&post=19192"},{"taxonomy":"post_tag","embeddable":true,"href":"https:\/\/conexion23.com\/index.php?rest_route=%2Fwp%2Fv2%2Ftags&post=19192"}],"curies":[{"name":"wp","href":"https:\/\/api.w.org\/{rel}","templated":true}]}}