{"id":19199,"date":"2023-07-22T09:27:55","date_gmt":"2023-07-22T13:27:55","guid":{"rendered":"https:\/\/conexion23.com\/?p=19199"},"modified":"2023-07-22T09:27:57","modified_gmt":"2023-07-22T13:27:57","slug":"regidor-de-san-pedro-de-macoris-denuncia-que-lleva-mas-de-10-meses-sin-recibir-ayuda-para-los-mas-necesitados","status":"publish","type":"post","link":"https:\/\/conexion23.com\/?p=19199","title":{"rendered":"Regidor de San Pedro de Macor\u00eds denuncia que lleva m\u00e1s de 10 meses sin recibir ayuda para los m\u00e1s necesitados"},"content":{"rendered":"\n<p>El regidor de San Pedro de Macor\u00eds, Luis Almonte, quien es conocido popularmente como \u00abResidente Boutique,\u00bb ha levantado una fuerte denuncia en contra de las autoridades locales. Seg\u00fan Almonte, lleva m\u00e1s de 10 meses sin recibir ning\u00fan tipo de ayuda o apoyo para los ciudadanos m\u00e1s necesitados de su comunidad.<\/p>\n\n\n\n<p>La denuncia fue realizada durante una intervenci\u00f3n en el programa de radio \u00abSin Anestesia,\u00bb el cual se transmite en la emisora 89.9 en San Pedro de Macor\u00eds. En este espacio radial, el regidor hizo p\u00fablico su descontento y expres\u00f3 su preocupaci\u00f3n por la falta de asistencia gubernamental destinada a los sectores m\u00e1s vulnerables del municipio.<\/p>\n\n\n\n<p>Durante su participaci\u00f3n en el programa, Luis Almonte detall\u00f3 que ha presentado numerosas solicitudes y propuestas ante las instancias correspondientes para obtener recursos y brindar apoyo a los ciudadanos que m\u00e1s lo necesitan, pero todas han sido ignoradas o rechazadas sin una explicaci\u00f3n clara.<\/p>\n\n\n\n<p>\u00abEs inaceptable que, a pesar de todos los esfuerzos que hemos hecho para buscar soluciones a las necesidades de nuestra comunidad, hayamos sido ignorados de esta manera. Los ciudadanos que m\u00e1s necesitan nuestra ayuda siguen esperando respuestas que nunca llegan\u00bb, expres\u00f3 con indignaci\u00f3n el regidor Almonte durante su intervenci\u00f3n radial.<\/p>\n\n\n\n<p>Esta denuncia ha generado un gran revuelo en la opini\u00f3n p\u00fablica local, y ha despertado la preocupaci\u00f3n de otros funcionarios p\u00fablicos y organizaciones sociales que exigen una explicaci\u00f3n a las autoridades municipales sobre esta situaci\u00f3n.<\/p>\n\n\n\n<p>Ante la falta de respuestas y soluciones, algunos l\u00edderes comunitarios y activistas han convocado a una manifestaci\u00f3n pac\u00edfica frente al ayuntamiento de San Pedro de Macor\u00eds para exigir que se atienda la situaci\u00f3n y se destinen recursos adecuados para asistir a los m\u00e1s necesitados.<\/p>\n\n\n\n<p>Hasta el momento, no se ha obtenido ninguna declaraci\u00f3n oficial por parte de las autoridades municipales en respuesta a las acusaciones del regidor Luis Almonte, pero la presi\u00f3n p\u00fablica aumenta a medida que la noticia se difunde y adquiere relevancia en la comunidad.<\/p>\n\n\n\n<p>La situaci\u00f3n pone en evidencia la importancia de la transparencia y la rendici\u00f3n de cuentas por parte de los funcionarios p\u00fablicos, as\u00ed como la necesidad de garantizar que los recursos destinados para ayudar a los m\u00e1s vulnerables sean distribuidos de manera justa y eficiente en beneficio de toda la poblaci\u00f3n. <\/p>\n","protected":false},"excerpt":{"rendered":"<p>El regidor de San Pedro de Macor\u00eds, Luis Almonte, quien es conocido popularmente como \u00abResidente Boutique,\u00bb ha levantado una fuerte denuncia en contra de las autoridades locales. Seg\u00fan Almonte, lleva m\u00e1s de 10 meses sin recibir ning\u00fan tipo de ayuda o apoyo para los ciudadanos m\u00e1s necesitados de su comunidad. La denuncia fue realizada durante [&hellip;]<\/p>\n","protected":false},"author":7,"featured_media":19200,"comment_status":"open","ping_status":"open","sticky":false,"template":"","format":"standard","meta":{"footnotes":""},"categories":[35],"tags":[348,1542,1943,709],"class_list":{"0":"post-19199","1":"post","2":"type-post","3":"status-publish","4":"format-standard","5":"has-post-thumbnail","7":"category-spm","8":"tag-alcaldia","9":"tag-ayuda","10":"tag-regidor","11":"tag-sanpedrodemacoris"},"yoast_head":"<!-- This site is optimized with the Yoast SEO plugin v27.1.1 - https:\/\/yoast.com\/product\/yoast-seo-wordpress\/ -->\n<title>Regidor de San Pedro de Macor\u00eds denuncia que lleva m\u00e1s de 10 meses sin recibir ayuda para los m\u00e1s necesitados - Conexi\u00f3n 23<\/title>\n<meta name=\"description\" content=\"El regidor de San Pedro de Macor\u00eds, Luis Almonte, quien es conocido popularmente como &quot;Residente Boutique,&quot; ha levantado una fuerte denuncia en contra de las autoridades locales. Seg\u00fan Almonte, lleva m\u00e1s de 10 meses sin recibir ning\u00fan tipo de ayuda o apoyo para los ciudadanos m\u00e1s necesitados de su comunidad\" \/>\n<meta name=\"robots\" content=\"index, follow, max-snippet:-1, max-image-preview:large, max-video-preview:-1\" \/>\n<link rel=\"canonical\" href=\"https:\/\/conexion23.com\/?p=19199\" \/>\n<meta property=\"og:locale\" content=\"es_ES\" \/>\n<meta property=\"og:type\" content=\"article\" \/>\n<meta property=\"og:title\" content=\"Regidor de San Pedro de Macor\u00eds denuncia que lleva m\u00e1s de 10 meses sin recibir ayuda para los m\u00e1s necesitados - Conexi\u00f3n 23\" \/>\n<meta property=\"og:description\" content=\"El regidor de San Pedro de Macor\u00eds, Luis Almonte, quien es conocido popularmente como &quot;Residente Boutique,&quot; ha levantado una fuerte denuncia en contra de las autoridades locales. Seg\u00fan Almonte, lleva m\u00e1s de 10 meses sin recibir ning\u00fan tipo de ayuda o apoyo para los ciudadanos m\u00e1s necesitados de su comunidad\" \/>\n<meta property=\"og:url\" content=\"https:\/\/conexion23.com\/?p=19199\" \/>\n<meta property=\"og:site_name\" content=\"Conexi\u00f3n 23\" \/>\n<meta property=\"article:publisher\" content=\"https:\/\/www.facebook.com\/conexion23com\" \/>\n<meta property=\"article:published_time\" content=\"2023-07-22T13:27:55+00:00\" \/>\n<meta property=\"article:modified_time\" content=\"2023-07-22T13:27:57+00:00\" \/>\n<meta property=\"og:image\" content=\"https:\/\/conexion23.com\/wp-content\/uploads\/2023\/07\/Sin-titulo.jpg\" \/>\n\t<meta property=\"og:image:width\" content=\"636\" \/>\n\t<meta property=\"og:image:height\" content=\"411\" \/>\n\t<meta property=\"og:image:type\" content=\"image\/jpeg\" \/>\n<meta name=\"author\" content=\"Benjam\u00edn Rosario\" \/>\n<meta name=\"twitter:card\" content=\"summary_large_image\" \/>\n<meta name=\"twitter:label1\" content=\"Escrito por\" \/>\n\t<meta name=\"twitter:data1\" content=\"Benjam\u00edn Rosario\" \/>\n\t<meta name=\"twitter:label2\" content=\"Tiempo de lectura\" \/>\n\t<meta name=\"twitter:data2\" content=\"2 minutos\" \/>\n<script type=\"application\/ld+json\" class=\"yoast-schema-graph\">{\"@context\":\"https:\/\/schema.org\",\"@graph\":[{\"@type\":\"Article\",\"@id\":\"https:\/\/conexion23.com\/?p=19199#article\",\"isPartOf\":{\"@id\":\"https:\/\/conexion23.com\/?p=19199\"},\"author\":{\"name\":\"Benjam\u00edn Rosario\",\"@id\":\"https:\/\/conexion23.com\/#\/schema\/person\/c0b7ce1f0e7a915d08fa289072b8353a\"},\"headline\":\"Regidor de San Pedro de Macor\u00eds denuncia que lleva m\u00e1s de 10 meses sin recibir ayuda para los m\u00e1s necesitados\",\"datePublished\":\"2023-07-22T13:27:55+00:00\",\"dateModified\":\"2023-07-22T13:27:57+00:00\",\"mainEntityOfPage\":{\"@id\":\"https:\/\/conexion23.com\/?p=19199\"},\"wordCount\":427,\"commentCount\":0,\"publisher\":{\"@id\":\"https:\/\/conexion23.com\/#organization\"},\"image\":{\"@id\":\"https:\/\/conexion23.com\/?p=19199#primaryimage\"},\"thumbnailUrl\":\"https:\/\/conexion23.com\/wp-content\/uploads\/2023\/07\/Sin-titulo.jpg\",\"keywords\":[\"alcaldia\",\"ayuda\",\"regidor\",\"Sanpedrodemacoris\"],\"articleSection\":[\"SPM\"],\"inLanguage\":\"es\",\"potentialAction\":[{\"@type\":\"CommentAction\",\"name\":\"Comment\",\"target\":[\"https:\/\/conexion23.com\/?p=19199#respond\"]}]},{\"@type\":\"WebPage\",\"@id\":\"https:\/\/conexion23.com\/?p=19199\",\"url\":\"https:\/\/conexion23.com\/?p=19199\",\"name\":\"Regidor de San Pedro de Macor\u00eds denuncia que lleva m\u00e1s de 10 meses sin recibir ayuda para los m\u00e1s necesitados - Conexi\u00f3n 23\",\"isPartOf\":{\"@id\":\"https:\/\/conexion23.com\/#website\"},\"primaryImageOfPage\":{\"@id\":\"https:\/\/conexion23.com\/?p=19199#primaryimage\"},\"image\":{\"@id\":\"https:\/\/conexion23.com\/?p=19199#primaryimage\"},\"thumbnailUrl\":\"https:\/\/conexion23.com\/wp-content\/uploads\/2023\/07\/Sin-titulo.jpg\",\"datePublished\":\"2023-07-22T13:27:55+00:00\",\"dateModified\":\"2023-07-22T13:27:57+00:00\",\"description\":\"El regidor de San Pedro de Macor\u00eds, Luis Almonte, quien es conocido popularmente como \\\"Residente Boutique,\\\" ha levantado una fuerte denuncia en contra de las autoridades locales. Seg\u00fan Almonte, lleva m\u00e1s de 10 meses sin recibir ning\u00fan tipo de ayuda o apoyo para los ciudadanos m\u00e1s necesitados de su comunidad\",\"breadcrumb\":{\"@id\":\"https:\/\/conexion23.com\/?p=19199#breadcrumb\"},\"inLanguage\":\"es\",\"potentialAction\":[{\"@type\":\"ReadAction\",\"target\":[\"https:\/\/conexion23.com\/?p=19199\"]}]},{\"@type\":\"ImageObject\",\"inLanguage\":\"es\",\"@id\":\"https:\/\/conexion23.com\/?p=19199#primaryimage\",\"url\":\"https:\/\/conexion23.com\/wp-content\/uploads\/2023\/07\/Sin-titulo.jpg\",\"contentUrl\":\"https:\/\/conexion23.com\/wp-content\/uploads\/2023\/07\/Sin-titulo.jpg\",\"width\":636,\"height\":411},{\"@type\":\"BreadcrumbList\",\"@id\":\"https:\/\/conexion23.com\/?p=19199#breadcrumb\",\"itemListElement\":[{\"@type\":\"ListItem\",\"position\":1,\"name\":\"Portada\",\"item\":\"https:\/\/conexion23.com\/\"},{\"@type\":\"ListItem\",\"position\":2,\"name\":\"Regidor de San Pedro de Macor\u00eds denuncia que lleva m\u00e1s de 10 meses sin recibir ayuda para los m\u00e1s necesitados\"}]},{\"@type\":\"WebSite\",\"@id\":\"https:\/\/conexion23.com\/#website\",\"url\":\"https:\/\/conexion23.com\/\",\"name\":\"Conexi\u00f3n 23\",\"description\":\"Peri\u00f3dico 100% Petromacorisano\",\"publisher\":{\"@id\":\"https:\/\/conexion23.com\/#organization\"},\"potentialAction\":[{\"@type\":\"SearchAction\",\"target\":{\"@type\":\"EntryPoint\",\"urlTemplate\":\"https:\/\/conexion23.com\/?s={search_term_string}\"},\"query-input\":{\"@type\":\"PropertyValueSpecification\",\"valueRequired\":true,\"valueName\":\"search_term_string\"}}],\"inLanguage\":\"es\"},{\"@type\":\"Organization\",\"@id\":\"https:\/\/conexion23.com\/#organization\",\"name\":\"Conexion 23\",\"url\":\"https:\/\/conexion23.com\/\",\"logo\":{\"@type\":\"ImageObject\",\"inLanguage\":\"es\",\"@id\":\"https:\/\/conexion23.com\/#\/schema\/logo\/image\/\",\"url\":\"https:\/\/conexion23.com\/wp-content\/uploads\/2021\/11\/Diseno-sin-titulo-2.png\",\"contentUrl\":\"https:\/\/conexion23.com\/wp-content\/uploads\/2021\/11\/Diseno-sin-titulo-2.png\",\"width\":541,\"height\":90,\"caption\":\"Conexion 23\"},\"image\":{\"@id\":\"https:\/\/conexion23.com\/#\/schema\/logo\/image\/\"},\"sameAs\":[\"https:\/\/www.facebook.com\/conexion23com\",\"https:\/\/www.instagram.com\/conexion23com\/\",\"https:\/\/www.youtube.com\/channel\/UCYc7vxxFZMYLIHNsHHxPZ3Q\"]},{\"@type\":\"Person\",\"@id\":\"https:\/\/conexion23.com\/#\/schema\/person\/c0b7ce1f0e7a915d08fa289072b8353a\",\"name\":\"Benjam\u00edn Rosario\",\"image\":{\"@type\":\"ImageObject\",\"inLanguage\":\"es\",\"@id\":\"https:\/\/conexion23.com\/#\/schema\/person\/image\/\",\"url\":\"https:\/\/secure.gravatar.com\/avatar\/62e1b2539b49cdeb50ee302e2a5f2bd31dc7fdba412bbac67e2a2a6e0c89bb2a?s=96&d=mm&r=g\",\"contentUrl\":\"https:\/\/secure.gravatar.com\/avatar\/62e1b2539b49cdeb50ee302e2a5f2bd31dc7fdba412bbac67e2a2a6e0c89bb2a?s=96&d=mm&r=g\",\"caption\":\"Benjam\u00edn Rosario\"},\"url\":\"https:\/\/conexion23.com\/?author=7\"}]}<\/script>\n<!-- \/ Yoast SEO plugin. -->","yoast_head_json":{"title":"Regidor de San Pedro de Macor\u00eds denuncia que lleva m\u00e1s de 10 meses sin recibir ayuda para los m\u00e1s necesitados - Conexi\u00f3n 23","description":"El regidor de San Pedro de Macor\u00eds, Luis Almonte, quien es conocido popularmente como \"Residente Boutique,\" ha levantado una fuerte denuncia en contra de las autoridades locales. Seg\u00fan Almonte, lleva m\u00e1s de 10 meses sin recibir ning\u00fan tipo de ayuda o apoyo para los ciudadanos m\u00e1s necesitados de su comunidad","robots":{"index":"index","follow":"follow","max-snippet":"max-snippet:-1","max-image-preview":"max-image-preview:large","max-video-preview":"max-video-preview:-1"},"canonical":"https:\/\/conexion23.com\/?p=19199","og_locale":"es_ES","og_type":"article","og_title":"Regidor de San Pedro de Macor\u00eds denuncia que lleva m\u00e1s de 10 meses sin recibir ayuda para los m\u00e1s necesitados - Conexi\u00f3n 23","og_description":"El regidor de San Pedro de Macor\u00eds, Luis Almonte, quien es conocido popularmente como \"Residente Boutique,\" ha levantado una fuerte denuncia en contra de las autoridades locales. Seg\u00fan Almonte, lleva m\u00e1s de 10 meses sin recibir ning\u00fan tipo de ayuda o apoyo para los ciudadanos m\u00e1s necesitados de su comunidad","og_url":"https:\/\/conexion23.com\/?p=19199","og_site_name":"Conexi\u00f3n 23","article_publisher":"https:\/\/www.facebook.com\/conexion23com","article_published_time":"2023-07-22T13:27:55+00:00","article_modified_time":"2023-07-22T13:27:57+00:00","og_image":[{"width":636,"height":411,"url":"https:\/\/conexion23.com\/wp-content\/uploads\/2023\/07\/Sin-titulo.jpg","type":"image\/jpeg"}],"author":"Benjam\u00edn Rosario","twitter_card":"summary_large_image","twitter_misc":{"Escrito por":"Benjam\u00edn Rosario","Tiempo de lectura":"2 minutos"},"schema":{"@context":"https:\/\/schema.org","@graph":[{"@type":"Article","@id":"https:\/\/conexion23.com\/?p=19199#article","isPartOf":{"@id":"https:\/\/conexion23.com\/?p=19199"},"author":{"name":"Benjam\u00edn Rosario","@id":"https:\/\/conexion23.com\/#\/schema\/person\/c0b7ce1f0e7a915d08fa289072b8353a"},"headline":"Regidor de San Pedro de Macor\u00eds denuncia que lleva m\u00e1s de 10 meses sin recibir ayuda para los m\u00e1s necesitados","datePublished":"2023-07-22T13:27:55+00:00","dateModified":"2023-07-22T13:27:57+00:00","mainEntityOfPage":{"@id":"https:\/\/conexion23.com\/?p=19199"},"wordCount":427,"commentCount":0,"publisher":{"@id":"https:\/\/conexion23.com\/#organization"},"image":{"@id":"https:\/\/conexion23.com\/?p=19199#primaryimage"},"thumbnailUrl":"https:\/\/conexion23.com\/wp-content\/uploads\/2023\/07\/Sin-titulo.jpg","keywords":["alcaldia","ayuda","regidor","Sanpedrodemacoris"],"articleSection":["SPM"],"inLanguage":"es","potentialAction":[{"@type":"CommentAction","name":"Comment","target":["https:\/\/conexion23.com\/?p=19199#respond"]}]},{"@type":"WebPage","@id":"https:\/\/conexion23.com\/?p=19199","url":"https:\/\/conexion23.com\/?p=19199","name":"Regidor de San Pedro de Macor\u00eds denuncia que lleva m\u00e1s de 10 meses sin recibir ayuda para los m\u00e1s necesitados - Conexi\u00f3n 23","isPartOf":{"@id":"https:\/\/conexion23.com\/#website"},"primaryImageOfPage":{"@id":"https:\/\/conexion23.com\/?p=19199#primaryimage"},"image":{"@id":"https:\/\/conexion23.com\/?p=19199#primaryimage"},"thumbnailUrl":"https:\/\/conexion23.com\/wp-content\/uploads\/2023\/07\/Sin-titulo.jpg","datePublished":"2023-07-22T13:27:55+00:00","dateModified":"2023-07-22T13:27:57+00:00","description":"El regidor de San Pedro de Macor\u00eds, Luis Almonte, quien es conocido popularmente como \"Residente Boutique,\" ha levantado una fuerte denuncia en contra de las autoridades locales. Seg\u00fan Almonte, lleva m\u00e1s de 10 meses sin recibir ning\u00fan tipo de ayuda o apoyo para los ciudadanos m\u00e1s necesitados de su comunidad","breadcrumb":{"@id":"https:\/\/conexion23.com\/?p=19199#breadcrumb"},"inLanguage":"es","potentialAction":[{"@type":"ReadAction","target":["https:\/\/conexion23.com\/?p=19199"]}]},{"@type":"ImageObject","inLanguage":"es","@id":"https:\/\/conexion23.com\/?p=19199#primaryimage","url":"https:\/\/conexion23.com\/wp-content\/uploads\/2023\/07\/Sin-titulo.jpg","contentUrl":"https:\/\/conexion23.com\/wp-content\/uploads\/2023\/07\/Sin-titulo.jpg","width":636,"height":411},{"@type":"BreadcrumbList","@id":"https:\/\/conexion23.com\/?p=19199#breadcrumb","itemListElement":[{"@type":"ListItem","position":1,"name":"Portada","item":"https:\/\/conexion23.com\/"},{"@type":"ListItem","position":2,"name":"Regidor de San Pedro de Macor\u00eds denuncia que lleva m\u00e1s de 10 meses sin recibir ayuda para los m\u00e1s necesitados"}]},{"@type":"WebSite","@id":"https:\/\/conexion23.com\/#website","url":"https:\/\/conexion23.com\/","name":"Conexi\u00f3n 23","description":"Peri\u00f3dico 100% Petromacorisano","publisher":{"@id":"https:\/\/conexion23.com\/#organization"},"potentialAction":[{"@type":"SearchAction","target":{"@type":"EntryPoint","urlTemplate":"https:\/\/conexion23.com\/?s={search_term_string}"},"query-input":{"@type":"PropertyValueSpecification","valueRequired":true,"valueName":"search_term_string"}}],"inLanguage":"es"},{"@type":"Organization","@id":"https:\/\/conexion23.com\/#organization","name":"Conexion 23","url":"https:\/\/conexion23.com\/","logo":{"@type":"ImageObject","inLanguage":"es","@id":"https:\/\/conexion23.com\/#\/schema\/logo\/image\/","url":"https:\/\/conexion23.com\/wp-content\/uploads\/2021\/11\/Diseno-sin-titulo-2.png","contentUrl":"https:\/\/conexion23.com\/wp-content\/uploads\/2021\/11\/Diseno-sin-titulo-2.png","width":541,"height":90,"caption":"Conexion 23"},"image":{"@id":"https:\/\/conexion23.com\/#\/schema\/logo\/image\/"},"sameAs":["https:\/\/www.facebook.com\/conexion23com","https:\/\/www.instagram.com\/conexion23com\/","https:\/\/www.youtube.com\/channel\/UCYc7vxxFZMYLIHNsHHxPZ3Q"]},{"@type":"Person","@id":"https:\/\/conexion23.com\/#\/schema\/person\/c0b7ce1f0e7a915d08fa289072b8353a","name":"Benjam\u00edn Rosario","image":{"@type":"ImageObject","inLanguage":"es","@id":"https:\/\/conexion23.com\/#\/schema\/person\/image\/","url":"https:\/\/secure.gravatar.com\/avatar\/62e1b2539b49cdeb50ee302e2a5f2bd31dc7fdba412bbac67e2a2a6e0c89bb2a?s=96&d=mm&r=g","contentUrl":"https:\/\/secure.gravatar.com\/avatar\/62e1b2539b49cdeb50ee302e2a5f2bd31dc7fdba412bbac67e2a2a6e0c89bb2a?s=96&d=mm&r=g","caption":"Benjam\u00edn Rosario"},"url":"https:\/\/conexion23.com\/?author=7"}]}},"_links":{"self":[{"href":"https:\/\/conexion23.com\/index.php?rest_route=\/wp\/v2\/posts\/19199","targetHints":{"allow":["GET"]}}],"collection":[{"href":"https:\/\/conexion23.com\/index.php?rest_route=\/wp\/v2\/posts"}],"about":[{"href":"https:\/\/conexion23.com\/index.php?rest_route=\/wp\/v2\/types\/post"}],"author":[{"embeddable":true,"href":"https:\/\/conexion23.com\/index.php?rest_route=\/wp\/v2\/users\/7"}],"replies":[{"embeddable":true,"href":"https:\/\/conexion23.com\/index.php?rest_route=%2Fwp%2Fv2%2Fcomments&post=19199"}],"version-history":[{"count":1,"href":"https:\/\/conexion23.com\/index.php?rest_route=\/wp\/v2\/posts\/19199\/revisions"}],"predecessor-version":[{"id":19201,"href":"https:\/\/conexion23.com\/index.php?rest_route=\/wp\/v2\/posts\/19199\/revisions\/19201"}],"wp:featuredmedia":[{"embeddable":true,"href":"https:\/\/conexion23.com\/index.php?rest_route=\/wp\/v2\/media\/19200"}],"wp:attachment":[{"href":"https:\/\/conexion23.com\/index.php?rest_route=%2Fwp%2Fv2%2Fmedia&parent=19199"}],"wp:term":[{"taxonomy":"category","embeddable":true,"href":"https:\/\/conexion23.com\/index.php?rest_route=%2Fwp%2Fv2%2Fcategories&post=19199"},{"taxonomy":"post_tag","embeddable":true,"href":"https:\/\/conexion23.com\/index.php?rest_route=%2Fwp%2Fv2%2Ftags&post=19199"}],"curies":[{"name":"wp","href":"https:\/\/api.w.org\/{rel}","templated":true}]}}