{"id":19411,"date":"2023-07-30T18:28:31","date_gmt":"2023-07-30T22:28:31","guid":{"rendered":"https:\/\/conexion23.com\/?p=19411"},"modified":"2023-07-30T18:28:34","modified_gmt":"2023-07-30T22:28:34","slug":"extrana-situacion-en-el-cementerio-municipal-de-san-pedro-de-macoris","status":"publish","type":"post","link":"https:\/\/conexion23.com\/?p=19411","title":{"rendered":"\u00a1Extra\u00f1a situaci\u00f3n en el Cementerio Municipal de San Pedro de Macor\u00eds!"},"content":{"rendered":"\n<p>Un ciudadano ha denunciado una invasi\u00f3n inusual de vacas en el lugar sagrado tras visitar la tumba de un ser querido. La noticia se ha viralizado r\u00e1pidamente despu\u00e9s de que el denunciante publicara un impactante video en redes sociales y grupos de WhatsApp.<\/p>\n\n\n\n<p>El sorprendente suceso ocurri\u00f3 cuando el ciudadano acudi\u00f3 al cementerio para rendir homenaje a un familiar fallecido. Para su asombro, se encontr\u00f3 con un inusual escenario: un grupo de vacas campando libremente por el lugar, pastando entre las tumbas y mausoleos.<\/p>\n\n\n\n<p>El denunciante, visiblemente consternado, decidi\u00f3 grabar la escena y compartirlo en su cuenta de Facebook y en diversos grupos de WhatsApp locales, en un intento de llamar la atenci\u00f3n de las autoridades competentes y los responsables del mantenimiento del cementerio.<\/p>\n\n\n\n<p>El video se volvi\u00f3 r\u00e1pidamente viral, generando reacciones diversas entre los usuarios de las redes sociales. Algunos internautas expresan preocupaci\u00f3n por el respeto a los difuntos y la adecuada conservaci\u00f3n del lugar, mientras que otros se muestran sorprendidos por la curiosa invasi\u00f3n bovina.<\/p>\n\n\n\n<p>Las especulaciones sobre c\u00f3mo las vacas pudieron llegar al cementerio abundan en los comentarios en l\u00ednea. Algunos sugieren que los animales pudieron haber escapado de una finca cercana y entrado accidentalmente en el camposanto. Otros opinan que quiz\u00e1s se trata de una broma elaborada o una protesta simb\u00f3lica.<\/p>\n\n\n\n<p>Mientras tanto, las autoridades municipales y los responsables del cementerio a\u00fan no han emitido declaraciones oficiales sobre el incidente. Los ciudadanos exigen respuestas y soluciones para evitar que situaciones similares vuelvan a ocurrir.<\/p>\n\n\n\n<p>La inusual invasi\u00f3n de las vacas ha generado todo tipo de reacciones y ha puesto el nombre del Cementerio Municipal de San Pedro de Macor\u00eds en el centro de la atenci\u00f3n p\u00fablica. Por ahora, el misterio sobre c\u00f3mo llegaron los animales a ese lugar sagrado y qui\u00e9n es responsable de la situaci\u00f3n permanece sin resolver.<\/p>\n","protected":false},"excerpt":{"rendered":"<p>Un ciudadano ha denunciado una invasi\u00f3n inusual de vacas en el lugar sagrado tras visitar la tumba de un ser querido. La noticia se ha viralizado r\u00e1pidamente despu\u00e9s de que el denunciante publicara un impactante video en redes sociales y grupos de WhatsApp. El sorprendente suceso ocurri\u00f3 cuando el ciudadano acudi\u00f3 al cementerio para rendir [&hellip;]<\/p>\n","protected":false},"author":7,"featured_media":19412,"comment_status":"open","ping_status":"open","sticky":false,"template":"","format":"standard","meta":{"footnotes":""},"categories":[35],"tags":[2499,1248,709,432],"class_list":{"0":"post-19411","1":"post","2":"type-post","3":"status-publish","4":"format-standard","5":"has-post-thumbnail","7":"category-spm","8":"tag-cementerio","9":"tag-denuncia","10":"tag-sanpedrodemacoris","11":"tag-vacas"},"yoast_head":"<!-- This site is optimized with the Yoast SEO plugin v27.1.1 - https:\/\/yoast.com\/product\/yoast-seo-wordpress\/ -->\n<title>\u00a1Extra\u00f1a situaci\u00f3n en el Cementerio Municipal de San Pedro de Macor\u00eds! - Conexi\u00f3n 23<\/title>\n<meta name=\"description\" content=\"Un ciudadano ha denunciado una invasi\u00f3n inusual de vacas en el lugar sagrado tras visitar la tumba de un ser querido. La noticia se ha viralizado r\u00e1pidamente despu\u00e9s de que el denunciante publicara un impactante video en redes sociales y grupos de WhatsApp.\" \/>\n<meta name=\"robots\" content=\"index, follow, max-snippet:-1, max-image-preview:large, max-video-preview:-1\" \/>\n<link rel=\"canonical\" href=\"https:\/\/conexion23.com\/?p=19411\" \/>\n<meta property=\"og:locale\" content=\"es_ES\" \/>\n<meta property=\"og:type\" content=\"article\" \/>\n<meta property=\"og:title\" content=\"\u00a1Extra\u00f1a situaci\u00f3n en el Cementerio Municipal de San Pedro de Macor\u00eds! - Conexi\u00f3n 23\" \/>\n<meta property=\"og:description\" content=\"Un ciudadano ha denunciado una invasi\u00f3n inusual de vacas en el lugar sagrado tras visitar la tumba de un ser querido. La noticia se ha viralizado r\u00e1pidamente despu\u00e9s de que el denunciante publicara un impactante video en redes sociales y grupos de WhatsApp.\" \/>\n<meta property=\"og:url\" content=\"https:\/\/conexion23.com\/?p=19411\" \/>\n<meta property=\"og:site_name\" content=\"Conexi\u00f3n 23\" \/>\n<meta property=\"article:publisher\" content=\"https:\/\/www.facebook.com\/conexion23com\" \/>\n<meta property=\"article:published_time\" content=\"2023-07-30T22:28:31+00:00\" \/>\n<meta property=\"article:modified_time\" content=\"2023-07-30T22:28:34+00:00\" \/>\n<meta property=\"og:image\" content=\"https:\/\/conexion23.com\/wp-content\/uploads\/2023\/07\/Sin-titulo-4.jpg\" \/>\n\t<meta property=\"og:image:width\" content=\"461\" \/>\n\t<meta property=\"og:image:height\" content=\"460\" \/>\n\t<meta property=\"og:image:type\" content=\"image\/jpeg\" \/>\n<meta name=\"author\" content=\"Benjam\u00edn Rosario\" \/>\n<meta name=\"twitter:card\" content=\"summary_large_image\" \/>\n<meta name=\"twitter:label1\" content=\"Escrito por\" \/>\n\t<meta name=\"twitter:data1\" content=\"Benjam\u00edn Rosario\" \/>\n\t<meta name=\"twitter:label2\" content=\"Tiempo de lectura\" \/>\n\t<meta name=\"twitter:data2\" content=\"2 minutos\" \/>\n<script type=\"application\/ld+json\" class=\"yoast-schema-graph\">{\"@context\":\"https:\/\/schema.org\",\"@graph\":[{\"@type\":\"Article\",\"@id\":\"https:\/\/conexion23.com\/?p=19411#article\",\"isPartOf\":{\"@id\":\"https:\/\/conexion23.com\/?p=19411\"},\"author\":{\"name\":\"Benjam\u00edn Rosario\",\"@id\":\"https:\/\/conexion23.com\/#\/schema\/person\/c0b7ce1f0e7a915d08fa289072b8353a\"},\"headline\":\"\u00a1Extra\u00f1a situaci\u00f3n en el Cementerio Municipal de San Pedro de Macor\u00eds!\",\"datePublished\":\"2023-07-30T22:28:31+00:00\",\"dateModified\":\"2023-07-30T22:28:34+00:00\",\"mainEntityOfPage\":{\"@id\":\"https:\/\/conexion23.com\/?p=19411\"},\"wordCount\":337,\"commentCount\":0,\"publisher\":{\"@id\":\"https:\/\/conexion23.com\/#organization\"},\"image\":{\"@id\":\"https:\/\/conexion23.com\/?p=19411#primaryimage\"},\"thumbnailUrl\":\"https:\/\/conexion23.com\/wp-content\/uploads\/2023\/07\/Sin-titulo-4.jpg\",\"keywords\":[\"cementerio\",\"denuncia\",\"Sanpedrodemacoris\",\"vacas\"],\"articleSection\":[\"SPM\"],\"inLanguage\":\"es\",\"potentialAction\":[{\"@type\":\"CommentAction\",\"name\":\"Comment\",\"target\":[\"https:\/\/conexion23.com\/?p=19411#respond\"]}]},{\"@type\":\"WebPage\",\"@id\":\"https:\/\/conexion23.com\/?p=19411\",\"url\":\"https:\/\/conexion23.com\/?p=19411\",\"name\":\"\u00a1Extra\u00f1a situaci\u00f3n en el Cementerio Municipal de San Pedro de Macor\u00eds! - Conexi\u00f3n 23\",\"isPartOf\":{\"@id\":\"https:\/\/conexion23.com\/#website\"},\"primaryImageOfPage\":{\"@id\":\"https:\/\/conexion23.com\/?p=19411#primaryimage\"},\"image\":{\"@id\":\"https:\/\/conexion23.com\/?p=19411#primaryimage\"},\"thumbnailUrl\":\"https:\/\/conexion23.com\/wp-content\/uploads\/2023\/07\/Sin-titulo-4.jpg\",\"datePublished\":\"2023-07-30T22:28:31+00:00\",\"dateModified\":\"2023-07-30T22:28:34+00:00\",\"description\":\"Un ciudadano ha denunciado una invasi\u00f3n inusual de vacas en el lugar sagrado tras visitar la tumba de un ser querido. La noticia se ha viralizado r\u00e1pidamente despu\u00e9s de que el denunciante publicara un impactante video en redes sociales y grupos de WhatsApp.\",\"breadcrumb\":{\"@id\":\"https:\/\/conexion23.com\/?p=19411#breadcrumb\"},\"inLanguage\":\"es\",\"potentialAction\":[{\"@type\":\"ReadAction\",\"target\":[\"https:\/\/conexion23.com\/?p=19411\"]}]},{\"@type\":\"ImageObject\",\"inLanguage\":\"es\",\"@id\":\"https:\/\/conexion23.com\/?p=19411#primaryimage\",\"url\":\"https:\/\/conexion23.com\/wp-content\/uploads\/2023\/07\/Sin-titulo-4.jpg\",\"contentUrl\":\"https:\/\/conexion23.com\/wp-content\/uploads\/2023\/07\/Sin-titulo-4.jpg\",\"width\":461,\"height\":460},{\"@type\":\"BreadcrumbList\",\"@id\":\"https:\/\/conexion23.com\/?p=19411#breadcrumb\",\"itemListElement\":[{\"@type\":\"ListItem\",\"position\":1,\"name\":\"Portada\",\"item\":\"https:\/\/conexion23.com\/\"},{\"@type\":\"ListItem\",\"position\":2,\"name\":\"\u00a1Extra\u00f1a situaci\u00f3n en el Cementerio Municipal de San Pedro de Macor\u00eds!\"}]},{\"@type\":\"WebSite\",\"@id\":\"https:\/\/conexion23.com\/#website\",\"url\":\"https:\/\/conexion23.com\/\",\"name\":\"Conexi\u00f3n 23\",\"description\":\"Peri\u00f3dico 100% Petromacorisano\",\"publisher\":{\"@id\":\"https:\/\/conexion23.com\/#organization\"},\"potentialAction\":[{\"@type\":\"SearchAction\",\"target\":{\"@type\":\"EntryPoint\",\"urlTemplate\":\"https:\/\/conexion23.com\/?s={search_term_string}\"},\"query-input\":{\"@type\":\"PropertyValueSpecification\",\"valueRequired\":true,\"valueName\":\"search_term_string\"}}],\"inLanguage\":\"es\"},{\"@type\":\"Organization\",\"@id\":\"https:\/\/conexion23.com\/#organization\",\"name\":\"Conexion 23\",\"url\":\"https:\/\/conexion23.com\/\",\"logo\":{\"@type\":\"ImageObject\",\"inLanguage\":\"es\",\"@id\":\"https:\/\/conexion23.com\/#\/schema\/logo\/image\/\",\"url\":\"https:\/\/conexion23.com\/wp-content\/uploads\/2021\/11\/Diseno-sin-titulo-2.png\",\"contentUrl\":\"https:\/\/conexion23.com\/wp-content\/uploads\/2021\/11\/Diseno-sin-titulo-2.png\",\"width\":541,\"height\":90,\"caption\":\"Conexion 23\"},\"image\":{\"@id\":\"https:\/\/conexion23.com\/#\/schema\/logo\/image\/\"},\"sameAs\":[\"https:\/\/www.facebook.com\/conexion23com\",\"https:\/\/www.instagram.com\/conexion23com\/\",\"https:\/\/www.youtube.com\/channel\/UCYc7vxxFZMYLIHNsHHxPZ3Q\"]},{\"@type\":\"Person\",\"@id\":\"https:\/\/conexion23.com\/#\/schema\/person\/c0b7ce1f0e7a915d08fa289072b8353a\",\"name\":\"Benjam\u00edn Rosario\",\"image\":{\"@type\":\"ImageObject\",\"inLanguage\":\"es\",\"@id\":\"https:\/\/conexion23.com\/#\/schema\/person\/image\/\",\"url\":\"https:\/\/secure.gravatar.com\/avatar\/62e1b2539b49cdeb50ee302e2a5f2bd31dc7fdba412bbac67e2a2a6e0c89bb2a?s=96&d=mm&r=g\",\"contentUrl\":\"https:\/\/secure.gravatar.com\/avatar\/62e1b2539b49cdeb50ee302e2a5f2bd31dc7fdba412bbac67e2a2a6e0c89bb2a?s=96&d=mm&r=g\",\"caption\":\"Benjam\u00edn Rosario\"},\"url\":\"https:\/\/conexion23.com\/?author=7\"}]}<\/script>\n<!-- \/ Yoast SEO plugin. -->","yoast_head_json":{"title":"\u00a1Extra\u00f1a situaci\u00f3n en el Cementerio Municipal de San Pedro de Macor\u00eds! - Conexi\u00f3n 23","description":"Un ciudadano ha denunciado una invasi\u00f3n inusual de vacas en el lugar sagrado tras visitar la tumba de un ser querido. La noticia se ha viralizado r\u00e1pidamente despu\u00e9s de que el denunciante publicara un impactante video en redes sociales y grupos de WhatsApp.","robots":{"index":"index","follow":"follow","max-snippet":"max-snippet:-1","max-image-preview":"max-image-preview:large","max-video-preview":"max-video-preview:-1"},"canonical":"https:\/\/conexion23.com\/?p=19411","og_locale":"es_ES","og_type":"article","og_title":"\u00a1Extra\u00f1a situaci\u00f3n en el Cementerio Municipal de San Pedro de Macor\u00eds! - Conexi\u00f3n 23","og_description":"Un ciudadano ha denunciado una invasi\u00f3n inusual de vacas en el lugar sagrado tras visitar la tumba de un ser querido. La noticia se ha viralizado r\u00e1pidamente despu\u00e9s de que el denunciante publicara un impactante video en redes sociales y grupos de WhatsApp.","og_url":"https:\/\/conexion23.com\/?p=19411","og_site_name":"Conexi\u00f3n 23","article_publisher":"https:\/\/www.facebook.com\/conexion23com","article_published_time":"2023-07-30T22:28:31+00:00","article_modified_time":"2023-07-30T22:28:34+00:00","og_image":[{"width":461,"height":460,"url":"https:\/\/conexion23.com\/wp-content\/uploads\/2023\/07\/Sin-titulo-4.jpg","type":"image\/jpeg"}],"author":"Benjam\u00edn Rosario","twitter_card":"summary_large_image","twitter_misc":{"Escrito por":"Benjam\u00edn Rosario","Tiempo de lectura":"2 minutos"},"schema":{"@context":"https:\/\/schema.org","@graph":[{"@type":"Article","@id":"https:\/\/conexion23.com\/?p=19411#article","isPartOf":{"@id":"https:\/\/conexion23.com\/?p=19411"},"author":{"name":"Benjam\u00edn Rosario","@id":"https:\/\/conexion23.com\/#\/schema\/person\/c0b7ce1f0e7a915d08fa289072b8353a"},"headline":"\u00a1Extra\u00f1a situaci\u00f3n en el Cementerio Municipal de San Pedro de Macor\u00eds!","datePublished":"2023-07-30T22:28:31+00:00","dateModified":"2023-07-30T22:28:34+00:00","mainEntityOfPage":{"@id":"https:\/\/conexion23.com\/?p=19411"},"wordCount":337,"commentCount":0,"publisher":{"@id":"https:\/\/conexion23.com\/#organization"},"image":{"@id":"https:\/\/conexion23.com\/?p=19411#primaryimage"},"thumbnailUrl":"https:\/\/conexion23.com\/wp-content\/uploads\/2023\/07\/Sin-titulo-4.jpg","keywords":["cementerio","denuncia","Sanpedrodemacoris","vacas"],"articleSection":["SPM"],"inLanguage":"es","potentialAction":[{"@type":"CommentAction","name":"Comment","target":["https:\/\/conexion23.com\/?p=19411#respond"]}]},{"@type":"WebPage","@id":"https:\/\/conexion23.com\/?p=19411","url":"https:\/\/conexion23.com\/?p=19411","name":"\u00a1Extra\u00f1a situaci\u00f3n en el Cementerio Municipal de San Pedro de Macor\u00eds! - Conexi\u00f3n 23","isPartOf":{"@id":"https:\/\/conexion23.com\/#website"},"primaryImageOfPage":{"@id":"https:\/\/conexion23.com\/?p=19411#primaryimage"},"image":{"@id":"https:\/\/conexion23.com\/?p=19411#primaryimage"},"thumbnailUrl":"https:\/\/conexion23.com\/wp-content\/uploads\/2023\/07\/Sin-titulo-4.jpg","datePublished":"2023-07-30T22:28:31+00:00","dateModified":"2023-07-30T22:28:34+00:00","description":"Un ciudadano ha denunciado una invasi\u00f3n inusual de vacas en el lugar sagrado tras visitar la tumba de un ser querido. La noticia se ha viralizado r\u00e1pidamente despu\u00e9s de que el denunciante publicara un impactante video en redes sociales y grupos de WhatsApp.","breadcrumb":{"@id":"https:\/\/conexion23.com\/?p=19411#breadcrumb"},"inLanguage":"es","potentialAction":[{"@type":"ReadAction","target":["https:\/\/conexion23.com\/?p=19411"]}]},{"@type":"ImageObject","inLanguage":"es","@id":"https:\/\/conexion23.com\/?p=19411#primaryimage","url":"https:\/\/conexion23.com\/wp-content\/uploads\/2023\/07\/Sin-titulo-4.jpg","contentUrl":"https:\/\/conexion23.com\/wp-content\/uploads\/2023\/07\/Sin-titulo-4.jpg","width":461,"height":460},{"@type":"BreadcrumbList","@id":"https:\/\/conexion23.com\/?p=19411#breadcrumb","itemListElement":[{"@type":"ListItem","position":1,"name":"Portada","item":"https:\/\/conexion23.com\/"},{"@type":"ListItem","position":2,"name":"\u00a1Extra\u00f1a situaci\u00f3n en el Cementerio Municipal de San Pedro de Macor\u00eds!"}]},{"@type":"WebSite","@id":"https:\/\/conexion23.com\/#website","url":"https:\/\/conexion23.com\/","name":"Conexi\u00f3n 23","description":"Peri\u00f3dico 100% Petromacorisano","publisher":{"@id":"https:\/\/conexion23.com\/#organization"},"potentialAction":[{"@type":"SearchAction","target":{"@type":"EntryPoint","urlTemplate":"https:\/\/conexion23.com\/?s={search_term_string}"},"query-input":{"@type":"PropertyValueSpecification","valueRequired":true,"valueName":"search_term_string"}}],"inLanguage":"es"},{"@type":"Organization","@id":"https:\/\/conexion23.com\/#organization","name":"Conexion 23","url":"https:\/\/conexion23.com\/","logo":{"@type":"ImageObject","inLanguage":"es","@id":"https:\/\/conexion23.com\/#\/schema\/logo\/image\/","url":"https:\/\/conexion23.com\/wp-content\/uploads\/2021\/11\/Diseno-sin-titulo-2.png","contentUrl":"https:\/\/conexion23.com\/wp-content\/uploads\/2021\/11\/Diseno-sin-titulo-2.png","width":541,"height":90,"caption":"Conexion 23"},"image":{"@id":"https:\/\/conexion23.com\/#\/schema\/logo\/image\/"},"sameAs":["https:\/\/www.facebook.com\/conexion23com","https:\/\/www.instagram.com\/conexion23com\/","https:\/\/www.youtube.com\/channel\/UCYc7vxxFZMYLIHNsHHxPZ3Q"]},{"@type":"Person","@id":"https:\/\/conexion23.com\/#\/schema\/person\/c0b7ce1f0e7a915d08fa289072b8353a","name":"Benjam\u00edn Rosario","image":{"@type":"ImageObject","inLanguage":"es","@id":"https:\/\/conexion23.com\/#\/schema\/person\/image\/","url":"https:\/\/secure.gravatar.com\/avatar\/62e1b2539b49cdeb50ee302e2a5f2bd31dc7fdba412bbac67e2a2a6e0c89bb2a?s=96&d=mm&r=g","contentUrl":"https:\/\/secure.gravatar.com\/avatar\/62e1b2539b49cdeb50ee302e2a5f2bd31dc7fdba412bbac67e2a2a6e0c89bb2a?s=96&d=mm&r=g","caption":"Benjam\u00edn Rosario"},"url":"https:\/\/conexion23.com\/?author=7"}]}},"_links":{"self":[{"href":"https:\/\/conexion23.com\/index.php?rest_route=\/wp\/v2\/posts\/19411","targetHints":{"allow":["GET"]}}],"collection":[{"href":"https:\/\/conexion23.com\/index.php?rest_route=\/wp\/v2\/posts"}],"about":[{"href":"https:\/\/conexion23.com\/index.php?rest_route=\/wp\/v2\/types\/post"}],"author":[{"embeddable":true,"href":"https:\/\/conexion23.com\/index.php?rest_route=\/wp\/v2\/users\/7"}],"replies":[{"embeddable":true,"href":"https:\/\/conexion23.com\/index.php?rest_route=%2Fwp%2Fv2%2Fcomments&post=19411"}],"version-history":[{"count":1,"href":"https:\/\/conexion23.com\/index.php?rest_route=\/wp\/v2\/posts\/19411\/revisions"}],"predecessor-version":[{"id":19413,"href":"https:\/\/conexion23.com\/index.php?rest_route=\/wp\/v2\/posts\/19411\/revisions\/19413"}],"wp:featuredmedia":[{"embeddable":true,"href":"https:\/\/conexion23.com\/index.php?rest_route=\/wp\/v2\/media\/19412"}],"wp:attachment":[{"href":"https:\/\/conexion23.com\/index.php?rest_route=%2Fwp%2Fv2%2Fmedia&parent=19411"}],"wp:term":[{"taxonomy":"category","embeddable":true,"href":"https:\/\/conexion23.com\/index.php?rest_route=%2Fwp%2Fv2%2Fcategories&post=19411"},{"taxonomy":"post_tag","embeddable":true,"href":"https:\/\/conexion23.com\/index.php?rest_route=%2Fwp%2Fv2%2Ftags&post=19411"}],"curies":[{"name":"wp","href":"https:\/\/api.w.org\/{rel}","templated":true}]}}