{"id":19434,"date":"2023-07-31T07:25:51","date_gmt":"2023-07-31T11:25:51","guid":{"rendered":"https:\/\/conexion23.com\/?p=19434"},"modified":"2023-07-31T07:25:54","modified_gmt":"2023-07-31T11:25:54","slug":"capturan-a-nicolas-petro-hijo-de-gustavo-petro-en-colombia-por-lavado-de-activos-y-enriquecimiento-ilicito","status":"publish","type":"post","link":"https:\/\/conexion23.com\/?p=19434","title":{"rendered":"Capturan a Nicol\u00e1s Petro, hijo de Gustavo Petro en Colombia por lavado de activos y enriquecimiento il\u00edcito."},"content":{"rendered":"\n<p>Nicol\u00e1s Petro Burgos, hijo del presidente de&nbsp;<a href=\"https:\/\/cnnespanol.cnn.com\/category\/zona-andina\/colombia\/\">Colombia<\/a>&nbsp;Gustavo Petro y congresista en el departamento de Atl\u00e1ntico, fue arrestado como parte de una investigaci\u00f3n por lavado de dinero y enriquecimiento il\u00edcito, inform\u00f3 la oficina del fiscal general este s\u00e1bado por la ma\u00f1ana.<\/p>\n\n\n\n<p>En un&nbsp;<a href=\"https:\/\/twitter.com\/FiscaliaCol\/status\/1685264006028660737?s=20\">comunicado de prensa<\/a>, la fiscal\u00eda general de la Naci\u00f3n de Colombia inform\u00f3 que este s\u00e1bado \u201csobre las 06:00 horas, en cumplimiento a lo dispuesto por el juzgado 16 Penal Municipal con Funci\u00f3n de Control de Garant\u00edas de Bogot\u00e1, se hicieron efectivas las \u00f3rdenes de captura proferidas contra Nicol\u00e1s Fernando Petro Burgos, por los delitos de lavado de activos y enriquecimiento il\u00edcito\u201d.<\/p>\n\n\n\n<p>El documento agrega que as\u00ed mismo, su exesposa, Daysuris del Carmen V\u00e1squez Castro fue detenida por los \u201cpunibles de lavado de activos y violaci\u00f3n de datos personales por hechos ocurridos desde 2022 a la fecha\u201d.<\/p>\n\n\n\n<p>El mandatario Gustavo Petro reaccion\u00f3 por medio de su cuenta de&nbsp;<a href=\"https:\/\/twitter.com\/petrogustavo\/status\/1685263250319884288?s=20\">Twitter<\/a>. \u201cComo persona y padre me duele mucho tanta autodestrucci\u00f3n y el que uno de mis hijos pase por la c\u00e1rcel; como presidente de la Rep\u00fablica asegur\u00f3 (sic) que la fiscal\u00eda tenga todas las garant\u00edas de mi parte para proceder de acuerdo a la ley\u201d, escribi\u00f3.<\/p>\n\n\n\n<p>\u201cA mi hijo le deseo suerte y fuerza. Que estos sucesos forjen su car\u00e1cter y pueda reflexionar sobre sus propios errores\u201d, a\u00f1adi\u00f3.<\/p>\n\n\n\n<p><a href=\"https:\/\/cnnespanol.cnn.com\/wp-content\/uploads\/2023\/07\/foto-1.jpg?quality=100&amp;strip=info\"><\/a><\/p>\n\n\n\n<p id=\"caption-attachment-1428505\">El hijo del presidente Gustavo Petro fue arrestado este s\u00e1bado, inform\u00f3 la Fiscal\u00eda General de la Naci\u00f3n (Foto @nicolaspetrob)<\/p>\n\n\n\n<p>Gustavo Petro dijo que como afirm\u00f3 no intervendr\u00e1 ni presionar\u00e1 en las decisiones del fiscal general de la Naci\u00f3n, Francisco Barbosa.<\/p>\n\n\n\n<p>La fiscal\u00eda inform\u00f3 que los capturados ser\u00e1n puestos a disposici\u00f3n de un Juez Penal Municipal con funci\u00f3n de control de garant\u00edas. Se formular\u00e1 imputaci\u00f3n por los delitos ya citados y se solicitar\u00e1 una medida restrictiva de la libertad.<\/p>\n\n\n\n<p>En marzo Nicol\u00e1s Petro hab\u00eda sido puesto&nbsp;<a href=\"https:\/\/cnnespanol.cnn.com\/2023\/03\/03\/petro-investigacion-hijo-hermano-fiscalia-colombia-orix\/\">bajo investigaci\u00f3n<\/a>&nbsp;por la oficina del fiscal general bajo acusaciones de haber tomado dinero de narcotraficantes a cambio de incluirlos en los esfuerzos de su padre para negociar conversaciones de paz con organizaciones criminales en la regi\u00f3n Caribe.<\/p>\n\n\n\n<p>Ese mismo mes, el presidente de Colombia, Gustavo Petro pidi\u00f3 al fiscal general de la Naci\u00f3n que se realizaran las investigaciones necesarias sobre la denuncia de corrupci\u00f3n que se exnuera hab\u00eda mencionado en una entrevista a la revista Semana en torno a su hermano Fernando Petro Urrego y su hijo mayor, Nicol\u00e1s Petro Burgos.<\/p>\n\n\n\n<p>Day V\u00e1squez, exesposa de Nicol\u00e1s Petro, afirm\u00f3 en una entrevista con la directora de ese medio, Vicky D\u00e1vila, que el hijo del presidente recibi\u00f3 gruesas sumas de dinero de manos de exnarcotraficantes, pol\u00edticos y otros particulares investigados y condenados por corrupci\u00f3n. V\u00e1squez tambi\u00e9n asegura que ya le hab\u00eda contado esto mismo al presidente y que este \u201cno ten\u00eda idea\u201d de los supuestos hechos, a la vez que, dice ella, se mostr\u00f3 muy decepcionado por la presunta conducta de su hijo y de su hermano.<\/p>\n\n\n\n<p>Hasta este s\u00e1bado, ninguno de los acusados o sus equipos legales se han pronunciado p\u00fablicamente. CNN intenta obtener comentarios sobre los arrestos.<\/p>\n\n\n\n<p>Por medio de un comunicado en marzo, Petro Burgos hab\u00eda negado las acusaciones en su contra diciendo que no eran m\u00e1s que ataques pol\u00edticos y personales que buscan destruir el trabajo que hab\u00eda logrado en su carrera.<\/p>\n\n\n\n<h2 class=\"wp-block-heading\"><\/h2>\n","protected":false},"excerpt":{"rendered":"<p>Nicol\u00e1s Petro Burgos, hijo del presidente de&nbsp;Colombia&nbsp;Gustavo Petro y congresista en el departamento de Atl\u00e1ntico, fue arrestado como parte de una investigaci\u00f3n por lavado de dinero y enriquecimiento il\u00edcito, inform\u00f3 la oficina del fiscal general este s\u00e1bado por la ma\u00f1ana. En un&nbsp;comunicado de prensa, la fiscal\u00eda general de la Naci\u00f3n de Colombia inform\u00f3 que este [&hellip;]<\/p>\n","protected":false},"author":15,"featured_media":19435,"comment_status":"open","ping_status":"open","sticky":false,"template":"","format":"standard","meta":{"footnotes":""},"categories":[1],"tags":[],"class_list":{"0":"post-19434","1":"post","2":"type-post","3":"status-publish","4":"format-standard","5":"has-post-thumbnail","7":"category-uncategorized"},"yoast_head":"<!-- This site is optimized with the Yoast SEO plugin v27.1.1 - https:\/\/yoast.com\/product\/yoast-seo-wordpress\/ -->\n<title>Capturan a Nicol\u00e1s Petro, hijo de Gustavo Petro en Colombia por lavado de activos y enriquecimiento il\u00edcito. - Conexi\u00f3n 23<\/title>\n<meta name=\"robots\" content=\"index, follow, max-snippet:-1, max-image-preview:large, max-video-preview:-1\" \/>\n<link rel=\"canonical\" href=\"https:\/\/conexion23.com\/?p=19434\" \/>\n<meta property=\"og:locale\" content=\"es_ES\" \/>\n<meta property=\"og:type\" content=\"article\" \/>\n<meta property=\"og:title\" content=\"Capturan a Nicol\u00e1s Petro, hijo de Gustavo Petro en Colombia por lavado de activos y enriquecimiento il\u00edcito. - Conexi\u00f3n 23\" \/>\n<meta property=\"og:description\" content=\"Nicol\u00e1s Petro Burgos, hijo del presidente de&nbsp;Colombia&nbsp;Gustavo Petro y congresista en el departamento de Atl\u00e1ntico, fue arrestado como parte de una investigaci\u00f3n por lavado de dinero y enriquecimiento il\u00edcito, inform\u00f3 la oficina del fiscal general este s\u00e1bado por la ma\u00f1ana. En un&nbsp;comunicado de prensa, la fiscal\u00eda general de la Naci\u00f3n de Colombia inform\u00f3 que este [&hellip;]\" \/>\n<meta property=\"og:url\" content=\"https:\/\/conexion23.com\/?p=19434\" \/>\n<meta property=\"og:site_name\" content=\"Conexi\u00f3n 23\" \/>\n<meta property=\"article:publisher\" content=\"https:\/\/www.facebook.com\/conexion23com\" \/>\n<meta property=\"article:published_time\" content=\"2023-07-31T11:25:51+00:00\" \/>\n<meta property=\"article:modified_time\" content=\"2023-07-31T11:25:54+00:00\" \/>\n<meta property=\"og:image\" content=\"https:\/\/conexion23.com\/wp-content\/uploads\/2023\/07\/foto-1.webp\" \/>\n\t<meta property=\"og:image:width\" content=\"1920\" \/>\n\t<meta property=\"og:image:height\" content=\"1080\" \/>\n\t<meta property=\"og:image:type\" content=\"image\/webp\" \/>\n<meta name=\"author\" content=\"Raffy Ben\u00edtez\" \/>\n<meta name=\"twitter:card\" content=\"summary_large_image\" \/>\n<meta name=\"twitter:label1\" content=\"Escrito por\" \/>\n\t<meta name=\"twitter:data1\" content=\"Raffy Ben\u00edtez\" \/>\n\t<meta name=\"twitter:label2\" content=\"Tiempo de lectura\" \/>\n\t<meta name=\"twitter:data2\" content=\"3 minutos\" \/>\n<script type=\"application\/ld+json\" class=\"yoast-schema-graph\">{\"@context\":\"https:\/\/schema.org\",\"@graph\":[{\"@type\":\"Article\",\"@id\":\"https:\/\/conexion23.com\/?p=19434#article\",\"isPartOf\":{\"@id\":\"https:\/\/conexion23.com\/?p=19434\"},\"author\":{\"name\":\"Raffy Ben\u00edtez\",\"@id\":\"https:\/\/conexion23.com\/#\/schema\/person\/03e36043331117e97a373299bbcd30a6\"},\"headline\":\"Capturan a Nicol\u00e1s Petro, hijo de Gustavo Petro en Colombia por lavado de activos y enriquecimiento il\u00edcito.\",\"datePublished\":\"2023-07-31T11:25:51+00:00\",\"dateModified\":\"2023-07-31T11:25:54+00:00\",\"mainEntityOfPage\":{\"@id\":\"https:\/\/conexion23.com\/?p=19434\"},\"wordCount\":616,\"commentCount\":0,\"publisher\":{\"@id\":\"https:\/\/conexion23.com\/#organization\"},\"image\":{\"@id\":\"https:\/\/conexion23.com\/?p=19434#primaryimage\"},\"thumbnailUrl\":\"https:\/\/conexion23.com\/wp-content\/uploads\/2023\/07\/foto-1.webp\",\"articleSection\":[\"Uncategorized\"],\"inLanguage\":\"es\",\"potentialAction\":[{\"@type\":\"CommentAction\",\"name\":\"Comment\",\"target\":[\"https:\/\/conexion23.com\/?p=19434#respond\"]}]},{\"@type\":\"WebPage\",\"@id\":\"https:\/\/conexion23.com\/?p=19434\",\"url\":\"https:\/\/conexion23.com\/?p=19434\",\"name\":\"Capturan a Nicol\u00e1s Petro, hijo de Gustavo Petro en Colombia por lavado de activos y enriquecimiento il\u00edcito. - Conexi\u00f3n 23\",\"isPartOf\":{\"@id\":\"https:\/\/conexion23.com\/#website\"},\"primaryImageOfPage\":{\"@id\":\"https:\/\/conexion23.com\/?p=19434#primaryimage\"},\"image\":{\"@id\":\"https:\/\/conexion23.com\/?p=19434#primaryimage\"},\"thumbnailUrl\":\"https:\/\/conexion23.com\/wp-content\/uploads\/2023\/07\/foto-1.webp\",\"datePublished\":\"2023-07-31T11:25:51+00:00\",\"dateModified\":\"2023-07-31T11:25:54+00:00\",\"breadcrumb\":{\"@id\":\"https:\/\/conexion23.com\/?p=19434#breadcrumb\"},\"inLanguage\":\"es\",\"potentialAction\":[{\"@type\":\"ReadAction\",\"target\":[\"https:\/\/conexion23.com\/?p=19434\"]}]},{\"@type\":\"ImageObject\",\"inLanguage\":\"es\",\"@id\":\"https:\/\/conexion23.com\/?p=19434#primaryimage\",\"url\":\"https:\/\/conexion23.com\/wp-content\/uploads\/2023\/07\/foto-1.webp\",\"contentUrl\":\"https:\/\/conexion23.com\/wp-content\/uploads\/2023\/07\/foto-1.webp\",\"width\":1920,\"height\":1080},{\"@type\":\"BreadcrumbList\",\"@id\":\"https:\/\/conexion23.com\/?p=19434#breadcrumb\",\"itemListElement\":[{\"@type\":\"ListItem\",\"position\":1,\"name\":\"Portada\",\"item\":\"https:\/\/conexion23.com\/\"},{\"@type\":\"ListItem\",\"position\":2,\"name\":\"Capturan a Nicol\u00e1s Petro, hijo de Gustavo Petro en Colombia por lavado de activos y enriquecimiento il\u00edcito.\"}]},{\"@type\":\"WebSite\",\"@id\":\"https:\/\/conexion23.com\/#website\",\"url\":\"https:\/\/conexion23.com\/\",\"name\":\"Conexi\u00f3n 23\",\"description\":\"Peri\u00f3dico 100% Petromacorisano\",\"publisher\":{\"@id\":\"https:\/\/conexion23.com\/#organization\"},\"potentialAction\":[{\"@type\":\"SearchAction\",\"target\":{\"@type\":\"EntryPoint\",\"urlTemplate\":\"https:\/\/conexion23.com\/?s={search_term_string}\"},\"query-input\":{\"@type\":\"PropertyValueSpecification\",\"valueRequired\":true,\"valueName\":\"search_term_string\"}}],\"inLanguage\":\"es\"},{\"@type\":\"Organization\",\"@id\":\"https:\/\/conexion23.com\/#organization\",\"name\":\"Conexion 23\",\"url\":\"https:\/\/conexion23.com\/\",\"logo\":{\"@type\":\"ImageObject\",\"inLanguage\":\"es\",\"@id\":\"https:\/\/conexion23.com\/#\/schema\/logo\/image\/\",\"url\":\"https:\/\/conexion23.com\/wp-content\/uploads\/2021\/11\/Diseno-sin-titulo-2.png\",\"contentUrl\":\"https:\/\/conexion23.com\/wp-content\/uploads\/2021\/11\/Diseno-sin-titulo-2.png\",\"width\":541,\"height\":90,\"caption\":\"Conexion 23\"},\"image\":{\"@id\":\"https:\/\/conexion23.com\/#\/schema\/logo\/image\/\"},\"sameAs\":[\"https:\/\/www.facebook.com\/conexion23com\",\"https:\/\/www.instagram.com\/conexion23com\/\",\"https:\/\/www.youtube.com\/channel\/UCYc7vxxFZMYLIHNsHHxPZ3Q\"]},{\"@type\":\"Person\",\"@id\":\"https:\/\/conexion23.com\/#\/schema\/person\/03e36043331117e97a373299bbcd30a6\",\"name\":\"Raffy Ben\u00edtez\",\"image\":{\"@type\":\"ImageObject\",\"inLanguage\":\"es\",\"@id\":\"https:\/\/conexion23.com\/#\/schema\/person\/image\/\",\"url\":\"https:\/\/secure.gravatar.com\/avatar\/3190a6a6c5e1b0327500f7d6c56b6242472ee6cb974cf09b401ee6b3b0798f23?s=96&d=mm&r=g\",\"contentUrl\":\"https:\/\/secure.gravatar.com\/avatar\/3190a6a6c5e1b0327500f7d6c56b6242472ee6cb974cf09b401ee6b3b0798f23?s=96&d=mm&r=g\",\"caption\":\"Raffy Ben\u00edtez\"},\"url\":\"https:\/\/conexion23.com\/?author=15\"}]}<\/script>\n<!-- \/ Yoast SEO plugin. -->","yoast_head_json":{"title":"Capturan a Nicol\u00e1s Petro, hijo de Gustavo Petro en Colombia por lavado de activos y enriquecimiento il\u00edcito. - Conexi\u00f3n 23","robots":{"index":"index","follow":"follow","max-snippet":"max-snippet:-1","max-image-preview":"max-image-preview:large","max-video-preview":"max-video-preview:-1"},"canonical":"https:\/\/conexion23.com\/?p=19434","og_locale":"es_ES","og_type":"article","og_title":"Capturan a Nicol\u00e1s Petro, hijo de Gustavo Petro en Colombia por lavado de activos y enriquecimiento il\u00edcito. - Conexi\u00f3n 23","og_description":"Nicol\u00e1s Petro Burgos, hijo del presidente de&nbsp;Colombia&nbsp;Gustavo Petro y congresista en el departamento de Atl\u00e1ntico, fue arrestado como parte de una investigaci\u00f3n por lavado de dinero y enriquecimiento il\u00edcito, inform\u00f3 la oficina del fiscal general este s\u00e1bado por la ma\u00f1ana. En un&nbsp;comunicado de prensa, la fiscal\u00eda general de la Naci\u00f3n de Colombia inform\u00f3 que este [&hellip;]","og_url":"https:\/\/conexion23.com\/?p=19434","og_site_name":"Conexi\u00f3n 23","article_publisher":"https:\/\/www.facebook.com\/conexion23com","article_published_time":"2023-07-31T11:25:51+00:00","article_modified_time":"2023-07-31T11:25:54+00:00","og_image":[{"width":1920,"height":1080,"url":"https:\/\/conexion23.com\/wp-content\/uploads\/2023\/07\/foto-1.webp","type":"image\/webp"}],"author":"Raffy Ben\u00edtez","twitter_card":"summary_large_image","twitter_misc":{"Escrito por":"Raffy Ben\u00edtez","Tiempo de lectura":"3 minutos"},"schema":{"@context":"https:\/\/schema.org","@graph":[{"@type":"Article","@id":"https:\/\/conexion23.com\/?p=19434#article","isPartOf":{"@id":"https:\/\/conexion23.com\/?p=19434"},"author":{"name":"Raffy Ben\u00edtez","@id":"https:\/\/conexion23.com\/#\/schema\/person\/03e36043331117e97a373299bbcd30a6"},"headline":"Capturan a Nicol\u00e1s Petro, hijo de Gustavo Petro en Colombia por lavado de activos y enriquecimiento il\u00edcito.","datePublished":"2023-07-31T11:25:51+00:00","dateModified":"2023-07-31T11:25:54+00:00","mainEntityOfPage":{"@id":"https:\/\/conexion23.com\/?p=19434"},"wordCount":616,"commentCount":0,"publisher":{"@id":"https:\/\/conexion23.com\/#organization"},"image":{"@id":"https:\/\/conexion23.com\/?p=19434#primaryimage"},"thumbnailUrl":"https:\/\/conexion23.com\/wp-content\/uploads\/2023\/07\/foto-1.webp","articleSection":["Uncategorized"],"inLanguage":"es","potentialAction":[{"@type":"CommentAction","name":"Comment","target":["https:\/\/conexion23.com\/?p=19434#respond"]}]},{"@type":"WebPage","@id":"https:\/\/conexion23.com\/?p=19434","url":"https:\/\/conexion23.com\/?p=19434","name":"Capturan a Nicol\u00e1s Petro, hijo de Gustavo Petro en Colombia por lavado de activos y enriquecimiento il\u00edcito. - Conexi\u00f3n 23","isPartOf":{"@id":"https:\/\/conexion23.com\/#website"},"primaryImageOfPage":{"@id":"https:\/\/conexion23.com\/?p=19434#primaryimage"},"image":{"@id":"https:\/\/conexion23.com\/?p=19434#primaryimage"},"thumbnailUrl":"https:\/\/conexion23.com\/wp-content\/uploads\/2023\/07\/foto-1.webp","datePublished":"2023-07-31T11:25:51+00:00","dateModified":"2023-07-31T11:25:54+00:00","breadcrumb":{"@id":"https:\/\/conexion23.com\/?p=19434#breadcrumb"},"inLanguage":"es","potentialAction":[{"@type":"ReadAction","target":["https:\/\/conexion23.com\/?p=19434"]}]},{"@type":"ImageObject","inLanguage":"es","@id":"https:\/\/conexion23.com\/?p=19434#primaryimage","url":"https:\/\/conexion23.com\/wp-content\/uploads\/2023\/07\/foto-1.webp","contentUrl":"https:\/\/conexion23.com\/wp-content\/uploads\/2023\/07\/foto-1.webp","width":1920,"height":1080},{"@type":"BreadcrumbList","@id":"https:\/\/conexion23.com\/?p=19434#breadcrumb","itemListElement":[{"@type":"ListItem","position":1,"name":"Portada","item":"https:\/\/conexion23.com\/"},{"@type":"ListItem","position":2,"name":"Capturan a Nicol\u00e1s Petro, hijo de Gustavo Petro en Colombia por lavado de activos y enriquecimiento il\u00edcito."}]},{"@type":"WebSite","@id":"https:\/\/conexion23.com\/#website","url":"https:\/\/conexion23.com\/","name":"Conexi\u00f3n 23","description":"Peri\u00f3dico 100% Petromacorisano","publisher":{"@id":"https:\/\/conexion23.com\/#organization"},"potentialAction":[{"@type":"SearchAction","target":{"@type":"EntryPoint","urlTemplate":"https:\/\/conexion23.com\/?s={search_term_string}"},"query-input":{"@type":"PropertyValueSpecification","valueRequired":true,"valueName":"search_term_string"}}],"inLanguage":"es"},{"@type":"Organization","@id":"https:\/\/conexion23.com\/#organization","name":"Conexion 23","url":"https:\/\/conexion23.com\/","logo":{"@type":"ImageObject","inLanguage":"es","@id":"https:\/\/conexion23.com\/#\/schema\/logo\/image\/","url":"https:\/\/conexion23.com\/wp-content\/uploads\/2021\/11\/Diseno-sin-titulo-2.png","contentUrl":"https:\/\/conexion23.com\/wp-content\/uploads\/2021\/11\/Diseno-sin-titulo-2.png","width":541,"height":90,"caption":"Conexion 23"},"image":{"@id":"https:\/\/conexion23.com\/#\/schema\/logo\/image\/"},"sameAs":["https:\/\/www.facebook.com\/conexion23com","https:\/\/www.instagram.com\/conexion23com\/","https:\/\/www.youtube.com\/channel\/UCYc7vxxFZMYLIHNsHHxPZ3Q"]},{"@type":"Person","@id":"https:\/\/conexion23.com\/#\/schema\/person\/03e36043331117e97a373299bbcd30a6","name":"Raffy Ben\u00edtez","image":{"@type":"ImageObject","inLanguage":"es","@id":"https:\/\/conexion23.com\/#\/schema\/person\/image\/","url":"https:\/\/secure.gravatar.com\/avatar\/3190a6a6c5e1b0327500f7d6c56b6242472ee6cb974cf09b401ee6b3b0798f23?s=96&d=mm&r=g","contentUrl":"https:\/\/secure.gravatar.com\/avatar\/3190a6a6c5e1b0327500f7d6c56b6242472ee6cb974cf09b401ee6b3b0798f23?s=96&d=mm&r=g","caption":"Raffy Ben\u00edtez"},"url":"https:\/\/conexion23.com\/?author=15"}]}},"_links":{"self":[{"href":"https:\/\/conexion23.com\/index.php?rest_route=\/wp\/v2\/posts\/19434","targetHints":{"allow":["GET"]}}],"collection":[{"href":"https:\/\/conexion23.com\/index.php?rest_route=\/wp\/v2\/posts"}],"about":[{"href":"https:\/\/conexion23.com\/index.php?rest_route=\/wp\/v2\/types\/post"}],"author":[{"embeddable":true,"href":"https:\/\/conexion23.com\/index.php?rest_route=\/wp\/v2\/users\/15"}],"replies":[{"embeddable":true,"href":"https:\/\/conexion23.com\/index.php?rest_route=%2Fwp%2Fv2%2Fcomments&post=19434"}],"version-history":[{"count":1,"href":"https:\/\/conexion23.com\/index.php?rest_route=\/wp\/v2\/posts\/19434\/revisions"}],"predecessor-version":[{"id":19436,"href":"https:\/\/conexion23.com\/index.php?rest_route=\/wp\/v2\/posts\/19434\/revisions\/19436"}],"wp:featuredmedia":[{"embeddable":true,"href":"https:\/\/conexion23.com\/index.php?rest_route=\/wp\/v2\/media\/19435"}],"wp:attachment":[{"href":"https:\/\/conexion23.com\/index.php?rest_route=%2Fwp%2Fv2%2Fmedia&parent=19434"}],"wp:term":[{"taxonomy":"category","embeddable":true,"href":"https:\/\/conexion23.com\/index.php?rest_route=%2Fwp%2Fv2%2Fcategories&post=19434"},{"taxonomy":"post_tag","embeddable":true,"href":"https:\/\/conexion23.com\/index.php?rest_route=%2Fwp%2Fv2%2Ftags&post=19434"}],"curies":[{"name":"wp","href":"https:\/\/api.w.org\/{rel}","templated":true}]}}