{"id":19437,"date":"2023-07-31T07:33:32","date_gmt":"2023-07-31T11:33:32","guid":{"rendered":"https:\/\/conexion23.com\/?p=19437"},"modified":"2023-07-31T07:33:35","modified_gmt":"2023-07-31T11:33:35","slug":"hombre-se-ahorca-en-su-vivienda-en-san-pedro-de-macoris","status":"publish","type":"post","link":"https:\/\/conexion23.com\/?p=19437","title":{"rendered":"Hombre se ahorca en su vivienda en San Pedro de Macor\u00eds."},"content":{"rendered":"\n<p>Un joven fue hallado ahorcado en el interior de su vivienda ubicada en el Barrio Villa Progreso II en esta ciudad.<\/p>\n\n\n\n<p>Se trata de Miguel Antonio Guerrero 33 a\u00f1os de edad, quien seg\u00fan versiones este habr\u00eda tomado la fatal decisi\u00f3n por asuntos pasionales.<\/p>\n","protected":false},"excerpt":{"rendered":"<p>Un joven fue hallado ahorcado en el interior de su vivienda ubicada en el Barrio Villa Progreso II en esta ciudad. Se trata de Miguel Antonio Guerrero 33 a\u00f1os de edad, quien seg\u00fan versiones este habr\u00eda tomado la fatal decisi\u00f3n por asuntos pasionales.<\/p>\n","protected":false},"author":15,"featured_media":19438,"comment_status":"open","ping_status":"open","sticky":false,"template":"","format":"standard","meta":{"footnotes":""},"categories":[35],"tags":[],"class_list":{"0":"post-19437","1":"post","2":"type-post","3":"status-publish","4":"format-standard","5":"has-post-thumbnail","7":"category-spm"},"yoast_head":"<!-- This site is optimized with the Yoast SEO plugin v27.1.1 - https:\/\/yoast.com\/product\/yoast-seo-wordpress\/ -->\n<title>Hombre se ahorca en su vivienda en San Pedro de Macor\u00eds. - Conexi\u00f3n 23<\/title>\n<meta name=\"robots\" content=\"index, follow, max-snippet:-1, max-image-preview:large, max-video-preview:-1\" \/>\n<link rel=\"canonical\" href=\"https:\/\/conexion23.com\/?p=19437\" \/>\n<meta property=\"og:locale\" content=\"es_ES\" \/>\n<meta property=\"og:type\" content=\"article\" \/>\n<meta property=\"og:title\" content=\"Hombre se ahorca en su vivienda en San Pedro de Macor\u00eds. - Conexi\u00f3n 23\" \/>\n<meta property=\"og:description\" content=\"Un joven fue hallado ahorcado en el interior de su vivienda ubicada en el Barrio Villa Progreso II en esta ciudad. Se trata de Miguel Antonio Guerrero 33 a\u00f1os de edad, quien seg\u00fan versiones este habr\u00eda tomado la fatal decisi\u00f3n por asuntos pasionales.\" \/>\n<meta property=\"og:url\" content=\"https:\/\/conexion23.com\/?p=19437\" \/>\n<meta property=\"og:site_name\" content=\"Conexi\u00f3n 23\" \/>\n<meta property=\"article:publisher\" content=\"https:\/\/www.facebook.com\/conexion23com\" \/>\n<meta property=\"article:published_time\" content=\"2023-07-31T11:33:32+00:00\" \/>\n<meta property=\"article:modified_time\" content=\"2023-07-31T11:33:35+00:00\" \/>\n<meta property=\"og:image\" content=\"https:\/\/conexion23.com\/wp-content\/uploads\/2023\/07\/363951434_6678118858891285_5426116864106831276_n.jpg\" \/>\n\t<meta property=\"og:image:width\" content=\"240\" \/>\n\t<meta property=\"og:image:height\" content=\"320\" \/>\n\t<meta property=\"og:image:type\" content=\"image\/jpeg\" \/>\n<meta name=\"author\" content=\"Raffy Ben\u00edtez\" \/>\n<meta name=\"twitter:card\" content=\"summary_large_image\" \/>\n<meta name=\"twitter:label1\" content=\"Escrito por\" \/>\n\t<meta name=\"twitter:data1\" content=\"Raffy Ben\u00edtez\" \/>\n\t<meta name=\"twitter:label2\" content=\"Tiempo de lectura\" \/>\n\t<meta name=\"twitter:data2\" content=\"1 minuto\" \/>\n<script type=\"application\/ld+json\" class=\"yoast-schema-graph\">{\"@context\":\"https:\/\/schema.org\",\"@graph\":[{\"@type\":\"Article\",\"@id\":\"https:\/\/conexion23.com\/?p=19437#article\",\"isPartOf\":{\"@id\":\"https:\/\/conexion23.com\/?p=19437\"},\"author\":{\"name\":\"Raffy Ben\u00edtez\",\"@id\":\"https:\/\/conexion23.com\/#\/schema\/person\/03e36043331117e97a373299bbcd30a6\"},\"headline\":\"Hombre se ahorca en su vivienda en San Pedro de Macor\u00eds.\",\"datePublished\":\"2023-07-31T11:33:32+00:00\",\"dateModified\":\"2023-07-31T11:33:35+00:00\",\"mainEntityOfPage\":{\"@id\":\"https:\/\/conexion23.com\/?p=19437\"},\"wordCount\":58,\"commentCount\":0,\"publisher\":{\"@id\":\"https:\/\/conexion23.com\/#organization\"},\"image\":{\"@id\":\"https:\/\/conexion23.com\/?p=19437#primaryimage\"},\"thumbnailUrl\":\"https:\/\/conexion23.com\/wp-content\/uploads\/2023\/07\/363951434_6678118858891285_5426116864106831276_n.jpg\",\"articleSection\":[\"SPM\"],\"inLanguage\":\"es\",\"potentialAction\":[{\"@type\":\"CommentAction\",\"name\":\"Comment\",\"target\":[\"https:\/\/conexion23.com\/?p=19437#respond\"]}]},{\"@type\":\"WebPage\",\"@id\":\"https:\/\/conexion23.com\/?p=19437\",\"url\":\"https:\/\/conexion23.com\/?p=19437\",\"name\":\"Hombre se ahorca en su vivienda en San Pedro de Macor\u00eds. - Conexi\u00f3n 23\",\"isPartOf\":{\"@id\":\"https:\/\/conexion23.com\/#website\"},\"primaryImageOfPage\":{\"@id\":\"https:\/\/conexion23.com\/?p=19437#primaryimage\"},\"image\":{\"@id\":\"https:\/\/conexion23.com\/?p=19437#primaryimage\"},\"thumbnailUrl\":\"https:\/\/conexion23.com\/wp-content\/uploads\/2023\/07\/363951434_6678118858891285_5426116864106831276_n.jpg\",\"datePublished\":\"2023-07-31T11:33:32+00:00\",\"dateModified\":\"2023-07-31T11:33:35+00:00\",\"breadcrumb\":{\"@id\":\"https:\/\/conexion23.com\/?p=19437#breadcrumb\"},\"inLanguage\":\"es\",\"potentialAction\":[{\"@type\":\"ReadAction\",\"target\":[\"https:\/\/conexion23.com\/?p=19437\"]}]},{\"@type\":\"ImageObject\",\"inLanguage\":\"es\",\"@id\":\"https:\/\/conexion23.com\/?p=19437#primaryimage\",\"url\":\"https:\/\/conexion23.com\/wp-content\/uploads\/2023\/07\/363951434_6678118858891285_5426116864106831276_n.jpg\",\"contentUrl\":\"https:\/\/conexion23.com\/wp-content\/uploads\/2023\/07\/363951434_6678118858891285_5426116864106831276_n.jpg\",\"width\":240,\"height\":320},{\"@type\":\"BreadcrumbList\",\"@id\":\"https:\/\/conexion23.com\/?p=19437#breadcrumb\",\"itemListElement\":[{\"@type\":\"ListItem\",\"position\":1,\"name\":\"Portada\",\"item\":\"https:\/\/conexion23.com\/\"},{\"@type\":\"ListItem\",\"position\":2,\"name\":\"Hombre se ahorca en su vivienda en San Pedro de Macor\u00eds.\"}]},{\"@type\":\"WebSite\",\"@id\":\"https:\/\/conexion23.com\/#website\",\"url\":\"https:\/\/conexion23.com\/\",\"name\":\"Conexi\u00f3n 23\",\"description\":\"Peri\u00f3dico 100% Petromacorisano\",\"publisher\":{\"@id\":\"https:\/\/conexion23.com\/#organization\"},\"potentialAction\":[{\"@type\":\"SearchAction\",\"target\":{\"@type\":\"EntryPoint\",\"urlTemplate\":\"https:\/\/conexion23.com\/?s={search_term_string}\"},\"query-input\":{\"@type\":\"PropertyValueSpecification\",\"valueRequired\":true,\"valueName\":\"search_term_string\"}}],\"inLanguage\":\"es\"},{\"@type\":\"Organization\",\"@id\":\"https:\/\/conexion23.com\/#organization\",\"name\":\"Conexion 23\",\"url\":\"https:\/\/conexion23.com\/\",\"logo\":{\"@type\":\"ImageObject\",\"inLanguage\":\"es\",\"@id\":\"https:\/\/conexion23.com\/#\/schema\/logo\/image\/\",\"url\":\"https:\/\/conexion23.com\/wp-content\/uploads\/2021\/11\/Diseno-sin-titulo-2.png\",\"contentUrl\":\"https:\/\/conexion23.com\/wp-content\/uploads\/2021\/11\/Diseno-sin-titulo-2.png\",\"width\":541,\"height\":90,\"caption\":\"Conexion 23\"},\"image\":{\"@id\":\"https:\/\/conexion23.com\/#\/schema\/logo\/image\/\"},\"sameAs\":[\"https:\/\/www.facebook.com\/conexion23com\",\"https:\/\/www.instagram.com\/conexion23com\/\",\"https:\/\/www.youtube.com\/channel\/UCYc7vxxFZMYLIHNsHHxPZ3Q\"]},{\"@type\":\"Person\",\"@id\":\"https:\/\/conexion23.com\/#\/schema\/person\/03e36043331117e97a373299bbcd30a6\",\"name\":\"Raffy Ben\u00edtez\",\"image\":{\"@type\":\"ImageObject\",\"inLanguage\":\"es\",\"@id\":\"https:\/\/conexion23.com\/#\/schema\/person\/image\/\",\"url\":\"https:\/\/secure.gravatar.com\/avatar\/3190a6a6c5e1b0327500f7d6c56b6242472ee6cb974cf09b401ee6b3b0798f23?s=96&d=mm&r=g\",\"contentUrl\":\"https:\/\/secure.gravatar.com\/avatar\/3190a6a6c5e1b0327500f7d6c56b6242472ee6cb974cf09b401ee6b3b0798f23?s=96&d=mm&r=g\",\"caption\":\"Raffy Ben\u00edtez\"},\"url\":\"https:\/\/conexion23.com\/?author=15\"}]}<\/script>\n<!-- \/ Yoast SEO plugin. -->","yoast_head_json":{"title":"Hombre se ahorca en su vivienda en San Pedro de Macor\u00eds. - Conexi\u00f3n 23","robots":{"index":"index","follow":"follow","max-snippet":"max-snippet:-1","max-image-preview":"max-image-preview:large","max-video-preview":"max-video-preview:-1"},"canonical":"https:\/\/conexion23.com\/?p=19437","og_locale":"es_ES","og_type":"article","og_title":"Hombre se ahorca en su vivienda en San Pedro de Macor\u00eds. - Conexi\u00f3n 23","og_description":"Un joven fue hallado ahorcado en el interior de su vivienda ubicada en el Barrio Villa Progreso II en esta ciudad. Se trata de Miguel Antonio Guerrero 33 a\u00f1os de edad, quien seg\u00fan versiones este habr\u00eda tomado la fatal decisi\u00f3n por asuntos pasionales.","og_url":"https:\/\/conexion23.com\/?p=19437","og_site_name":"Conexi\u00f3n 23","article_publisher":"https:\/\/www.facebook.com\/conexion23com","article_published_time":"2023-07-31T11:33:32+00:00","article_modified_time":"2023-07-31T11:33:35+00:00","og_image":[{"width":240,"height":320,"url":"https:\/\/conexion23.com\/wp-content\/uploads\/2023\/07\/363951434_6678118858891285_5426116864106831276_n.jpg","type":"image\/jpeg"}],"author":"Raffy Ben\u00edtez","twitter_card":"summary_large_image","twitter_misc":{"Escrito por":"Raffy Ben\u00edtez","Tiempo de lectura":"1 minuto"},"schema":{"@context":"https:\/\/schema.org","@graph":[{"@type":"Article","@id":"https:\/\/conexion23.com\/?p=19437#article","isPartOf":{"@id":"https:\/\/conexion23.com\/?p=19437"},"author":{"name":"Raffy Ben\u00edtez","@id":"https:\/\/conexion23.com\/#\/schema\/person\/03e36043331117e97a373299bbcd30a6"},"headline":"Hombre se ahorca en su vivienda en San Pedro de Macor\u00eds.","datePublished":"2023-07-31T11:33:32+00:00","dateModified":"2023-07-31T11:33:35+00:00","mainEntityOfPage":{"@id":"https:\/\/conexion23.com\/?p=19437"},"wordCount":58,"commentCount":0,"publisher":{"@id":"https:\/\/conexion23.com\/#organization"},"image":{"@id":"https:\/\/conexion23.com\/?p=19437#primaryimage"},"thumbnailUrl":"https:\/\/conexion23.com\/wp-content\/uploads\/2023\/07\/363951434_6678118858891285_5426116864106831276_n.jpg","articleSection":["SPM"],"inLanguage":"es","potentialAction":[{"@type":"CommentAction","name":"Comment","target":["https:\/\/conexion23.com\/?p=19437#respond"]}]},{"@type":"WebPage","@id":"https:\/\/conexion23.com\/?p=19437","url":"https:\/\/conexion23.com\/?p=19437","name":"Hombre se ahorca en su vivienda en San Pedro de Macor\u00eds. - Conexi\u00f3n 23","isPartOf":{"@id":"https:\/\/conexion23.com\/#website"},"primaryImageOfPage":{"@id":"https:\/\/conexion23.com\/?p=19437#primaryimage"},"image":{"@id":"https:\/\/conexion23.com\/?p=19437#primaryimage"},"thumbnailUrl":"https:\/\/conexion23.com\/wp-content\/uploads\/2023\/07\/363951434_6678118858891285_5426116864106831276_n.jpg","datePublished":"2023-07-31T11:33:32+00:00","dateModified":"2023-07-31T11:33:35+00:00","breadcrumb":{"@id":"https:\/\/conexion23.com\/?p=19437#breadcrumb"},"inLanguage":"es","potentialAction":[{"@type":"ReadAction","target":["https:\/\/conexion23.com\/?p=19437"]}]},{"@type":"ImageObject","inLanguage":"es","@id":"https:\/\/conexion23.com\/?p=19437#primaryimage","url":"https:\/\/conexion23.com\/wp-content\/uploads\/2023\/07\/363951434_6678118858891285_5426116864106831276_n.jpg","contentUrl":"https:\/\/conexion23.com\/wp-content\/uploads\/2023\/07\/363951434_6678118858891285_5426116864106831276_n.jpg","width":240,"height":320},{"@type":"BreadcrumbList","@id":"https:\/\/conexion23.com\/?p=19437#breadcrumb","itemListElement":[{"@type":"ListItem","position":1,"name":"Portada","item":"https:\/\/conexion23.com\/"},{"@type":"ListItem","position":2,"name":"Hombre se ahorca en su vivienda en San Pedro de Macor\u00eds."}]},{"@type":"WebSite","@id":"https:\/\/conexion23.com\/#website","url":"https:\/\/conexion23.com\/","name":"Conexi\u00f3n 23","description":"Peri\u00f3dico 100% Petromacorisano","publisher":{"@id":"https:\/\/conexion23.com\/#organization"},"potentialAction":[{"@type":"SearchAction","target":{"@type":"EntryPoint","urlTemplate":"https:\/\/conexion23.com\/?s={search_term_string}"},"query-input":{"@type":"PropertyValueSpecification","valueRequired":true,"valueName":"search_term_string"}}],"inLanguage":"es"},{"@type":"Organization","@id":"https:\/\/conexion23.com\/#organization","name":"Conexion 23","url":"https:\/\/conexion23.com\/","logo":{"@type":"ImageObject","inLanguage":"es","@id":"https:\/\/conexion23.com\/#\/schema\/logo\/image\/","url":"https:\/\/conexion23.com\/wp-content\/uploads\/2021\/11\/Diseno-sin-titulo-2.png","contentUrl":"https:\/\/conexion23.com\/wp-content\/uploads\/2021\/11\/Diseno-sin-titulo-2.png","width":541,"height":90,"caption":"Conexion 23"},"image":{"@id":"https:\/\/conexion23.com\/#\/schema\/logo\/image\/"},"sameAs":["https:\/\/www.facebook.com\/conexion23com","https:\/\/www.instagram.com\/conexion23com\/","https:\/\/www.youtube.com\/channel\/UCYc7vxxFZMYLIHNsHHxPZ3Q"]},{"@type":"Person","@id":"https:\/\/conexion23.com\/#\/schema\/person\/03e36043331117e97a373299bbcd30a6","name":"Raffy Ben\u00edtez","image":{"@type":"ImageObject","inLanguage":"es","@id":"https:\/\/conexion23.com\/#\/schema\/person\/image\/","url":"https:\/\/secure.gravatar.com\/avatar\/3190a6a6c5e1b0327500f7d6c56b6242472ee6cb974cf09b401ee6b3b0798f23?s=96&d=mm&r=g","contentUrl":"https:\/\/secure.gravatar.com\/avatar\/3190a6a6c5e1b0327500f7d6c56b6242472ee6cb974cf09b401ee6b3b0798f23?s=96&d=mm&r=g","caption":"Raffy Ben\u00edtez"},"url":"https:\/\/conexion23.com\/?author=15"}]}},"_links":{"self":[{"href":"https:\/\/conexion23.com\/index.php?rest_route=\/wp\/v2\/posts\/19437","targetHints":{"allow":["GET"]}}],"collection":[{"href":"https:\/\/conexion23.com\/index.php?rest_route=\/wp\/v2\/posts"}],"about":[{"href":"https:\/\/conexion23.com\/index.php?rest_route=\/wp\/v2\/types\/post"}],"author":[{"embeddable":true,"href":"https:\/\/conexion23.com\/index.php?rest_route=\/wp\/v2\/users\/15"}],"replies":[{"embeddable":true,"href":"https:\/\/conexion23.com\/index.php?rest_route=%2Fwp%2Fv2%2Fcomments&post=19437"}],"version-history":[{"count":1,"href":"https:\/\/conexion23.com\/index.php?rest_route=\/wp\/v2\/posts\/19437\/revisions"}],"predecessor-version":[{"id":19439,"href":"https:\/\/conexion23.com\/index.php?rest_route=\/wp\/v2\/posts\/19437\/revisions\/19439"}],"wp:featuredmedia":[{"embeddable":true,"href":"https:\/\/conexion23.com\/index.php?rest_route=\/wp\/v2\/media\/19438"}],"wp:attachment":[{"href":"https:\/\/conexion23.com\/index.php?rest_route=%2Fwp%2Fv2%2Fmedia&parent=19437"}],"wp:term":[{"taxonomy":"category","embeddable":true,"href":"https:\/\/conexion23.com\/index.php?rest_route=%2Fwp%2Fv2%2Fcategories&post=19437"},{"taxonomy":"post_tag","embeddable":true,"href":"https:\/\/conexion23.com\/index.php?rest_route=%2Fwp%2Fv2%2Ftags&post=19437"}],"curies":[{"name":"wp","href":"https:\/\/api.w.org\/{rel}","templated":true}]}}