{"id":19556,"date":"2023-08-03T07:47:37","date_gmt":"2023-08-03T11:47:37","guid":{"rendered":"https:\/\/conexion23.com\/?p=19556"},"modified":"2023-08-03T07:47:44","modified_gmt":"2023-08-03T11:47:44","slug":"joven-es-encontrada-ahorcada-en-padre-las-casas-azua","status":"publish","type":"post","link":"https:\/\/conexion23.com\/?p=19556","title":{"rendered":"Joven es encontrada ahorcada en Padre Las Casas, Azua."},"content":{"rendered":"\n<p>Una gran consternaci\u00f3n reina en el municipio de Padre Las Casas luego de enterarse de la muerte de una joven din\u00e1mica y servicial del referido municipio que fue encontrada ah0rcada A orilla del r\u00edo Villa ocoa hecho ocurrido en la noche de este martes en el referido municipio perteneciente a esta provincia de Azua.<\/p>\n\n\n\n<p>Heriberta Ferreras m\u00e1s conocida como Yosi, fue encontrada sin vida luego de una intensa b\u00fasqueda ya que desde las 12 del mediod\u00eda de este martes no se sab\u00eda de su paradero y la noche de este mismo d\u00eda fue encontrada sin vida con una soga al cuello de acuerdo a la versi\u00f3n dada por una de nuestra fuente ubicada en el municipio de Padre Las Casas.<\/p>\n\n\n\n<p>Muchos rumores se han vertido con relaci\u00f3n a la desaparici\u00f3n f\u00edsica de esta joven talentosa donde algunos dicen que esta se hab\u00eda presentado a una banca de loter\u00eda a jugar m\u00e1s de $30,000 de n\u00fameros de acuerdo testific\u00f3 la banquera de la misma quien dio parte a la polic\u00eda de acuerdo a la misma Fuente.<\/p>\n\n\n\n<p>El departamento de investigaciones criminales de la polic\u00eda ha iniciado la pesquisa para determinar la real causa que provocaron la muerte a esta joven.<\/p>\n","protected":false},"excerpt":{"rendered":"<p>Una gran consternaci\u00f3n reina en el municipio de Padre Las Casas luego de enterarse de la muerte de una joven din\u00e1mica y servicial del referido municipio que fue encontrada ah0rcada A orilla del r\u00edo Villa ocoa hecho ocurrido en la noche de este martes en el referido municipio perteneciente a esta provincia de Azua. Heriberta [&hellip;]<\/p>\n","protected":false},"author":15,"featured_media":19557,"comment_status":"open","ping_status":"open","sticky":false,"template":"","format":"standard","meta":{"footnotes":""},"categories":[1],"tags":[],"class_list":{"0":"post-19556","1":"post","2":"type-post","3":"status-publish","4":"format-standard","5":"has-post-thumbnail","7":"category-uncategorized"},"yoast_head":"<!-- This site is optimized with the Yoast SEO plugin v27.1.1 - https:\/\/yoast.com\/product\/yoast-seo-wordpress\/ -->\n<title>Joven es encontrada ahorcada en Padre Las Casas, Azua. - Conexi\u00f3n 23<\/title>\n<meta name=\"robots\" content=\"index, follow, max-snippet:-1, max-image-preview:large, max-video-preview:-1\" \/>\n<link rel=\"canonical\" href=\"https:\/\/conexion23.com\/?p=19556\" \/>\n<meta property=\"og:locale\" content=\"es_ES\" \/>\n<meta property=\"og:type\" content=\"article\" \/>\n<meta property=\"og:title\" content=\"Joven es encontrada ahorcada en Padre Las Casas, Azua. - Conexi\u00f3n 23\" \/>\n<meta property=\"og:description\" content=\"Una gran consternaci\u00f3n reina en el municipio de Padre Las Casas luego de enterarse de la muerte de una joven din\u00e1mica y servicial del referido municipio que fue encontrada ah0rcada A orilla del r\u00edo Villa ocoa hecho ocurrido en la noche de este martes en el referido municipio perteneciente a esta provincia de Azua. Heriberta [&hellip;]\" \/>\n<meta property=\"og:url\" content=\"https:\/\/conexion23.com\/?p=19556\" \/>\n<meta property=\"og:site_name\" content=\"Conexi\u00f3n 23\" \/>\n<meta property=\"article:publisher\" content=\"https:\/\/www.facebook.com\/conexion23com\" \/>\n<meta property=\"article:published_time\" content=\"2023-08-03T11:47:37+00:00\" \/>\n<meta property=\"article:modified_time\" content=\"2023-08-03T11:47:44+00:00\" \/>\n<meta property=\"og:image\" content=\"https:\/\/conexion23.com\/wp-content\/uploads\/2023\/08\/download-3.jpg\" \/>\n\t<meta property=\"og:image:width\" content=\"197\" \/>\n\t<meta property=\"og:image:height\" content=\"255\" \/>\n\t<meta property=\"og:image:type\" content=\"image\/jpeg\" \/>\n<meta name=\"author\" content=\"Raffy Ben\u00edtez\" \/>\n<meta name=\"twitter:card\" content=\"summary_large_image\" \/>\n<meta name=\"twitter:label1\" content=\"Escrito por\" \/>\n\t<meta name=\"twitter:data1\" content=\"Raffy Ben\u00edtez\" \/>\n\t<meta name=\"twitter:label2\" content=\"Tiempo de lectura\" \/>\n\t<meta name=\"twitter:data2\" content=\"1 minuto\" \/>\n<script type=\"application\/ld+json\" class=\"yoast-schema-graph\">{\"@context\":\"https:\/\/schema.org\",\"@graph\":[{\"@type\":\"Article\",\"@id\":\"https:\/\/conexion23.com\/?p=19556#article\",\"isPartOf\":{\"@id\":\"https:\/\/conexion23.com\/?p=19556\"},\"author\":{\"name\":\"Raffy Ben\u00edtez\",\"@id\":\"https:\/\/conexion23.com\/#\/schema\/person\/03e36043331117e97a373299bbcd30a6\"},\"headline\":\"Joven es encontrada ahorcada en Padre Las Casas, Azua.\",\"datePublished\":\"2023-08-03T11:47:37+00:00\",\"dateModified\":\"2023-08-03T11:47:44+00:00\",\"mainEntityOfPage\":{\"@id\":\"https:\/\/conexion23.com\/?p=19556\"},\"wordCount\":225,\"commentCount\":0,\"publisher\":{\"@id\":\"https:\/\/conexion23.com\/#organization\"},\"image\":{\"@id\":\"https:\/\/conexion23.com\/?p=19556#primaryimage\"},\"thumbnailUrl\":\"https:\/\/conexion23.com\/wp-content\/uploads\/2023\/08\/download-3.jpg\",\"articleSection\":[\"Uncategorized\"],\"inLanguage\":\"es\",\"potentialAction\":[{\"@type\":\"CommentAction\",\"name\":\"Comment\",\"target\":[\"https:\/\/conexion23.com\/?p=19556#respond\"]}]},{\"@type\":\"WebPage\",\"@id\":\"https:\/\/conexion23.com\/?p=19556\",\"url\":\"https:\/\/conexion23.com\/?p=19556\",\"name\":\"Joven es encontrada ahorcada en Padre Las Casas, Azua. - Conexi\u00f3n 23\",\"isPartOf\":{\"@id\":\"https:\/\/conexion23.com\/#website\"},\"primaryImageOfPage\":{\"@id\":\"https:\/\/conexion23.com\/?p=19556#primaryimage\"},\"image\":{\"@id\":\"https:\/\/conexion23.com\/?p=19556#primaryimage\"},\"thumbnailUrl\":\"https:\/\/conexion23.com\/wp-content\/uploads\/2023\/08\/download-3.jpg\",\"datePublished\":\"2023-08-03T11:47:37+00:00\",\"dateModified\":\"2023-08-03T11:47:44+00:00\",\"breadcrumb\":{\"@id\":\"https:\/\/conexion23.com\/?p=19556#breadcrumb\"},\"inLanguage\":\"es\",\"potentialAction\":[{\"@type\":\"ReadAction\",\"target\":[\"https:\/\/conexion23.com\/?p=19556\"]}]},{\"@type\":\"ImageObject\",\"inLanguage\":\"es\",\"@id\":\"https:\/\/conexion23.com\/?p=19556#primaryimage\",\"url\":\"https:\/\/conexion23.com\/wp-content\/uploads\/2023\/08\/download-3.jpg\",\"contentUrl\":\"https:\/\/conexion23.com\/wp-content\/uploads\/2023\/08\/download-3.jpg\",\"width\":197,\"height\":255},{\"@type\":\"BreadcrumbList\",\"@id\":\"https:\/\/conexion23.com\/?p=19556#breadcrumb\",\"itemListElement\":[{\"@type\":\"ListItem\",\"position\":1,\"name\":\"Portada\",\"item\":\"https:\/\/conexion23.com\/\"},{\"@type\":\"ListItem\",\"position\":2,\"name\":\"Joven es encontrada ahorcada en Padre Las Casas, Azua.\"}]},{\"@type\":\"WebSite\",\"@id\":\"https:\/\/conexion23.com\/#website\",\"url\":\"https:\/\/conexion23.com\/\",\"name\":\"Conexi\u00f3n 23\",\"description\":\"Peri\u00f3dico 100% Petromacorisano\",\"publisher\":{\"@id\":\"https:\/\/conexion23.com\/#organization\"},\"potentialAction\":[{\"@type\":\"SearchAction\",\"target\":{\"@type\":\"EntryPoint\",\"urlTemplate\":\"https:\/\/conexion23.com\/?s={search_term_string}\"},\"query-input\":{\"@type\":\"PropertyValueSpecification\",\"valueRequired\":true,\"valueName\":\"search_term_string\"}}],\"inLanguage\":\"es\"},{\"@type\":\"Organization\",\"@id\":\"https:\/\/conexion23.com\/#organization\",\"name\":\"Conexion 23\",\"url\":\"https:\/\/conexion23.com\/\",\"logo\":{\"@type\":\"ImageObject\",\"inLanguage\":\"es\",\"@id\":\"https:\/\/conexion23.com\/#\/schema\/logo\/image\/\",\"url\":\"https:\/\/conexion23.com\/wp-content\/uploads\/2021\/11\/Diseno-sin-titulo-2.png\",\"contentUrl\":\"https:\/\/conexion23.com\/wp-content\/uploads\/2021\/11\/Diseno-sin-titulo-2.png\",\"width\":541,\"height\":90,\"caption\":\"Conexion 23\"},\"image\":{\"@id\":\"https:\/\/conexion23.com\/#\/schema\/logo\/image\/\"},\"sameAs\":[\"https:\/\/www.facebook.com\/conexion23com\",\"https:\/\/www.instagram.com\/conexion23com\/\",\"https:\/\/www.youtube.com\/channel\/UCYc7vxxFZMYLIHNsHHxPZ3Q\"]},{\"@type\":\"Person\",\"@id\":\"https:\/\/conexion23.com\/#\/schema\/person\/03e36043331117e97a373299bbcd30a6\",\"name\":\"Raffy Ben\u00edtez\",\"image\":{\"@type\":\"ImageObject\",\"inLanguage\":\"es\",\"@id\":\"https:\/\/conexion23.com\/#\/schema\/person\/image\/\",\"url\":\"https:\/\/secure.gravatar.com\/avatar\/3190a6a6c5e1b0327500f7d6c56b6242472ee6cb974cf09b401ee6b3b0798f23?s=96&d=mm&r=g\",\"contentUrl\":\"https:\/\/secure.gravatar.com\/avatar\/3190a6a6c5e1b0327500f7d6c56b6242472ee6cb974cf09b401ee6b3b0798f23?s=96&d=mm&r=g\",\"caption\":\"Raffy Ben\u00edtez\"},\"url\":\"https:\/\/conexion23.com\/?author=15\"}]}<\/script>\n<!-- \/ Yoast SEO plugin. -->","yoast_head_json":{"title":"Joven es encontrada ahorcada en Padre Las Casas, Azua. - Conexi\u00f3n 23","robots":{"index":"index","follow":"follow","max-snippet":"max-snippet:-1","max-image-preview":"max-image-preview:large","max-video-preview":"max-video-preview:-1"},"canonical":"https:\/\/conexion23.com\/?p=19556","og_locale":"es_ES","og_type":"article","og_title":"Joven es encontrada ahorcada en Padre Las Casas, Azua. - Conexi\u00f3n 23","og_description":"Una gran consternaci\u00f3n reina en el municipio de Padre Las Casas luego de enterarse de la muerte de una joven din\u00e1mica y servicial del referido municipio que fue encontrada ah0rcada A orilla del r\u00edo Villa ocoa hecho ocurrido en la noche de este martes en el referido municipio perteneciente a esta provincia de Azua. Heriberta [&hellip;]","og_url":"https:\/\/conexion23.com\/?p=19556","og_site_name":"Conexi\u00f3n 23","article_publisher":"https:\/\/www.facebook.com\/conexion23com","article_published_time":"2023-08-03T11:47:37+00:00","article_modified_time":"2023-08-03T11:47:44+00:00","og_image":[{"width":197,"height":255,"url":"https:\/\/conexion23.com\/wp-content\/uploads\/2023\/08\/download-3.jpg","type":"image\/jpeg"}],"author":"Raffy Ben\u00edtez","twitter_card":"summary_large_image","twitter_misc":{"Escrito por":"Raffy Ben\u00edtez","Tiempo de lectura":"1 minuto"},"schema":{"@context":"https:\/\/schema.org","@graph":[{"@type":"Article","@id":"https:\/\/conexion23.com\/?p=19556#article","isPartOf":{"@id":"https:\/\/conexion23.com\/?p=19556"},"author":{"name":"Raffy Ben\u00edtez","@id":"https:\/\/conexion23.com\/#\/schema\/person\/03e36043331117e97a373299bbcd30a6"},"headline":"Joven es encontrada ahorcada en Padre Las Casas, Azua.","datePublished":"2023-08-03T11:47:37+00:00","dateModified":"2023-08-03T11:47:44+00:00","mainEntityOfPage":{"@id":"https:\/\/conexion23.com\/?p=19556"},"wordCount":225,"commentCount":0,"publisher":{"@id":"https:\/\/conexion23.com\/#organization"},"image":{"@id":"https:\/\/conexion23.com\/?p=19556#primaryimage"},"thumbnailUrl":"https:\/\/conexion23.com\/wp-content\/uploads\/2023\/08\/download-3.jpg","articleSection":["Uncategorized"],"inLanguage":"es","potentialAction":[{"@type":"CommentAction","name":"Comment","target":["https:\/\/conexion23.com\/?p=19556#respond"]}]},{"@type":"WebPage","@id":"https:\/\/conexion23.com\/?p=19556","url":"https:\/\/conexion23.com\/?p=19556","name":"Joven es encontrada ahorcada en Padre Las Casas, Azua. - Conexi\u00f3n 23","isPartOf":{"@id":"https:\/\/conexion23.com\/#website"},"primaryImageOfPage":{"@id":"https:\/\/conexion23.com\/?p=19556#primaryimage"},"image":{"@id":"https:\/\/conexion23.com\/?p=19556#primaryimage"},"thumbnailUrl":"https:\/\/conexion23.com\/wp-content\/uploads\/2023\/08\/download-3.jpg","datePublished":"2023-08-03T11:47:37+00:00","dateModified":"2023-08-03T11:47:44+00:00","breadcrumb":{"@id":"https:\/\/conexion23.com\/?p=19556#breadcrumb"},"inLanguage":"es","potentialAction":[{"@type":"ReadAction","target":["https:\/\/conexion23.com\/?p=19556"]}]},{"@type":"ImageObject","inLanguage":"es","@id":"https:\/\/conexion23.com\/?p=19556#primaryimage","url":"https:\/\/conexion23.com\/wp-content\/uploads\/2023\/08\/download-3.jpg","contentUrl":"https:\/\/conexion23.com\/wp-content\/uploads\/2023\/08\/download-3.jpg","width":197,"height":255},{"@type":"BreadcrumbList","@id":"https:\/\/conexion23.com\/?p=19556#breadcrumb","itemListElement":[{"@type":"ListItem","position":1,"name":"Portada","item":"https:\/\/conexion23.com\/"},{"@type":"ListItem","position":2,"name":"Joven es encontrada ahorcada en Padre Las Casas, Azua."}]},{"@type":"WebSite","@id":"https:\/\/conexion23.com\/#website","url":"https:\/\/conexion23.com\/","name":"Conexi\u00f3n 23","description":"Peri\u00f3dico 100% Petromacorisano","publisher":{"@id":"https:\/\/conexion23.com\/#organization"},"potentialAction":[{"@type":"SearchAction","target":{"@type":"EntryPoint","urlTemplate":"https:\/\/conexion23.com\/?s={search_term_string}"},"query-input":{"@type":"PropertyValueSpecification","valueRequired":true,"valueName":"search_term_string"}}],"inLanguage":"es"},{"@type":"Organization","@id":"https:\/\/conexion23.com\/#organization","name":"Conexion 23","url":"https:\/\/conexion23.com\/","logo":{"@type":"ImageObject","inLanguage":"es","@id":"https:\/\/conexion23.com\/#\/schema\/logo\/image\/","url":"https:\/\/conexion23.com\/wp-content\/uploads\/2021\/11\/Diseno-sin-titulo-2.png","contentUrl":"https:\/\/conexion23.com\/wp-content\/uploads\/2021\/11\/Diseno-sin-titulo-2.png","width":541,"height":90,"caption":"Conexion 23"},"image":{"@id":"https:\/\/conexion23.com\/#\/schema\/logo\/image\/"},"sameAs":["https:\/\/www.facebook.com\/conexion23com","https:\/\/www.instagram.com\/conexion23com\/","https:\/\/www.youtube.com\/channel\/UCYc7vxxFZMYLIHNsHHxPZ3Q"]},{"@type":"Person","@id":"https:\/\/conexion23.com\/#\/schema\/person\/03e36043331117e97a373299bbcd30a6","name":"Raffy Ben\u00edtez","image":{"@type":"ImageObject","inLanguage":"es","@id":"https:\/\/conexion23.com\/#\/schema\/person\/image\/","url":"https:\/\/secure.gravatar.com\/avatar\/3190a6a6c5e1b0327500f7d6c56b6242472ee6cb974cf09b401ee6b3b0798f23?s=96&d=mm&r=g","contentUrl":"https:\/\/secure.gravatar.com\/avatar\/3190a6a6c5e1b0327500f7d6c56b6242472ee6cb974cf09b401ee6b3b0798f23?s=96&d=mm&r=g","caption":"Raffy Ben\u00edtez"},"url":"https:\/\/conexion23.com\/?author=15"}]}},"_links":{"self":[{"href":"https:\/\/conexion23.com\/index.php?rest_route=\/wp\/v2\/posts\/19556","targetHints":{"allow":["GET"]}}],"collection":[{"href":"https:\/\/conexion23.com\/index.php?rest_route=\/wp\/v2\/posts"}],"about":[{"href":"https:\/\/conexion23.com\/index.php?rest_route=\/wp\/v2\/types\/post"}],"author":[{"embeddable":true,"href":"https:\/\/conexion23.com\/index.php?rest_route=\/wp\/v2\/users\/15"}],"replies":[{"embeddable":true,"href":"https:\/\/conexion23.com\/index.php?rest_route=%2Fwp%2Fv2%2Fcomments&post=19556"}],"version-history":[{"count":1,"href":"https:\/\/conexion23.com\/index.php?rest_route=\/wp\/v2\/posts\/19556\/revisions"}],"predecessor-version":[{"id":19558,"href":"https:\/\/conexion23.com\/index.php?rest_route=\/wp\/v2\/posts\/19556\/revisions\/19558"}],"wp:featuredmedia":[{"embeddable":true,"href":"https:\/\/conexion23.com\/index.php?rest_route=\/wp\/v2\/media\/19557"}],"wp:attachment":[{"href":"https:\/\/conexion23.com\/index.php?rest_route=%2Fwp%2Fv2%2Fmedia&parent=19556"}],"wp:term":[{"taxonomy":"category","embeddable":true,"href":"https:\/\/conexion23.com\/index.php?rest_route=%2Fwp%2Fv2%2Fcategories&post=19556"},{"taxonomy":"post_tag","embeddable":true,"href":"https:\/\/conexion23.com\/index.php?rest_route=%2Fwp%2Fv2%2Ftags&post=19556"}],"curies":[{"name":"wp","href":"https:\/\/api.w.org\/{rel}","templated":true}]}}