{"id":19630,"date":"2023-08-04T18:00:19","date_gmt":"2023-08-04T22:00:19","guid":{"rendered":"https:\/\/conexion23.com\/?p=19630"},"modified":"2023-08-04T18:00:28","modified_gmt":"2023-08-04T22:00:28","slug":"leonel-fernandez-propone-introducir-inteligencia-artificial-para-transformar-la-educacion-dominicana","status":"publish","type":"post","link":"https:\/\/conexion23.com\/?p=19630","title":{"rendered":"Leonel Fern\u00e1ndez propone introducir Inteligencia Artificial para transformar la educaci\u00f3n dominicana"},"content":{"rendered":"\n<p>El precandidato presidencial del partido Fuerza del Pueblo, Leonel Fern\u00e1ndez, concluy\u00f3 su participaci\u00f3n en la conferencia \u00abViviendo con la Inteligencia Artificial\u00bb, desarrollada en el Instituto Global de Altos Estudios en Ciencias Sociales (IGLOBAL), prometiendo buscar soluciones a los retos que enfrenta la educaci\u00f3n en Rep\u00fablica Dominicana.<\/p>\n\n\n\n<p>Como parte de su compromiso con la educaci\u00f3n, en su disertaci\u00f3n, Fern\u00e1ndez abog\u00f3 por la necesidad de una transformaci\u00f3n en la manera en que abordamos la ense\u00f1anza y el aprendizaje. Enfatiz\u00f3 en la importancia de explorar nuevas metodolog\u00edas y tecnolog\u00edas, incluida la Inteligencia Artificial, para optimizar los resultados y garantizar que todos los estudiantes tengan acceso a una educaci\u00f3n de calidad.<\/p>\n\n\n\n<figure class=\"wp-block-image size-large\"><img loading=\"lazy\" decoding=\"async\" width=\"1024\" height=\"682\" src=\"https:\/\/conexion23.com\/wp-content\/uploads\/2023\/08\/86e91589-cfcb-4eaa-9ea4-54efdae9d457-1024x682.jpg\" alt=\"\" class=\"wp-image-19632\" srcset=\"https:\/\/conexion23.com\/wp-content\/uploads\/2023\/08\/86e91589-cfcb-4eaa-9ea4-54efdae9d457-1024x682.jpg 1024w, https:\/\/conexion23.com\/wp-content\/uploads\/2023\/08\/86e91589-cfcb-4eaa-9ea4-54efdae9d457-300x200.jpg 300w, https:\/\/conexion23.com\/wp-content\/uploads\/2023\/08\/86e91589-cfcb-4eaa-9ea4-54efdae9d457-768x512.jpg 768w, https:\/\/conexion23.com\/wp-content\/uploads\/2023\/08\/86e91589-cfcb-4eaa-9ea4-54efdae9d457-1536x1023.jpg 1536w, https:\/\/conexion23.com\/wp-content\/uploads\/2023\/08\/86e91589-cfcb-4eaa-9ea4-54efdae9d457-1080x720.jpg 1080w, https:\/\/conexion23.com\/wp-content\/uploads\/2023\/08\/86e91589-cfcb-4eaa-9ea4-54efdae9d457-1280x853.jpg 1280w, https:\/\/conexion23.com\/wp-content\/uploads\/2023\/08\/86e91589-cfcb-4eaa-9ea4-54efdae9d457-980x653.jpg 980w, https:\/\/conexion23.com\/wp-content\/uploads\/2023\/08\/86e91589-cfcb-4eaa-9ea4-54efdae9d457-480x320.jpg 480w, https:\/\/conexion23.com\/wp-content\/uploads\/2023\/08\/86e91589-cfcb-4eaa-9ea4-54efdae9d457.jpg 1600w\" sizes=\"auto, (max-width: 1024px) 100vw, 1024px\" \/><\/figure>\n\n\n\n<p>Fern\u00e1ndez tambi\u00e9n se refiri\u00f3 a la ausencia de an\u00e1lisis cr\u00edtico y evaluaci\u00f3n de soluciones para mejorar la educaci\u00f3n en el pa\u00eds. \u00abEn la Rep\u00fablica Dominicana no estamos haciendo un an\u00e1lisis cr\u00edtico sobre nuestra educaci\u00f3n, no se est\u00e1n evaluando las soluciones, ni metodolog\u00eda para mejorar, solo estamos midiendo las faltas\u201d, subray\u00f3 el l\u00edder pol\u00edtico.<\/p>\n\n\n\n<p>Destac\u00f3 que, bajo su liderazgo se dar\u00e1 prioridad a la integraci\u00f3n de la tecnolog\u00eda en las aulas, para mejorar el proceso de ense\u00f1anza-aprendizaje. Seg\u00fan dijo, La Fuerza del Pueblo apoya la visi\u00f3n de IGLOBAL de fomentar la \u00abAlfabetizaci\u00f3n en IA\u00bb, para preparar a los estudiantes para el futuro digital.<\/p>\n\n\n\n<p>Para un pr\u00f3ximo gobierno, Leonel Fern\u00e1ndez se comprometi\u00f3 a implementar pol\u00edticas que estimulen la innovaci\u00f3n y la inclusi\u00f3n en la educaci\u00f3n. Adem\u00e1s, reiter\u00f3 su intenci\u00f3n de trabajar estrechamente con los expertos en educaci\u00f3n, la comunidad docente y las familias, para desarrollar un plan de acci\u00f3n integral que se centre en mejorar la calidad de la educaci\u00f3n en todo el pa\u00eds.<\/p>\n","protected":false},"excerpt":{"rendered":"<p>El precandidato presidencial del partido Fuerza del Pueblo, Leonel Fern\u00e1ndez, concluy\u00f3 su participaci\u00f3n en la conferencia \u00abViviendo con la Inteligencia Artificial\u00bb, desarrollada en el Instituto Global de Altos Estudios en Ciencias Sociales (IGLOBAL), prometiendo buscar soluciones a los retos que enfrenta la educaci\u00f3n en Rep\u00fablica Dominicana. Como parte de su compromiso con la educaci\u00f3n, en [&hellip;]<\/p>\n","protected":false},"author":15,"featured_media":19631,"comment_status":"open","ping_status":"open","sticky":false,"template":"","format":"standard","meta":{"footnotes":""},"categories":[1],"tags":[],"class_list":{"0":"post-19630","1":"post","2":"type-post","3":"status-publish","4":"format-standard","5":"has-post-thumbnail","7":"category-uncategorized"},"yoast_head":"<!-- This site is optimized with the Yoast SEO plugin v27.1.1 - https:\/\/yoast.com\/product\/yoast-seo-wordpress\/ -->\n<title>Leonel Fern\u00e1ndez propone introducir Inteligencia Artificial para transformar la educaci\u00f3n dominicana - Conexi\u00f3n 23<\/title>\n<meta name=\"robots\" content=\"index, follow, max-snippet:-1, max-image-preview:large, max-video-preview:-1\" \/>\n<link rel=\"canonical\" href=\"https:\/\/conexion23.com\/?p=19630\" \/>\n<meta property=\"og:locale\" content=\"es_ES\" \/>\n<meta property=\"og:type\" content=\"article\" \/>\n<meta property=\"og:title\" content=\"Leonel Fern\u00e1ndez propone introducir Inteligencia Artificial para transformar la educaci\u00f3n dominicana - Conexi\u00f3n 23\" \/>\n<meta property=\"og:description\" content=\"El precandidato presidencial del partido Fuerza del Pueblo, Leonel Fern\u00e1ndez, concluy\u00f3 su participaci\u00f3n en la conferencia \u00abViviendo con la Inteligencia Artificial\u00bb, desarrollada en el Instituto Global de Altos Estudios en Ciencias Sociales (IGLOBAL), prometiendo buscar soluciones a los retos que enfrenta la educaci\u00f3n en Rep\u00fablica Dominicana. Como parte de su compromiso con la educaci\u00f3n, en [&hellip;]\" \/>\n<meta property=\"og:url\" content=\"https:\/\/conexion23.com\/?p=19630\" \/>\n<meta property=\"og:site_name\" content=\"Conexi\u00f3n 23\" \/>\n<meta property=\"article:publisher\" content=\"https:\/\/www.facebook.com\/conexion23com\" \/>\n<meta property=\"article:published_time\" content=\"2023-08-04T22:00:19+00:00\" \/>\n<meta property=\"article:modified_time\" content=\"2023-08-04T22:00:28+00:00\" \/>\n<meta property=\"og:image\" content=\"https:\/\/conexion23.com\/wp-content\/uploads\/2023\/08\/6901b4c1-6dc6-4a5e-8c2d-09fcef25bcd2.jpg\" \/>\n\t<meta property=\"og:image:width\" content=\"1600\" \/>\n\t<meta property=\"og:image:height\" content=\"1066\" \/>\n\t<meta property=\"og:image:type\" content=\"image\/jpeg\" \/>\n<meta name=\"author\" content=\"Raffy Ben\u00edtez\" \/>\n<meta name=\"twitter:card\" content=\"summary_large_image\" \/>\n<meta name=\"twitter:label1\" content=\"Escrito por\" \/>\n\t<meta name=\"twitter:data1\" content=\"Raffy Ben\u00edtez\" \/>\n\t<meta name=\"twitter:label2\" content=\"Tiempo de lectura\" \/>\n\t<meta name=\"twitter:data2\" content=\"2 minutos\" \/>\n<script type=\"application\/ld+json\" class=\"yoast-schema-graph\">{\"@context\":\"https:\/\/schema.org\",\"@graph\":[{\"@type\":\"Article\",\"@id\":\"https:\/\/conexion23.com\/?p=19630#article\",\"isPartOf\":{\"@id\":\"https:\/\/conexion23.com\/?p=19630\"},\"author\":{\"name\":\"Raffy Ben\u00edtez\",\"@id\":\"https:\/\/conexion23.com\/#\/schema\/person\/03e36043331117e97a373299bbcd30a6\"},\"headline\":\"Leonel Fern\u00e1ndez propone introducir Inteligencia Artificial para transformar la educaci\u00f3n dominicana\",\"datePublished\":\"2023-08-04T22:00:19+00:00\",\"dateModified\":\"2023-08-04T22:00:28+00:00\",\"mainEntityOfPage\":{\"@id\":\"https:\/\/conexion23.com\/?p=19630\"},\"wordCount\":327,\"commentCount\":0,\"publisher\":{\"@id\":\"https:\/\/conexion23.com\/#organization\"},\"image\":{\"@id\":\"https:\/\/conexion23.com\/?p=19630#primaryimage\"},\"thumbnailUrl\":\"https:\/\/conexion23.com\/wp-content\/uploads\/2023\/08\/6901b4c1-6dc6-4a5e-8c2d-09fcef25bcd2.jpg\",\"articleSection\":[\"Uncategorized\"],\"inLanguage\":\"es\",\"potentialAction\":[{\"@type\":\"CommentAction\",\"name\":\"Comment\",\"target\":[\"https:\/\/conexion23.com\/?p=19630#respond\"]}]},{\"@type\":\"WebPage\",\"@id\":\"https:\/\/conexion23.com\/?p=19630\",\"url\":\"https:\/\/conexion23.com\/?p=19630\",\"name\":\"Leonel Fern\u00e1ndez propone introducir Inteligencia Artificial para transformar la educaci\u00f3n dominicana - Conexi\u00f3n 23\",\"isPartOf\":{\"@id\":\"https:\/\/conexion23.com\/#website\"},\"primaryImageOfPage\":{\"@id\":\"https:\/\/conexion23.com\/?p=19630#primaryimage\"},\"image\":{\"@id\":\"https:\/\/conexion23.com\/?p=19630#primaryimage\"},\"thumbnailUrl\":\"https:\/\/conexion23.com\/wp-content\/uploads\/2023\/08\/6901b4c1-6dc6-4a5e-8c2d-09fcef25bcd2.jpg\",\"datePublished\":\"2023-08-04T22:00:19+00:00\",\"dateModified\":\"2023-08-04T22:00:28+00:00\",\"breadcrumb\":{\"@id\":\"https:\/\/conexion23.com\/?p=19630#breadcrumb\"},\"inLanguage\":\"es\",\"potentialAction\":[{\"@type\":\"ReadAction\",\"target\":[\"https:\/\/conexion23.com\/?p=19630\"]}]},{\"@type\":\"ImageObject\",\"inLanguage\":\"es\",\"@id\":\"https:\/\/conexion23.com\/?p=19630#primaryimage\",\"url\":\"https:\/\/conexion23.com\/wp-content\/uploads\/2023\/08\/6901b4c1-6dc6-4a5e-8c2d-09fcef25bcd2.jpg\",\"contentUrl\":\"https:\/\/conexion23.com\/wp-content\/uploads\/2023\/08\/6901b4c1-6dc6-4a5e-8c2d-09fcef25bcd2.jpg\",\"width\":1600,\"height\":1066},{\"@type\":\"BreadcrumbList\",\"@id\":\"https:\/\/conexion23.com\/?p=19630#breadcrumb\",\"itemListElement\":[{\"@type\":\"ListItem\",\"position\":1,\"name\":\"Portada\",\"item\":\"https:\/\/conexion23.com\/\"},{\"@type\":\"ListItem\",\"position\":2,\"name\":\"Leonel Fern\u00e1ndez propone introducir Inteligencia Artificial para transformar la educaci\u00f3n dominicana\"}]},{\"@type\":\"WebSite\",\"@id\":\"https:\/\/conexion23.com\/#website\",\"url\":\"https:\/\/conexion23.com\/\",\"name\":\"Conexi\u00f3n 23\",\"description\":\"Peri\u00f3dico 100% Petromacorisano\",\"publisher\":{\"@id\":\"https:\/\/conexion23.com\/#organization\"},\"potentialAction\":[{\"@type\":\"SearchAction\",\"target\":{\"@type\":\"EntryPoint\",\"urlTemplate\":\"https:\/\/conexion23.com\/?s={search_term_string}\"},\"query-input\":{\"@type\":\"PropertyValueSpecification\",\"valueRequired\":true,\"valueName\":\"search_term_string\"}}],\"inLanguage\":\"es\"},{\"@type\":\"Organization\",\"@id\":\"https:\/\/conexion23.com\/#organization\",\"name\":\"Conexion 23\",\"url\":\"https:\/\/conexion23.com\/\",\"logo\":{\"@type\":\"ImageObject\",\"inLanguage\":\"es\",\"@id\":\"https:\/\/conexion23.com\/#\/schema\/logo\/image\/\",\"url\":\"https:\/\/conexion23.com\/wp-content\/uploads\/2021\/11\/Diseno-sin-titulo-2.png\",\"contentUrl\":\"https:\/\/conexion23.com\/wp-content\/uploads\/2021\/11\/Diseno-sin-titulo-2.png\",\"width\":541,\"height\":90,\"caption\":\"Conexion 23\"},\"image\":{\"@id\":\"https:\/\/conexion23.com\/#\/schema\/logo\/image\/\"},\"sameAs\":[\"https:\/\/www.facebook.com\/conexion23com\",\"https:\/\/www.instagram.com\/conexion23com\/\",\"https:\/\/www.youtube.com\/channel\/UCYc7vxxFZMYLIHNsHHxPZ3Q\"]},{\"@type\":\"Person\",\"@id\":\"https:\/\/conexion23.com\/#\/schema\/person\/03e36043331117e97a373299bbcd30a6\",\"name\":\"Raffy Ben\u00edtez\",\"image\":{\"@type\":\"ImageObject\",\"inLanguage\":\"es\",\"@id\":\"https:\/\/conexion23.com\/#\/schema\/person\/image\/\",\"url\":\"https:\/\/secure.gravatar.com\/avatar\/3190a6a6c5e1b0327500f7d6c56b6242472ee6cb974cf09b401ee6b3b0798f23?s=96&d=mm&r=g\",\"contentUrl\":\"https:\/\/secure.gravatar.com\/avatar\/3190a6a6c5e1b0327500f7d6c56b6242472ee6cb974cf09b401ee6b3b0798f23?s=96&d=mm&r=g\",\"caption\":\"Raffy Ben\u00edtez\"},\"url\":\"https:\/\/conexion23.com\/?author=15\"}]}<\/script>\n<!-- \/ Yoast SEO plugin. -->","yoast_head_json":{"title":"Leonel Fern\u00e1ndez propone introducir Inteligencia Artificial para transformar la educaci\u00f3n dominicana - Conexi\u00f3n 23","robots":{"index":"index","follow":"follow","max-snippet":"max-snippet:-1","max-image-preview":"max-image-preview:large","max-video-preview":"max-video-preview:-1"},"canonical":"https:\/\/conexion23.com\/?p=19630","og_locale":"es_ES","og_type":"article","og_title":"Leonel Fern\u00e1ndez propone introducir Inteligencia Artificial para transformar la educaci\u00f3n dominicana - Conexi\u00f3n 23","og_description":"El precandidato presidencial del partido Fuerza del Pueblo, Leonel Fern\u00e1ndez, concluy\u00f3 su participaci\u00f3n en la conferencia \u00abViviendo con la Inteligencia Artificial\u00bb, desarrollada en el Instituto Global de Altos Estudios en Ciencias Sociales (IGLOBAL), prometiendo buscar soluciones a los retos que enfrenta la educaci\u00f3n en Rep\u00fablica Dominicana. Como parte de su compromiso con la educaci\u00f3n, en [&hellip;]","og_url":"https:\/\/conexion23.com\/?p=19630","og_site_name":"Conexi\u00f3n 23","article_publisher":"https:\/\/www.facebook.com\/conexion23com","article_published_time":"2023-08-04T22:00:19+00:00","article_modified_time":"2023-08-04T22:00:28+00:00","og_image":[{"width":1600,"height":1066,"url":"https:\/\/conexion23.com\/wp-content\/uploads\/2023\/08\/6901b4c1-6dc6-4a5e-8c2d-09fcef25bcd2.jpg","type":"image\/jpeg"}],"author":"Raffy Ben\u00edtez","twitter_card":"summary_large_image","twitter_misc":{"Escrito por":"Raffy Ben\u00edtez","Tiempo de lectura":"2 minutos"},"schema":{"@context":"https:\/\/schema.org","@graph":[{"@type":"Article","@id":"https:\/\/conexion23.com\/?p=19630#article","isPartOf":{"@id":"https:\/\/conexion23.com\/?p=19630"},"author":{"name":"Raffy Ben\u00edtez","@id":"https:\/\/conexion23.com\/#\/schema\/person\/03e36043331117e97a373299bbcd30a6"},"headline":"Leonel Fern\u00e1ndez propone introducir Inteligencia Artificial para transformar la educaci\u00f3n dominicana","datePublished":"2023-08-04T22:00:19+00:00","dateModified":"2023-08-04T22:00:28+00:00","mainEntityOfPage":{"@id":"https:\/\/conexion23.com\/?p=19630"},"wordCount":327,"commentCount":0,"publisher":{"@id":"https:\/\/conexion23.com\/#organization"},"image":{"@id":"https:\/\/conexion23.com\/?p=19630#primaryimage"},"thumbnailUrl":"https:\/\/conexion23.com\/wp-content\/uploads\/2023\/08\/6901b4c1-6dc6-4a5e-8c2d-09fcef25bcd2.jpg","articleSection":["Uncategorized"],"inLanguage":"es","potentialAction":[{"@type":"CommentAction","name":"Comment","target":["https:\/\/conexion23.com\/?p=19630#respond"]}]},{"@type":"WebPage","@id":"https:\/\/conexion23.com\/?p=19630","url":"https:\/\/conexion23.com\/?p=19630","name":"Leonel Fern\u00e1ndez propone introducir Inteligencia Artificial para transformar la educaci\u00f3n dominicana - Conexi\u00f3n 23","isPartOf":{"@id":"https:\/\/conexion23.com\/#website"},"primaryImageOfPage":{"@id":"https:\/\/conexion23.com\/?p=19630#primaryimage"},"image":{"@id":"https:\/\/conexion23.com\/?p=19630#primaryimage"},"thumbnailUrl":"https:\/\/conexion23.com\/wp-content\/uploads\/2023\/08\/6901b4c1-6dc6-4a5e-8c2d-09fcef25bcd2.jpg","datePublished":"2023-08-04T22:00:19+00:00","dateModified":"2023-08-04T22:00:28+00:00","breadcrumb":{"@id":"https:\/\/conexion23.com\/?p=19630#breadcrumb"},"inLanguage":"es","potentialAction":[{"@type":"ReadAction","target":["https:\/\/conexion23.com\/?p=19630"]}]},{"@type":"ImageObject","inLanguage":"es","@id":"https:\/\/conexion23.com\/?p=19630#primaryimage","url":"https:\/\/conexion23.com\/wp-content\/uploads\/2023\/08\/6901b4c1-6dc6-4a5e-8c2d-09fcef25bcd2.jpg","contentUrl":"https:\/\/conexion23.com\/wp-content\/uploads\/2023\/08\/6901b4c1-6dc6-4a5e-8c2d-09fcef25bcd2.jpg","width":1600,"height":1066},{"@type":"BreadcrumbList","@id":"https:\/\/conexion23.com\/?p=19630#breadcrumb","itemListElement":[{"@type":"ListItem","position":1,"name":"Portada","item":"https:\/\/conexion23.com\/"},{"@type":"ListItem","position":2,"name":"Leonel Fern\u00e1ndez propone introducir Inteligencia Artificial para transformar la educaci\u00f3n dominicana"}]},{"@type":"WebSite","@id":"https:\/\/conexion23.com\/#website","url":"https:\/\/conexion23.com\/","name":"Conexi\u00f3n 23","description":"Peri\u00f3dico 100% Petromacorisano","publisher":{"@id":"https:\/\/conexion23.com\/#organization"},"potentialAction":[{"@type":"SearchAction","target":{"@type":"EntryPoint","urlTemplate":"https:\/\/conexion23.com\/?s={search_term_string}"},"query-input":{"@type":"PropertyValueSpecification","valueRequired":true,"valueName":"search_term_string"}}],"inLanguage":"es"},{"@type":"Organization","@id":"https:\/\/conexion23.com\/#organization","name":"Conexion 23","url":"https:\/\/conexion23.com\/","logo":{"@type":"ImageObject","inLanguage":"es","@id":"https:\/\/conexion23.com\/#\/schema\/logo\/image\/","url":"https:\/\/conexion23.com\/wp-content\/uploads\/2021\/11\/Diseno-sin-titulo-2.png","contentUrl":"https:\/\/conexion23.com\/wp-content\/uploads\/2021\/11\/Diseno-sin-titulo-2.png","width":541,"height":90,"caption":"Conexion 23"},"image":{"@id":"https:\/\/conexion23.com\/#\/schema\/logo\/image\/"},"sameAs":["https:\/\/www.facebook.com\/conexion23com","https:\/\/www.instagram.com\/conexion23com\/","https:\/\/www.youtube.com\/channel\/UCYc7vxxFZMYLIHNsHHxPZ3Q"]},{"@type":"Person","@id":"https:\/\/conexion23.com\/#\/schema\/person\/03e36043331117e97a373299bbcd30a6","name":"Raffy Ben\u00edtez","image":{"@type":"ImageObject","inLanguage":"es","@id":"https:\/\/conexion23.com\/#\/schema\/person\/image\/","url":"https:\/\/secure.gravatar.com\/avatar\/3190a6a6c5e1b0327500f7d6c56b6242472ee6cb974cf09b401ee6b3b0798f23?s=96&d=mm&r=g","contentUrl":"https:\/\/secure.gravatar.com\/avatar\/3190a6a6c5e1b0327500f7d6c56b6242472ee6cb974cf09b401ee6b3b0798f23?s=96&d=mm&r=g","caption":"Raffy Ben\u00edtez"},"url":"https:\/\/conexion23.com\/?author=15"}]}},"_links":{"self":[{"href":"https:\/\/conexion23.com\/index.php?rest_route=\/wp\/v2\/posts\/19630","targetHints":{"allow":["GET"]}}],"collection":[{"href":"https:\/\/conexion23.com\/index.php?rest_route=\/wp\/v2\/posts"}],"about":[{"href":"https:\/\/conexion23.com\/index.php?rest_route=\/wp\/v2\/types\/post"}],"author":[{"embeddable":true,"href":"https:\/\/conexion23.com\/index.php?rest_route=\/wp\/v2\/users\/15"}],"replies":[{"embeddable":true,"href":"https:\/\/conexion23.com\/index.php?rest_route=%2Fwp%2Fv2%2Fcomments&post=19630"}],"version-history":[{"count":1,"href":"https:\/\/conexion23.com\/index.php?rest_route=\/wp\/v2\/posts\/19630\/revisions"}],"predecessor-version":[{"id":19633,"href":"https:\/\/conexion23.com\/index.php?rest_route=\/wp\/v2\/posts\/19630\/revisions\/19633"}],"wp:featuredmedia":[{"embeddable":true,"href":"https:\/\/conexion23.com\/index.php?rest_route=\/wp\/v2\/media\/19631"}],"wp:attachment":[{"href":"https:\/\/conexion23.com\/index.php?rest_route=%2Fwp%2Fv2%2Fmedia&parent=19630"}],"wp:term":[{"taxonomy":"category","embeddable":true,"href":"https:\/\/conexion23.com\/index.php?rest_route=%2Fwp%2Fv2%2Fcategories&post=19630"},{"taxonomy":"post_tag","embeddable":true,"href":"https:\/\/conexion23.com\/index.php?rest_route=%2Fwp%2Fv2%2Ftags&post=19630"}],"curies":[{"name":"wp","href":"https:\/\/api.w.org\/{rel}","templated":true}]}}