{"id":19637,"date":"2023-08-05T08:37:19","date_gmt":"2023-08-05T12:37:19","guid":{"rendered":"https:\/\/conexion23.com\/?p=19637"},"modified":"2023-08-05T08:37:22","modified_gmt":"2023-08-05T12:37:22","slug":"aprobacion-de-administracion-biden-cae-a-un-37-por-ciento-por-alto-costo-de-la-vida-segun-ultima-encuesta","status":"publish","type":"post","link":"https:\/\/conexion23.com\/?p=19637","title":{"rendered":"Aprobaci\u00f3n de administraci\u00f3n Biden cae a un 37 por ciento por alto costo de la vida, seg\u00fan \u00faltima encuesta."},"content":{"rendered":"\n<p>Nueva encuesta de CNN sobre la econom\u00eda: precios altos, precios altos, precios altos<\/p>\n\n\n\n<p>El bolet\u00edn informativo Morning Jolt del lunes discuti\u00f3 c\u00f3mo se sienten los estadounidenses acerca de la econom\u00eda, y c\u00f3mo las porras y los alardes de la administraci\u00f3n sobre la \u201cBidenom\u00eda\u201d est\u00e1n cayendo en gran medida en o\u00eddos sordos. Incluso si la tasa de inflaci\u00f3n a\u00f1o tras a\u00f1o ha ca\u00eddo de un m\u00e1ximo de cuatro d\u00e9cadas al tres por ciento, eso no significa que los estadounidenses sientan que las cosas vuelven a ser asequibles.<\/p>\n\n\n\n<p>Esta ma\u00f1ana, CNN dio a conocer los resultados de una nueva encuesta, realizada durante todo el mes de julio y \u00a1sorpresa! \u2013 Los estadounidenses contin\u00faan sinti\u00e9ndose profundamente pesimistas acerca de la econom\u00eda y dicen que se est\u00e1n quedando atr\u00e1s.<\/p>\n\n\n\n<p>A pesar de meses de indicadores econ\u00f3micos cada vez m\u00e1s positivos, el p\u00fablico estadounidense sigue siendo negativo sobre el estado de la econom\u00eda de la naci\u00f3n, y el 51 por ciento dice que cree que la econom\u00eda todav\u00eda est\u00e1 en recesi\u00f3n y est\u00e1 empeorando, seg\u00fan una nueva encuesta de CNN.<\/p>\n\n\n\n<p>Este pesimismo constante, junto con un \u00edndice de aprobaci\u00f3n estancado y negativo para el presidente Joe Biden , podr\u00eda presagiar desaf\u00edos para su intento de vender a los votantes el \u00e9xito de su agenda nacional como parte de su candidatura a la reelecci\u00f3n de 2024.<\/p>\n\n\n\n<p>El \u00edndice de aprobaci\u00f3n general de Biden se sit\u00faa en el 41 por ciento en la nueva encuesta, casi a la par de donde ha estado desde la primavera. Su aprobaci\u00f3n cae al 37 por ciento cuando los estadounidenses eval\u00faan su manejo de la econom\u00eda y a\u00fan m\u00e1s al 30 por ciento por su manejo de la inflaci\u00f3n. Entre los independientes pol\u00edticos, un escaso 26 por ciento aprueba su manejo de la inflaci\u00f3n.<\/p>\n\n\n\n<p>Esta encuesta tampoco ofrece mucha evidencia que respalde el argumento preferido de los dem\u00f3cratas de que los estadounidenses sienten que les est\u00e1 yendo bien, pero se sienten pesimistas acerca de la econom\u00eda en general debido a la cobertura sesgada de noticias negativas. No, una s\u00f3lida mayor\u00eda dice que ha cambiado sus h\u00e1bitos de compra debido a los altos precios.<\/p>\n\n\n\n<p>Los impactos personales negativos debido a la econom\u00eda siguen siendo comunes y muchos todav\u00eda dicen que las condiciones econ\u00f3micas est\u00e1n cambiando sus patrones de gasto. Aunque la inflaci\u00f3n ha comenzado a disminuir en los \u00faltimos meses, alrededor de siete de cada 10 dicen que han cambiado los alimentos que compran para mantenerse dentro del presupuesto (71 por ciento ahora, igual que en diciembre) y han recortado el gasto en extras y entretenimiento para cubrir las necesidades (70 por ciento ahora, 71 por ciento en diciembre). Aproximadamente la mitad de los encuestados dicen que han reducido significativamente la cantidad de veh\u00edculos que conducen (48 por ciento), pr\u00e1cticamente sin cambios desde diciembre a pesar de los cambios en los precios de la gasolina, y que han cambiado o cancelado sus planes para viajar este verano (50 por ciento). Un poco m\u00e1s de un tercio dice que ha tenido dificultades para encontrar una vivienda asequible (37 por ciento).<\/p>\n\n\n\n<p>De hecho, no es exagerado declarar que la econom\u00eda es, de lejos, el tema principal en la mente de los estadounidenses en este momento.<\/p>\n\n\n\n<p>Cuando se les pregunt\u00f3 cu\u00e1l es el problema m\u00e1s importante que enfrenta el pa\u00eds hoy en d\u00eda, las preocupaciones econ\u00f3micas contin\u00faan dominando, con un 44 por ciento citando un problema relacionado con la econom\u00eda, como el costo de vida o la inflaci\u00f3n (19 por ciento); la econom\u00eda en general (16 por ciento); o pobreza, finanzas y dinero (3 por ciento). Ning\u00fan otro tema fue mencionado por m\u00e1s del 10 por ciento de los estadounidenses.<\/p>\n\n\n\n<p>La encuesta de CNN reafirma lo que he estado argumentando en las \u00faltimas semanas: que la econom\u00eda sigue siendo un gran problema en la vida de las personas, que las personas todav\u00eda se sienten personalmente presionadas por la alta inflaci\u00f3n y que un candidato presidencial ser\u00eda un tonto si no lo hiciera. dedicar mucho tiempo a centrarse en este tema y en c\u00f3mo sus pol\u00edticas ayudar\u00e1n a reducir el costo de vida. Esto no significa descartar o ignorar todos los dem\u00e1s problemas. Pero si usted es un candidato presidencial republicano, tal vez en lugar de enfocarse en un peque\u00f1o grupo demogr\u00e1fico de Iowans, Granite staters y South Carolinians, intente hablar sobre las preocupaciones de una gran mayor\u00eda del pa\u00eds y vea c\u00f3mo funciona.<\/p>\n","protected":false},"excerpt":{"rendered":"<p>Nueva encuesta de CNN sobre la econom\u00eda: precios altos, precios altos, precios altos El bolet\u00edn informativo Morning Jolt del lunes discuti\u00f3 c\u00f3mo se sienten los estadounidenses acerca de la econom\u00eda, y c\u00f3mo las porras y los alardes de la administraci\u00f3n sobre la \u201cBidenom\u00eda\u201d est\u00e1n cayendo en gran medida en o\u00eddos sordos. Incluso si la tasa [&hellip;]<\/p>\n","protected":false},"author":15,"featured_media":19638,"comment_status":"open","ping_status":"open","sticky":false,"template":"","format":"standard","meta":{"footnotes":""},"categories":[1],"tags":[],"class_list":{"0":"post-19637","1":"post","2":"type-post","3":"status-publish","4":"format-standard","5":"has-post-thumbnail","7":"category-uncategorized"},"yoast_head":"<!-- This site is optimized with the Yoast SEO plugin v27.1.1 - https:\/\/yoast.com\/product\/yoast-seo-wordpress\/ -->\n<title>Aprobaci\u00f3n de administraci\u00f3n Biden cae a un 37 por ciento por alto costo de la vida, seg\u00fan \u00faltima encuesta. - Conexi\u00f3n 23<\/title>\n<meta name=\"robots\" content=\"index, follow, max-snippet:-1, max-image-preview:large, max-video-preview:-1\" \/>\n<link rel=\"canonical\" href=\"https:\/\/conexion23.com\/?p=19637\" \/>\n<meta property=\"og:locale\" content=\"es_ES\" \/>\n<meta property=\"og:type\" content=\"article\" \/>\n<meta property=\"og:title\" content=\"Aprobaci\u00f3n de administraci\u00f3n Biden cae a un 37 por ciento por alto costo de la vida, seg\u00fan \u00faltima encuesta. - Conexi\u00f3n 23\" \/>\n<meta property=\"og:description\" content=\"Nueva encuesta de CNN sobre la econom\u00eda: precios altos, precios altos, precios altos El bolet\u00edn informativo Morning Jolt del lunes discuti\u00f3 c\u00f3mo se sienten los estadounidenses acerca de la econom\u00eda, y c\u00f3mo las porras y los alardes de la administraci\u00f3n sobre la \u201cBidenom\u00eda\u201d est\u00e1n cayendo en gran medida en o\u00eddos sordos. Incluso si la tasa [&hellip;]\" \/>\n<meta property=\"og:url\" content=\"https:\/\/conexion23.com\/?p=19637\" \/>\n<meta property=\"og:site_name\" content=\"Conexi\u00f3n 23\" \/>\n<meta property=\"article:publisher\" content=\"https:\/\/www.facebook.com\/conexion23com\" \/>\n<meta property=\"article:published_time\" content=\"2023-08-05T12:37:19+00:00\" \/>\n<meta property=\"article:modified_time\" content=\"2023-08-05T12:37:22+00:00\" \/>\n<meta property=\"og:image\" content=\"https:\/\/conexion23.com\/wp-content\/uploads\/2023\/08\/download-4.jpg\" \/>\n\t<meta property=\"og:image:width\" content=\"187\" \/>\n\t<meta property=\"og:image:height\" content=\"269\" \/>\n\t<meta property=\"og:image:type\" content=\"image\/jpeg\" \/>\n<meta name=\"author\" content=\"Raffy Ben\u00edtez\" \/>\n<meta name=\"twitter:card\" content=\"summary_large_image\" \/>\n<meta name=\"twitter:label1\" content=\"Escrito por\" \/>\n\t<meta name=\"twitter:data1\" content=\"Raffy Ben\u00edtez\" \/>\n\t<meta name=\"twitter:label2\" content=\"Tiempo de lectura\" \/>\n\t<meta name=\"twitter:data2\" content=\"4 minutos\" \/>\n<script type=\"application\/ld+json\" class=\"yoast-schema-graph\">{\"@context\":\"https:\/\/schema.org\",\"@graph\":[{\"@type\":\"Article\",\"@id\":\"https:\/\/conexion23.com\/?p=19637#article\",\"isPartOf\":{\"@id\":\"https:\/\/conexion23.com\/?p=19637\"},\"author\":{\"name\":\"Raffy Ben\u00edtez\",\"@id\":\"https:\/\/conexion23.com\/#\/schema\/person\/03e36043331117e97a373299bbcd30a6\"},\"headline\":\"Aprobaci\u00f3n de administraci\u00f3n Biden cae a un 37 por ciento por alto costo de la vida, seg\u00fan \u00faltima encuesta.\",\"datePublished\":\"2023-08-05T12:37:19+00:00\",\"dateModified\":\"2023-08-05T12:37:22+00:00\",\"mainEntityOfPage\":{\"@id\":\"https:\/\/conexion23.com\/?p=19637\"},\"wordCount\":811,\"commentCount\":0,\"publisher\":{\"@id\":\"https:\/\/conexion23.com\/#organization\"},\"image\":{\"@id\":\"https:\/\/conexion23.com\/?p=19637#primaryimage\"},\"thumbnailUrl\":\"https:\/\/conexion23.com\/wp-content\/uploads\/2023\/08\/download-4.jpg\",\"articleSection\":[\"Uncategorized\"],\"inLanguage\":\"es\",\"potentialAction\":[{\"@type\":\"CommentAction\",\"name\":\"Comment\",\"target\":[\"https:\/\/conexion23.com\/?p=19637#respond\"]}]},{\"@type\":\"WebPage\",\"@id\":\"https:\/\/conexion23.com\/?p=19637\",\"url\":\"https:\/\/conexion23.com\/?p=19637\",\"name\":\"Aprobaci\u00f3n de administraci\u00f3n Biden cae a un 37 por ciento por alto costo de la vida, seg\u00fan \u00faltima encuesta. - Conexi\u00f3n 23\",\"isPartOf\":{\"@id\":\"https:\/\/conexion23.com\/#website\"},\"primaryImageOfPage\":{\"@id\":\"https:\/\/conexion23.com\/?p=19637#primaryimage\"},\"image\":{\"@id\":\"https:\/\/conexion23.com\/?p=19637#primaryimage\"},\"thumbnailUrl\":\"https:\/\/conexion23.com\/wp-content\/uploads\/2023\/08\/download-4.jpg\",\"datePublished\":\"2023-08-05T12:37:19+00:00\",\"dateModified\":\"2023-08-05T12:37:22+00:00\",\"breadcrumb\":{\"@id\":\"https:\/\/conexion23.com\/?p=19637#breadcrumb\"},\"inLanguage\":\"es\",\"potentialAction\":[{\"@type\":\"ReadAction\",\"target\":[\"https:\/\/conexion23.com\/?p=19637\"]}]},{\"@type\":\"ImageObject\",\"inLanguage\":\"es\",\"@id\":\"https:\/\/conexion23.com\/?p=19637#primaryimage\",\"url\":\"https:\/\/conexion23.com\/wp-content\/uploads\/2023\/08\/download-4.jpg\",\"contentUrl\":\"https:\/\/conexion23.com\/wp-content\/uploads\/2023\/08\/download-4.jpg\",\"width\":187,\"height\":269},{\"@type\":\"BreadcrumbList\",\"@id\":\"https:\/\/conexion23.com\/?p=19637#breadcrumb\",\"itemListElement\":[{\"@type\":\"ListItem\",\"position\":1,\"name\":\"Portada\",\"item\":\"https:\/\/conexion23.com\/\"},{\"@type\":\"ListItem\",\"position\":2,\"name\":\"Aprobaci\u00f3n de administraci\u00f3n Biden cae a un 37 por ciento por alto costo de la vida, seg\u00fan \u00faltima encuesta.\"}]},{\"@type\":\"WebSite\",\"@id\":\"https:\/\/conexion23.com\/#website\",\"url\":\"https:\/\/conexion23.com\/\",\"name\":\"Conexi\u00f3n 23\",\"description\":\"Peri\u00f3dico 100% Petromacorisano\",\"publisher\":{\"@id\":\"https:\/\/conexion23.com\/#organization\"},\"potentialAction\":[{\"@type\":\"SearchAction\",\"target\":{\"@type\":\"EntryPoint\",\"urlTemplate\":\"https:\/\/conexion23.com\/?s={search_term_string}\"},\"query-input\":{\"@type\":\"PropertyValueSpecification\",\"valueRequired\":true,\"valueName\":\"search_term_string\"}}],\"inLanguage\":\"es\"},{\"@type\":\"Organization\",\"@id\":\"https:\/\/conexion23.com\/#organization\",\"name\":\"Conexion 23\",\"url\":\"https:\/\/conexion23.com\/\",\"logo\":{\"@type\":\"ImageObject\",\"inLanguage\":\"es\",\"@id\":\"https:\/\/conexion23.com\/#\/schema\/logo\/image\/\",\"url\":\"https:\/\/conexion23.com\/wp-content\/uploads\/2021\/11\/Diseno-sin-titulo-2.png\",\"contentUrl\":\"https:\/\/conexion23.com\/wp-content\/uploads\/2021\/11\/Diseno-sin-titulo-2.png\",\"width\":541,\"height\":90,\"caption\":\"Conexion 23\"},\"image\":{\"@id\":\"https:\/\/conexion23.com\/#\/schema\/logo\/image\/\"},\"sameAs\":[\"https:\/\/www.facebook.com\/conexion23com\",\"https:\/\/www.instagram.com\/conexion23com\/\",\"https:\/\/www.youtube.com\/channel\/UCYc7vxxFZMYLIHNsHHxPZ3Q\"]},{\"@type\":\"Person\",\"@id\":\"https:\/\/conexion23.com\/#\/schema\/person\/03e36043331117e97a373299bbcd30a6\",\"name\":\"Raffy Ben\u00edtez\",\"image\":{\"@type\":\"ImageObject\",\"inLanguage\":\"es\",\"@id\":\"https:\/\/conexion23.com\/#\/schema\/person\/image\/\",\"url\":\"https:\/\/secure.gravatar.com\/avatar\/3190a6a6c5e1b0327500f7d6c56b6242472ee6cb974cf09b401ee6b3b0798f23?s=96&d=mm&r=g\",\"contentUrl\":\"https:\/\/secure.gravatar.com\/avatar\/3190a6a6c5e1b0327500f7d6c56b6242472ee6cb974cf09b401ee6b3b0798f23?s=96&d=mm&r=g\",\"caption\":\"Raffy Ben\u00edtez\"},\"url\":\"https:\/\/conexion23.com\/?author=15\"}]}<\/script>\n<!-- \/ Yoast SEO plugin. -->","yoast_head_json":{"title":"Aprobaci\u00f3n de administraci\u00f3n Biden cae a un 37 por ciento por alto costo de la vida, seg\u00fan \u00faltima encuesta. - Conexi\u00f3n 23","robots":{"index":"index","follow":"follow","max-snippet":"max-snippet:-1","max-image-preview":"max-image-preview:large","max-video-preview":"max-video-preview:-1"},"canonical":"https:\/\/conexion23.com\/?p=19637","og_locale":"es_ES","og_type":"article","og_title":"Aprobaci\u00f3n de administraci\u00f3n Biden cae a un 37 por ciento por alto costo de la vida, seg\u00fan \u00faltima encuesta. - Conexi\u00f3n 23","og_description":"Nueva encuesta de CNN sobre la econom\u00eda: precios altos, precios altos, precios altos El bolet\u00edn informativo Morning Jolt del lunes discuti\u00f3 c\u00f3mo se sienten los estadounidenses acerca de la econom\u00eda, y c\u00f3mo las porras y los alardes de la administraci\u00f3n sobre la \u201cBidenom\u00eda\u201d est\u00e1n cayendo en gran medida en o\u00eddos sordos. Incluso si la tasa [&hellip;]","og_url":"https:\/\/conexion23.com\/?p=19637","og_site_name":"Conexi\u00f3n 23","article_publisher":"https:\/\/www.facebook.com\/conexion23com","article_published_time":"2023-08-05T12:37:19+00:00","article_modified_time":"2023-08-05T12:37:22+00:00","og_image":[{"width":187,"height":269,"url":"https:\/\/conexion23.com\/wp-content\/uploads\/2023\/08\/download-4.jpg","type":"image\/jpeg"}],"author":"Raffy Ben\u00edtez","twitter_card":"summary_large_image","twitter_misc":{"Escrito por":"Raffy Ben\u00edtez","Tiempo de lectura":"4 minutos"},"schema":{"@context":"https:\/\/schema.org","@graph":[{"@type":"Article","@id":"https:\/\/conexion23.com\/?p=19637#article","isPartOf":{"@id":"https:\/\/conexion23.com\/?p=19637"},"author":{"name":"Raffy Ben\u00edtez","@id":"https:\/\/conexion23.com\/#\/schema\/person\/03e36043331117e97a373299bbcd30a6"},"headline":"Aprobaci\u00f3n de administraci\u00f3n Biden cae a un 37 por ciento por alto costo de la vida, seg\u00fan \u00faltima encuesta.","datePublished":"2023-08-05T12:37:19+00:00","dateModified":"2023-08-05T12:37:22+00:00","mainEntityOfPage":{"@id":"https:\/\/conexion23.com\/?p=19637"},"wordCount":811,"commentCount":0,"publisher":{"@id":"https:\/\/conexion23.com\/#organization"},"image":{"@id":"https:\/\/conexion23.com\/?p=19637#primaryimage"},"thumbnailUrl":"https:\/\/conexion23.com\/wp-content\/uploads\/2023\/08\/download-4.jpg","articleSection":["Uncategorized"],"inLanguage":"es","potentialAction":[{"@type":"CommentAction","name":"Comment","target":["https:\/\/conexion23.com\/?p=19637#respond"]}]},{"@type":"WebPage","@id":"https:\/\/conexion23.com\/?p=19637","url":"https:\/\/conexion23.com\/?p=19637","name":"Aprobaci\u00f3n de administraci\u00f3n Biden cae a un 37 por ciento por alto costo de la vida, seg\u00fan \u00faltima encuesta. - Conexi\u00f3n 23","isPartOf":{"@id":"https:\/\/conexion23.com\/#website"},"primaryImageOfPage":{"@id":"https:\/\/conexion23.com\/?p=19637#primaryimage"},"image":{"@id":"https:\/\/conexion23.com\/?p=19637#primaryimage"},"thumbnailUrl":"https:\/\/conexion23.com\/wp-content\/uploads\/2023\/08\/download-4.jpg","datePublished":"2023-08-05T12:37:19+00:00","dateModified":"2023-08-05T12:37:22+00:00","breadcrumb":{"@id":"https:\/\/conexion23.com\/?p=19637#breadcrumb"},"inLanguage":"es","potentialAction":[{"@type":"ReadAction","target":["https:\/\/conexion23.com\/?p=19637"]}]},{"@type":"ImageObject","inLanguage":"es","@id":"https:\/\/conexion23.com\/?p=19637#primaryimage","url":"https:\/\/conexion23.com\/wp-content\/uploads\/2023\/08\/download-4.jpg","contentUrl":"https:\/\/conexion23.com\/wp-content\/uploads\/2023\/08\/download-4.jpg","width":187,"height":269},{"@type":"BreadcrumbList","@id":"https:\/\/conexion23.com\/?p=19637#breadcrumb","itemListElement":[{"@type":"ListItem","position":1,"name":"Portada","item":"https:\/\/conexion23.com\/"},{"@type":"ListItem","position":2,"name":"Aprobaci\u00f3n de administraci\u00f3n Biden cae a un 37 por ciento por alto costo de la vida, seg\u00fan \u00faltima encuesta."}]},{"@type":"WebSite","@id":"https:\/\/conexion23.com\/#website","url":"https:\/\/conexion23.com\/","name":"Conexi\u00f3n 23","description":"Peri\u00f3dico 100% Petromacorisano","publisher":{"@id":"https:\/\/conexion23.com\/#organization"},"potentialAction":[{"@type":"SearchAction","target":{"@type":"EntryPoint","urlTemplate":"https:\/\/conexion23.com\/?s={search_term_string}"},"query-input":{"@type":"PropertyValueSpecification","valueRequired":true,"valueName":"search_term_string"}}],"inLanguage":"es"},{"@type":"Organization","@id":"https:\/\/conexion23.com\/#organization","name":"Conexion 23","url":"https:\/\/conexion23.com\/","logo":{"@type":"ImageObject","inLanguage":"es","@id":"https:\/\/conexion23.com\/#\/schema\/logo\/image\/","url":"https:\/\/conexion23.com\/wp-content\/uploads\/2021\/11\/Diseno-sin-titulo-2.png","contentUrl":"https:\/\/conexion23.com\/wp-content\/uploads\/2021\/11\/Diseno-sin-titulo-2.png","width":541,"height":90,"caption":"Conexion 23"},"image":{"@id":"https:\/\/conexion23.com\/#\/schema\/logo\/image\/"},"sameAs":["https:\/\/www.facebook.com\/conexion23com","https:\/\/www.instagram.com\/conexion23com\/","https:\/\/www.youtube.com\/channel\/UCYc7vxxFZMYLIHNsHHxPZ3Q"]},{"@type":"Person","@id":"https:\/\/conexion23.com\/#\/schema\/person\/03e36043331117e97a373299bbcd30a6","name":"Raffy Ben\u00edtez","image":{"@type":"ImageObject","inLanguage":"es","@id":"https:\/\/conexion23.com\/#\/schema\/person\/image\/","url":"https:\/\/secure.gravatar.com\/avatar\/3190a6a6c5e1b0327500f7d6c56b6242472ee6cb974cf09b401ee6b3b0798f23?s=96&d=mm&r=g","contentUrl":"https:\/\/secure.gravatar.com\/avatar\/3190a6a6c5e1b0327500f7d6c56b6242472ee6cb974cf09b401ee6b3b0798f23?s=96&d=mm&r=g","caption":"Raffy Ben\u00edtez"},"url":"https:\/\/conexion23.com\/?author=15"}]}},"_links":{"self":[{"href":"https:\/\/conexion23.com\/index.php?rest_route=\/wp\/v2\/posts\/19637","targetHints":{"allow":["GET"]}}],"collection":[{"href":"https:\/\/conexion23.com\/index.php?rest_route=\/wp\/v2\/posts"}],"about":[{"href":"https:\/\/conexion23.com\/index.php?rest_route=\/wp\/v2\/types\/post"}],"author":[{"embeddable":true,"href":"https:\/\/conexion23.com\/index.php?rest_route=\/wp\/v2\/users\/15"}],"replies":[{"embeddable":true,"href":"https:\/\/conexion23.com\/index.php?rest_route=%2Fwp%2Fv2%2Fcomments&post=19637"}],"version-history":[{"count":1,"href":"https:\/\/conexion23.com\/index.php?rest_route=\/wp\/v2\/posts\/19637\/revisions"}],"predecessor-version":[{"id":19639,"href":"https:\/\/conexion23.com\/index.php?rest_route=\/wp\/v2\/posts\/19637\/revisions\/19639"}],"wp:featuredmedia":[{"embeddable":true,"href":"https:\/\/conexion23.com\/index.php?rest_route=\/wp\/v2\/media\/19638"}],"wp:attachment":[{"href":"https:\/\/conexion23.com\/index.php?rest_route=%2Fwp%2Fv2%2Fmedia&parent=19637"}],"wp:term":[{"taxonomy":"category","embeddable":true,"href":"https:\/\/conexion23.com\/index.php?rest_route=%2Fwp%2Fv2%2Fcategories&post=19637"},{"taxonomy":"post_tag","embeddable":true,"href":"https:\/\/conexion23.com\/index.php?rest_route=%2Fwp%2Fv2%2Ftags&post=19637"}],"curies":[{"name":"wp","href":"https:\/\/api.w.org\/{rel}","templated":true}]}}