{"id":19725,"date":"2023-08-08T07:09:42","date_gmt":"2023-08-08T11:09:42","guid":{"rendered":"https:\/\/conexion23.com\/?p=19725"},"modified":"2023-08-08T07:09:50","modified_gmt":"2023-08-08T11:09:50","slug":"el-papa-francisco-reitera-la-tolerancia-cero-ante-la-peste-de-los-abusos-en-la-iglesia","status":"publish","type":"post","link":"https:\/\/conexion23.com\/?p=19725","title":{"rendered":"El papa Francisco reitera \u00abla tolerancia cero\u00bb ante la \u00abpeste\u00bb de los abusos en la Iglesia."},"content":{"rendered":"\n<p>El <a href=\"https:\/\/www.rtve.es\/temas\/papa-francisco\/63070\/\">papa Francisco<\/a> ha reiterado \u00abla tolerancia cero\u00bb ante la \u00abtremenda peste\u00bb de los casos de abusos por parte de miembros de la Iglesia, en la rueda de prensa a bordo del avi\u00f3n en el que <a href=\"https:\/\/www.rtve.es\/noticias\/20230806\/jmj-lisboa-papa-anuncia-proxima-sede-seul-corea-sur\/2453538.shtml\">regresaba de su viaje a Lisboa para participar en la Jornada Mundial de la Juventud (JMJ)<\/a>. Adem\u00e1s, ha indicado que los obispos que han cometido irresponsabilidades \u00abtendr\u00e1n que hacerse cargo de ella y ya se ver\u00e1 c\u00f3mo\u00bb.<\/p>\n\n\n\n<p>Francisco ha respondido en la rueda de prensa sobre los casos de abusos en Portugal, donde un reciente informe desvel\u00f3 que en 70 a\u00f1os hubo <a href=\"https:\/\/www.rtve.es\/noticias\/20230213\/abusos-sexuales-iglesia-portugal\/2424256.shtml\">hasta 4.800 casos de menores abusados por miembros de la Iglesia<\/a>.<\/p>\n\n\n\n<p>El papa ha recordado que de manera reservada encontr\u00f3 en Lisboa durante el viaje a un grupo de v\u00edctimas y dialogaron \u00absobre esta tremenda peste de la Iglesia\u00bb.<\/p>\n\n\n\n<p>\u00abMe hace bien escuchar a las v\u00edctimas porque me hace que me haga cargo de este drama\u00bb, ha afirmado. Aunque ha observado que sobre los abusos en Portugal \u00ablos n\u00fameros se han agrandado por los comentarios\u00bb pero que \u00ablo que es la realidad la Iglesia lo est\u00e1 llevando bien\u00bb y que \u00abesto le deja tranquilo\u00bb.<\/p>\n\n\n\n<p>Francisco ha querido recordar que el 42% de los abusos a menores se da en el ambiente familiar y en los barrios y se cubren y \u00abhay que madurar para que se descubran\u00bb.<\/p>\n\n\n\n<p>\u00abTodav\u00eda tenemos que madurar y ayudar a descubrir estas cosas. Desde el esc\u00e1ndalo de Boston, la Iglesia ha tomado conciencia de que no era posible ir por caminos aleatorios, sino que hab\u00eda que coger el toro por los cuernos\u00bb, ha subrayado, insistiendo en la \u00abtolerancia cero\u00bb contra los abusos y en la asunci\u00f3n de \u00abresponsabilidades\u00bb por parte de los pastores.<\/p>\n\n\n\n<p>Por otra parte, el papa ha pedido a los medios atenci\u00f3n al crimen de la difusi\u00f3n de im\u00e1genes pedopornogr\u00e1ficas y de los abusos a menores en vivo en internet, \u00abporque adem\u00e1s de abusar de ellos se comercia con las v\u00edctimas\u00bb.<\/p>\n","protected":false},"excerpt":{"rendered":"<p>El papa Francisco ha reiterado \u00abla tolerancia cero\u00bb ante la \u00abtremenda peste\u00bb de los casos de abusos por parte de miembros de la Iglesia, en la rueda de prensa a bordo del avi\u00f3n en el que regresaba de su viaje a Lisboa para participar en la Jornada Mundial de la Juventud (JMJ). Adem\u00e1s, ha indicado [&hellip;]<\/p>\n","protected":false},"author":15,"featured_media":19726,"comment_status":"open","ping_status":"open","sticky":false,"template":"","format":"standard","meta":{"footnotes":""},"categories":[1],"tags":[],"class_list":{"0":"post-19725","1":"post","2":"type-post","3":"status-publish","4":"format-standard","5":"has-post-thumbnail","7":"category-uncategorized"},"yoast_head":"<!-- This site is optimized with the Yoast SEO plugin v27.1.1 - https:\/\/yoast.com\/product\/yoast-seo-wordpress\/ -->\n<title>El papa Francisco reitera &quot;la tolerancia cero&quot; ante la &quot;peste&quot; de los abusos en la Iglesia. - Conexi\u00f3n 23<\/title>\n<meta name=\"robots\" content=\"index, follow, max-snippet:-1, max-image-preview:large, max-video-preview:-1\" \/>\n<link rel=\"canonical\" href=\"https:\/\/conexion23.com\/?p=19725\" \/>\n<meta property=\"og:locale\" content=\"es_ES\" \/>\n<meta property=\"og:type\" content=\"article\" \/>\n<meta property=\"og:title\" content=\"El papa Francisco reitera &quot;la tolerancia cero&quot; ante la &quot;peste&quot; de los abusos en la Iglesia. - Conexi\u00f3n 23\" \/>\n<meta property=\"og:description\" content=\"El papa Francisco ha reiterado \u00abla tolerancia cero\u00bb ante la \u00abtremenda peste\u00bb de los casos de abusos por parte de miembros de la Iglesia, en la rueda de prensa a bordo del avi\u00f3n en el que regresaba de su viaje a Lisboa para participar en la Jornada Mundial de la Juventud (JMJ). Adem\u00e1s, ha indicado [&hellip;]\" \/>\n<meta property=\"og:url\" content=\"https:\/\/conexion23.com\/?p=19725\" \/>\n<meta property=\"og:site_name\" content=\"Conexi\u00f3n 23\" \/>\n<meta property=\"article:publisher\" content=\"https:\/\/www.facebook.com\/conexion23com\" \/>\n<meta property=\"article:published_time\" content=\"2023-08-08T11:09:42+00:00\" \/>\n<meta property=\"article:modified_time\" content=\"2023-08-08T11:09:50+00:00\" \/>\n<meta property=\"og:image\" content=\"https:\/\/conexion23.com\/wp-content\/uploads\/2023\/08\/download-6.jpg\" \/>\n\t<meta property=\"og:image:width\" content=\"1600\" \/>\n\t<meta property=\"og:image:height\" content=\"900\" \/>\n\t<meta property=\"og:image:type\" content=\"image\/jpeg\" \/>\n<meta name=\"author\" content=\"Raffy Ben\u00edtez\" \/>\n<meta name=\"twitter:card\" content=\"summary_large_image\" \/>\n<meta name=\"twitter:label1\" content=\"Escrito por\" \/>\n\t<meta name=\"twitter:data1\" content=\"Raffy Ben\u00edtez\" \/>\n\t<meta name=\"twitter:label2\" content=\"Tiempo de lectura\" \/>\n\t<meta name=\"twitter:data2\" content=\"2 minutos\" \/>\n<script type=\"application\/ld+json\" class=\"yoast-schema-graph\">{\"@context\":\"https:\/\/schema.org\",\"@graph\":[{\"@type\":\"Article\",\"@id\":\"https:\/\/conexion23.com\/?p=19725#article\",\"isPartOf\":{\"@id\":\"https:\/\/conexion23.com\/?p=19725\"},\"author\":{\"name\":\"Raffy Ben\u00edtez\",\"@id\":\"https:\/\/conexion23.com\/#\/schema\/person\/03e36043331117e97a373299bbcd30a6\"},\"headline\":\"El papa Francisco reitera \u00abla tolerancia cero\u00bb ante la \u00abpeste\u00bb de los abusos en la Iglesia.\",\"datePublished\":\"2023-08-08T11:09:42+00:00\",\"dateModified\":\"2023-08-08T11:09:50+00:00\",\"mainEntityOfPage\":{\"@id\":\"https:\/\/conexion23.com\/?p=19725\"},\"wordCount\":356,\"commentCount\":0,\"publisher\":{\"@id\":\"https:\/\/conexion23.com\/#organization\"},\"image\":{\"@id\":\"https:\/\/conexion23.com\/?p=19725#primaryimage\"},\"thumbnailUrl\":\"https:\/\/conexion23.com\/wp-content\/uploads\/2023\/08\/download-6.jpg\",\"articleSection\":[\"Uncategorized\"],\"inLanguage\":\"es\",\"potentialAction\":[{\"@type\":\"CommentAction\",\"name\":\"Comment\",\"target\":[\"https:\/\/conexion23.com\/?p=19725#respond\"]}]},{\"@type\":\"WebPage\",\"@id\":\"https:\/\/conexion23.com\/?p=19725\",\"url\":\"https:\/\/conexion23.com\/?p=19725\",\"name\":\"El papa Francisco reitera \\\"la tolerancia cero\\\" ante la \\\"peste\\\" de los abusos en la Iglesia. - Conexi\u00f3n 23\",\"isPartOf\":{\"@id\":\"https:\/\/conexion23.com\/#website\"},\"primaryImageOfPage\":{\"@id\":\"https:\/\/conexion23.com\/?p=19725#primaryimage\"},\"image\":{\"@id\":\"https:\/\/conexion23.com\/?p=19725#primaryimage\"},\"thumbnailUrl\":\"https:\/\/conexion23.com\/wp-content\/uploads\/2023\/08\/download-6.jpg\",\"datePublished\":\"2023-08-08T11:09:42+00:00\",\"dateModified\":\"2023-08-08T11:09:50+00:00\",\"breadcrumb\":{\"@id\":\"https:\/\/conexion23.com\/?p=19725#breadcrumb\"},\"inLanguage\":\"es\",\"potentialAction\":[{\"@type\":\"ReadAction\",\"target\":[\"https:\/\/conexion23.com\/?p=19725\"]}]},{\"@type\":\"ImageObject\",\"inLanguage\":\"es\",\"@id\":\"https:\/\/conexion23.com\/?p=19725#primaryimage\",\"url\":\"https:\/\/conexion23.com\/wp-content\/uploads\/2023\/08\/download-6.jpg\",\"contentUrl\":\"https:\/\/conexion23.com\/wp-content\/uploads\/2023\/08\/download-6.jpg\",\"width\":1600,\"height\":900},{\"@type\":\"BreadcrumbList\",\"@id\":\"https:\/\/conexion23.com\/?p=19725#breadcrumb\",\"itemListElement\":[{\"@type\":\"ListItem\",\"position\":1,\"name\":\"Portada\",\"item\":\"https:\/\/conexion23.com\/\"},{\"@type\":\"ListItem\",\"position\":2,\"name\":\"El papa Francisco reitera \u00abla tolerancia cero\u00bb ante la \u00abpeste\u00bb de los abusos en la Iglesia.\"}]},{\"@type\":\"WebSite\",\"@id\":\"https:\/\/conexion23.com\/#website\",\"url\":\"https:\/\/conexion23.com\/\",\"name\":\"Conexi\u00f3n 23\",\"description\":\"Peri\u00f3dico 100% Petromacorisano\",\"publisher\":{\"@id\":\"https:\/\/conexion23.com\/#organization\"},\"potentialAction\":[{\"@type\":\"SearchAction\",\"target\":{\"@type\":\"EntryPoint\",\"urlTemplate\":\"https:\/\/conexion23.com\/?s={search_term_string}\"},\"query-input\":{\"@type\":\"PropertyValueSpecification\",\"valueRequired\":true,\"valueName\":\"search_term_string\"}}],\"inLanguage\":\"es\"},{\"@type\":\"Organization\",\"@id\":\"https:\/\/conexion23.com\/#organization\",\"name\":\"Conexion 23\",\"url\":\"https:\/\/conexion23.com\/\",\"logo\":{\"@type\":\"ImageObject\",\"inLanguage\":\"es\",\"@id\":\"https:\/\/conexion23.com\/#\/schema\/logo\/image\/\",\"url\":\"https:\/\/conexion23.com\/wp-content\/uploads\/2021\/11\/Diseno-sin-titulo-2.png\",\"contentUrl\":\"https:\/\/conexion23.com\/wp-content\/uploads\/2021\/11\/Diseno-sin-titulo-2.png\",\"width\":541,\"height\":90,\"caption\":\"Conexion 23\"},\"image\":{\"@id\":\"https:\/\/conexion23.com\/#\/schema\/logo\/image\/\"},\"sameAs\":[\"https:\/\/www.facebook.com\/conexion23com\",\"https:\/\/www.instagram.com\/conexion23com\/\",\"https:\/\/www.youtube.com\/channel\/UCYc7vxxFZMYLIHNsHHxPZ3Q\"]},{\"@type\":\"Person\",\"@id\":\"https:\/\/conexion23.com\/#\/schema\/person\/03e36043331117e97a373299bbcd30a6\",\"name\":\"Raffy Ben\u00edtez\",\"image\":{\"@type\":\"ImageObject\",\"inLanguage\":\"es\",\"@id\":\"https:\/\/conexion23.com\/#\/schema\/person\/image\/\",\"url\":\"https:\/\/secure.gravatar.com\/avatar\/3190a6a6c5e1b0327500f7d6c56b6242472ee6cb974cf09b401ee6b3b0798f23?s=96&d=mm&r=g\",\"contentUrl\":\"https:\/\/secure.gravatar.com\/avatar\/3190a6a6c5e1b0327500f7d6c56b6242472ee6cb974cf09b401ee6b3b0798f23?s=96&d=mm&r=g\",\"caption\":\"Raffy Ben\u00edtez\"},\"url\":\"https:\/\/conexion23.com\/?author=15\"}]}<\/script>\n<!-- \/ Yoast SEO plugin. -->","yoast_head_json":{"title":"El papa Francisco reitera \"la tolerancia cero\" ante la \"peste\" de los abusos en la Iglesia. - Conexi\u00f3n 23","robots":{"index":"index","follow":"follow","max-snippet":"max-snippet:-1","max-image-preview":"max-image-preview:large","max-video-preview":"max-video-preview:-1"},"canonical":"https:\/\/conexion23.com\/?p=19725","og_locale":"es_ES","og_type":"article","og_title":"El papa Francisco reitera \"la tolerancia cero\" ante la \"peste\" de los abusos en la Iglesia. - Conexi\u00f3n 23","og_description":"El papa Francisco ha reiterado \u00abla tolerancia cero\u00bb ante la \u00abtremenda peste\u00bb de los casos de abusos por parte de miembros de la Iglesia, en la rueda de prensa a bordo del avi\u00f3n en el que regresaba de su viaje a Lisboa para participar en la Jornada Mundial de la Juventud (JMJ). Adem\u00e1s, ha indicado [&hellip;]","og_url":"https:\/\/conexion23.com\/?p=19725","og_site_name":"Conexi\u00f3n 23","article_publisher":"https:\/\/www.facebook.com\/conexion23com","article_published_time":"2023-08-08T11:09:42+00:00","article_modified_time":"2023-08-08T11:09:50+00:00","og_image":[{"width":1600,"height":900,"url":"https:\/\/conexion23.com\/wp-content\/uploads\/2023\/08\/download-6.jpg","type":"image\/jpeg"}],"author":"Raffy Ben\u00edtez","twitter_card":"summary_large_image","twitter_misc":{"Escrito por":"Raffy Ben\u00edtez","Tiempo de lectura":"2 minutos"},"schema":{"@context":"https:\/\/schema.org","@graph":[{"@type":"Article","@id":"https:\/\/conexion23.com\/?p=19725#article","isPartOf":{"@id":"https:\/\/conexion23.com\/?p=19725"},"author":{"name":"Raffy Ben\u00edtez","@id":"https:\/\/conexion23.com\/#\/schema\/person\/03e36043331117e97a373299bbcd30a6"},"headline":"El papa Francisco reitera \u00abla tolerancia cero\u00bb ante la \u00abpeste\u00bb de los abusos en la Iglesia.","datePublished":"2023-08-08T11:09:42+00:00","dateModified":"2023-08-08T11:09:50+00:00","mainEntityOfPage":{"@id":"https:\/\/conexion23.com\/?p=19725"},"wordCount":356,"commentCount":0,"publisher":{"@id":"https:\/\/conexion23.com\/#organization"},"image":{"@id":"https:\/\/conexion23.com\/?p=19725#primaryimage"},"thumbnailUrl":"https:\/\/conexion23.com\/wp-content\/uploads\/2023\/08\/download-6.jpg","articleSection":["Uncategorized"],"inLanguage":"es","potentialAction":[{"@type":"CommentAction","name":"Comment","target":["https:\/\/conexion23.com\/?p=19725#respond"]}]},{"@type":"WebPage","@id":"https:\/\/conexion23.com\/?p=19725","url":"https:\/\/conexion23.com\/?p=19725","name":"El papa Francisco reitera \"la tolerancia cero\" ante la \"peste\" de los abusos en la Iglesia. - Conexi\u00f3n 23","isPartOf":{"@id":"https:\/\/conexion23.com\/#website"},"primaryImageOfPage":{"@id":"https:\/\/conexion23.com\/?p=19725#primaryimage"},"image":{"@id":"https:\/\/conexion23.com\/?p=19725#primaryimage"},"thumbnailUrl":"https:\/\/conexion23.com\/wp-content\/uploads\/2023\/08\/download-6.jpg","datePublished":"2023-08-08T11:09:42+00:00","dateModified":"2023-08-08T11:09:50+00:00","breadcrumb":{"@id":"https:\/\/conexion23.com\/?p=19725#breadcrumb"},"inLanguage":"es","potentialAction":[{"@type":"ReadAction","target":["https:\/\/conexion23.com\/?p=19725"]}]},{"@type":"ImageObject","inLanguage":"es","@id":"https:\/\/conexion23.com\/?p=19725#primaryimage","url":"https:\/\/conexion23.com\/wp-content\/uploads\/2023\/08\/download-6.jpg","contentUrl":"https:\/\/conexion23.com\/wp-content\/uploads\/2023\/08\/download-6.jpg","width":1600,"height":900},{"@type":"BreadcrumbList","@id":"https:\/\/conexion23.com\/?p=19725#breadcrumb","itemListElement":[{"@type":"ListItem","position":1,"name":"Portada","item":"https:\/\/conexion23.com\/"},{"@type":"ListItem","position":2,"name":"El papa Francisco reitera \u00abla tolerancia cero\u00bb ante la \u00abpeste\u00bb de los abusos en la Iglesia."}]},{"@type":"WebSite","@id":"https:\/\/conexion23.com\/#website","url":"https:\/\/conexion23.com\/","name":"Conexi\u00f3n 23","description":"Peri\u00f3dico 100% Petromacorisano","publisher":{"@id":"https:\/\/conexion23.com\/#organization"},"potentialAction":[{"@type":"SearchAction","target":{"@type":"EntryPoint","urlTemplate":"https:\/\/conexion23.com\/?s={search_term_string}"},"query-input":{"@type":"PropertyValueSpecification","valueRequired":true,"valueName":"search_term_string"}}],"inLanguage":"es"},{"@type":"Organization","@id":"https:\/\/conexion23.com\/#organization","name":"Conexion 23","url":"https:\/\/conexion23.com\/","logo":{"@type":"ImageObject","inLanguage":"es","@id":"https:\/\/conexion23.com\/#\/schema\/logo\/image\/","url":"https:\/\/conexion23.com\/wp-content\/uploads\/2021\/11\/Diseno-sin-titulo-2.png","contentUrl":"https:\/\/conexion23.com\/wp-content\/uploads\/2021\/11\/Diseno-sin-titulo-2.png","width":541,"height":90,"caption":"Conexion 23"},"image":{"@id":"https:\/\/conexion23.com\/#\/schema\/logo\/image\/"},"sameAs":["https:\/\/www.facebook.com\/conexion23com","https:\/\/www.instagram.com\/conexion23com\/","https:\/\/www.youtube.com\/channel\/UCYc7vxxFZMYLIHNsHHxPZ3Q"]},{"@type":"Person","@id":"https:\/\/conexion23.com\/#\/schema\/person\/03e36043331117e97a373299bbcd30a6","name":"Raffy Ben\u00edtez","image":{"@type":"ImageObject","inLanguage":"es","@id":"https:\/\/conexion23.com\/#\/schema\/person\/image\/","url":"https:\/\/secure.gravatar.com\/avatar\/3190a6a6c5e1b0327500f7d6c56b6242472ee6cb974cf09b401ee6b3b0798f23?s=96&d=mm&r=g","contentUrl":"https:\/\/secure.gravatar.com\/avatar\/3190a6a6c5e1b0327500f7d6c56b6242472ee6cb974cf09b401ee6b3b0798f23?s=96&d=mm&r=g","caption":"Raffy Ben\u00edtez"},"url":"https:\/\/conexion23.com\/?author=15"}]}},"_links":{"self":[{"href":"https:\/\/conexion23.com\/index.php?rest_route=\/wp\/v2\/posts\/19725","targetHints":{"allow":["GET"]}}],"collection":[{"href":"https:\/\/conexion23.com\/index.php?rest_route=\/wp\/v2\/posts"}],"about":[{"href":"https:\/\/conexion23.com\/index.php?rest_route=\/wp\/v2\/types\/post"}],"author":[{"embeddable":true,"href":"https:\/\/conexion23.com\/index.php?rest_route=\/wp\/v2\/users\/15"}],"replies":[{"embeddable":true,"href":"https:\/\/conexion23.com\/index.php?rest_route=%2Fwp%2Fv2%2Fcomments&post=19725"}],"version-history":[{"count":1,"href":"https:\/\/conexion23.com\/index.php?rest_route=\/wp\/v2\/posts\/19725\/revisions"}],"predecessor-version":[{"id":19727,"href":"https:\/\/conexion23.com\/index.php?rest_route=\/wp\/v2\/posts\/19725\/revisions\/19727"}],"wp:featuredmedia":[{"embeddable":true,"href":"https:\/\/conexion23.com\/index.php?rest_route=\/wp\/v2\/media\/19726"}],"wp:attachment":[{"href":"https:\/\/conexion23.com\/index.php?rest_route=%2Fwp%2Fv2%2Fmedia&parent=19725"}],"wp:term":[{"taxonomy":"category","embeddable":true,"href":"https:\/\/conexion23.com\/index.php?rest_route=%2Fwp%2Fv2%2Fcategories&post=19725"},{"taxonomy":"post_tag","embeddable":true,"href":"https:\/\/conexion23.com\/index.php?rest_route=%2Fwp%2Fv2%2Ftags&post=19725"}],"curies":[{"name":"wp","href":"https:\/\/api.w.org\/{rel}","templated":true}]}}