{"id":19728,"date":"2023-08-08T07:15:36","date_gmt":"2023-08-08T11:15:36","guid":{"rendered":"https:\/\/conexion23.com\/?p=19728"},"modified":"2023-08-08T07:15:41","modified_gmt":"2023-08-08T11:15:41","slug":"la-batalla-por-controlar-la-mesa-del-congreso-primer-duelo-entre-las-mayorias-parlamentarias-tras-el-23j","status":"publish","type":"post","link":"https:\/\/conexion23.com\/?p=19728","title":{"rendered":"La batalla por controlar la Mesa del Congreso: primer duelo entre las mayor\u00edas parlamentarias tras el 23J."},"content":{"rendered":"\n<p>En una semana se librar\u00e1 la&nbsp;<strong>primera batalla crucial de la decimoquinta legislatura<\/strong>&nbsp;y los movimientos se intensifican entre las formaciones pol\u00edticas llamadas a elegir al&nbsp;<strong>presidente o presidenta del Congreso<\/strong>&nbsp;y los dem\u00e1s puestos de la Mesa de la C\u00e1mara Baja, un total de nueve.<\/p>\n\n\n\n<p>El pr\u00f3ximo 17 de agosto<strong>&nbsp;tanto PP como PSOE medir\u00e1n su fuerza parlamentaria<\/strong>, esto es, los apoyos que suman y ya en el resultado de esta primera votaci\u00f3n se podr\u00e1n ver o intuir&nbsp;<strong>los juegos de las mayor\u00edas en un&nbsp;Congreso de los Diputados menos fragmentado<\/strong>&nbsp;que la pasada legislatura- ha pasado de 16 fuerzas con representaci\u00f3n a once-&nbsp;y con dos bloques ajustad\u00edsimos. Cada voto a favor o en contra va a ser crucial.<\/p>\n\n\n\n<p>Los 350 diputados elegidos en las&nbsp;<a href=\"https:\/\/www.rtve.es\/noticias\/elecciones\/generales\/\">elecciones generales del pasado 23J<\/a>&nbsp;decidir\u00e1n&nbsp;con su voto la&nbsp;<strong>Presidencia del Congreso junto con&nbsp;las cuatro Vicepresidencias y las cuatro Secretar\u00edas.<\/strong>&nbsp;Ostentar la mayor\u00eda de esa Mesa- solo el hecho de estar o no en ella- es m\u00e1s que clave para la legislatura que arranca y el devenir de la vida parlamentaria.<\/p>\n\n\n\n<p>En esta primera batalla el presidente en funciones y l\u00edder del PSOE,&nbsp;<strong>Pedro S\u00e1nchez<\/strong>, ya pondr\u00e1 a prueba el pacto que pretende para mantenerse en La Moncloa. As\u00ed, un&nbsp;<strong>acuerdo&nbsp;de PSOE con Sumar, ERC, Junts, EH Bildu, PNV y BNG<\/strong>&nbsp;posibilitar\u00eda una mayor\u00eda en la Mesa del Congreso: cinco de los nueve puestos del \u00f3rgano.&nbsp;<strong>Todos esos grupos sumar\u00edan un bloque de 178 esca\u00f1os<\/strong>.<\/p>\n\n\n\n<p>Cierto es que&nbsp;<strong>conseguir esa suma para la constituci\u00f3n de la Mesa del Congreso no supone cerrarla&nbsp;para una posible investidura<\/strong>, pero ser\u00eda un paso importante en el camino que S\u00e1nchez quiere emprender. Con el acto del 17 de agosto se pone en marcha la legislatura y se constituyen las Cortes y a partir de ah\u00ed, ya s\u00ed, empezar\u00e1&nbsp;la batalla clave de la negociaci\u00f3n para hacer presidente al ganador de las elecciones, Alberto N\u00fa\u00f1ez Feij\u00f3o, o al candidato que consiga m\u00e1s apoyo parlamentario y ese ser\u00eda Pedro S\u00e1nchez.<\/p>\n\n\n\n<h3 class=\"wp-block-heading\"><strong>Los independentistas y nacionalistas, claves para la mayor\u00eda de la Mesa<\/strong><\/h3>\n\n\n\n<p>ERC ya ha avanzado que ahora mismo las negociaciones con el PSOE se centran precisamente en los puestos de la Mesa del Congreso&nbsp;y asegura&nbsp;que&nbsp;<strong>o bien el independentismo catal\u00e1n o vasco o bien el PNV tendr\u00e1n un puesto en esa futura Mesa<\/strong>.<\/p>\n\n\n\n<p>Los republicanos afirman adem\u00e1s que&nbsp;<strong>el PSOE est\u00e1 dispuesto a posibilitar que ERC y Junts tengan grupo propio en el Congreso<\/strong>, lo que consideran un \u00abgesto de buena voluntad\u00bb para empezar a hablar.<\/p>\n","protected":false},"excerpt":{"rendered":"<p>En una semana se librar\u00e1 la&nbsp;primera batalla crucial de la decimoquinta legislatura&nbsp;y los movimientos se intensifican entre las formaciones pol\u00edticas llamadas a elegir al&nbsp;presidente o presidenta del Congreso&nbsp;y los dem\u00e1s puestos de la Mesa de la C\u00e1mara Baja, un total de nueve. El pr\u00f3ximo 17 de agosto&nbsp;tanto PP como PSOE medir\u00e1n su fuerza parlamentaria, esto [&hellip;]<\/p>\n","protected":false},"author":15,"featured_media":19729,"comment_status":"open","ping_status":"open","sticky":false,"template":"","format":"standard","meta":{"footnotes":""},"categories":[1],"tags":[],"class_list":{"0":"post-19728","1":"post","2":"type-post","3":"status-publish","4":"format-standard","5":"has-post-thumbnail","7":"category-uncategorized"},"yoast_head":"<!-- This site is optimized with the Yoast SEO plugin v27.1.1 - https:\/\/yoast.com\/product\/yoast-seo-wordpress\/ -->\n<title>La batalla por controlar la Mesa del Congreso: primer duelo entre las mayor\u00edas parlamentarias tras el 23J. - Conexi\u00f3n 23<\/title>\n<meta name=\"robots\" content=\"index, follow, max-snippet:-1, max-image-preview:large, max-video-preview:-1\" \/>\n<link rel=\"canonical\" href=\"https:\/\/conexion23.com\/?p=19728\" \/>\n<meta property=\"og:locale\" content=\"es_ES\" \/>\n<meta property=\"og:type\" content=\"article\" \/>\n<meta property=\"og:title\" content=\"La batalla por controlar la Mesa del Congreso: primer duelo entre las mayor\u00edas parlamentarias tras el 23J. - Conexi\u00f3n 23\" \/>\n<meta property=\"og:description\" content=\"En una semana se librar\u00e1 la&nbsp;primera batalla crucial de la decimoquinta legislatura&nbsp;y los movimientos se intensifican entre las formaciones pol\u00edticas llamadas a elegir al&nbsp;presidente o presidenta del Congreso&nbsp;y los dem\u00e1s puestos de la Mesa de la C\u00e1mara Baja, un total de nueve. El pr\u00f3ximo 17 de agosto&nbsp;tanto PP como PSOE medir\u00e1n su fuerza parlamentaria, esto [&hellip;]\" \/>\n<meta property=\"og:url\" content=\"https:\/\/conexion23.com\/?p=19728\" \/>\n<meta property=\"og:site_name\" content=\"Conexi\u00f3n 23\" \/>\n<meta property=\"article:publisher\" content=\"https:\/\/www.facebook.com\/conexion23com\" \/>\n<meta property=\"article:published_time\" content=\"2023-08-08T11:15:36+00:00\" \/>\n<meta property=\"article:modified_time\" content=\"2023-08-08T11:15:41+00:00\" \/>\n<meta property=\"og:image\" content=\"https:\/\/conexion23.com\/wp-content\/uploads\/2023\/08\/download-7.jpg\" \/>\n\t<meta property=\"og:image:width\" content=\"1600\" \/>\n\t<meta property=\"og:image:height\" content=\"900\" \/>\n\t<meta property=\"og:image:type\" content=\"image\/jpeg\" \/>\n<meta name=\"author\" content=\"Raffy Ben\u00edtez\" \/>\n<meta name=\"twitter:card\" content=\"summary_large_image\" \/>\n<meta name=\"twitter:label1\" content=\"Escrito por\" \/>\n\t<meta name=\"twitter:data1\" content=\"Raffy Ben\u00edtez\" \/>\n\t<meta name=\"twitter:label2\" content=\"Tiempo de lectura\" \/>\n\t<meta name=\"twitter:data2\" content=\"2 minutos\" \/>\n<script type=\"application\/ld+json\" class=\"yoast-schema-graph\">{\"@context\":\"https:\/\/schema.org\",\"@graph\":[{\"@type\":\"Article\",\"@id\":\"https:\/\/conexion23.com\/?p=19728#article\",\"isPartOf\":{\"@id\":\"https:\/\/conexion23.com\/?p=19728\"},\"author\":{\"name\":\"Raffy Ben\u00edtez\",\"@id\":\"https:\/\/conexion23.com\/#\/schema\/person\/03e36043331117e97a373299bbcd30a6\"},\"headline\":\"La batalla por controlar la Mesa del Congreso: primer duelo entre las mayor\u00edas parlamentarias tras el 23J.\",\"datePublished\":\"2023-08-08T11:15:36+00:00\",\"dateModified\":\"2023-08-08T11:15:41+00:00\",\"mainEntityOfPage\":{\"@id\":\"https:\/\/conexion23.com\/?p=19728\"},\"wordCount\":495,\"commentCount\":0,\"publisher\":{\"@id\":\"https:\/\/conexion23.com\/#organization\"},\"image\":{\"@id\":\"https:\/\/conexion23.com\/?p=19728#primaryimage\"},\"thumbnailUrl\":\"https:\/\/conexion23.com\/wp-content\/uploads\/2023\/08\/download-7.jpg\",\"articleSection\":[\"Uncategorized\"],\"inLanguage\":\"es\",\"potentialAction\":[{\"@type\":\"CommentAction\",\"name\":\"Comment\",\"target\":[\"https:\/\/conexion23.com\/?p=19728#respond\"]}]},{\"@type\":\"WebPage\",\"@id\":\"https:\/\/conexion23.com\/?p=19728\",\"url\":\"https:\/\/conexion23.com\/?p=19728\",\"name\":\"La batalla por controlar la Mesa del Congreso: primer duelo entre las mayor\u00edas parlamentarias tras el 23J. - Conexi\u00f3n 23\",\"isPartOf\":{\"@id\":\"https:\/\/conexion23.com\/#website\"},\"primaryImageOfPage\":{\"@id\":\"https:\/\/conexion23.com\/?p=19728#primaryimage\"},\"image\":{\"@id\":\"https:\/\/conexion23.com\/?p=19728#primaryimage\"},\"thumbnailUrl\":\"https:\/\/conexion23.com\/wp-content\/uploads\/2023\/08\/download-7.jpg\",\"datePublished\":\"2023-08-08T11:15:36+00:00\",\"dateModified\":\"2023-08-08T11:15:41+00:00\",\"breadcrumb\":{\"@id\":\"https:\/\/conexion23.com\/?p=19728#breadcrumb\"},\"inLanguage\":\"es\",\"potentialAction\":[{\"@type\":\"ReadAction\",\"target\":[\"https:\/\/conexion23.com\/?p=19728\"]}]},{\"@type\":\"ImageObject\",\"inLanguage\":\"es\",\"@id\":\"https:\/\/conexion23.com\/?p=19728#primaryimage\",\"url\":\"https:\/\/conexion23.com\/wp-content\/uploads\/2023\/08\/download-7.jpg\",\"contentUrl\":\"https:\/\/conexion23.com\/wp-content\/uploads\/2023\/08\/download-7.jpg\",\"width\":1600,\"height\":900},{\"@type\":\"BreadcrumbList\",\"@id\":\"https:\/\/conexion23.com\/?p=19728#breadcrumb\",\"itemListElement\":[{\"@type\":\"ListItem\",\"position\":1,\"name\":\"Portada\",\"item\":\"https:\/\/conexion23.com\/\"},{\"@type\":\"ListItem\",\"position\":2,\"name\":\"La batalla por controlar la Mesa del Congreso: primer duelo entre las mayor\u00edas parlamentarias tras el 23J.\"}]},{\"@type\":\"WebSite\",\"@id\":\"https:\/\/conexion23.com\/#website\",\"url\":\"https:\/\/conexion23.com\/\",\"name\":\"Conexi\u00f3n 23\",\"description\":\"Peri\u00f3dico 100% Petromacorisano\",\"publisher\":{\"@id\":\"https:\/\/conexion23.com\/#organization\"},\"potentialAction\":[{\"@type\":\"SearchAction\",\"target\":{\"@type\":\"EntryPoint\",\"urlTemplate\":\"https:\/\/conexion23.com\/?s={search_term_string}\"},\"query-input\":{\"@type\":\"PropertyValueSpecification\",\"valueRequired\":true,\"valueName\":\"search_term_string\"}}],\"inLanguage\":\"es\"},{\"@type\":\"Organization\",\"@id\":\"https:\/\/conexion23.com\/#organization\",\"name\":\"Conexion 23\",\"url\":\"https:\/\/conexion23.com\/\",\"logo\":{\"@type\":\"ImageObject\",\"inLanguage\":\"es\",\"@id\":\"https:\/\/conexion23.com\/#\/schema\/logo\/image\/\",\"url\":\"https:\/\/conexion23.com\/wp-content\/uploads\/2021\/11\/Diseno-sin-titulo-2.png\",\"contentUrl\":\"https:\/\/conexion23.com\/wp-content\/uploads\/2021\/11\/Diseno-sin-titulo-2.png\",\"width\":541,\"height\":90,\"caption\":\"Conexion 23\"},\"image\":{\"@id\":\"https:\/\/conexion23.com\/#\/schema\/logo\/image\/\"},\"sameAs\":[\"https:\/\/www.facebook.com\/conexion23com\",\"https:\/\/www.instagram.com\/conexion23com\/\",\"https:\/\/www.youtube.com\/channel\/UCYc7vxxFZMYLIHNsHHxPZ3Q\"]},{\"@type\":\"Person\",\"@id\":\"https:\/\/conexion23.com\/#\/schema\/person\/03e36043331117e97a373299bbcd30a6\",\"name\":\"Raffy Ben\u00edtez\",\"image\":{\"@type\":\"ImageObject\",\"inLanguage\":\"es\",\"@id\":\"https:\/\/conexion23.com\/#\/schema\/person\/image\/\",\"url\":\"https:\/\/secure.gravatar.com\/avatar\/3190a6a6c5e1b0327500f7d6c56b6242472ee6cb974cf09b401ee6b3b0798f23?s=96&d=mm&r=g\",\"contentUrl\":\"https:\/\/secure.gravatar.com\/avatar\/3190a6a6c5e1b0327500f7d6c56b6242472ee6cb974cf09b401ee6b3b0798f23?s=96&d=mm&r=g\",\"caption\":\"Raffy Ben\u00edtez\"},\"url\":\"https:\/\/conexion23.com\/?author=15\"}]}<\/script>\n<!-- \/ Yoast SEO plugin. -->","yoast_head_json":{"title":"La batalla por controlar la Mesa del Congreso: primer duelo entre las mayor\u00edas parlamentarias tras el 23J. - Conexi\u00f3n 23","robots":{"index":"index","follow":"follow","max-snippet":"max-snippet:-1","max-image-preview":"max-image-preview:large","max-video-preview":"max-video-preview:-1"},"canonical":"https:\/\/conexion23.com\/?p=19728","og_locale":"es_ES","og_type":"article","og_title":"La batalla por controlar la Mesa del Congreso: primer duelo entre las mayor\u00edas parlamentarias tras el 23J. - Conexi\u00f3n 23","og_description":"En una semana se librar\u00e1 la&nbsp;primera batalla crucial de la decimoquinta legislatura&nbsp;y los movimientos se intensifican entre las formaciones pol\u00edticas llamadas a elegir al&nbsp;presidente o presidenta del Congreso&nbsp;y los dem\u00e1s puestos de la Mesa de la C\u00e1mara Baja, un total de nueve. El pr\u00f3ximo 17 de agosto&nbsp;tanto PP como PSOE medir\u00e1n su fuerza parlamentaria, esto [&hellip;]","og_url":"https:\/\/conexion23.com\/?p=19728","og_site_name":"Conexi\u00f3n 23","article_publisher":"https:\/\/www.facebook.com\/conexion23com","article_published_time":"2023-08-08T11:15:36+00:00","article_modified_time":"2023-08-08T11:15:41+00:00","og_image":[{"width":1600,"height":900,"url":"https:\/\/conexion23.com\/wp-content\/uploads\/2023\/08\/download-7.jpg","type":"image\/jpeg"}],"author":"Raffy Ben\u00edtez","twitter_card":"summary_large_image","twitter_misc":{"Escrito por":"Raffy Ben\u00edtez","Tiempo de lectura":"2 minutos"},"schema":{"@context":"https:\/\/schema.org","@graph":[{"@type":"Article","@id":"https:\/\/conexion23.com\/?p=19728#article","isPartOf":{"@id":"https:\/\/conexion23.com\/?p=19728"},"author":{"name":"Raffy Ben\u00edtez","@id":"https:\/\/conexion23.com\/#\/schema\/person\/03e36043331117e97a373299bbcd30a6"},"headline":"La batalla por controlar la Mesa del Congreso: primer duelo entre las mayor\u00edas parlamentarias tras el 23J.","datePublished":"2023-08-08T11:15:36+00:00","dateModified":"2023-08-08T11:15:41+00:00","mainEntityOfPage":{"@id":"https:\/\/conexion23.com\/?p=19728"},"wordCount":495,"commentCount":0,"publisher":{"@id":"https:\/\/conexion23.com\/#organization"},"image":{"@id":"https:\/\/conexion23.com\/?p=19728#primaryimage"},"thumbnailUrl":"https:\/\/conexion23.com\/wp-content\/uploads\/2023\/08\/download-7.jpg","articleSection":["Uncategorized"],"inLanguage":"es","potentialAction":[{"@type":"CommentAction","name":"Comment","target":["https:\/\/conexion23.com\/?p=19728#respond"]}]},{"@type":"WebPage","@id":"https:\/\/conexion23.com\/?p=19728","url":"https:\/\/conexion23.com\/?p=19728","name":"La batalla por controlar la Mesa del Congreso: primer duelo entre las mayor\u00edas parlamentarias tras el 23J. - Conexi\u00f3n 23","isPartOf":{"@id":"https:\/\/conexion23.com\/#website"},"primaryImageOfPage":{"@id":"https:\/\/conexion23.com\/?p=19728#primaryimage"},"image":{"@id":"https:\/\/conexion23.com\/?p=19728#primaryimage"},"thumbnailUrl":"https:\/\/conexion23.com\/wp-content\/uploads\/2023\/08\/download-7.jpg","datePublished":"2023-08-08T11:15:36+00:00","dateModified":"2023-08-08T11:15:41+00:00","breadcrumb":{"@id":"https:\/\/conexion23.com\/?p=19728#breadcrumb"},"inLanguage":"es","potentialAction":[{"@type":"ReadAction","target":["https:\/\/conexion23.com\/?p=19728"]}]},{"@type":"ImageObject","inLanguage":"es","@id":"https:\/\/conexion23.com\/?p=19728#primaryimage","url":"https:\/\/conexion23.com\/wp-content\/uploads\/2023\/08\/download-7.jpg","contentUrl":"https:\/\/conexion23.com\/wp-content\/uploads\/2023\/08\/download-7.jpg","width":1600,"height":900},{"@type":"BreadcrumbList","@id":"https:\/\/conexion23.com\/?p=19728#breadcrumb","itemListElement":[{"@type":"ListItem","position":1,"name":"Portada","item":"https:\/\/conexion23.com\/"},{"@type":"ListItem","position":2,"name":"La batalla por controlar la Mesa del Congreso: primer duelo entre las mayor\u00edas parlamentarias tras el 23J."}]},{"@type":"WebSite","@id":"https:\/\/conexion23.com\/#website","url":"https:\/\/conexion23.com\/","name":"Conexi\u00f3n 23","description":"Peri\u00f3dico 100% Petromacorisano","publisher":{"@id":"https:\/\/conexion23.com\/#organization"},"potentialAction":[{"@type":"SearchAction","target":{"@type":"EntryPoint","urlTemplate":"https:\/\/conexion23.com\/?s={search_term_string}"},"query-input":{"@type":"PropertyValueSpecification","valueRequired":true,"valueName":"search_term_string"}}],"inLanguage":"es"},{"@type":"Organization","@id":"https:\/\/conexion23.com\/#organization","name":"Conexion 23","url":"https:\/\/conexion23.com\/","logo":{"@type":"ImageObject","inLanguage":"es","@id":"https:\/\/conexion23.com\/#\/schema\/logo\/image\/","url":"https:\/\/conexion23.com\/wp-content\/uploads\/2021\/11\/Diseno-sin-titulo-2.png","contentUrl":"https:\/\/conexion23.com\/wp-content\/uploads\/2021\/11\/Diseno-sin-titulo-2.png","width":541,"height":90,"caption":"Conexion 23"},"image":{"@id":"https:\/\/conexion23.com\/#\/schema\/logo\/image\/"},"sameAs":["https:\/\/www.facebook.com\/conexion23com","https:\/\/www.instagram.com\/conexion23com\/","https:\/\/www.youtube.com\/channel\/UCYc7vxxFZMYLIHNsHHxPZ3Q"]},{"@type":"Person","@id":"https:\/\/conexion23.com\/#\/schema\/person\/03e36043331117e97a373299bbcd30a6","name":"Raffy Ben\u00edtez","image":{"@type":"ImageObject","inLanguage":"es","@id":"https:\/\/conexion23.com\/#\/schema\/person\/image\/","url":"https:\/\/secure.gravatar.com\/avatar\/3190a6a6c5e1b0327500f7d6c56b6242472ee6cb974cf09b401ee6b3b0798f23?s=96&d=mm&r=g","contentUrl":"https:\/\/secure.gravatar.com\/avatar\/3190a6a6c5e1b0327500f7d6c56b6242472ee6cb974cf09b401ee6b3b0798f23?s=96&d=mm&r=g","caption":"Raffy Ben\u00edtez"},"url":"https:\/\/conexion23.com\/?author=15"}]}},"_links":{"self":[{"href":"https:\/\/conexion23.com\/index.php?rest_route=\/wp\/v2\/posts\/19728","targetHints":{"allow":["GET"]}}],"collection":[{"href":"https:\/\/conexion23.com\/index.php?rest_route=\/wp\/v2\/posts"}],"about":[{"href":"https:\/\/conexion23.com\/index.php?rest_route=\/wp\/v2\/types\/post"}],"author":[{"embeddable":true,"href":"https:\/\/conexion23.com\/index.php?rest_route=\/wp\/v2\/users\/15"}],"replies":[{"embeddable":true,"href":"https:\/\/conexion23.com\/index.php?rest_route=%2Fwp%2Fv2%2Fcomments&post=19728"}],"version-history":[{"count":1,"href":"https:\/\/conexion23.com\/index.php?rest_route=\/wp\/v2\/posts\/19728\/revisions"}],"predecessor-version":[{"id":19730,"href":"https:\/\/conexion23.com\/index.php?rest_route=\/wp\/v2\/posts\/19728\/revisions\/19730"}],"wp:featuredmedia":[{"embeddable":true,"href":"https:\/\/conexion23.com\/index.php?rest_route=\/wp\/v2\/media\/19729"}],"wp:attachment":[{"href":"https:\/\/conexion23.com\/index.php?rest_route=%2Fwp%2Fv2%2Fmedia&parent=19728"}],"wp:term":[{"taxonomy":"category","embeddable":true,"href":"https:\/\/conexion23.com\/index.php?rest_route=%2Fwp%2Fv2%2Fcategories&post=19728"},{"taxonomy":"post_tag","embeddable":true,"href":"https:\/\/conexion23.com\/index.php?rest_route=%2Fwp%2Fv2%2Ftags&post=19728"}],"curies":[{"name":"wp","href":"https:\/\/api.w.org\/{rel}","templated":true}]}}