{"id":19731,"date":"2023-08-08T07:20:33","date_gmt":"2023-08-08T11:20:33","guid":{"rendered":"https:\/\/conexion23.com\/?p=19731"},"modified":"2023-08-08T07:20:36","modified_gmt":"2023-08-08T11:20:36","slug":"miles-de-personas-protestan-en-haiti-para-exigir-seguridad-ante-violencia-de-pandillas","status":"publish","type":"post","link":"https:\/\/conexion23.com\/?p=19731","title":{"rendered":"Miles de personas protestan en Hait\u00ed para exigir seguridad ante violencia de pandillas."},"content":{"rendered":"\n<p>Con el rostro cubierto para ocultar sus identidades, miles de personas marcharon el lunes por la capital haitiana para exigir protecci\u00f3n ante la violencia de las pandillas que saquean los barrios de la capital, Puerto Pr\u00edncipe, y otros punto de Hait\u00ed.<\/p>\n\n\n\n<p>La vida cotidiana en los haitianos se ha visto alterada por la incesante violencia de las pandillas, lo que ha empeorado la pobreza en todo el pa\u00eds mientras espera de una decisi\u00f3n del Consejo de Seguridad de Naciones Unidas sobre el posible despliegue de una fuerza armada internacional.<\/p>\n\n\n\n<p>\u201c\u00a1Queremos seguridad!\u201d, core\u00f3 la multitud durante su marcha de m\u00e1s de dos horas desde la conflictiva comunidad de Carrefour-Feuilles hasta Champ de Mars, en el centro de la ciudad, y luego a la residencia oficial del primer ministro, donde la polic\u00eda disolvi\u00f3 la protesta con gas lacrim\u00f3geno.<\/p>\n\n\n\n<p>\u201cNo puedo trabajar, no puedo salir. Me siento como prisionera en mi propia casa\u201d, se\u00f1al\u00f3 Wilene Joseph, una vendedora ambulante de 36 a\u00f1os y madre de dos hijos que se uni\u00f3 a la marcha por frustraci\u00f3n.<\/p>\n\n\n\n<p>\u201cMe preocupa que le disparen a mis hijos porque las balas vuelan incesantemente en todas direcciones\u201d, dijo Joseph sobre sus hijos, de 5 y 7 a\u00f1os. \u201cLa situaci\u00f3n es inaceptable\u201d.<\/p>\n\n\n\n<p>De acuerdo con expertos, desde el asesinato del presidente Jovenel Mo\u00efse en 2021 las pandillas han tomado el control de hasta el 80% de Puerto Pr\u00edncipe, matando, violando y sembrando el terror en comunidades que de antemano sufr\u00edan de una pobreza end\u00e9mica.<\/p>\n\n\n\n<p>De enero a marzo, m\u00e1s de 1.600 personas han sido asesinadas, heridas o secuestradas, un aumento de casi el 30% en comparaci\u00f3n con los \u00faltimos tres meses de 2022, seg\u00fan el informe m\u00e1s reciente de la ONU.<\/p>\n\n\n\n<p>El lunes, la UNICEF report\u00f3 un \u201caumento alarmante\u201d en los secuestros, con alrededor de 300 casos confirmados en lo que va del a\u00f1o, casi igualando el n\u00famero reportado para todo el a\u00f1o pasado y casi tres veces el total de 2021.<\/p>\n","protected":false},"excerpt":{"rendered":"<p>Con el rostro cubierto para ocultar sus identidades, miles de personas marcharon el lunes por la capital haitiana para exigir protecci\u00f3n ante la violencia de las pandillas que saquean los barrios de la capital, Puerto Pr\u00edncipe, y otros punto de Hait\u00ed. La vida cotidiana en los haitianos se ha visto alterada por la incesante violencia [&hellip;]<\/p>\n","protected":false},"author":15,"featured_media":19732,"comment_status":"open","ping_status":"open","sticky":false,"template":"","format":"standard","meta":{"footnotes":""},"categories":[1],"tags":[],"class_list":{"0":"post-19731","1":"post","2":"type-post","3":"status-publish","4":"format-standard","5":"has-post-thumbnail","7":"category-uncategorized"},"yoast_head":"<!-- This site is optimized with the Yoast SEO plugin v27.1.1 - https:\/\/yoast.com\/product\/yoast-seo-wordpress\/ -->\n<title>Miles de personas protestan en Hait\u00ed para exigir seguridad ante violencia de pandillas. - Conexi\u00f3n 23<\/title>\n<meta name=\"robots\" content=\"index, follow, max-snippet:-1, max-image-preview:large, max-video-preview:-1\" \/>\n<link rel=\"canonical\" href=\"https:\/\/conexion23.com\/?p=19731\" \/>\n<meta property=\"og:locale\" content=\"es_ES\" \/>\n<meta property=\"og:type\" content=\"article\" \/>\n<meta property=\"og:title\" content=\"Miles de personas protestan en Hait\u00ed para exigir seguridad ante violencia de pandillas. - Conexi\u00f3n 23\" \/>\n<meta property=\"og:description\" content=\"Con el rostro cubierto para ocultar sus identidades, miles de personas marcharon el lunes por la capital haitiana para exigir protecci\u00f3n ante la violencia de las pandillas que saquean los barrios de la capital, Puerto Pr\u00edncipe, y otros punto de Hait\u00ed. La vida cotidiana en los haitianos se ha visto alterada por la incesante violencia [&hellip;]\" \/>\n<meta property=\"og:url\" content=\"https:\/\/conexion23.com\/?p=19731\" \/>\n<meta property=\"og:site_name\" content=\"Conexi\u00f3n 23\" \/>\n<meta property=\"article:publisher\" content=\"https:\/\/www.facebook.com\/conexion23com\" \/>\n<meta property=\"article:published_time\" content=\"2023-08-08T11:20:33+00:00\" \/>\n<meta property=\"article:modified_time\" content=\"2023-08-08T11:20:36+00:00\" \/>\n<meta property=\"og:image\" content=\"https:\/\/conexion23.com\/wp-content\/uploads\/2023\/08\/64d18bc7a78ce.jpeg\" \/>\n\t<meta property=\"og:image:width\" content=\"800\" \/>\n\t<meta property=\"og:image:height\" content=\"448\" \/>\n\t<meta property=\"og:image:type\" content=\"image\/jpeg\" \/>\n<meta name=\"author\" content=\"Raffy Ben\u00edtez\" \/>\n<meta name=\"twitter:card\" content=\"summary_large_image\" \/>\n<meta name=\"twitter:label1\" content=\"Escrito por\" \/>\n\t<meta name=\"twitter:data1\" content=\"Raffy Ben\u00edtez\" \/>\n\t<meta name=\"twitter:label2\" content=\"Tiempo de lectura\" \/>\n\t<meta name=\"twitter:data2\" content=\"2 minutos\" \/>\n<script type=\"application\/ld+json\" class=\"yoast-schema-graph\">{\"@context\":\"https:\/\/schema.org\",\"@graph\":[{\"@type\":\"Article\",\"@id\":\"https:\/\/conexion23.com\/?p=19731#article\",\"isPartOf\":{\"@id\":\"https:\/\/conexion23.com\/?p=19731\"},\"author\":{\"name\":\"Raffy Ben\u00edtez\",\"@id\":\"https:\/\/conexion23.com\/#\/schema\/person\/03e36043331117e97a373299bbcd30a6\"},\"headline\":\"Miles de personas protestan en Hait\u00ed para exigir seguridad ante violencia de pandillas.\",\"datePublished\":\"2023-08-08T11:20:33+00:00\",\"dateModified\":\"2023-08-08T11:20:36+00:00\",\"mainEntityOfPage\":{\"@id\":\"https:\/\/conexion23.com\/?p=19731\"},\"wordCount\":348,\"commentCount\":0,\"publisher\":{\"@id\":\"https:\/\/conexion23.com\/#organization\"},\"image\":{\"@id\":\"https:\/\/conexion23.com\/?p=19731#primaryimage\"},\"thumbnailUrl\":\"https:\/\/conexion23.com\/wp-content\/uploads\/2023\/08\/64d18bc7a78ce.jpeg\",\"articleSection\":[\"Uncategorized\"],\"inLanguage\":\"es\",\"potentialAction\":[{\"@type\":\"CommentAction\",\"name\":\"Comment\",\"target\":[\"https:\/\/conexion23.com\/?p=19731#respond\"]}]},{\"@type\":\"WebPage\",\"@id\":\"https:\/\/conexion23.com\/?p=19731\",\"url\":\"https:\/\/conexion23.com\/?p=19731\",\"name\":\"Miles de personas protestan en Hait\u00ed para exigir seguridad ante violencia de pandillas. - Conexi\u00f3n 23\",\"isPartOf\":{\"@id\":\"https:\/\/conexion23.com\/#website\"},\"primaryImageOfPage\":{\"@id\":\"https:\/\/conexion23.com\/?p=19731#primaryimage\"},\"image\":{\"@id\":\"https:\/\/conexion23.com\/?p=19731#primaryimage\"},\"thumbnailUrl\":\"https:\/\/conexion23.com\/wp-content\/uploads\/2023\/08\/64d18bc7a78ce.jpeg\",\"datePublished\":\"2023-08-08T11:20:33+00:00\",\"dateModified\":\"2023-08-08T11:20:36+00:00\",\"breadcrumb\":{\"@id\":\"https:\/\/conexion23.com\/?p=19731#breadcrumb\"},\"inLanguage\":\"es\",\"potentialAction\":[{\"@type\":\"ReadAction\",\"target\":[\"https:\/\/conexion23.com\/?p=19731\"]}]},{\"@type\":\"ImageObject\",\"inLanguage\":\"es\",\"@id\":\"https:\/\/conexion23.com\/?p=19731#primaryimage\",\"url\":\"https:\/\/conexion23.com\/wp-content\/uploads\/2023\/08\/64d18bc7a78ce.jpeg\",\"contentUrl\":\"https:\/\/conexion23.com\/wp-content\/uploads\/2023\/08\/64d18bc7a78ce.jpeg\",\"width\":800,\"height\":448},{\"@type\":\"BreadcrumbList\",\"@id\":\"https:\/\/conexion23.com\/?p=19731#breadcrumb\",\"itemListElement\":[{\"@type\":\"ListItem\",\"position\":1,\"name\":\"Portada\",\"item\":\"https:\/\/conexion23.com\/\"},{\"@type\":\"ListItem\",\"position\":2,\"name\":\"Miles de personas protestan en Hait\u00ed para exigir seguridad ante violencia de pandillas.\"}]},{\"@type\":\"WebSite\",\"@id\":\"https:\/\/conexion23.com\/#website\",\"url\":\"https:\/\/conexion23.com\/\",\"name\":\"Conexi\u00f3n 23\",\"description\":\"Peri\u00f3dico 100% Petromacorisano\",\"publisher\":{\"@id\":\"https:\/\/conexion23.com\/#organization\"},\"potentialAction\":[{\"@type\":\"SearchAction\",\"target\":{\"@type\":\"EntryPoint\",\"urlTemplate\":\"https:\/\/conexion23.com\/?s={search_term_string}\"},\"query-input\":{\"@type\":\"PropertyValueSpecification\",\"valueRequired\":true,\"valueName\":\"search_term_string\"}}],\"inLanguage\":\"es\"},{\"@type\":\"Organization\",\"@id\":\"https:\/\/conexion23.com\/#organization\",\"name\":\"Conexion 23\",\"url\":\"https:\/\/conexion23.com\/\",\"logo\":{\"@type\":\"ImageObject\",\"inLanguage\":\"es\",\"@id\":\"https:\/\/conexion23.com\/#\/schema\/logo\/image\/\",\"url\":\"https:\/\/conexion23.com\/wp-content\/uploads\/2021\/11\/Diseno-sin-titulo-2.png\",\"contentUrl\":\"https:\/\/conexion23.com\/wp-content\/uploads\/2021\/11\/Diseno-sin-titulo-2.png\",\"width\":541,\"height\":90,\"caption\":\"Conexion 23\"},\"image\":{\"@id\":\"https:\/\/conexion23.com\/#\/schema\/logo\/image\/\"},\"sameAs\":[\"https:\/\/www.facebook.com\/conexion23com\",\"https:\/\/www.instagram.com\/conexion23com\/\",\"https:\/\/www.youtube.com\/channel\/UCYc7vxxFZMYLIHNsHHxPZ3Q\"]},{\"@type\":\"Person\",\"@id\":\"https:\/\/conexion23.com\/#\/schema\/person\/03e36043331117e97a373299bbcd30a6\",\"name\":\"Raffy Ben\u00edtez\",\"image\":{\"@type\":\"ImageObject\",\"inLanguage\":\"es\",\"@id\":\"https:\/\/conexion23.com\/#\/schema\/person\/image\/\",\"url\":\"https:\/\/secure.gravatar.com\/avatar\/3190a6a6c5e1b0327500f7d6c56b6242472ee6cb974cf09b401ee6b3b0798f23?s=96&d=mm&r=g\",\"contentUrl\":\"https:\/\/secure.gravatar.com\/avatar\/3190a6a6c5e1b0327500f7d6c56b6242472ee6cb974cf09b401ee6b3b0798f23?s=96&d=mm&r=g\",\"caption\":\"Raffy Ben\u00edtez\"},\"url\":\"https:\/\/conexion23.com\/?author=15\"}]}<\/script>\n<!-- \/ Yoast SEO plugin. -->","yoast_head_json":{"title":"Miles de personas protestan en Hait\u00ed para exigir seguridad ante violencia de pandillas. - Conexi\u00f3n 23","robots":{"index":"index","follow":"follow","max-snippet":"max-snippet:-1","max-image-preview":"max-image-preview:large","max-video-preview":"max-video-preview:-1"},"canonical":"https:\/\/conexion23.com\/?p=19731","og_locale":"es_ES","og_type":"article","og_title":"Miles de personas protestan en Hait\u00ed para exigir seguridad ante violencia de pandillas. - Conexi\u00f3n 23","og_description":"Con el rostro cubierto para ocultar sus identidades, miles de personas marcharon el lunes por la capital haitiana para exigir protecci\u00f3n ante la violencia de las pandillas que saquean los barrios de la capital, Puerto Pr\u00edncipe, y otros punto de Hait\u00ed. La vida cotidiana en los haitianos se ha visto alterada por la incesante violencia [&hellip;]","og_url":"https:\/\/conexion23.com\/?p=19731","og_site_name":"Conexi\u00f3n 23","article_publisher":"https:\/\/www.facebook.com\/conexion23com","article_published_time":"2023-08-08T11:20:33+00:00","article_modified_time":"2023-08-08T11:20:36+00:00","og_image":[{"width":800,"height":448,"url":"https:\/\/conexion23.com\/wp-content\/uploads\/2023\/08\/64d18bc7a78ce.jpeg","type":"image\/jpeg"}],"author":"Raffy Ben\u00edtez","twitter_card":"summary_large_image","twitter_misc":{"Escrito por":"Raffy Ben\u00edtez","Tiempo de lectura":"2 minutos"},"schema":{"@context":"https:\/\/schema.org","@graph":[{"@type":"Article","@id":"https:\/\/conexion23.com\/?p=19731#article","isPartOf":{"@id":"https:\/\/conexion23.com\/?p=19731"},"author":{"name":"Raffy Ben\u00edtez","@id":"https:\/\/conexion23.com\/#\/schema\/person\/03e36043331117e97a373299bbcd30a6"},"headline":"Miles de personas protestan en Hait\u00ed para exigir seguridad ante violencia de pandillas.","datePublished":"2023-08-08T11:20:33+00:00","dateModified":"2023-08-08T11:20:36+00:00","mainEntityOfPage":{"@id":"https:\/\/conexion23.com\/?p=19731"},"wordCount":348,"commentCount":0,"publisher":{"@id":"https:\/\/conexion23.com\/#organization"},"image":{"@id":"https:\/\/conexion23.com\/?p=19731#primaryimage"},"thumbnailUrl":"https:\/\/conexion23.com\/wp-content\/uploads\/2023\/08\/64d18bc7a78ce.jpeg","articleSection":["Uncategorized"],"inLanguage":"es","potentialAction":[{"@type":"CommentAction","name":"Comment","target":["https:\/\/conexion23.com\/?p=19731#respond"]}]},{"@type":"WebPage","@id":"https:\/\/conexion23.com\/?p=19731","url":"https:\/\/conexion23.com\/?p=19731","name":"Miles de personas protestan en Hait\u00ed para exigir seguridad ante violencia de pandillas. - Conexi\u00f3n 23","isPartOf":{"@id":"https:\/\/conexion23.com\/#website"},"primaryImageOfPage":{"@id":"https:\/\/conexion23.com\/?p=19731#primaryimage"},"image":{"@id":"https:\/\/conexion23.com\/?p=19731#primaryimage"},"thumbnailUrl":"https:\/\/conexion23.com\/wp-content\/uploads\/2023\/08\/64d18bc7a78ce.jpeg","datePublished":"2023-08-08T11:20:33+00:00","dateModified":"2023-08-08T11:20:36+00:00","breadcrumb":{"@id":"https:\/\/conexion23.com\/?p=19731#breadcrumb"},"inLanguage":"es","potentialAction":[{"@type":"ReadAction","target":["https:\/\/conexion23.com\/?p=19731"]}]},{"@type":"ImageObject","inLanguage":"es","@id":"https:\/\/conexion23.com\/?p=19731#primaryimage","url":"https:\/\/conexion23.com\/wp-content\/uploads\/2023\/08\/64d18bc7a78ce.jpeg","contentUrl":"https:\/\/conexion23.com\/wp-content\/uploads\/2023\/08\/64d18bc7a78ce.jpeg","width":800,"height":448},{"@type":"BreadcrumbList","@id":"https:\/\/conexion23.com\/?p=19731#breadcrumb","itemListElement":[{"@type":"ListItem","position":1,"name":"Portada","item":"https:\/\/conexion23.com\/"},{"@type":"ListItem","position":2,"name":"Miles de personas protestan en Hait\u00ed para exigir seguridad ante violencia de pandillas."}]},{"@type":"WebSite","@id":"https:\/\/conexion23.com\/#website","url":"https:\/\/conexion23.com\/","name":"Conexi\u00f3n 23","description":"Peri\u00f3dico 100% Petromacorisano","publisher":{"@id":"https:\/\/conexion23.com\/#organization"},"potentialAction":[{"@type":"SearchAction","target":{"@type":"EntryPoint","urlTemplate":"https:\/\/conexion23.com\/?s={search_term_string}"},"query-input":{"@type":"PropertyValueSpecification","valueRequired":true,"valueName":"search_term_string"}}],"inLanguage":"es"},{"@type":"Organization","@id":"https:\/\/conexion23.com\/#organization","name":"Conexion 23","url":"https:\/\/conexion23.com\/","logo":{"@type":"ImageObject","inLanguage":"es","@id":"https:\/\/conexion23.com\/#\/schema\/logo\/image\/","url":"https:\/\/conexion23.com\/wp-content\/uploads\/2021\/11\/Diseno-sin-titulo-2.png","contentUrl":"https:\/\/conexion23.com\/wp-content\/uploads\/2021\/11\/Diseno-sin-titulo-2.png","width":541,"height":90,"caption":"Conexion 23"},"image":{"@id":"https:\/\/conexion23.com\/#\/schema\/logo\/image\/"},"sameAs":["https:\/\/www.facebook.com\/conexion23com","https:\/\/www.instagram.com\/conexion23com\/","https:\/\/www.youtube.com\/channel\/UCYc7vxxFZMYLIHNsHHxPZ3Q"]},{"@type":"Person","@id":"https:\/\/conexion23.com\/#\/schema\/person\/03e36043331117e97a373299bbcd30a6","name":"Raffy Ben\u00edtez","image":{"@type":"ImageObject","inLanguage":"es","@id":"https:\/\/conexion23.com\/#\/schema\/person\/image\/","url":"https:\/\/secure.gravatar.com\/avatar\/3190a6a6c5e1b0327500f7d6c56b6242472ee6cb974cf09b401ee6b3b0798f23?s=96&d=mm&r=g","contentUrl":"https:\/\/secure.gravatar.com\/avatar\/3190a6a6c5e1b0327500f7d6c56b6242472ee6cb974cf09b401ee6b3b0798f23?s=96&d=mm&r=g","caption":"Raffy Ben\u00edtez"},"url":"https:\/\/conexion23.com\/?author=15"}]}},"_links":{"self":[{"href":"https:\/\/conexion23.com\/index.php?rest_route=\/wp\/v2\/posts\/19731","targetHints":{"allow":["GET"]}}],"collection":[{"href":"https:\/\/conexion23.com\/index.php?rest_route=\/wp\/v2\/posts"}],"about":[{"href":"https:\/\/conexion23.com\/index.php?rest_route=\/wp\/v2\/types\/post"}],"author":[{"embeddable":true,"href":"https:\/\/conexion23.com\/index.php?rest_route=\/wp\/v2\/users\/15"}],"replies":[{"embeddable":true,"href":"https:\/\/conexion23.com\/index.php?rest_route=%2Fwp%2Fv2%2Fcomments&post=19731"}],"version-history":[{"count":1,"href":"https:\/\/conexion23.com\/index.php?rest_route=\/wp\/v2\/posts\/19731\/revisions"}],"predecessor-version":[{"id":19733,"href":"https:\/\/conexion23.com\/index.php?rest_route=\/wp\/v2\/posts\/19731\/revisions\/19733"}],"wp:featuredmedia":[{"embeddable":true,"href":"https:\/\/conexion23.com\/index.php?rest_route=\/wp\/v2\/media\/19732"}],"wp:attachment":[{"href":"https:\/\/conexion23.com\/index.php?rest_route=%2Fwp%2Fv2%2Fmedia&parent=19731"}],"wp:term":[{"taxonomy":"category","embeddable":true,"href":"https:\/\/conexion23.com\/index.php?rest_route=%2Fwp%2Fv2%2Fcategories&post=19731"},{"taxonomy":"post_tag","embeddable":true,"href":"https:\/\/conexion23.com\/index.php?rest_route=%2Fwp%2Fv2%2Ftags&post=19731"}],"curies":[{"name":"wp","href":"https:\/\/api.w.org\/{rel}","templated":true}]}}