{"id":19744,"date":"2023-08-08T07:36:05","date_gmt":"2023-08-08T11:36:05","guid":{"rendered":"https:\/\/conexion23.com\/?p=19744"},"modified":"2023-08-08T07:36:07","modified_gmt":"2023-08-08T11:36:07","slug":"asesinan-en-brasil-a-exconcejal-que-fue-testigo-en-el-caso-de-marielle-franco","status":"publish","type":"post","link":"https:\/\/conexion23.com\/?p=19744","title":{"rendered":"Asesinan en Brasil a exconcejal que fue testigo en el caso de Marielle Franco."},"content":{"rendered":"\n<p>El exconcejal de R\u00edo de Janeiro Jair Babosa Tavares, conocido como Zico Bacana y quien fue testigo durante las investigaciones por la muerte de su entonces colega&nbsp;<strong>Marielle Franco<\/strong>&nbsp;en 2018, fue asesinado este lunes a tiros junto a su hermano.<\/p>\n\n\n\n<p>Zico Bacana, quien sobrevivi\u00f3 en 2020 a un atentado similar y ya fue investigado por su presunto v\u00ednculo con grupos paramilitares que operan en R\u00edo de Janeiro, fue muerto dentro de una panader\u00eda en la zona norte de la ciudad, de acuerdo con la Polic\u00eda.<\/p>\n\n\n\n<p>Junto al exconcejal de 53 a\u00f1os, quien fue paracaidista de la Polic\u00eda Militarizada, fue asesinado tambi\u00e9n su hermano Jorge Tavares, mientras que su escolta result\u00f3 herido al parecer sin gravedad.<\/p>\n\n\n\n<p>El pol\u00edtico falleci\u00f3 en el Hospital Municipal Albert Schweitzer, mientras que su hermano fue atendido en el Hospital Carlos Chagas, pero tampoco sobrevivi\u00f3 a las heridas con arma de fuego provocadas por desconocidos que despu\u00e9s de tirotearlos huyeron en un autom\u00f3vil.<\/p>\n\n\n\n<p>El exlegislador municipal nunca fue vinculado a la muerte de Franco y de su chofer Anderson Gomes cuando sal\u00edan de una reuni\u00f3n pol\u00edtica con activistas mujeres en el centro de R\u00edo de Janeiro, pero fue escuchado en calidad de testigo.<\/p>\n","protected":false},"excerpt":{"rendered":"<p>El exconcejal de R\u00edo de Janeiro Jair Babosa Tavares, conocido como Zico Bacana y quien fue testigo durante las investigaciones por la muerte de su entonces colega&nbsp;Marielle Franco&nbsp;en 2018, fue asesinado este lunes a tiros junto a su hermano. Zico Bacana, quien sobrevivi\u00f3 en 2020 a un atentado similar y ya fue investigado por su [&hellip;]<\/p>\n","protected":false},"author":15,"featured_media":19745,"comment_status":"open","ping_status":"open","sticky":false,"template":"","format":"standard","meta":{"footnotes":""},"categories":[1],"tags":[],"class_list":{"0":"post-19744","1":"post","2":"type-post","3":"status-publish","4":"format-standard","5":"has-post-thumbnail","7":"category-uncategorized"},"yoast_head":"<!-- This site is optimized with the Yoast SEO plugin v27.1.1 - https:\/\/yoast.com\/product\/yoast-seo-wordpress\/ -->\n<title>Asesinan en Brasil a exconcejal que fue testigo en el caso de Marielle Franco. - Conexi\u00f3n 23<\/title>\n<meta name=\"robots\" content=\"index, follow, max-snippet:-1, max-image-preview:large, max-video-preview:-1\" \/>\n<link rel=\"canonical\" href=\"https:\/\/conexion23.com\/?p=19744\" \/>\n<meta property=\"og:locale\" content=\"es_ES\" \/>\n<meta property=\"og:type\" content=\"article\" \/>\n<meta property=\"og:title\" content=\"Asesinan en Brasil a exconcejal que fue testigo en el caso de Marielle Franco. - Conexi\u00f3n 23\" \/>\n<meta property=\"og:description\" content=\"El exconcejal de R\u00edo de Janeiro Jair Babosa Tavares, conocido como Zico Bacana y quien fue testigo durante las investigaciones por la muerte de su entonces colega&nbsp;Marielle Franco&nbsp;en 2018, fue asesinado este lunes a tiros junto a su hermano. Zico Bacana, quien sobrevivi\u00f3 en 2020 a un atentado similar y ya fue investigado por su [&hellip;]\" \/>\n<meta property=\"og:url\" content=\"https:\/\/conexion23.com\/?p=19744\" \/>\n<meta property=\"og:site_name\" content=\"Conexi\u00f3n 23\" \/>\n<meta property=\"article:publisher\" content=\"https:\/\/www.facebook.com\/conexion23com\" \/>\n<meta property=\"article:published_time\" content=\"2023-08-08T11:36:05+00:00\" \/>\n<meta property=\"article:modified_time\" content=\"2023-08-08T11:36:07+00:00\" \/>\n<meta property=\"og:image\" content=\"https:\/\/conexion23.com\/wp-content\/uploads\/2023\/08\/755473-zico-20bacana-76e68519-focus-min0.34-0.17-896-504.jpg\" \/>\n\t<meta property=\"og:image:width\" content=\"896\" \/>\n\t<meta property=\"og:image:height\" content=\"504\" \/>\n\t<meta property=\"og:image:type\" content=\"image\/jpeg\" \/>\n<meta name=\"author\" content=\"Raffy Ben\u00edtez\" \/>\n<meta name=\"twitter:card\" content=\"summary_large_image\" \/>\n<meta name=\"twitter:label1\" content=\"Escrito por\" \/>\n\t<meta name=\"twitter:data1\" content=\"Raffy Ben\u00edtez\" \/>\n\t<meta name=\"twitter:label2\" content=\"Tiempo de lectura\" \/>\n\t<meta name=\"twitter:data2\" content=\"1 minuto\" \/>\n<script type=\"application\/ld+json\" class=\"yoast-schema-graph\">{\"@context\":\"https:\/\/schema.org\",\"@graph\":[{\"@type\":\"Article\",\"@id\":\"https:\/\/conexion23.com\/?p=19744#article\",\"isPartOf\":{\"@id\":\"https:\/\/conexion23.com\/?p=19744\"},\"author\":{\"name\":\"Raffy Ben\u00edtez\",\"@id\":\"https:\/\/conexion23.com\/#\/schema\/person\/03e36043331117e97a373299bbcd30a6\"},\"headline\":\"Asesinan en Brasil a exconcejal que fue testigo en el caso de Marielle Franco.\",\"datePublished\":\"2023-08-08T11:36:05+00:00\",\"dateModified\":\"2023-08-08T11:36:07+00:00\",\"mainEntityOfPage\":{\"@id\":\"https:\/\/conexion23.com\/?p=19744\"},\"wordCount\":225,\"commentCount\":0,\"publisher\":{\"@id\":\"https:\/\/conexion23.com\/#organization\"},\"image\":{\"@id\":\"https:\/\/conexion23.com\/?p=19744#primaryimage\"},\"thumbnailUrl\":\"https:\/\/conexion23.com\/wp-content\/uploads\/2023\/08\/755473-zico-20bacana-76e68519-focus-min0.34-0.17-896-504.jpg\",\"articleSection\":[\"Uncategorized\"],\"inLanguage\":\"es\",\"potentialAction\":[{\"@type\":\"CommentAction\",\"name\":\"Comment\",\"target\":[\"https:\/\/conexion23.com\/?p=19744#respond\"]}]},{\"@type\":\"WebPage\",\"@id\":\"https:\/\/conexion23.com\/?p=19744\",\"url\":\"https:\/\/conexion23.com\/?p=19744\",\"name\":\"Asesinan en Brasil a exconcejal que fue testigo en el caso de Marielle Franco. - Conexi\u00f3n 23\",\"isPartOf\":{\"@id\":\"https:\/\/conexion23.com\/#website\"},\"primaryImageOfPage\":{\"@id\":\"https:\/\/conexion23.com\/?p=19744#primaryimage\"},\"image\":{\"@id\":\"https:\/\/conexion23.com\/?p=19744#primaryimage\"},\"thumbnailUrl\":\"https:\/\/conexion23.com\/wp-content\/uploads\/2023\/08\/755473-zico-20bacana-76e68519-focus-min0.34-0.17-896-504.jpg\",\"datePublished\":\"2023-08-08T11:36:05+00:00\",\"dateModified\":\"2023-08-08T11:36:07+00:00\",\"breadcrumb\":{\"@id\":\"https:\/\/conexion23.com\/?p=19744#breadcrumb\"},\"inLanguage\":\"es\",\"potentialAction\":[{\"@type\":\"ReadAction\",\"target\":[\"https:\/\/conexion23.com\/?p=19744\"]}]},{\"@type\":\"ImageObject\",\"inLanguage\":\"es\",\"@id\":\"https:\/\/conexion23.com\/?p=19744#primaryimage\",\"url\":\"https:\/\/conexion23.com\/wp-content\/uploads\/2023\/08\/755473-zico-20bacana-76e68519-focus-min0.34-0.17-896-504.jpg\",\"contentUrl\":\"https:\/\/conexion23.com\/wp-content\/uploads\/2023\/08\/755473-zico-20bacana-76e68519-focus-min0.34-0.17-896-504.jpg\",\"width\":896,\"height\":504},{\"@type\":\"BreadcrumbList\",\"@id\":\"https:\/\/conexion23.com\/?p=19744#breadcrumb\",\"itemListElement\":[{\"@type\":\"ListItem\",\"position\":1,\"name\":\"Portada\",\"item\":\"https:\/\/conexion23.com\/\"},{\"@type\":\"ListItem\",\"position\":2,\"name\":\"Asesinan en Brasil a exconcejal que fue testigo en el caso de Marielle Franco.\"}]},{\"@type\":\"WebSite\",\"@id\":\"https:\/\/conexion23.com\/#website\",\"url\":\"https:\/\/conexion23.com\/\",\"name\":\"Conexi\u00f3n 23\",\"description\":\"Peri\u00f3dico 100% Petromacorisano\",\"publisher\":{\"@id\":\"https:\/\/conexion23.com\/#organization\"},\"potentialAction\":[{\"@type\":\"SearchAction\",\"target\":{\"@type\":\"EntryPoint\",\"urlTemplate\":\"https:\/\/conexion23.com\/?s={search_term_string}\"},\"query-input\":{\"@type\":\"PropertyValueSpecification\",\"valueRequired\":true,\"valueName\":\"search_term_string\"}}],\"inLanguage\":\"es\"},{\"@type\":\"Organization\",\"@id\":\"https:\/\/conexion23.com\/#organization\",\"name\":\"Conexion 23\",\"url\":\"https:\/\/conexion23.com\/\",\"logo\":{\"@type\":\"ImageObject\",\"inLanguage\":\"es\",\"@id\":\"https:\/\/conexion23.com\/#\/schema\/logo\/image\/\",\"url\":\"https:\/\/conexion23.com\/wp-content\/uploads\/2021\/11\/Diseno-sin-titulo-2.png\",\"contentUrl\":\"https:\/\/conexion23.com\/wp-content\/uploads\/2021\/11\/Diseno-sin-titulo-2.png\",\"width\":541,\"height\":90,\"caption\":\"Conexion 23\"},\"image\":{\"@id\":\"https:\/\/conexion23.com\/#\/schema\/logo\/image\/\"},\"sameAs\":[\"https:\/\/www.facebook.com\/conexion23com\",\"https:\/\/www.instagram.com\/conexion23com\/\",\"https:\/\/www.youtube.com\/channel\/UCYc7vxxFZMYLIHNsHHxPZ3Q\"]},{\"@type\":\"Person\",\"@id\":\"https:\/\/conexion23.com\/#\/schema\/person\/03e36043331117e97a373299bbcd30a6\",\"name\":\"Raffy Ben\u00edtez\",\"image\":{\"@type\":\"ImageObject\",\"inLanguage\":\"es\",\"@id\":\"https:\/\/conexion23.com\/#\/schema\/person\/image\/\",\"url\":\"https:\/\/secure.gravatar.com\/avatar\/3190a6a6c5e1b0327500f7d6c56b6242472ee6cb974cf09b401ee6b3b0798f23?s=96&d=mm&r=g\",\"contentUrl\":\"https:\/\/secure.gravatar.com\/avatar\/3190a6a6c5e1b0327500f7d6c56b6242472ee6cb974cf09b401ee6b3b0798f23?s=96&d=mm&r=g\",\"caption\":\"Raffy Ben\u00edtez\"},\"url\":\"https:\/\/conexion23.com\/?author=15\"}]}<\/script>\n<!-- \/ Yoast SEO plugin. -->","yoast_head_json":{"title":"Asesinan en Brasil a exconcejal que fue testigo en el caso de Marielle Franco. - Conexi\u00f3n 23","robots":{"index":"index","follow":"follow","max-snippet":"max-snippet:-1","max-image-preview":"max-image-preview:large","max-video-preview":"max-video-preview:-1"},"canonical":"https:\/\/conexion23.com\/?p=19744","og_locale":"es_ES","og_type":"article","og_title":"Asesinan en Brasil a exconcejal que fue testigo en el caso de Marielle Franco. - Conexi\u00f3n 23","og_description":"El exconcejal de R\u00edo de Janeiro Jair Babosa Tavares, conocido como Zico Bacana y quien fue testigo durante las investigaciones por la muerte de su entonces colega&nbsp;Marielle Franco&nbsp;en 2018, fue asesinado este lunes a tiros junto a su hermano. Zico Bacana, quien sobrevivi\u00f3 en 2020 a un atentado similar y ya fue investigado por su [&hellip;]","og_url":"https:\/\/conexion23.com\/?p=19744","og_site_name":"Conexi\u00f3n 23","article_publisher":"https:\/\/www.facebook.com\/conexion23com","article_published_time":"2023-08-08T11:36:05+00:00","article_modified_time":"2023-08-08T11:36:07+00:00","og_image":[{"width":896,"height":504,"url":"https:\/\/conexion23.com\/wp-content\/uploads\/2023\/08\/755473-zico-20bacana-76e68519-focus-min0.34-0.17-896-504.jpg","type":"image\/jpeg"}],"author":"Raffy Ben\u00edtez","twitter_card":"summary_large_image","twitter_misc":{"Escrito por":"Raffy Ben\u00edtez","Tiempo de lectura":"1 minuto"},"schema":{"@context":"https:\/\/schema.org","@graph":[{"@type":"Article","@id":"https:\/\/conexion23.com\/?p=19744#article","isPartOf":{"@id":"https:\/\/conexion23.com\/?p=19744"},"author":{"name":"Raffy Ben\u00edtez","@id":"https:\/\/conexion23.com\/#\/schema\/person\/03e36043331117e97a373299bbcd30a6"},"headline":"Asesinan en Brasil a exconcejal que fue testigo en el caso de Marielle Franco.","datePublished":"2023-08-08T11:36:05+00:00","dateModified":"2023-08-08T11:36:07+00:00","mainEntityOfPage":{"@id":"https:\/\/conexion23.com\/?p=19744"},"wordCount":225,"commentCount":0,"publisher":{"@id":"https:\/\/conexion23.com\/#organization"},"image":{"@id":"https:\/\/conexion23.com\/?p=19744#primaryimage"},"thumbnailUrl":"https:\/\/conexion23.com\/wp-content\/uploads\/2023\/08\/755473-zico-20bacana-76e68519-focus-min0.34-0.17-896-504.jpg","articleSection":["Uncategorized"],"inLanguage":"es","potentialAction":[{"@type":"CommentAction","name":"Comment","target":["https:\/\/conexion23.com\/?p=19744#respond"]}]},{"@type":"WebPage","@id":"https:\/\/conexion23.com\/?p=19744","url":"https:\/\/conexion23.com\/?p=19744","name":"Asesinan en Brasil a exconcejal que fue testigo en el caso de Marielle Franco. - Conexi\u00f3n 23","isPartOf":{"@id":"https:\/\/conexion23.com\/#website"},"primaryImageOfPage":{"@id":"https:\/\/conexion23.com\/?p=19744#primaryimage"},"image":{"@id":"https:\/\/conexion23.com\/?p=19744#primaryimage"},"thumbnailUrl":"https:\/\/conexion23.com\/wp-content\/uploads\/2023\/08\/755473-zico-20bacana-76e68519-focus-min0.34-0.17-896-504.jpg","datePublished":"2023-08-08T11:36:05+00:00","dateModified":"2023-08-08T11:36:07+00:00","breadcrumb":{"@id":"https:\/\/conexion23.com\/?p=19744#breadcrumb"},"inLanguage":"es","potentialAction":[{"@type":"ReadAction","target":["https:\/\/conexion23.com\/?p=19744"]}]},{"@type":"ImageObject","inLanguage":"es","@id":"https:\/\/conexion23.com\/?p=19744#primaryimage","url":"https:\/\/conexion23.com\/wp-content\/uploads\/2023\/08\/755473-zico-20bacana-76e68519-focus-min0.34-0.17-896-504.jpg","contentUrl":"https:\/\/conexion23.com\/wp-content\/uploads\/2023\/08\/755473-zico-20bacana-76e68519-focus-min0.34-0.17-896-504.jpg","width":896,"height":504},{"@type":"BreadcrumbList","@id":"https:\/\/conexion23.com\/?p=19744#breadcrumb","itemListElement":[{"@type":"ListItem","position":1,"name":"Portada","item":"https:\/\/conexion23.com\/"},{"@type":"ListItem","position":2,"name":"Asesinan en Brasil a exconcejal que fue testigo en el caso de Marielle Franco."}]},{"@type":"WebSite","@id":"https:\/\/conexion23.com\/#website","url":"https:\/\/conexion23.com\/","name":"Conexi\u00f3n 23","description":"Peri\u00f3dico 100% Petromacorisano","publisher":{"@id":"https:\/\/conexion23.com\/#organization"},"potentialAction":[{"@type":"SearchAction","target":{"@type":"EntryPoint","urlTemplate":"https:\/\/conexion23.com\/?s={search_term_string}"},"query-input":{"@type":"PropertyValueSpecification","valueRequired":true,"valueName":"search_term_string"}}],"inLanguage":"es"},{"@type":"Organization","@id":"https:\/\/conexion23.com\/#organization","name":"Conexion 23","url":"https:\/\/conexion23.com\/","logo":{"@type":"ImageObject","inLanguage":"es","@id":"https:\/\/conexion23.com\/#\/schema\/logo\/image\/","url":"https:\/\/conexion23.com\/wp-content\/uploads\/2021\/11\/Diseno-sin-titulo-2.png","contentUrl":"https:\/\/conexion23.com\/wp-content\/uploads\/2021\/11\/Diseno-sin-titulo-2.png","width":541,"height":90,"caption":"Conexion 23"},"image":{"@id":"https:\/\/conexion23.com\/#\/schema\/logo\/image\/"},"sameAs":["https:\/\/www.facebook.com\/conexion23com","https:\/\/www.instagram.com\/conexion23com\/","https:\/\/www.youtube.com\/channel\/UCYc7vxxFZMYLIHNsHHxPZ3Q"]},{"@type":"Person","@id":"https:\/\/conexion23.com\/#\/schema\/person\/03e36043331117e97a373299bbcd30a6","name":"Raffy Ben\u00edtez","image":{"@type":"ImageObject","inLanguage":"es","@id":"https:\/\/conexion23.com\/#\/schema\/person\/image\/","url":"https:\/\/secure.gravatar.com\/avatar\/3190a6a6c5e1b0327500f7d6c56b6242472ee6cb974cf09b401ee6b3b0798f23?s=96&d=mm&r=g","contentUrl":"https:\/\/secure.gravatar.com\/avatar\/3190a6a6c5e1b0327500f7d6c56b6242472ee6cb974cf09b401ee6b3b0798f23?s=96&d=mm&r=g","caption":"Raffy Ben\u00edtez"},"url":"https:\/\/conexion23.com\/?author=15"}]}},"_links":{"self":[{"href":"https:\/\/conexion23.com\/index.php?rest_route=\/wp\/v2\/posts\/19744","targetHints":{"allow":["GET"]}}],"collection":[{"href":"https:\/\/conexion23.com\/index.php?rest_route=\/wp\/v2\/posts"}],"about":[{"href":"https:\/\/conexion23.com\/index.php?rest_route=\/wp\/v2\/types\/post"}],"author":[{"embeddable":true,"href":"https:\/\/conexion23.com\/index.php?rest_route=\/wp\/v2\/users\/15"}],"replies":[{"embeddable":true,"href":"https:\/\/conexion23.com\/index.php?rest_route=%2Fwp%2Fv2%2Fcomments&post=19744"}],"version-history":[{"count":1,"href":"https:\/\/conexion23.com\/index.php?rest_route=\/wp\/v2\/posts\/19744\/revisions"}],"predecessor-version":[{"id":19746,"href":"https:\/\/conexion23.com\/index.php?rest_route=\/wp\/v2\/posts\/19744\/revisions\/19746"}],"wp:featuredmedia":[{"embeddable":true,"href":"https:\/\/conexion23.com\/index.php?rest_route=\/wp\/v2\/media\/19745"}],"wp:attachment":[{"href":"https:\/\/conexion23.com\/index.php?rest_route=%2Fwp%2Fv2%2Fmedia&parent=19744"}],"wp:term":[{"taxonomy":"category","embeddable":true,"href":"https:\/\/conexion23.com\/index.php?rest_route=%2Fwp%2Fv2%2Fcategories&post=19744"},{"taxonomy":"post_tag","embeddable":true,"href":"https:\/\/conexion23.com\/index.php?rest_route=%2Fwp%2Fv2%2Ftags&post=19744"}],"curies":[{"name":"wp","href":"https:\/\/api.w.org\/{rel}","templated":true}]}}