{"id":19900,"date":"2023-08-12T09:20:48","date_gmt":"2023-08-12T13:20:48","guid":{"rendered":"https:\/\/conexion23.com\/?p=19900"},"modified":"2023-08-12T09:20:51","modified_gmt":"2023-08-12T13:20:51","slug":"magnicidios-en-haiti-y-ecuador-tentaculos-de-los-colombianos","status":"publish","type":"post","link":"https:\/\/conexion23.com\/?p=19900","title":{"rendered":"Magnicidios en Hait\u00ed y Ecuador, tent\u00e1culos de los colombianos."},"content":{"rendered":"\n<p>En 2021 fue un asalto de militares en retiro a la casa del presidente de Hait\u00ed para asesinarlo. En 2023, sicarios que desde una motocicleta acabaron con la vida de un aspirante al poder en Ecuador. En dos a\u00f1os, pistoleros colombianos han agudizado a bala las crisis de otros pa\u00edses de Am\u00e9rica.<\/p>\n\n\n\n<p>El mi\u00e9rcoles el ecuatoriano Fernando Villavicencio, de 59 a\u00f1os, acababa de subirse a su camioneta al finalizar un mitin pol\u00edtico cuando los atacantes abrieron fuego. Tres balas entraron por una ventana e impactaron su cabeza, seg\u00fan testigos.<\/p>\n\n\n\n<p>Antiguo asamble\u00edsta y periodista dedicado a escudri\u00f1ar entramados de corrupci\u00f3n, el candidato de centro falleci\u00f3 a 11 d\u00edas de las elecciones del 20 de agosto.<\/p>\n\n\n\n<p>Uno de los presuntos asesinos muri\u00f3 tras un cruce de balas con el equipo de seguridad y otros seis fueron capturados. Seg\u00fan la polic\u00eda, todos son de nacionalidad colombiana. En una redada encontraron un fusil, una ametralladora, granadas y cientos de municiones.<\/p>\n\n\n\n<p>Algunos de los detenidos fueron vistos manchados de sangre, en una fotograf\u00eda similar a las que las autoridades de Hait\u00ed divulgaron en julio de 2021.<\/p>\n\n\n\n<p>Entonces fueron 17 exmilitares quienes ingresaron a la residencia personal del presidente Jovenel Moise y lo abatieron frente a su esposa.<\/p>\n\n\n\n<p>La macabra coincidencia deja en evidencia la \u00abespecializaci\u00f3n\u00bb de la delincuencia organizada en Colombia y la extensi\u00f3n de sus tent\u00e1culos por el continente, dijo a la AFP Jorge Mantilla, investigador colombiano sobre el conflicto y crimen organizado.<\/p>\n\n\n\n<h3 class=\"wp-block-heading\">SABOTAJE<\/h3>\n\n\n\n<p>Ubicado entre Colombia y Per\u00fa, los dos principales productores mundiales de coca\u00edna, Ecuador vivi\u00f3 el primer asesinato de un presidenciable de su historia a d\u00edas de elegir al sucesor de Guillermo Lasso.<\/p>\n\n\n\n<p>Investigaciones se\u00f1alan la g\u00e9nesis de la violencia con la entrada de la coca\u00edna principalmente por la frontera colombo-ecuatoriana, que luego sale desde el Pac\u00edfico rumbo a Estados Unidos y Europa.<\/p>\n\n\n\n<p>Por esa puerta han ingresado tambi\u00e9n a Ecuador guerrilleros y delincuentes colombianos con sus modus operandi de terror.<\/p>\n\n\n\n<p>Mantilla explica que bandas de Ecuador dedicadas al tr\u00e1fico de drogas \u00abadquirieron su poder a partir de trabajar con organizaciones colombianas y posteriormente se independizaron\u00bb y fortalecieron.<\/p>\n\n\n\n<p>El jueves el ministro del Interior, Juan Zapata, se refiri\u00f3 a los detenidos simplemente como \u00abextranjeros\u00bb, aunque asegur\u00f3 que son \u00abmiembros de un grupo delictivo\u00bb que asesin\u00f3 a Villavicencio en un \u00abintento de sabotaje\u00bb de las elecciones.<\/p>\n\n\n\n<p>A\u00fan no se ha esclarecido qui\u00e9n orden\u00f3 asesinar al pol\u00edtico, que hab\u00eda dicho ser blanco de amenazas de la narcobanda Los Choneros. Lasso responsabiliza al cr\u00edmen organizado. Supuestos miembros de la organizaci\u00f3n Los Lobos se atribuyeron el hecho en un video que no ha podido ser verificado.<\/p>\n\n\n\n<p>Seg\u00fan revel\u00f3 la prensa colombiana, los capturados tienen antecedentes criminales en su pa\u00eds.<\/p>\n\n\n\n<p>Algunos ya hab\u00edan sido condenados por fabricaci\u00f3n y tr\u00e1fico de armas. Otros tienen antecedentes por hurto, tr\u00e1fico de estupefacientes, homicidio o violencia intrafamiliar, seg\u00fan una pesquisa del telediario Noticias Caracol.<\/p>\n\n\n\n<h3 class=\"wp-block-heading\">MODELO SICARIAL<\/h3>\n\n\n\n<p>Para Mantilla, el homicidio que horroriz\u00f3 a Ecuador, sumado al asesinato del presidente de Hait\u00ed en 2021, muestra \u00abla especializaci\u00f3n que ha tenido la delincuencia colombiana en el uso de la violencia\u00bb, producto del conflicto armado de seis d\u00e9cadas entre guerrilleros, paramilitares, narcotraficantes y la fuerza p\u00fablica, cuyos miembros son codiciados en el mundo por su experiencia.<\/p>\n\n\n\n<p>Antes de la muerte de Moise, era conocida la presencia de militares colombianos en retiro en Yemen, Siria, Irak, Afganist\u00e1n o Emiratos \u00c1rabes.<\/p>\n\n\n\n<p>All\u00ed proteg\u00edan construcciones para controvertidas firmas de seguridad como la disuelta estadounidense Blackwater. Algunos los tildan de mercenarios.<\/p>\n","protected":false},"excerpt":{"rendered":"<p>En 2021 fue un asalto de militares en retiro a la casa del presidente de Hait\u00ed para asesinarlo. En 2023, sicarios que desde una motocicleta acabaron con la vida de un aspirante al poder en Ecuador. En dos a\u00f1os, pistoleros colombianos han agudizado a bala las crisis de otros pa\u00edses de Am\u00e9rica. El mi\u00e9rcoles el [&hellip;]<\/p>\n","protected":false},"author":15,"featured_media":19901,"comment_status":"open","ping_status":"open","sticky":false,"template":"","format":"standard","meta":{"footnotes":""},"categories":[1],"tags":[],"class_list":{"0":"post-19900","1":"post","2":"type-post","3":"status-publish","4":"format-standard","5":"has-post-thumbnail","7":"category-uncategorized"},"yoast_head":"<!-- This site is optimized with the Yoast SEO plugin v27.1.1 - https:\/\/yoast.com\/product\/yoast-seo-wordpress\/ -->\n<title>Magnicidios en Hait\u00ed y Ecuador, tent\u00e1culos de los colombianos. - Conexi\u00f3n 23<\/title>\n<meta name=\"robots\" content=\"index, follow, max-snippet:-1, max-image-preview:large, max-video-preview:-1\" \/>\n<link rel=\"canonical\" href=\"https:\/\/conexion23.com\/?p=19900\" \/>\n<meta property=\"og:locale\" content=\"es_ES\" \/>\n<meta property=\"og:type\" content=\"article\" \/>\n<meta property=\"og:title\" content=\"Magnicidios en Hait\u00ed y Ecuador, tent\u00e1culos de los colombianos. - Conexi\u00f3n 23\" \/>\n<meta property=\"og:description\" content=\"En 2021 fue un asalto de militares en retiro a la casa del presidente de Hait\u00ed para asesinarlo. En 2023, sicarios que desde una motocicleta acabaron con la vida de un aspirante al poder en Ecuador. En dos a\u00f1os, pistoleros colombianos han agudizado a bala las crisis de otros pa\u00edses de Am\u00e9rica. El mi\u00e9rcoles el [&hellip;]\" \/>\n<meta property=\"og:url\" content=\"https:\/\/conexion23.com\/?p=19900\" \/>\n<meta property=\"og:site_name\" content=\"Conexi\u00f3n 23\" \/>\n<meta property=\"article:publisher\" content=\"https:\/\/www.facebook.com\/conexion23com\" \/>\n<meta property=\"article:published_time\" content=\"2023-08-12T13:20:48+00:00\" \/>\n<meta property=\"article:modified_time\" content=\"2023-08-12T13:20:51+00:00\" \/>\n<meta property=\"og:image\" content=\"https:\/\/conexion23.com\/wp-content\/uploads\/2023\/08\/64d6f15a39dfd.jpeg\" \/>\n\t<meta property=\"og:image:width\" content=\"950\" \/>\n\t<meta property=\"og:image:height\" content=\"465\" \/>\n\t<meta property=\"og:image:type\" content=\"image\/jpeg\" \/>\n<meta name=\"author\" content=\"Raffy Ben\u00edtez\" \/>\n<meta name=\"twitter:card\" content=\"summary_large_image\" \/>\n<meta name=\"twitter:label1\" content=\"Escrito por\" \/>\n\t<meta name=\"twitter:data1\" content=\"Raffy Ben\u00edtez\" \/>\n\t<meta name=\"twitter:label2\" content=\"Tiempo de lectura\" \/>\n\t<meta name=\"twitter:data2\" content=\"3 minutos\" \/>\n<script type=\"application\/ld+json\" class=\"yoast-schema-graph\">{\"@context\":\"https:\/\/schema.org\",\"@graph\":[{\"@type\":\"Article\",\"@id\":\"https:\/\/conexion23.com\/?p=19900#article\",\"isPartOf\":{\"@id\":\"https:\/\/conexion23.com\/?p=19900\"},\"author\":{\"name\":\"Raffy Ben\u00edtez\",\"@id\":\"https:\/\/conexion23.com\/#\/schema\/person\/03e36043331117e97a373299bbcd30a6\"},\"headline\":\"Magnicidios en Hait\u00ed y Ecuador, tent\u00e1culos de los colombianos.\",\"datePublished\":\"2023-08-12T13:20:48+00:00\",\"dateModified\":\"2023-08-12T13:20:51+00:00\",\"mainEntityOfPage\":{\"@id\":\"https:\/\/conexion23.com\/?p=19900\"},\"wordCount\":619,\"commentCount\":0,\"publisher\":{\"@id\":\"https:\/\/conexion23.com\/#organization\"},\"image\":{\"@id\":\"https:\/\/conexion23.com\/?p=19900#primaryimage\"},\"thumbnailUrl\":\"https:\/\/conexion23.com\/wp-content\/uploads\/2023\/08\/64d6f15a39dfd.jpeg\",\"articleSection\":[\"Uncategorized\"],\"inLanguage\":\"es\",\"potentialAction\":[{\"@type\":\"CommentAction\",\"name\":\"Comment\",\"target\":[\"https:\/\/conexion23.com\/?p=19900#respond\"]}]},{\"@type\":\"WebPage\",\"@id\":\"https:\/\/conexion23.com\/?p=19900\",\"url\":\"https:\/\/conexion23.com\/?p=19900\",\"name\":\"Magnicidios en Hait\u00ed y Ecuador, tent\u00e1culos de los colombianos. - Conexi\u00f3n 23\",\"isPartOf\":{\"@id\":\"https:\/\/conexion23.com\/#website\"},\"primaryImageOfPage\":{\"@id\":\"https:\/\/conexion23.com\/?p=19900#primaryimage\"},\"image\":{\"@id\":\"https:\/\/conexion23.com\/?p=19900#primaryimage\"},\"thumbnailUrl\":\"https:\/\/conexion23.com\/wp-content\/uploads\/2023\/08\/64d6f15a39dfd.jpeg\",\"datePublished\":\"2023-08-12T13:20:48+00:00\",\"dateModified\":\"2023-08-12T13:20:51+00:00\",\"breadcrumb\":{\"@id\":\"https:\/\/conexion23.com\/?p=19900#breadcrumb\"},\"inLanguage\":\"es\",\"potentialAction\":[{\"@type\":\"ReadAction\",\"target\":[\"https:\/\/conexion23.com\/?p=19900\"]}]},{\"@type\":\"ImageObject\",\"inLanguage\":\"es\",\"@id\":\"https:\/\/conexion23.com\/?p=19900#primaryimage\",\"url\":\"https:\/\/conexion23.com\/wp-content\/uploads\/2023\/08\/64d6f15a39dfd.jpeg\",\"contentUrl\":\"https:\/\/conexion23.com\/wp-content\/uploads\/2023\/08\/64d6f15a39dfd.jpeg\",\"width\":950,\"height\":465},{\"@type\":\"BreadcrumbList\",\"@id\":\"https:\/\/conexion23.com\/?p=19900#breadcrumb\",\"itemListElement\":[{\"@type\":\"ListItem\",\"position\":1,\"name\":\"Portada\",\"item\":\"https:\/\/conexion23.com\/\"},{\"@type\":\"ListItem\",\"position\":2,\"name\":\"Magnicidios en Hait\u00ed y Ecuador, tent\u00e1culos de los colombianos.\"}]},{\"@type\":\"WebSite\",\"@id\":\"https:\/\/conexion23.com\/#website\",\"url\":\"https:\/\/conexion23.com\/\",\"name\":\"Conexi\u00f3n 23\",\"description\":\"Peri\u00f3dico 100% Petromacorisano\",\"publisher\":{\"@id\":\"https:\/\/conexion23.com\/#organization\"},\"potentialAction\":[{\"@type\":\"SearchAction\",\"target\":{\"@type\":\"EntryPoint\",\"urlTemplate\":\"https:\/\/conexion23.com\/?s={search_term_string}\"},\"query-input\":{\"@type\":\"PropertyValueSpecification\",\"valueRequired\":true,\"valueName\":\"search_term_string\"}}],\"inLanguage\":\"es\"},{\"@type\":\"Organization\",\"@id\":\"https:\/\/conexion23.com\/#organization\",\"name\":\"Conexion 23\",\"url\":\"https:\/\/conexion23.com\/\",\"logo\":{\"@type\":\"ImageObject\",\"inLanguage\":\"es\",\"@id\":\"https:\/\/conexion23.com\/#\/schema\/logo\/image\/\",\"url\":\"https:\/\/conexion23.com\/wp-content\/uploads\/2021\/11\/Diseno-sin-titulo-2.png\",\"contentUrl\":\"https:\/\/conexion23.com\/wp-content\/uploads\/2021\/11\/Diseno-sin-titulo-2.png\",\"width\":541,\"height\":90,\"caption\":\"Conexion 23\"},\"image\":{\"@id\":\"https:\/\/conexion23.com\/#\/schema\/logo\/image\/\"},\"sameAs\":[\"https:\/\/www.facebook.com\/conexion23com\",\"https:\/\/www.instagram.com\/conexion23com\/\",\"https:\/\/www.youtube.com\/channel\/UCYc7vxxFZMYLIHNsHHxPZ3Q\"]},{\"@type\":\"Person\",\"@id\":\"https:\/\/conexion23.com\/#\/schema\/person\/03e36043331117e97a373299bbcd30a6\",\"name\":\"Raffy Ben\u00edtez\",\"image\":{\"@type\":\"ImageObject\",\"inLanguage\":\"es\",\"@id\":\"https:\/\/conexion23.com\/#\/schema\/person\/image\/\",\"url\":\"https:\/\/secure.gravatar.com\/avatar\/3190a6a6c5e1b0327500f7d6c56b6242472ee6cb974cf09b401ee6b3b0798f23?s=96&d=mm&r=g\",\"contentUrl\":\"https:\/\/secure.gravatar.com\/avatar\/3190a6a6c5e1b0327500f7d6c56b6242472ee6cb974cf09b401ee6b3b0798f23?s=96&d=mm&r=g\",\"caption\":\"Raffy Ben\u00edtez\"},\"url\":\"https:\/\/conexion23.com\/?author=15\"}]}<\/script>\n<!-- \/ Yoast SEO plugin. -->","yoast_head_json":{"title":"Magnicidios en Hait\u00ed y Ecuador, tent\u00e1culos de los colombianos. - Conexi\u00f3n 23","robots":{"index":"index","follow":"follow","max-snippet":"max-snippet:-1","max-image-preview":"max-image-preview:large","max-video-preview":"max-video-preview:-1"},"canonical":"https:\/\/conexion23.com\/?p=19900","og_locale":"es_ES","og_type":"article","og_title":"Magnicidios en Hait\u00ed y Ecuador, tent\u00e1culos de los colombianos. - Conexi\u00f3n 23","og_description":"En 2021 fue un asalto de militares en retiro a la casa del presidente de Hait\u00ed para asesinarlo. En 2023, sicarios que desde una motocicleta acabaron con la vida de un aspirante al poder en Ecuador. En dos a\u00f1os, pistoleros colombianos han agudizado a bala las crisis de otros pa\u00edses de Am\u00e9rica. El mi\u00e9rcoles el [&hellip;]","og_url":"https:\/\/conexion23.com\/?p=19900","og_site_name":"Conexi\u00f3n 23","article_publisher":"https:\/\/www.facebook.com\/conexion23com","article_published_time":"2023-08-12T13:20:48+00:00","article_modified_time":"2023-08-12T13:20:51+00:00","og_image":[{"width":950,"height":465,"url":"https:\/\/conexion23.com\/wp-content\/uploads\/2023\/08\/64d6f15a39dfd.jpeg","type":"image\/jpeg"}],"author":"Raffy Ben\u00edtez","twitter_card":"summary_large_image","twitter_misc":{"Escrito por":"Raffy Ben\u00edtez","Tiempo de lectura":"3 minutos"},"schema":{"@context":"https:\/\/schema.org","@graph":[{"@type":"Article","@id":"https:\/\/conexion23.com\/?p=19900#article","isPartOf":{"@id":"https:\/\/conexion23.com\/?p=19900"},"author":{"name":"Raffy Ben\u00edtez","@id":"https:\/\/conexion23.com\/#\/schema\/person\/03e36043331117e97a373299bbcd30a6"},"headline":"Magnicidios en Hait\u00ed y Ecuador, tent\u00e1culos de los colombianos.","datePublished":"2023-08-12T13:20:48+00:00","dateModified":"2023-08-12T13:20:51+00:00","mainEntityOfPage":{"@id":"https:\/\/conexion23.com\/?p=19900"},"wordCount":619,"commentCount":0,"publisher":{"@id":"https:\/\/conexion23.com\/#organization"},"image":{"@id":"https:\/\/conexion23.com\/?p=19900#primaryimage"},"thumbnailUrl":"https:\/\/conexion23.com\/wp-content\/uploads\/2023\/08\/64d6f15a39dfd.jpeg","articleSection":["Uncategorized"],"inLanguage":"es","potentialAction":[{"@type":"CommentAction","name":"Comment","target":["https:\/\/conexion23.com\/?p=19900#respond"]}]},{"@type":"WebPage","@id":"https:\/\/conexion23.com\/?p=19900","url":"https:\/\/conexion23.com\/?p=19900","name":"Magnicidios en Hait\u00ed y Ecuador, tent\u00e1culos de los colombianos. - Conexi\u00f3n 23","isPartOf":{"@id":"https:\/\/conexion23.com\/#website"},"primaryImageOfPage":{"@id":"https:\/\/conexion23.com\/?p=19900#primaryimage"},"image":{"@id":"https:\/\/conexion23.com\/?p=19900#primaryimage"},"thumbnailUrl":"https:\/\/conexion23.com\/wp-content\/uploads\/2023\/08\/64d6f15a39dfd.jpeg","datePublished":"2023-08-12T13:20:48+00:00","dateModified":"2023-08-12T13:20:51+00:00","breadcrumb":{"@id":"https:\/\/conexion23.com\/?p=19900#breadcrumb"},"inLanguage":"es","potentialAction":[{"@type":"ReadAction","target":["https:\/\/conexion23.com\/?p=19900"]}]},{"@type":"ImageObject","inLanguage":"es","@id":"https:\/\/conexion23.com\/?p=19900#primaryimage","url":"https:\/\/conexion23.com\/wp-content\/uploads\/2023\/08\/64d6f15a39dfd.jpeg","contentUrl":"https:\/\/conexion23.com\/wp-content\/uploads\/2023\/08\/64d6f15a39dfd.jpeg","width":950,"height":465},{"@type":"BreadcrumbList","@id":"https:\/\/conexion23.com\/?p=19900#breadcrumb","itemListElement":[{"@type":"ListItem","position":1,"name":"Portada","item":"https:\/\/conexion23.com\/"},{"@type":"ListItem","position":2,"name":"Magnicidios en Hait\u00ed y Ecuador, tent\u00e1culos de los colombianos."}]},{"@type":"WebSite","@id":"https:\/\/conexion23.com\/#website","url":"https:\/\/conexion23.com\/","name":"Conexi\u00f3n 23","description":"Peri\u00f3dico 100% Petromacorisano","publisher":{"@id":"https:\/\/conexion23.com\/#organization"},"potentialAction":[{"@type":"SearchAction","target":{"@type":"EntryPoint","urlTemplate":"https:\/\/conexion23.com\/?s={search_term_string}"},"query-input":{"@type":"PropertyValueSpecification","valueRequired":true,"valueName":"search_term_string"}}],"inLanguage":"es"},{"@type":"Organization","@id":"https:\/\/conexion23.com\/#organization","name":"Conexion 23","url":"https:\/\/conexion23.com\/","logo":{"@type":"ImageObject","inLanguage":"es","@id":"https:\/\/conexion23.com\/#\/schema\/logo\/image\/","url":"https:\/\/conexion23.com\/wp-content\/uploads\/2021\/11\/Diseno-sin-titulo-2.png","contentUrl":"https:\/\/conexion23.com\/wp-content\/uploads\/2021\/11\/Diseno-sin-titulo-2.png","width":541,"height":90,"caption":"Conexion 23"},"image":{"@id":"https:\/\/conexion23.com\/#\/schema\/logo\/image\/"},"sameAs":["https:\/\/www.facebook.com\/conexion23com","https:\/\/www.instagram.com\/conexion23com\/","https:\/\/www.youtube.com\/channel\/UCYc7vxxFZMYLIHNsHHxPZ3Q"]},{"@type":"Person","@id":"https:\/\/conexion23.com\/#\/schema\/person\/03e36043331117e97a373299bbcd30a6","name":"Raffy Ben\u00edtez","image":{"@type":"ImageObject","inLanguage":"es","@id":"https:\/\/conexion23.com\/#\/schema\/person\/image\/","url":"https:\/\/secure.gravatar.com\/avatar\/3190a6a6c5e1b0327500f7d6c56b6242472ee6cb974cf09b401ee6b3b0798f23?s=96&d=mm&r=g","contentUrl":"https:\/\/secure.gravatar.com\/avatar\/3190a6a6c5e1b0327500f7d6c56b6242472ee6cb974cf09b401ee6b3b0798f23?s=96&d=mm&r=g","caption":"Raffy Ben\u00edtez"},"url":"https:\/\/conexion23.com\/?author=15"}]}},"_links":{"self":[{"href":"https:\/\/conexion23.com\/index.php?rest_route=\/wp\/v2\/posts\/19900","targetHints":{"allow":["GET"]}}],"collection":[{"href":"https:\/\/conexion23.com\/index.php?rest_route=\/wp\/v2\/posts"}],"about":[{"href":"https:\/\/conexion23.com\/index.php?rest_route=\/wp\/v2\/types\/post"}],"author":[{"embeddable":true,"href":"https:\/\/conexion23.com\/index.php?rest_route=\/wp\/v2\/users\/15"}],"replies":[{"embeddable":true,"href":"https:\/\/conexion23.com\/index.php?rest_route=%2Fwp%2Fv2%2Fcomments&post=19900"}],"version-history":[{"count":1,"href":"https:\/\/conexion23.com\/index.php?rest_route=\/wp\/v2\/posts\/19900\/revisions"}],"predecessor-version":[{"id":19902,"href":"https:\/\/conexion23.com\/index.php?rest_route=\/wp\/v2\/posts\/19900\/revisions\/19902"}],"wp:featuredmedia":[{"embeddable":true,"href":"https:\/\/conexion23.com\/index.php?rest_route=\/wp\/v2\/media\/19901"}],"wp:attachment":[{"href":"https:\/\/conexion23.com\/index.php?rest_route=%2Fwp%2Fv2%2Fmedia&parent=19900"}],"wp:term":[{"taxonomy":"category","embeddable":true,"href":"https:\/\/conexion23.com\/index.php?rest_route=%2Fwp%2Fv2%2Fcategories&post=19900"},{"taxonomy":"post_tag","embeddable":true,"href":"https:\/\/conexion23.com\/index.php?rest_route=%2Fwp%2Fv2%2Ftags&post=19900"}],"curies":[{"name":"wp","href":"https:\/\/api.w.org\/{rel}","templated":true}]}}