{"id":19903,"date":"2023-08-12T09:23:47","date_gmt":"2023-08-12T13:23:47","guid":{"rendered":"https:\/\/conexion23.com\/?p=19903"},"modified":"2023-08-12T09:23:49","modified_gmt":"2023-08-12T13:23:49","slug":"trasladan-a-un-centro-medico-a-cubano-que-golpeo-agente-de-la-digesett","status":"publish","type":"post","link":"https:\/\/conexion23.com\/?p=19903","title":{"rendered":"Trasladan a un centro m\u00e9dico a cubano que golpe\u00f3 agente de la Digesett."},"content":{"rendered":"\n<p>Fue trasladado la noche de este viernes al centro m\u00e9dico Hospiten, Julio C\u00e9sar Llorente L\u00f3pez, el cubano acusado de agredir a un agente de la Direcci\u00f3n General de Seguridad de Tr\u00e1nsito y Transporte Terrestre (Digesett),&nbsp;<strong>por supuestamente tomarle una fotograf\u00eda a sus documentos.<\/strong><\/p>\n\n\n\n<p>De acuerdo a un video compartido por Telenoticias, luego de ser trasladado del Palacio de Justicia de Ciudad Nueva, donde se conocer\u00eda un recurso de Habeas Corpus, interpuesto por \u00e9l, para exigir su \u201clibertad inmediata\u201d,<strong>&nbsp;el joven fue llevado al destacamento de Naco y desde all\u00ed a un centro m\u00e9dico.<\/strong><\/p>\n\n\n\n<p>En el video, una joven identificada como Mar\u00eda Alvarez, indic\u00f3 que presenta&nbsp;<strong>dolores en el abdomen, adem\u00e1s de un deterioro en su visi\u00f3n.<\/strong><\/p>\n\n\n\n<p>\u201cTuvo que ser trasladado aqu\u00ed porque presenta dolores en el abdomen, igualmente, el golpe que ustedes pudieron observar que presenta en el ojo, ha imposibilitado o ha deteriorado su visi\u00f3n\u201d, dijo la joven quien explic\u00f3 que dependiendo de lo que digan los doctores ser\u00e1 dejado ingresado o devuelto al destacamento.<\/p>\n\n\n\n<p>Este viernes se conocer\u00eda un recurso de&nbsp;<strong>Habeas Corpus interpuesto por Llorente L\u00f3pez<\/strong>, adem\u00e1s de que ser\u00eda trasladado a la carcelita del Palacio de Justicia de Ciudad Nueva. Ninguna de las dos acciones fueron posibles debido a que las autoridades que estaban a cargo de la custodia del cubano lo trasladaron de la fiscal\u00eda antes de la audiencia.<\/p>\n","protected":false},"excerpt":{"rendered":"<p>Fue trasladado la noche de este viernes al centro m\u00e9dico Hospiten, Julio C\u00e9sar Llorente L\u00f3pez, el cubano acusado de agredir a un agente de la Direcci\u00f3n General de Seguridad de Tr\u00e1nsito y Transporte Terrestre (Digesett),&nbsp;por supuestamente tomarle una fotograf\u00eda a sus documentos. De acuerdo a un video compartido por Telenoticias, luego de ser trasladado del [&hellip;]<\/p>\n","protected":false},"author":15,"featured_media":19904,"comment_status":"open","ping_status":"open","sticky":false,"template":"","format":"standard","meta":{"footnotes":""},"categories":[1],"tags":[],"class_list":{"0":"post-19903","1":"post","2":"type-post","3":"status-publish","4":"format-standard","5":"has-post-thumbnail","7":"category-uncategorized"},"yoast_head":"<!-- This site is optimized with the Yoast SEO plugin v27.1.1 - https:\/\/yoast.com\/product\/yoast-seo-wordpress\/ -->\n<title>Trasladan a un centro m\u00e9dico a cubano que golpe\u00f3 agente de la Digesett. - Conexi\u00f3n 23<\/title>\n<meta name=\"robots\" content=\"index, follow, max-snippet:-1, max-image-preview:large, max-video-preview:-1\" \/>\n<link rel=\"canonical\" href=\"https:\/\/conexion23.com\/?p=19903\" \/>\n<meta property=\"og:locale\" content=\"es_ES\" \/>\n<meta property=\"og:type\" content=\"article\" \/>\n<meta property=\"og:title\" content=\"Trasladan a un centro m\u00e9dico a cubano que golpe\u00f3 agente de la Digesett. - Conexi\u00f3n 23\" \/>\n<meta property=\"og:description\" content=\"Fue trasladado la noche de este viernes al centro m\u00e9dico Hospiten, Julio C\u00e9sar Llorente L\u00f3pez, el cubano acusado de agredir a un agente de la Direcci\u00f3n General de Seguridad de Tr\u00e1nsito y Transporte Terrestre (Digesett),&nbsp;por supuestamente tomarle una fotograf\u00eda a sus documentos. De acuerdo a un video compartido por Telenoticias, luego de ser trasladado del [&hellip;]\" \/>\n<meta property=\"og:url\" content=\"https:\/\/conexion23.com\/?p=19903\" \/>\n<meta property=\"og:site_name\" content=\"Conexi\u00f3n 23\" \/>\n<meta property=\"article:publisher\" content=\"https:\/\/www.facebook.com\/conexion23com\" \/>\n<meta property=\"article:published_time\" content=\"2023-08-12T13:23:47+00:00\" \/>\n<meta property=\"article:modified_time\" content=\"2023-08-12T13:23:49+00:00\" \/>\n<meta property=\"og:image\" content=\"https:\/\/conexion23.com\/wp-content\/uploads\/2023\/08\/64d6bda12797f.r_d.399-519.jpeg\" \/>\n\t<meta property=\"og:image:width\" content=\"950\" \/>\n\t<meta property=\"og:image:height\" content=\"465\" \/>\n\t<meta property=\"og:image:type\" content=\"image\/jpeg\" \/>\n<meta name=\"author\" content=\"Raffy Ben\u00edtez\" \/>\n<meta name=\"twitter:card\" content=\"summary_large_image\" \/>\n<meta name=\"twitter:label1\" content=\"Escrito por\" \/>\n\t<meta name=\"twitter:data1\" content=\"Raffy Ben\u00edtez\" \/>\n\t<meta name=\"twitter:label2\" content=\"Tiempo de lectura\" \/>\n\t<meta name=\"twitter:data2\" content=\"2 minutos\" \/>\n<script type=\"application\/ld+json\" class=\"yoast-schema-graph\">{\"@context\":\"https:\/\/schema.org\",\"@graph\":[{\"@type\":\"Article\",\"@id\":\"https:\/\/conexion23.com\/?p=19903#article\",\"isPartOf\":{\"@id\":\"https:\/\/conexion23.com\/?p=19903\"},\"author\":{\"name\":\"Raffy Ben\u00edtez\",\"@id\":\"https:\/\/conexion23.com\/#\/schema\/person\/03e36043331117e97a373299bbcd30a6\"},\"headline\":\"Trasladan a un centro m\u00e9dico a cubano que golpe\u00f3 agente de la Digesett.\",\"datePublished\":\"2023-08-12T13:23:47+00:00\",\"dateModified\":\"2023-08-12T13:23:49+00:00\",\"mainEntityOfPage\":{\"@id\":\"https:\/\/conexion23.com\/?p=19903\"},\"wordCount\":259,\"commentCount\":0,\"publisher\":{\"@id\":\"https:\/\/conexion23.com\/#organization\"},\"image\":{\"@id\":\"https:\/\/conexion23.com\/?p=19903#primaryimage\"},\"thumbnailUrl\":\"https:\/\/conexion23.com\/wp-content\/uploads\/2023\/08\/64d6bda12797f.r_d.399-519.jpeg\",\"articleSection\":[\"Uncategorized\"],\"inLanguage\":\"es\",\"potentialAction\":[{\"@type\":\"CommentAction\",\"name\":\"Comment\",\"target\":[\"https:\/\/conexion23.com\/?p=19903#respond\"]}]},{\"@type\":\"WebPage\",\"@id\":\"https:\/\/conexion23.com\/?p=19903\",\"url\":\"https:\/\/conexion23.com\/?p=19903\",\"name\":\"Trasladan a un centro m\u00e9dico a cubano que golpe\u00f3 agente de la Digesett. - Conexi\u00f3n 23\",\"isPartOf\":{\"@id\":\"https:\/\/conexion23.com\/#website\"},\"primaryImageOfPage\":{\"@id\":\"https:\/\/conexion23.com\/?p=19903#primaryimage\"},\"image\":{\"@id\":\"https:\/\/conexion23.com\/?p=19903#primaryimage\"},\"thumbnailUrl\":\"https:\/\/conexion23.com\/wp-content\/uploads\/2023\/08\/64d6bda12797f.r_d.399-519.jpeg\",\"datePublished\":\"2023-08-12T13:23:47+00:00\",\"dateModified\":\"2023-08-12T13:23:49+00:00\",\"breadcrumb\":{\"@id\":\"https:\/\/conexion23.com\/?p=19903#breadcrumb\"},\"inLanguage\":\"es\",\"potentialAction\":[{\"@type\":\"ReadAction\",\"target\":[\"https:\/\/conexion23.com\/?p=19903\"]}]},{\"@type\":\"ImageObject\",\"inLanguage\":\"es\",\"@id\":\"https:\/\/conexion23.com\/?p=19903#primaryimage\",\"url\":\"https:\/\/conexion23.com\/wp-content\/uploads\/2023\/08\/64d6bda12797f.r_d.399-519.jpeg\",\"contentUrl\":\"https:\/\/conexion23.com\/wp-content\/uploads\/2023\/08\/64d6bda12797f.r_d.399-519.jpeg\",\"width\":950,\"height\":465},{\"@type\":\"BreadcrumbList\",\"@id\":\"https:\/\/conexion23.com\/?p=19903#breadcrumb\",\"itemListElement\":[{\"@type\":\"ListItem\",\"position\":1,\"name\":\"Portada\",\"item\":\"https:\/\/conexion23.com\/\"},{\"@type\":\"ListItem\",\"position\":2,\"name\":\"Trasladan a un centro m\u00e9dico a cubano que golpe\u00f3 agente de la Digesett.\"}]},{\"@type\":\"WebSite\",\"@id\":\"https:\/\/conexion23.com\/#website\",\"url\":\"https:\/\/conexion23.com\/\",\"name\":\"Conexi\u00f3n 23\",\"description\":\"Peri\u00f3dico 100% Petromacorisano\",\"publisher\":{\"@id\":\"https:\/\/conexion23.com\/#organization\"},\"potentialAction\":[{\"@type\":\"SearchAction\",\"target\":{\"@type\":\"EntryPoint\",\"urlTemplate\":\"https:\/\/conexion23.com\/?s={search_term_string}\"},\"query-input\":{\"@type\":\"PropertyValueSpecification\",\"valueRequired\":true,\"valueName\":\"search_term_string\"}}],\"inLanguage\":\"es\"},{\"@type\":\"Organization\",\"@id\":\"https:\/\/conexion23.com\/#organization\",\"name\":\"Conexion 23\",\"url\":\"https:\/\/conexion23.com\/\",\"logo\":{\"@type\":\"ImageObject\",\"inLanguage\":\"es\",\"@id\":\"https:\/\/conexion23.com\/#\/schema\/logo\/image\/\",\"url\":\"https:\/\/conexion23.com\/wp-content\/uploads\/2021\/11\/Diseno-sin-titulo-2.png\",\"contentUrl\":\"https:\/\/conexion23.com\/wp-content\/uploads\/2021\/11\/Diseno-sin-titulo-2.png\",\"width\":541,\"height\":90,\"caption\":\"Conexion 23\"},\"image\":{\"@id\":\"https:\/\/conexion23.com\/#\/schema\/logo\/image\/\"},\"sameAs\":[\"https:\/\/www.facebook.com\/conexion23com\",\"https:\/\/www.instagram.com\/conexion23com\/\",\"https:\/\/www.youtube.com\/channel\/UCYc7vxxFZMYLIHNsHHxPZ3Q\"]},{\"@type\":\"Person\",\"@id\":\"https:\/\/conexion23.com\/#\/schema\/person\/03e36043331117e97a373299bbcd30a6\",\"name\":\"Raffy Ben\u00edtez\",\"image\":{\"@type\":\"ImageObject\",\"inLanguage\":\"es\",\"@id\":\"https:\/\/conexion23.com\/#\/schema\/person\/image\/\",\"url\":\"https:\/\/secure.gravatar.com\/avatar\/3190a6a6c5e1b0327500f7d6c56b6242472ee6cb974cf09b401ee6b3b0798f23?s=96&d=mm&r=g\",\"contentUrl\":\"https:\/\/secure.gravatar.com\/avatar\/3190a6a6c5e1b0327500f7d6c56b6242472ee6cb974cf09b401ee6b3b0798f23?s=96&d=mm&r=g\",\"caption\":\"Raffy Ben\u00edtez\"},\"url\":\"https:\/\/conexion23.com\/?author=15\"}]}<\/script>\n<!-- \/ Yoast SEO plugin. -->","yoast_head_json":{"title":"Trasladan a un centro m\u00e9dico a cubano que golpe\u00f3 agente de la Digesett. - Conexi\u00f3n 23","robots":{"index":"index","follow":"follow","max-snippet":"max-snippet:-1","max-image-preview":"max-image-preview:large","max-video-preview":"max-video-preview:-1"},"canonical":"https:\/\/conexion23.com\/?p=19903","og_locale":"es_ES","og_type":"article","og_title":"Trasladan a un centro m\u00e9dico a cubano que golpe\u00f3 agente de la Digesett. - Conexi\u00f3n 23","og_description":"Fue trasladado la noche de este viernes al centro m\u00e9dico Hospiten, Julio C\u00e9sar Llorente L\u00f3pez, el cubano acusado de agredir a un agente de la Direcci\u00f3n General de Seguridad de Tr\u00e1nsito y Transporte Terrestre (Digesett),&nbsp;por supuestamente tomarle una fotograf\u00eda a sus documentos. De acuerdo a un video compartido por Telenoticias, luego de ser trasladado del [&hellip;]","og_url":"https:\/\/conexion23.com\/?p=19903","og_site_name":"Conexi\u00f3n 23","article_publisher":"https:\/\/www.facebook.com\/conexion23com","article_published_time":"2023-08-12T13:23:47+00:00","article_modified_time":"2023-08-12T13:23:49+00:00","og_image":[{"width":950,"height":465,"url":"https:\/\/conexion23.com\/wp-content\/uploads\/2023\/08\/64d6bda12797f.r_d.399-519.jpeg","type":"image\/jpeg"}],"author":"Raffy Ben\u00edtez","twitter_card":"summary_large_image","twitter_misc":{"Escrito por":"Raffy Ben\u00edtez","Tiempo de lectura":"2 minutos"},"schema":{"@context":"https:\/\/schema.org","@graph":[{"@type":"Article","@id":"https:\/\/conexion23.com\/?p=19903#article","isPartOf":{"@id":"https:\/\/conexion23.com\/?p=19903"},"author":{"name":"Raffy Ben\u00edtez","@id":"https:\/\/conexion23.com\/#\/schema\/person\/03e36043331117e97a373299bbcd30a6"},"headline":"Trasladan a un centro m\u00e9dico a cubano que golpe\u00f3 agente de la Digesett.","datePublished":"2023-08-12T13:23:47+00:00","dateModified":"2023-08-12T13:23:49+00:00","mainEntityOfPage":{"@id":"https:\/\/conexion23.com\/?p=19903"},"wordCount":259,"commentCount":0,"publisher":{"@id":"https:\/\/conexion23.com\/#organization"},"image":{"@id":"https:\/\/conexion23.com\/?p=19903#primaryimage"},"thumbnailUrl":"https:\/\/conexion23.com\/wp-content\/uploads\/2023\/08\/64d6bda12797f.r_d.399-519.jpeg","articleSection":["Uncategorized"],"inLanguage":"es","potentialAction":[{"@type":"CommentAction","name":"Comment","target":["https:\/\/conexion23.com\/?p=19903#respond"]}]},{"@type":"WebPage","@id":"https:\/\/conexion23.com\/?p=19903","url":"https:\/\/conexion23.com\/?p=19903","name":"Trasladan a un centro m\u00e9dico a cubano que golpe\u00f3 agente de la Digesett. - Conexi\u00f3n 23","isPartOf":{"@id":"https:\/\/conexion23.com\/#website"},"primaryImageOfPage":{"@id":"https:\/\/conexion23.com\/?p=19903#primaryimage"},"image":{"@id":"https:\/\/conexion23.com\/?p=19903#primaryimage"},"thumbnailUrl":"https:\/\/conexion23.com\/wp-content\/uploads\/2023\/08\/64d6bda12797f.r_d.399-519.jpeg","datePublished":"2023-08-12T13:23:47+00:00","dateModified":"2023-08-12T13:23:49+00:00","breadcrumb":{"@id":"https:\/\/conexion23.com\/?p=19903#breadcrumb"},"inLanguage":"es","potentialAction":[{"@type":"ReadAction","target":["https:\/\/conexion23.com\/?p=19903"]}]},{"@type":"ImageObject","inLanguage":"es","@id":"https:\/\/conexion23.com\/?p=19903#primaryimage","url":"https:\/\/conexion23.com\/wp-content\/uploads\/2023\/08\/64d6bda12797f.r_d.399-519.jpeg","contentUrl":"https:\/\/conexion23.com\/wp-content\/uploads\/2023\/08\/64d6bda12797f.r_d.399-519.jpeg","width":950,"height":465},{"@type":"BreadcrumbList","@id":"https:\/\/conexion23.com\/?p=19903#breadcrumb","itemListElement":[{"@type":"ListItem","position":1,"name":"Portada","item":"https:\/\/conexion23.com\/"},{"@type":"ListItem","position":2,"name":"Trasladan a un centro m\u00e9dico a cubano que golpe\u00f3 agente de la Digesett."}]},{"@type":"WebSite","@id":"https:\/\/conexion23.com\/#website","url":"https:\/\/conexion23.com\/","name":"Conexi\u00f3n 23","description":"Peri\u00f3dico 100% Petromacorisano","publisher":{"@id":"https:\/\/conexion23.com\/#organization"},"potentialAction":[{"@type":"SearchAction","target":{"@type":"EntryPoint","urlTemplate":"https:\/\/conexion23.com\/?s={search_term_string}"},"query-input":{"@type":"PropertyValueSpecification","valueRequired":true,"valueName":"search_term_string"}}],"inLanguage":"es"},{"@type":"Organization","@id":"https:\/\/conexion23.com\/#organization","name":"Conexion 23","url":"https:\/\/conexion23.com\/","logo":{"@type":"ImageObject","inLanguage":"es","@id":"https:\/\/conexion23.com\/#\/schema\/logo\/image\/","url":"https:\/\/conexion23.com\/wp-content\/uploads\/2021\/11\/Diseno-sin-titulo-2.png","contentUrl":"https:\/\/conexion23.com\/wp-content\/uploads\/2021\/11\/Diseno-sin-titulo-2.png","width":541,"height":90,"caption":"Conexion 23"},"image":{"@id":"https:\/\/conexion23.com\/#\/schema\/logo\/image\/"},"sameAs":["https:\/\/www.facebook.com\/conexion23com","https:\/\/www.instagram.com\/conexion23com\/","https:\/\/www.youtube.com\/channel\/UCYc7vxxFZMYLIHNsHHxPZ3Q"]},{"@type":"Person","@id":"https:\/\/conexion23.com\/#\/schema\/person\/03e36043331117e97a373299bbcd30a6","name":"Raffy Ben\u00edtez","image":{"@type":"ImageObject","inLanguage":"es","@id":"https:\/\/conexion23.com\/#\/schema\/person\/image\/","url":"https:\/\/secure.gravatar.com\/avatar\/3190a6a6c5e1b0327500f7d6c56b6242472ee6cb974cf09b401ee6b3b0798f23?s=96&d=mm&r=g","contentUrl":"https:\/\/secure.gravatar.com\/avatar\/3190a6a6c5e1b0327500f7d6c56b6242472ee6cb974cf09b401ee6b3b0798f23?s=96&d=mm&r=g","caption":"Raffy Ben\u00edtez"},"url":"https:\/\/conexion23.com\/?author=15"}]}},"_links":{"self":[{"href":"https:\/\/conexion23.com\/index.php?rest_route=\/wp\/v2\/posts\/19903","targetHints":{"allow":["GET"]}}],"collection":[{"href":"https:\/\/conexion23.com\/index.php?rest_route=\/wp\/v2\/posts"}],"about":[{"href":"https:\/\/conexion23.com\/index.php?rest_route=\/wp\/v2\/types\/post"}],"author":[{"embeddable":true,"href":"https:\/\/conexion23.com\/index.php?rest_route=\/wp\/v2\/users\/15"}],"replies":[{"embeddable":true,"href":"https:\/\/conexion23.com\/index.php?rest_route=%2Fwp%2Fv2%2Fcomments&post=19903"}],"version-history":[{"count":1,"href":"https:\/\/conexion23.com\/index.php?rest_route=\/wp\/v2\/posts\/19903\/revisions"}],"predecessor-version":[{"id":19905,"href":"https:\/\/conexion23.com\/index.php?rest_route=\/wp\/v2\/posts\/19903\/revisions\/19905"}],"wp:featuredmedia":[{"embeddable":true,"href":"https:\/\/conexion23.com\/index.php?rest_route=\/wp\/v2\/media\/19904"}],"wp:attachment":[{"href":"https:\/\/conexion23.com\/index.php?rest_route=%2Fwp%2Fv2%2Fmedia&parent=19903"}],"wp:term":[{"taxonomy":"category","embeddable":true,"href":"https:\/\/conexion23.com\/index.php?rest_route=%2Fwp%2Fv2%2Fcategories&post=19903"},{"taxonomy":"post_tag","embeddable":true,"href":"https:\/\/conexion23.com\/index.php?rest_route=%2Fwp%2Fv2%2Ftags&post=19903"}],"curies":[{"name":"wp","href":"https:\/\/api.w.org\/{rel}","templated":true}]}}