{"id":19941,"date":"2023-08-14T18:32:28","date_gmt":"2023-08-14T22:32:28","guid":{"rendered":"https:\/\/conexion23.com\/?p=19941"},"modified":"2023-08-14T18:32:31","modified_gmt":"2023-08-14T22:32:31","slug":"solo-balaguer-leonel-y-danilo-se-reeligieron-en-el-poder","status":"publish","type":"post","link":"https:\/\/conexion23.com\/?p=19941","title":{"rendered":"S\u00f3lo Balaguer, Leonel y Danilo se reeligieron en el poder."},"content":{"rendered":"\n<p>Llegar a ser presidente es uno de los m\u00e9ritos m\u00e1s grandes que un ser humano puede llegar a alcanzar. Tener en las manos el control de un territorio de manera democr\u00e1tica es un tanto cuesta arriba; sin embargo, m\u00e1s dif\u00edcil es tener que renunciar a todo ese poder que se le otorga a un jefe de Estado.<\/p>\n\n\n\n<p>Por tal raz\u00f3n,<strong>&nbsp;la mayor\u00eda de los presidentes que han gobernado el pa\u00eds han optado por reelegirse,<\/strong>&nbsp;utilizando mecanismos para lograr su cometido que para algunos candidatos han sido \u00fatiles, pero para otros no.<\/p>\n\n\n\n<p>Entre los presidentes que han lograron repostularse de manera satisfactoria figura<strong>&nbsp;Joaqu\u00edn Balaguer,<\/strong>&nbsp;<strong>presidente del pa\u00eds por m\u00e1s de una d\u00e9cada<\/strong>&nbsp;y quien, luego del dictador Rafael Le\u00f3nidas Trujillo, aparece en los libros de historia como el pol\u00edtico con mejor racha ganadora<\/p>\n\n\n\n<p>La cadena de triunfos de Balaguer inicia en \u00e9poca de la pos guerra civil con las elecciones del 1 de junio de 1966, luego de que el pa\u00eds fuera intervenido por cientos de tropas norteamericanas.<\/p>\n\n\n\n<p>Desde esa fecha,&nbsp;<strong>Balaguer se mantuvo en el poder hasta 1978,&nbsp;<\/strong>cumpliendo as\u00ed el per\u00edodo conocido como los \u201c12 a\u00f1os de Balaguer\u201d, durante el cual se produjeron un sin n\u00famero de hechos de sangre que atemorizaron a la ciudadan\u00eda.<\/p>\n\n\n\n<p>Al \u201cdoctor\u201d, como tambi\u00e9n se le conoc\u00eda, le sucedi\u00f3 su Antonio Guzm\u00e1n, quien no logr\u00f3 culminar su mandato de gobierno debido a que se quit\u00f3 la vida de un disparo en la cabeza. mientras estaba en el Palacio Nacional.<\/p>\n\n\n\n<p><strong>Es all\u00ed cuando entra Salvador Jorge Blanco<\/strong>&nbsp;a la escena pol\u00edtica, gobernando el pa\u00eds desde 1982 hasta 1986.<\/p>\n\n\n\n<p>Jorge Blanco, durante su gesti\u00f3n, dej\u00f3 un mal sabor en los votantes lo que hizo m\u00e1s f\u00e1cil la victoria de Balaguer en el certamen electoral de 1986. Balaguer se mantuvo hasta los comicios de 1990, para los cuales se repostul\u00f3 de forma exitosa.&nbsp;<strong>En 1994 volvi\u00f3 a repostularse de manera exitosa<\/strong>&nbsp;para un nuevo per\u00edodo presidencial consecutivo, convirti\u00e9ndose en el primero en lograr ser elegido presidente de manera democr\u00e1tica en tres ocasiones seguidas.<\/p>\n\n\n\n<p>En esa ocasi\u00f3n, a diferencia de las elecciones anteriores, termin\u00f3 acordando un \u201cPacto por la democracia\u201d con su principal opositor Jos\u00e9 Francisco Pe\u00f1a G\u00f3mez, candidato a la Presidencia por el Partido Revolucionario Dominicano (PRD), quien denunci\u00f3 un fraude en los sufragios, acusaci\u00f3n que fue sustentada por una comisi\u00f3n de verificaci\u00f3n. Balaguer, en ese entonces, hab\u00eda resultado ganador por una diferencia de 22,281 votos por encima de Pena G\u00f3mez.<\/p>\n\n\n\n<p>En esa reelecci\u00f3n consecutiva,&nbsp;<strong>Balaguer s\u00f3lo gobern\u00f3 hasta 1996;<\/strong>&nbsp;es decir, la mitad del per\u00edodo como lo acordado en el \u201cPacto por la democracia\u201d, que establec\u00eda por dem\u00e1s la creaci\u00f3n del sistema de doble vuelta electoral, en caso de que un candidato presidencial no lograse el 50% de los votos m\u00e1s 1, y prohib\u00eda la reelecci\u00f3n.<\/p>\n\n\n\n<p>Previo a la reelecci\u00f3n de 1994,&nbsp;<strong>este se habr\u00eda ocupado la Presidencia desde 1986.<\/strong><\/p>\n\n\n\n<p>Balaguer cumpli\u00f3 con lo establecido en el pacto, y al cumplir su per\u00edodo en 1996, se realizaron elecciones el 16 de agosto como se acord\u00f3. Estas elecciones fueron ganadas por el novel candidato Leonel Fern\u00e1ndez, gracias al sistema de segunda vuelta ya que Pe\u00f1a G\u00f3mez (PRD) solo obtuvo un 47% , por encima del 38% de Fern\u00e1ndez (PLD), situaci\u00f3n que oblig\u00f3 a la celebraci\u00f3n de unos nuevos comicios en los cuales el PLD aliado al PRSC se llev\u00f3 el triunfo.<\/p>\n\n\n\n<p>En esa reelecci\u00f3n consecutiva,&nbsp;<strong>Balaguer s\u00f3lo gobern\u00f3 hasta 1996;<\/strong>&nbsp;es decir, la mitad del per\u00edodo como lo acordado en el \u201cPacto por la democracia\u201d, que establec\u00eda por dem\u00e1s la creaci\u00f3n del sistema de doble vuelta electoral, en caso de que un candidato presidencial no lograse el 50% de los votos m\u00e1s 1, y prohib\u00eda la reelecci\u00f3n.<\/p>\n\n\n\n<p>Previo a la reelecci\u00f3n de 1994,&nbsp;<strong>este se habr\u00eda ocupado la Presidencia desde 1986.<\/strong><\/p>\n\n\n\n<p>Balaguer cumpli\u00f3 con lo establecido en el pacto, y al cumplir su per\u00edodo en 1996, se realizaron elecciones el 16 de agosto como se acord\u00f3. Estas elecciones fueron ganadas por el novel candidato Leonel Fern\u00e1ndez, gracias al sistema de segunda vuelta ya que Pe\u00f1a G\u00f3mez (PRD) solo obtuvo un 47% , por encima del 38% de Fern\u00e1ndez (PLD), situaci\u00f3n que oblig\u00f3 a la celebraci\u00f3n de unos nuevos comicios en los cuales el PLD aliado al PRSC se llev\u00f3 el triunfo.<\/p>\n\n\n\n<p><strong>ABINADER<\/strong><\/p>\n\n\n\n<p>No fue hasta ayer que el presidente Abinader anunciara sus pretensiones de seguir en el cargo&nbsp;<strong>para un nuevo per\u00edodo o cuatro a\u00f1os m\u00e1s de gobierno.<\/strong><\/p>\n\n\n\n<p>El anuncio lo realiz\u00f3 el jefe de Estado a trav\u00e9s de un video en las redes sociales. Su decisi\u00f3n de repostularse para las elecciones presidenciales del pr\u00f3ximo 2024, aspirando a ser el primer presidente por el PRM en buscar retener el cargo presidencial.<\/p>\n\n\n\n<p>El mandatario envi\u00f3 un mensaje en el cual argumenta sus aspiraciones en los retos que queda por alcanzar y en mantener una \u201cpol\u00edtica de honestidad\u201d.<\/p>\n","protected":false},"excerpt":{"rendered":"<p>Llegar a ser presidente es uno de los m\u00e9ritos m\u00e1s grandes que un ser humano puede llegar a alcanzar. Tener en las manos el control de un territorio de manera democr\u00e1tica es un tanto cuesta arriba; sin embargo, m\u00e1s dif\u00edcil es tener que renunciar a todo ese poder que se le otorga a un jefe [&hellip;]<\/p>\n","protected":false},"author":15,"featured_media":19942,"comment_status":"open","ping_status":"open","sticky":false,"template":"","format":"standard","meta":{"footnotes":""},"categories":[1],"tags":[],"class_list":{"0":"post-19941","1":"post","2":"type-post","3":"status-publish","4":"format-standard","5":"has-post-thumbnail","7":"category-uncategorized"},"yoast_head":"<!-- This site is optimized with the Yoast SEO plugin v27.1.1 - https:\/\/yoast.com\/product\/yoast-seo-wordpress\/ -->\n<title>S\u00f3lo Balaguer, Leonel y Danilo se reeligieron en el poder. - Conexi\u00f3n 23<\/title>\n<meta name=\"robots\" content=\"index, follow, max-snippet:-1, max-image-preview:large, max-video-preview:-1\" \/>\n<link rel=\"canonical\" href=\"https:\/\/conexion23.com\/?p=19941\" \/>\n<meta property=\"og:locale\" content=\"es_ES\" \/>\n<meta property=\"og:type\" content=\"article\" \/>\n<meta property=\"og:title\" content=\"S\u00f3lo Balaguer, Leonel y Danilo se reeligieron en el poder. - Conexi\u00f3n 23\" \/>\n<meta property=\"og:description\" content=\"Llegar a ser presidente es uno de los m\u00e9ritos m\u00e1s grandes que un ser humano puede llegar a alcanzar. Tener en las manos el control de un territorio de manera democr\u00e1tica es un tanto cuesta arriba; sin embargo, m\u00e1s dif\u00edcil es tener que renunciar a todo ese poder que se le otorga a un jefe [&hellip;]\" \/>\n<meta property=\"og:url\" content=\"https:\/\/conexion23.com\/?p=19941\" \/>\n<meta property=\"og:site_name\" content=\"Conexi\u00f3n 23\" \/>\n<meta property=\"article:publisher\" content=\"https:\/\/www.facebook.com\/conexion23com\" \/>\n<meta property=\"article:published_time\" content=\"2023-08-14T22:32:28+00:00\" \/>\n<meta property=\"article:modified_time\" content=\"2023-08-14T22:32:31+00:00\" \/>\n<meta property=\"og:image\" content=\"https:\/\/conexion23.com\/wp-content\/uploads\/2023\/08\/64d9af8cf1006.r_d.816-263.png\" \/>\n\t<meta property=\"og:image:width\" content=\"637\" \/>\n\t<meta property=\"og:image:height\" content=\"200\" \/>\n\t<meta property=\"og:image:type\" content=\"image\/png\" \/>\n<meta name=\"author\" content=\"Raffy Ben\u00edtez\" \/>\n<meta name=\"twitter:card\" content=\"summary_large_image\" \/>\n<meta name=\"twitter:label1\" content=\"Escrito por\" \/>\n\t<meta name=\"twitter:data1\" content=\"Raffy Ben\u00edtez\" \/>\n\t<meta name=\"twitter:label2\" content=\"Tiempo de lectura\" \/>\n\t<meta name=\"twitter:data2\" content=\"4 minutos\" \/>\n<script type=\"application\/ld+json\" class=\"yoast-schema-graph\">{\"@context\":\"https:\/\/schema.org\",\"@graph\":[{\"@type\":\"Article\",\"@id\":\"https:\/\/conexion23.com\/?p=19941#article\",\"isPartOf\":{\"@id\":\"https:\/\/conexion23.com\/?p=19941\"},\"author\":{\"name\":\"Raffy Ben\u00edtez\",\"@id\":\"https:\/\/conexion23.com\/#\/schema\/person\/03e36043331117e97a373299bbcd30a6\"},\"headline\":\"S\u00f3lo Balaguer, Leonel y Danilo se reeligieron en el poder.\",\"datePublished\":\"2023-08-14T22:32:28+00:00\",\"dateModified\":\"2023-08-14T22:32:31+00:00\",\"mainEntityOfPage\":{\"@id\":\"https:\/\/conexion23.com\/?p=19941\"},\"wordCount\":878,\"commentCount\":0,\"publisher\":{\"@id\":\"https:\/\/conexion23.com\/#organization\"},\"image\":{\"@id\":\"https:\/\/conexion23.com\/?p=19941#primaryimage\"},\"thumbnailUrl\":\"https:\/\/conexion23.com\/wp-content\/uploads\/2023\/08\/64d9af8cf1006.r_d.816-263.png\",\"articleSection\":[\"Uncategorized\"],\"inLanguage\":\"es\",\"potentialAction\":[{\"@type\":\"CommentAction\",\"name\":\"Comment\",\"target\":[\"https:\/\/conexion23.com\/?p=19941#respond\"]}]},{\"@type\":\"WebPage\",\"@id\":\"https:\/\/conexion23.com\/?p=19941\",\"url\":\"https:\/\/conexion23.com\/?p=19941\",\"name\":\"S\u00f3lo Balaguer, Leonel y Danilo se reeligieron en el poder. - Conexi\u00f3n 23\",\"isPartOf\":{\"@id\":\"https:\/\/conexion23.com\/#website\"},\"primaryImageOfPage\":{\"@id\":\"https:\/\/conexion23.com\/?p=19941#primaryimage\"},\"image\":{\"@id\":\"https:\/\/conexion23.com\/?p=19941#primaryimage\"},\"thumbnailUrl\":\"https:\/\/conexion23.com\/wp-content\/uploads\/2023\/08\/64d9af8cf1006.r_d.816-263.png\",\"datePublished\":\"2023-08-14T22:32:28+00:00\",\"dateModified\":\"2023-08-14T22:32:31+00:00\",\"breadcrumb\":{\"@id\":\"https:\/\/conexion23.com\/?p=19941#breadcrumb\"},\"inLanguage\":\"es\",\"potentialAction\":[{\"@type\":\"ReadAction\",\"target\":[\"https:\/\/conexion23.com\/?p=19941\"]}]},{\"@type\":\"ImageObject\",\"inLanguage\":\"es\",\"@id\":\"https:\/\/conexion23.com\/?p=19941#primaryimage\",\"url\":\"https:\/\/conexion23.com\/wp-content\/uploads\/2023\/08\/64d9af8cf1006.r_d.816-263.png\",\"contentUrl\":\"https:\/\/conexion23.com\/wp-content\/uploads\/2023\/08\/64d9af8cf1006.r_d.816-263.png\",\"width\":637,\"height\":200},{\"@type\":\"BreadcrumbList\",\"@id\":\"https:\/\/conexion23.com\/?p=19941#breadcrumb\",\"itemListElement\":[{\"@type\":\"ListItem\",\"position\":1,\"name\":\"Portada\",\"item\":\"https:\/\/conexion23.com\/\"},{\"@type\":\"ListItem\",\"position\":2,\"name\":\"S\u00f3lo Balaguer, Leonel y Danilo se reeligieron en el poder.\"}]},{\"@type\":\"WebSite\",\"@id\":\"https:\/\/conexion23.com\/#website\",\"url\":\"https:\/\/conexion23.com\/\",\"name\":\"Conexi\u00f3n 23\",\"description\":\"Peri\u00f3dico 100% Petromacorisano\",\"publisher\":{\"@id\":\"https:\/\/conexion23.com\/#organization\"},\"potentialAction\":[{\"@type\":\"SearchAction\",\"target\":{\"@type\":\"EntryPoint\",\"urlTemplate\":\"https:\/\/conexion23.com\/?s={search_term_string}\"},\"query-input\":{\"@type\":\"PropertyValueSpecification\",\"valueRequired\":true,\"valueName\":\"search_term_string\"}}],\"inLanguage\":\"es\"},{\"@type\":\"Organization\",\"@id\":\"https:\/\/conexion23.com\/#organization\",\"name\":\"Conexion 23\",\"url\":\"https:\/\/conexion23.com\/\",\"logo\":{\"@type\":\"ImageObject\",\"inLanguage\":\"es\",\"@id\":\"https:\/\/conexion23.com\/#\/schema\/logo\/image\/\",\"url\":\"https:\/\/conexion23.com\/wp-content\/uploads\/2021\/11\/Diseno-sin-titulo-2.png\",\"contentUrl\":\"https:\/\/conexion23.com\/wp-content\/uploads\/2021\/11\/Diseno-sin-titulo-2.png\",\"width\":541,\"height\":90,\"caption\":\"Conexion 23\"},\"image\":{\"@id\":\"https:\/\/conexion23.com\/#\/schema\/logo\/image\/\"},\"sameAs\":[\"https:\/\/www.facebook.com\/conexion23com\",\"https:\/\/www.instagram.com\/conexion23com\/\",\"https:\/\/www.youtube.com\/channel\/UCYc7vxxFZMYLIHNsHHxPZ3Q\"]},{\"@type\":\"Person\",\"@id\":\"https:\/\/conexion23.com\/#\/schema\/person\/03e36043331117e97a373299bbcd30a6\",\"name\":\"Raffy Ben\u00edtez\",\"image\":{\"@type\":\"ImageObject\",\"inLanguage\":\"es\",\"@id\":\"https:\/\/conexion23.com\/#\/schema\/person\/image\/\",\"url\":\"https:\/\/secure.gravatar.com\/avatar\/3190a6a6c5e1b0327500f7d6c56b6242472ee6cb974cf09b401ee6b3b0798f23?s=96&d=mm&r=g\",\"contentUrl\":\"https:\/\/secure.gravatar.com\/avatar\/3190a6a6c5e1b0327500f7d6c56b6242472ee6cb974cf09b401ee6b3b0798f23?s=96&d=mm&r=g\",\"caption\":\"Raffy Ben\u00edtez\"},\"url\":\"https:\/\/conexion23.com\/?author=15\"}]}<\/script>\n<!-- \/ Yoast SEO plugin. -->","yoast_head_json":{"title":"S\u00f3lo Balaguer, Leonel y Danilo se reeligieron en el poder. - Conexi\u00f3n 23","robots":{"index":"index","follow":"follow","max-snippet":"max-snippet:-1","max-image-preview":"max-image-preview:large","max-video-preview":"max-video-preview:-1"},"canonical":"https:\/\/conexion23.com\/?p=19941","og_locale":"es_ES","og_type":"article","og_title":"S\u00f3lo Balaguer, Leonel y Danilo se reeligieron en el poder. - Conexi\u00f3n 23","og_description":"Llegar a ser presidente es uno de los m\u00e9ritos m\u00e1s grandes que un ser humano puede llegar a alcanzar. Tener en las manos el control de un territorio de manera democr\u00e1tica es un tanto cuesta arriba; sin embargo, m\u00e1s dif\u00edcil es tener que renunciar a todo ese poder que se le otorga a un jefe [&hellip;]","og_url":"https:\/\/conexion23.com\/?p=19941","og_site_name":"Conexi\u00f3n 23","article_publisher":"https:\/\/www.facebook.com\/conexion23com","article_published_time":"2023-08-14T22:32:28+00:00","article_modified_time":"2023-08-14T22:32:31+00:00","og_image":[{"width":637,"height":200,"url":"https:\/\/conexion23.com\/wp-content\/uploads\/2023\/08\/64d9af8cf1006.r_d.816-263.png","type":"image\/png"}],"author":"Raffy Ben\u00edtez","twitter_card":"summary_large_image","twitter_misc":{"Escrito por":"Raffy Ben\u00edtez","Tiempo de lectura":"4 minutos"},"schema":{"@context":"https:\/\/schema.org","@graph":[{"@type":"Article","@id":"https:\/\/conexion23.com\/?p=19941#article","isPartOf":{"@id":"https:\/\/conexion23.com\/?p=19941"},"author":{"name":"Raffy Ben\u00edtez","@id":"https:\/\/conexion23.com\/#\/schema\/person\/03e36043331117e97a373299bbcd30a6"},"headline":"S\u00f3lo Balaguer, Leonel y Danilo se reeligieron en el poder.","datePublished":"2023-08-14T22:32:28+00:00","dateModified":"2023-08-14T22:32:31+00:00","mainEntityOfPage":{"@id":"https:\/\/conexion23.com\/?p=19941"},"wordCount":878,"commentCount":0,"publisher":{"@id":"https:\/\/conexion23.com\/#organization"},"image":{"@id":"https:\/\/conexion23.com\/?p=19941#primaryimage"},"thumbnailUrl":"https:\/\/conexion23.com\/wp-content\/uploads\/2023\/08\/64d9af8cf1006.r_d.816-263.png","articleSection":["Uncategorized"],"inLanguage":"es","potentialAction":[{"@type":"CommentAction","name":"Comment","target":["https:\/\/conexion23.com\/?p=19941#respond"]}]},{"@type":"WebPage","@id":"https:\/\/conexion23.com\/?p=19941","url":"https:\/\/conexion23.com\/?p=19941","name":"S\u00f3lo Balaguer, Leonel y Danilo se reeligieron en el poder. - Conexi\u00f3n 23","isPartOf":{"@id":"https:\/\/conexion23.com\/#website"},"primaryImageOfPage":{"@id":"https:\/\/conexion23.com\/?p=19941#primaryimage"},"image":{"@id":"https:\/\/conexion23.com\/?p=19941#primaryimage"},"thumbnailUrl":"https:\/\/conexion23.com\/wp-content\/uploads\/2023\/08\/64d9af8cf1006.r_d.816-263.png","datePublished":"2023-08-14T22:32:28+00:00","dateModified":"2023-08-14T22:32:31+00:00","breadcrumb":{"@id":"https:\/\/conexion23.com\/?p=19941#breadcrumb"},"inLanguage":"es","potentialAction":[{"@type":"ReadAction","target":["https:\/\/conexion23.com\/?p=19941"]}]},{"@type":"ImageObject","inLanguage":"es","@id":"https:\/\/conexion23.com\/?p=19941#primaryimage","url":"https:\/\/conexion23.com\/wp-content\/uploads\/2023\/08\/64d9af8cf1006.r_d.816-263.png","contentUrl":"https:\/\/conexion23.com\/wp-content\/uploads\/2023\/08\/64d9af8cf1006.r_d.816-263.png","width":637,"height":200},{"@type":"BreadcrumbList","@id":"https:\/\/conexion23.com\/?p=19941#breadcrumb","itemListElement":[{"@type":"ListItem","position":1,"name":"Portada","item":"https:\/\/conexion23.com\/"},{"@type":"ListItem","position":2,"name":"S\u00f3lo Balaguer, Leonel y Danilo se reeligieron en el poder."}]},{"@type":"WebSite","@id":"https:\/\/conexion23.com\/#website","url":"https:\/\/conexion23.com\/","name":"Conexi\u00f3n 23","description":"Peri\u00f3dico 100% Petromacorisano","publisher":{"@id":"https:\/\/conexion23.com\/#organization"},"potentialAction":[{"@type":"SearchAction","target":{"@type":"EntryPoint","urlTemplate":"https:\/\/conexion23.com\/?s={search_term_string}"},"query-input":{"@type":"PropertyValueSpecification","valueRequired":true,"valueName":"search_term_string"}}],"inLanguage":"es"},{"@type":"Organization","@id":"https:\/\/conexion23.com\/#organization","name":"Conexion 23","url":"https:\/\/conexion23.com\/","logo":{"@type":"ImageObject","inLanguage":"es","@id":"https:\/\/conexion23.com\/#\/schema\/logo\/image\/","url":"https:\/\/conexion23.com\/wp-content\/uploads\/2021\/11\/Diseno-sin-titulo-2.png","contentUrl":"https:\/\/conexion23.com\/wp-content\/uploads\/2021\/11\/Diseno-sin-titulo-2.png","width":541,"height":90,"caption":"Conexion 23"},"image":{"@id":"https:\/\/conexion23.com\/#\/schema\/logo\/image\/"},"sameAs":["https:\/\/www.facebook.com\/conexion23com","https:\/\/www.instagram.com\/conexion23com\/","https:\/\/www.youtube.com\/channel\/UCYc7vxxFZMYLIHNsHHxPZ3Q"]},{"@type":"Person","@id":"https:\/\/conexion23.com\/#\/schema\/person\/03e36043331117e97a373299bbcd30a6","name":"Raffy Ben\u00edtez","image":{"@type":"ImageObject","inLanguage":"es","@id":"https:\/\/conexion23.com\/#\/schema\/person\/image\/","url":"https:\/\/secure.gravatar.com\/avatar\/3190a6a6c5e1b0327500f7d6c56b6242472ee6cb974cf09b401ee6b3b0798f23?s=96&d=mm&r=g","contentUrl":"https:\/\/secure.gravatar.com\/avatar\/3190a6a6c5e1b0327500f7d6c56b6242472ee6cb974cf09b401ee6b3b0798f23?s=96&d=mm&r=g","caption":"Raffy Ben\u00edtez"},"url":"https:\/\/conexion23.com\/?author=15"}]}},"_links":{"self":[{"href":"https:\/\/conexion23.com\/index.php?rest_route=\/wp\/v2\/posts\/19941","targetHints":{"allow":["GET"]}}],"collection":[{"href":"https:\/\/conexion23.com\/index.php?rest_route=\/wp\/v2\/posts"}],"about":[{"href":"https:\/\/conexion23.com\/index.php?rest_route=\/wp\/v2\/types\/post"}],"author":[{"embeddable":true,"href":"https:\/\/conexion23.com\/index.php?rest_route=\/wp\/v2\/users\/15"}],"replies":[{"embeddable":true,"href":"https:\/\/conexion23.com\/index.php?rest_route=%2Fwp%2Fv2%2Fcomments&post=19941"}],"version-history":[{"count":1,"href":"https:\/\/conexion23.com\/index.php?rest_route=\/wp\/v2\/posts\/19941\/revisions"}],"predecessor-version":[{"id":19943,"href":"https:\/\/conexion23.com\/index.php?rest_route=\/wp\/v2\/posts\/19941\/revisions\/19943"}],"wp:featuredmedia":[{"embeddable":true,"href":"https:\/\/conexion23.com\/index.php?rest_route=\/wp\/v2\/media\/19942"}],"wp:attachment":[{"href":"https:\/\/conexion23.com\/index.php?rest_route=%2Fwp%2Fv2%2Fmedia&parent=19941"}],"wp:term":[{"taxonomy":"category","embeddable":true,"href":"https:\/\/conexion23.com\/index.php?rest_route=%2Fwp%2Fv2%2Fcategories&post=19941"},{"taxonomy":"post_tag","embeddable":true,"href":"https:\/\/conexion23.com\/index.php?rest_route=%2Fwp%2Fv2%2Ftags&post=19941"}],"curies":[{"name":"wp","href":"https:\/\/api.w.org\/{rel}","templated":true}]}}