{"id":19953,"date":"2023-08-14T18:47:05","date_gmt":"2023-08-14T22:47:05","guid":{"rendered":"https:\/\/conexion23.com\/?p=19953"},"modified":"2023-08-14T18:47:07","modified_gmt":"2023-08-14T22:47:07","slug":"matt-blackett-los-incendios-de-hawai-son-un-fenomeno-muy-raro-ligado-al-cambio-climatico","status":"publish","type":"post","link":"https:\/\/conexion23.com\/?p=19953","title":{"rendered":"Matt Blackett: Los incendios de Haw\u00e1i son un fen\u00f3meno muy raro, ligado al cambio clim\u00e1tico."},"content":{"rendered":"\n<p>Los&nbsp;<strong>incendios de Haw\u00e1i<\/strong>&nbsp;que han consternado al mundo esta semana son un&nbsp;<strong>fen\u00f3meno \u00abmuy raro\u00bb<\/strong>&nbsp;que no suele darse en islas y cuyas causas tienen, en su mayor\u00eda, un origen en el&nbsp;<strong>cambio clim\u00e1tico<\/strong>, asegura el experto en geograf\u00eda f\u00edsica y riesgos naturales Matthew Blackett.<\/p>\n\n\n\n<p>Los fuegos forestales que desde el martes han recorrido velozmente la isla de Maui y han<strong>&nbsp;calcinado su ciudad hist\u00f3rica<\/strong>&nbsp;de Lahaina se han cobrado al menos&nbsp;<strong>89 vidas humanas<\/strong>, un n\u00famero que se espera siga aumentando a medida que pasen los d\u00edas, pues a\u00fan se desconoce el paradero de centenares de personas.<\/p>\n\n\n\n<p>Adem\u00e1s de su inusual impacto -son los&nbsp;<strong>incendios forestales<\/strong>&nbsp;<strong>m\u00e1s letales del \u00faltimo siglo<\/strong>&nbsp;en Estados Unidos, seg\u00fan alegaron las autoridades el s\u00e1bado- se trata de un fen\u00f3meno \u00abmuy raro\u00bb, incide Blackett, especialista de la Universidad brit\u00e1nica de Coventry.<\/p>\n\n\n\n<p>En las islas<strong>&nbsp;es extra\u00f1o<\/strong>&nbsp;que se formen fuegos forestales, explica, \u00aben parte porque&nbsp;<strong>est\u00e1n rodeadas de agua<\/strong>, as\u00ed que cuando un viento se mueve sobre el oc\u00e9ano, que es muy plano, en cuanto llega a la isla se ve obligado a elevarse, y ese aire contiene mucha agua porque acaba de volar sobre el oc\u00e9ano, y a medida que se eleva sobre la tierra, el agua que ha recogido se convierte en nube y conduce a la precipitaci\u00f3n\u00bb.<\/p>\n\n\n\n<p>No obstante, este verano se han producido&nbsp;<strong>incendios forestales<\/strong>&nbsp;en diversas islas, como los de&nbsp;<strong>Grecia o el de la isla espa\u00f1ola de La Palma<\/strong>, aunque Blackett aclara que esos fuegos -que han ocurrido gracias a unas condiciones de sequedad de la tierra importantes- no responden al mismo fen\u00f3meno que lo sucedido en&nbsp;<strong>Haw\u00e1i<\/strong>, un archipi\u00e9lago que siempre se caracteriz\u00f3 por ser muy h\u00famedo.<\/p>\n","protected":false},"excerpt":{"rendered":"<p>Los&nbsp;incendios de Haw\u00e1i&nbsp;que han consternado al mundo esta semana son un&nbsp;fen\u00f3meno \u00abmuy raro\u00bb&nbsp;que no suele darse en islas y cuyas causas tienen, en su mayor\u00eda, un origen en el&nbsp;cambio clim\u00e1tico, asegura el experto en geograf\u00eda f\u00edsica y riesgos naturales Matthew Blackett. Los fuegos forestales que desde el martes han recorrido velozmente la isla de Maui [&hellip;]<\/p>\n","protected":false},"author":15,"featured_media":19954,"comment_status":"open","ping_status":"open","sticky":false,"template":"","format":"standard","meta":{"footnotes":""},"categories":[1],"tags":[],"class_list":{"0":"post-19953","1":"post","2":"type-post","3":"status-publish","4":"format-standard","5":"has-post-thumbnail","7":"category-uncategorized"},"yoast_head":"<!-- This site is optimized with the Yoast SEO plugin v27.1.1 - https:\/\/yoast.com\/product\/yoast-seo-wordpress\/ -->\n<title>Matt Blackett: Los incendios de Haw\u00e1i son un fen\u00f3meno muy raro, ligado al cambio clim\u00e1tico. - Conexi\u00f3n 23<\/title>\n<meta name=\"robots\" content=\"index, follow, max-snippet:-1, max-image-preview:large, max-video-preview:-1\" \/>\n<link rel=\"canonical\" href=\"https:\/\/conexion23.com\/?p=19953\" \/>\n<meta property=\"og:locale\" content=\"es_ES\" \/>\n<meta property=\"og:type\" content=\"article\" \/>\n<meta property=\"og:title\" content=\"Matt Blackett: Los incendios de Haw\u00e1i son un fen\u00f3meno muy raro, ligado al cambio clim\u00e1tico. - Conexi\u00f3n 23\" \/>\n<meta property=\"og:description\" content=\"Los&nbsp;incendios de Haw\u00e1i&nbsp;que han consternado al mundo esta semana son un&nbsp;fen\u00f3meno \u00abmuy raro\u00bb&nbsp;que no suele darse en islas y cuyas causas tienen, en su mayor\u00eda, un origen en el&nbsp;cambio clim\u00e1tico, asegura el experto en geograf\u00eda f\u00edsica y riesgos naturales Matthew Blackett. Los fuegos forestales que desde el martes han recorrido velozmente la isla de Maui [&hellip;]\" \/>\n<meta property=\"og:url\" content=\"https:\/\/conexion23.com\/?p=19953\" \/>\n<meta property=\"og:site_name\" content=\"Conexi\u00f3n 23\" \/>\n<meta property=\"article:publisher\" content=\"https:\/\/www.facebook.com\/conexion23com\" \/>\n<meta property=\"article:published_time\" content=\"2023-08-14T22:47:05+00:00\" \/>\n<meta property=\"article:modified_time\" content=\"2023-08-14T22:47:07+00:00\" \/>\n<meta property=\"og:image\" content=\"https:\/\/conexion23.com\/wp-content\/uploads\/2023\/08\/ap23223014085935-e34d37e0-focus-0-0-896-504.jpg\" \/>\n\t<meta property=\"og:image:width\" content=\"896\" \/>\n\t<meta property=\"og:image:height\" content=\"504\" \/>\n\t<meta property=\"og:image:type\" content=\"image\/jpeg\" \/>\n<meta name=\"author\" content=\"Raffy Ben\u00edtez\" \/>\n<meta name=\"twitter:card\" content=\"summary_large_image\" \/>\n<meta name=\"twitter:label1\" content=\"Escrito por\" \/>\n\t<meta name=\"twitter:data1\" content=\"Raffy Ben\u00edtez\" \/>\n\t<meta name=\"twitter:label2\" content=\"Tiempo de lectura\" \/>\n\t<meta name=\"twitter:data2\" content=\"2 minutos\" \/>\n<script type=\"application\/ld+json\" class=\"yoast-schema-graph\">{\"@context\":\"https:\/\/schema.org\",\"@graph\":[{\"@type\":\"Article\",\"@id\":\"https:\/\/conexion23.com\/?p=19953#article\",\"isPartOf\":{\"@id\":\"https:\/\/conexion23.com\/?p=19953\"},\"author\":{\"name\":\"Raffy Ben\u00edtez\",\"@id\":\"https:\/\/conexion23.com\/#\/schema\/person\/03e36043331117e97a373299bbcd30a6\"},\"headline\":\"Matt Blackett: Los incendios de Haw\u00e1i son un fen\u00f3meno muy raro, ligado al cambio clim\u00e1tico.\",\"datePublished\":\"2023-08-14T22:47:05+00:00\",\"dateModified\":\"2023-08-14T22:47:07+00:00\",\"mainEntityOfPage\":{\"@id\":\"https:\/\/conexion23.com\/?p=19953\"},\"wordCount\":342,\"commentCount\":0,\"publisher\":{\"@id\":\"https:\/\/conexion23.com\/#organization\"},\"image\":{\"@id\":\"https:\/\/conexion23.com\/?p=19953#primaryimage\"},\"thumbnailUrl\":\"https:\/\/conexion23.com\/wp-content\/uploads\/2023\/08\/ap23223014085935-e34d37e0-focus-0-0-896-504.jpg\",\"articleSection\":[\"Uncategorized\"],\"inLanguage\":\"es\",\"potentialAction\":[{\"@type\":\"CommentAction\",\"name\":\"Comment\",\"target\":[\"https:\/\/conexion23.com\/?p=19953#respond\"]}]},{\"@type\":\"WebPage\",\"@id\":\"https:\/\/conexion23.com\/?p=19953\",\"url\":\"https:\/\/conexion23.com\/?p=19953\",\"name\":\"Matt Blackett: Los incendios de Haw\u00e1i son un fen\u00f3meno muy raro, ligado al cambio clim\u00e1tico. - Conexi\u00f3n 23\",\"isPartOf\":{\"@id\":\"https:\/\/conexion23.com\/#website\"},\"primaryImageOfPage\":{\"@id\":\"https:\/\/conexion23.com\/?p=19953#primaryimage\"},\"image\":{\"@id\":\"https:\/\/conexion23.com\/?p=19953#primaryimage\"},\"thumbnailUrl\":\"https:\/\/conexion23.com\/wp-content\/uploads\/2023\/08\/ap23223014085935-e34d37e0-focus-0-0-896-504.jpg\",\"datePublished\":\"2023-08-14T22:47:05+00:00\",\"dateModified\":\"2023-08-14T22:47:07+00:00\",\"breadcrumb\":{\"@id\":\"https:\/\/conexion23.com\/?p=19953#breadcrumb\"},\"inLanguage\":\"es\",\"potentialAction\":[{\"@type\":\"ReadAction\",\"target\":[\"https:\/\/conexion23.com\/?p=19953\"]}]},{\"@type\":\"ImageObject\",\"inLanguage\":\"es\",\"@id\":\"https:\/\/conexion23.com\/?p=19953#primaryimage\",\"url\":\"https:\/\/conexion23.com\/wp-content\/uploads\/2023\/08\/ap23223014085935-e34d37e0-focus-0-0-896-504.jpg\",\"contentUrl\":\"https:\/\/conexion23.com\/wp-content\/uploads\/2023\/08\/ap23223014085935-e34d37e0-focus-0-0-896-504.jpg\",\"width\":896,\"height\":504},{\"@type\":\"BreadcrumbList\",\"@id\":\"https:\/\/conexion23.com\/?p=19953#breadcrumb\",\"itemListElement\":[{\"@type\":\"ListItem\",\"position\":1,\"name\":\"Portada\",\"item\":\"https:\/\/conexion23.com\/\"},{\"@type\":\"ListItem\",\"position\":2,\"name\":\"Matt Blackett: Los incendios de Haw\u00e1i son un fen\u00f3meno muy raro, ligado al cambio clim\u00e1tico.\"}]},{\"@type\":\"WebSite\",\"@id\":\"https:\/\/conexion23.com\/#website\",\"url\":\"https:\/\/conexion23.com\/\",\"name\":\"Conexi\u00f3n 23\",\"description\":\"Peri\u00f3dico 100% Petromacorisano\",\"publisher\":{\"@id\":\"https:\/\/conexion23.com\/#organization\"},\"potentialAction\":[{\"@type\":\"SearchAction\",\"target\":{\"@type\":\"EntryPoint\",\"urlTemplate\":\"https:\/\/conexion23.com\/?s={search_term_string}\"},\"query-input\":{\"@type\":\"PropertyValueSpecification\",\"valueRequired\":true,\"valueName\":\"search_term_string\"}}],\"inLanguage\":\"es\"},{\"@type\":\"Organization\",\"@id\":\"https:\/\/conexion23.com\/#organization\",\"name\":\"Conexion 23\",\"url\":\"https:\/\/conexion23.com\/\",\"logo\":{\"@type\":\"ImageObject\",\"inLanguage\":\"es\",\"@id\":\"https:\/\/conexion23.com\/#\/schema\/logo\/image\/\",\"url\":\"https:\/\/conexion23.com\/wp-content\/uploads\/2021\/11\/Diseno-sin-titulo-2.png\",\"contentUrl\":\"https:\/\/conexion23.com\/wp-content\/uploads\/2021\/11\/Diseno-sin-titulo-2.png\",\"width\":541,\"height\":90,\"caption\":\"Conexion 23\"},\"image\":{\"@id\":\"https:\/\/conexion23.com\/#\/schema\/logo\/image\/\"},\"sameAs\":[\"https:\/\/www.facebook.com\/conexion23com\",\"https:\/\/www.instagram.com\/conexion23com\/\",\"https:\/\/www.youtube.com\/channel\/UCYc7vxxFZMYLIHNsHHxPZ3Q\"]},{\"@type\":\"Person\",\"@id\":\"https:\/\/conexion23.com\/#\/schema\/person\/03e36043331117e97a373299bbcd30a6\",\"name\":\"Raffy Ben\u00edtez\",\"image\":{\"@type\":\"ImageObject\",\"inLanguage\":\"es\",\"@id\":\"https:\/\/conexion23.com\/#\/schema\/person\/image\/\",\"url\":\"https:\/\/secure.gravatar.com\/avatar\/3190a6a6c5e1b0327500f7d6c56b6242472ee6cb974cf09b401ee6b3b0798f23?s=96&d=mm&r=g\",\"contentUrl\":\"https:\/\/secure.gravatar.com\/avatar\/3190a6a6c5e1b0327500f7d6c56b6242472ee6cb974cf09b401ee6b3b0798f23?s=96&d=mm&r=g\",\"caption\":\"Raffy Ben\u00edtez\"},\"url\":\"https:\/\/conexion23.com\/?author=15\"}]}<\/script>\n<!-- \/ Yoast SEO plugin. -->","yoast_head_json":{"title":"Matt Blackett: Los incendios de Haw\u00e1i son un fen\u00f3meno muy raro, ligado al cambio clim\u00e1tico. - Conexi\u00f3n 23","robots":{"index":"index","follow":"follow","max-snippet":"max-snippet:-1","max-image-preview":"max-image-preview:large","max-video-preview":"max-video-preview:-1"},"canonical":"https:\/\/conexion23.com\/?p=19953","og_locale":"es_ES","og_type":"article","og_title":"Matt Blackett: Los incendios de Haw\u00e1i son un fen\u00f3meno muy raro, ligado al cambio clim\u00e1tico. - Conexi\u00f3n 23","og_description":"Los&nbsp;incendios de Haw\u00e1i&nbsp;que han consternado al mundo esta semana son un&nbsp;fen\u00f3meno \u00abmuy raro\u00bb&nbsp;que no suele darse en islas y cuyas causas tienen, en su mayor\u00eda, un origen en el&nbsp;cambio clim\u00e1tico, asegura el experto en geograf\u00eda f\u00edsica y riesgos naturales Matthew Blackett. Los fuegos forestales que desde el martes han recorrido velozmente la isla de Maui [&hellip;]","og_url":"https:\/\/conexion23.com\/?p=19953","og_site_name":"Conexi\u00f3n 23","article_publisher":"https:\/\/www.facebook.com\/conexion23com","article_published_time":"2023-08-14T22:47:05+00:00","article_modified_time":"2023-08-14T22:47:07+00:00","og_image":[{"width":896,"height":504,"url":"https:\/\/conexion23.com\/wp-content\/uploads\/2023\/08\/ap23223014085935-e34d37e0-focus-0-0-896-504.jpg","type":"image\/jpeg"}],"author":"Raffy Ben\u00edtez","twitter_card":"summary_large_image","twitter_misc":{"Escrito por":"Raffy Ben\u00edtez","Tiempo de lectura":"2 minutos"},"schema":{"@context":"https:\/\/schema.org","@graph":[{"@type":"Article","@id":"https:\/\/conexion23.com\/?p=19953#article","isPartOf":{"@id":"https:\/\/conexion23.com\/?p=19953"},"author":{"name":"Raffy Ben\u00edtez","@id":"https:\/\/conexion23.com\/#\/schema\/person\/03e36043331117e97a373299bbcd30a6"},"headline":"Matt Blackett: Los incendios de Haw\u00e1i son un fen\u00f3meno muy raro, ligado al cambio clim\u00e1tico.","datePublished":"2023-08-14T22:47:05+00:00","dateModified":"2023-08-14T22:47:07+00:00","mainEntityOfPage":{"@id":"https:\/\/conexion23.com\/?p=19953"},"wordCount":342,"commentCount":0,"publisher":{"@id":"https:\/\/conexion23.com\/#organization"},"image":{"@id":"https:\/\/conexion23.com\/?p=19953#primaryimage"},"thumbnailUrl":"https:\/\/conexion23.com\/wp-content\/uploads\/2023\/08\/ap23223014085935-e34d37e0-focus-0-0-896-504.jpg","articleSection":["Uncategorized"],"inLanguage":"es","potentialAction":[{"@type":"CommentAction","name":"Comment","target":["https:\/\/conexion23.com\/?p=19953#respond"]}]},{"@type":"WebPage","@id":"https:\/\/conexion23.com\/?p=19953","url":"https:\/\/conexion23.com\/?p=19953","name":"Matt Blackett: Los incendios de Haw\u00e1i son un fen\u00f3meno muy raro, ligado al cambio clim\u00e1tico. - Conexi\u00f3n 23","isPartOf":{"@id":"https:\/\/conexion23.com\/#website"},"primaryImageOfPage":{"@id":"https:\/\/conexion23.com\/?p=19953#primaryimage"},"image":{"@id":"https:\/\/conexion23.com\/?p=19953#primaryimage"},"thumbnailUrl":"https:\/\/conexion23.com\/wp-content\/uploads\/2023\/08\/ap23223014085935-e34d37e0-focus-0-0-896-504.jpg","datePublished":"2023-08-14T22:47:05+00:00","dateModified":"2023-08-14T22:47:07+00:00","breadcrumb":{"@id":"https:\/\/conexion23.com\/?p=19953#breadcrumb"},"inLanguage":"es","potentialAction":[{"@type":"ReadAction","target":["https:\/\/conexion23.com\/?p=19953"]}]},{"@type":"ImageObject","inLanguage":"es","@id":"https:\/\/conexion23.com\/?p=19953#primaryimage","url":"https:\/\/conexion23.com\/wp-content\/uploads\/2023\/08\/ap23223014085935-e34d37e0-focus-0-0-896-504.jpg","contentUrl":"https:\/\/conexion23.com\/wp-content\/uploads\/2023\/08\/ap23223014085935-e34d37e0-focus-0-0-896-504.jpg","width":896,"height":504},{"@type":"BreadcrumbList","@id":"https:\/\/conexion23.com\/?p=19953#breadcrumb","itemListElement":[{"@type":"ListItem","position":1,"name":"Portada","item":"https:\/\/conexion23.com\/"},{"@type":"ListItem","position":2,"name":"Matt Blackett: Los incendios de Haw\u00e1i son un fen\u00f3meno muy raro, ligado al cambio clim\u00e1tico."}]},{"@type":"WebSite","@id":"https:\/\/conexion23.com\/#website","url":"https:\/\/conexion23.com\/","name":"Conexi\u00f3n 23","description":"Peri\u00f3dico 100% Petromacorisano","publisher":{"@id":"https:\/\/conexion23.com\/#organization"},"potentialAction":[{"@type":"SearchAction","target":{"@type":"EntryPoint","urlTemplate":"https:\/\/conexion23.com\/?s={search_term_string}"},"query-input":{"@type":"PropertyValueSpecification","valueRequired":true,"valueName":"search_term_string"}}],"inLanguage":"es"},{"@type":"Organization","@id":"https:\/\/conexion23.com\/#organization","name":"Conexion 23","url":"https:\/\/conexion23.com\/","logo":{"@type":"ImageObject","inLanguage":"es","@id":"https:\/\/conexion23.com\/#\/schema\/logo\/image\/","url":"https:\/\/conexion23.com\/wp-content\/uploads\/2021\/11\/Diseno-sin-titulo-2.png","contentUrl":"https:\/\/conexion23.com\/wp-content\/uploads\/2021\/11\/Diseno-sin-titulo-2.png","width":541,"height":90,"caption":"Conexion 23"},"image":{"@id":"https:\/\/conexion23.com\/#\/schema\/logo\/image\/"},"sameAs":["https:\/\/www.facebook.com\/conexion23com","https:\/\/www.instagram.com\/conexion23com\/","https:\/\/www.youtube.com\/channel\/UCYc7vxxFZMYLIHNsHHxPZ3Q"]},{"@type":"Person","@id":"https:\/\/conexion23.com\/#\/schema\/person\/03e36043331117e97a373299bbcd30a6","name":"Raffy Ben\u00edtez","image":{"@type":"ImageObject","inLanguage":"es","@id":"https:\/\/conexion23.com\/#\/schema\/person\/image\/","url":"https:\/\/secure.gravatar.com\/avatar\/3190a6a6c5e1b0327500f7d6c56b6242472ee6cb974cf09b401ee6b3b0798f23?s=96&d=mm&r=g","contentUrl":"https:\/\/secure.gravatar.com\/avatar\/3190a6a6c5e1b0327500f7d6c56b6242472ee6cb974cf09b401ee6b3b0798f23?s=96&d=mm&r=g","caption":"Raffy Ben\u00edtez"},"url":"https:\/\/conexion23.com\/?author=15"}]}},"_links":{"self":[{"href":"https:\/\/conexion23.com\/index.php?rest_route=\/wp\/v2\/posts\/19953","targetHints":{"allow":["GET"]}}],"collection":[{"href":"https:\/\/conexion23.com\/index.php?rest_route=\/wp\/v2\/posts"}],"about":[{"href":"https:\/\/conexion23.com\/index.php?rest_route=\/wp\/v2\/types\/post"}],"author":[{"embeddable":true,"href":"https:\/\/conexion23.com\/index.php?rest_route=\/wp\/v2\/users\/15"}],"replies":[{"embeddable":true,"href":"https:\/\/conexion23.com\/index.php?rest_route=%2Fwp%2Fv2%2Fcomments&post=19953"}],"version-history":[{"count":1,"href":"https:\/\/conexion23.com\/index.php?rest_route=\/wp\/v2\/posts\/19953\/revisions"}],"predecessor-version":[{"id":19955,"href":"https:\/\/conexion23.com\/index.php?rest_route=\/wp\/v2\/posts\/19953\/revisions\/19955"}],"wp:featuredmedia":[{"embeddable":true,"href":"https:\/\/conexion23.com\/index.php?rest_route=\/wp\/v2\/media\/19954"}],"wp:attachment":[{"href":"https:\/\/conexion23.com\/index.php?rest_route=%2Fwp%2Fv2%2Fmedia&parent=19953"}],"wp:term":[{"taxonomy":"category","embeddable":true,"href":"https:\/\/conexion23.com\/index.php?rest_route=%2Fwp%2Fv2%2Fcategories&post=19953"},{"taxonomy":"post_tag","embeddable":true,"href":"https:\/\/conexion23.com\/index.php?rest_route=%2Fwp%2Fv2%2Ftags&post=19953"}],"curies":[{"name":"wp","href":"https:\/\/api.w.org\/{rel}","templated":true}]}}