{"id":19959,"date":"2023-08-15T08:38:17","date_gmt":"2023-08-15T12:38:17","guid":{"rendered":"https:\/\/conexion23.com\/?p=19959"},"modified":"2023-08-15T08:38:20","modified_gmt":"2023-08-15T12:38:20","slug":"alcalde-de-san-cristobal-revela-lista-de-11-fallecidos-11-desaparecidos-y-52-heridos","status":"publish","type":"post","link":"https:\/\/conexion23.com\/?p=19959","title":{"rendered":"Alcalde de San Crist\u00f3bal revela lista de 11 fallecidos, 11 desaparecidos y 52 heridos"},"content":{"rendered":"\n<p>Hasta las 8:00 de la ma\u00f1ana de este martes, la explosi\u00f3n ocurrida en San Crist\u00f3bal tiene un saldo de&nbsp;<strong>11 muertos, 11 desaparecidos, 52 heridos<\/strong>, y una ciudad declarada de duelo.<\/p>\n\n\n\n<p>El alcalde Jos\u00e9 Mont\u00e1s convers\u00f3 con List\u00edn Diario y explic\u00f3 que la explosi\u00f3n en un la zona comercial de la calle Padre Ayala, ha dejado edificios colapsados,&nbsp;<strong>17 veh\u00edculos destruidos<\/strong>&nbsp;y el fuego a\u00fan no estaba sofocado por completo.<\/p>\n\n\n\n<p>No identific\u00f3 a los fallecidos, tras indicar que podr\u00edan revelarlo en la rueda de prensa que ofrecer\u00e1n hoy cuando el presidente Luis Abinader llegue al \u00e1rea de desastre.<\/p>\n\n\n\n<p><strong>Apoyar\u00e1n las familias de las v\u00edctimas<\/strong><\/p>\n\n\n\n<p>Montas dijo que el Gobierno tiene un plan para cubrir los gastos de todos los afectados, y as\u00ed lo comunicaron a las cl\u00ednicas privadas, como tambi\u00e9n los funerarios.<\/p>\n\n\n\n<p>Fuente. Listin Diario<\/p>\n","protected":false},"excerpt":{"rendered":"<p>Hasta las 8:00 de la ma\u00f1ana de este martes, la explosi\u00f3n ocurrida en San Crist\u00f3bal tiene un saldo de&nbsp;11 muertos, 11 desaparecidos, 52 heridos, y una ciudad declarada de duelo. El alcalde Jos\u00e9 Mont\u00e1s convers\u00f3 con List\u00edn Diario y explic\u00f3 que la explosi\u00f3n en un la zona comercial de la calle Padre Ayala, ha dejado [&hellip;]<\/p>\n","protected":false},"author":7,"featured_media":19960,"comment_status":"open","ping_status":"open","sticky":false,"template":"","format":"standard","meta":{"footnotes":""},"categories":[1],"tags":[455,2869,620,2066],"class_list":{"0":"post-19959","1":"post","2":"type-post","3":"status-publish","4":"format-standard","5":"has-post-thumbnail","7":"category-uncategorized","8":"tag-explosion","9":"tag-fallecidos","10":"tag-heridos","11":"tag-sancristobal"},"yoast_head":"<!-- This site is optimized with the Yoast SEO plugin v27.1.1 - https:\/\/yoast.com\/product\/yoast-seo-wordpress\/ -->\n<title>Alcalde de San Crist\u00f3bal revela lista de 11 fallecidos, 11 desaparecidos y 52 heridos - Conexi\u00f3n 23<\/title>\n<meta name=\"description\" content=\"Hasta las 8:00 de la ma\u00f1ana de este martes, la explosi\u00f3n ocurrida en San Crist\u00f3bal tiene un saldo de\u00a011 muertos, 11 desaparecidos, 52 heridos, y una ciudad declarada de duelo.\" \/>\n<meta name=\"robots\" content=\"index, follow, max-snippet:-1, max-image-preview:large, max-video-preview:-1\" \/>\n<link rel=\"canonical\" href=\"https:\/\/conexion23.com\/?p=19959\" \/>\n<meta property=\"og:locale\" content=\"es_ES\" \/>\n<meta property=\"og:type\" content=\"article\" \/>\n<meta property=\"og:title\" content=\"Alcalde de San Crist\u00f3bal revela lista de 11 fallecidos, 11 desaparecidos y 52 heridos - Conexi\u00f3n 23\" \/>\n<meta property=\"og:description\" content=\"Hasta las 8:00 de la ma\u00f1ana de este martes, la explosi\u00f3n ocurrida en San Crist\u00f3bal tiene un saldo de\u00a011 muertos, 11 desaparecidos, 52 heridos, y una ciudad declarada de duelo.\" \/>\n<meta property=\"og:url\" content=\"https:\/\/conexion23.com\/?p=19959\" \/>\n<meta property=\"og:site_name\" content=\"Conexi\u00f3n 23\" \/>\n<meta property=\"article:publisher\" content=\"https:\/\/www.facebook.com\/conexion23com\" \/>\n<meta property=\"article:published_time\" content=\"2023-08-15T12:38:17+00:00\" \/>\n<meta property=\"article:modified_time\" content=\"2023-08-15T12:38:20+00:00\" \/>\n<meta property=\"og:image\" content=\"https:\/\/conexion23.com\/wp-content\/uploads\/2023\/08\/1fdafc88-d7d8-4793-9dd2-025d04f64628-3.jpeg\" \/>\n\t<meta property=\"og:image:width\" content=\"1080\" \/>\n\t<meta property=\"og:image:height\" content=\"805\" \/>\n\t<meta property=\"og:image:type\" content=\"image\/jpeg\" \/>\n<meta name=\"author\" content=\"Benjam\u00edn Rosario\" \/>\n<meta name=\"twitter:card\" content=\"summary_large_image\" \/>\n<meta name=\"twitter:label1\" content=\"Escrito por\" \/>\n\t<meta name=\"twitter:data1\" content=\"Benjam\u00edn Rosario\" \/>\n\t<meta name=\"twitter:label2\" content=\"Tiempo de lectura\" \/>\n\t<meta name=\"twitter:data2\" content=\"1 minuto\" \/>\n<script type=\"application\/ld+json\" class=\"yoast-schema-graph\">{\"@context\":\"https:\/\/schema.org\",\"@graph\":[{\"@type\":\"Article\",\"@id\":\"https:\/\/conexion23.com\/?p=19959#article\",\"isPartOf\":{\"@id\":\"https:\/\/conexion23.com\/?p=19959\"},\"author\":{\"name\":\"Benjam\u00edn Rosario\",\"@id\":\"https:\/\/conexion23.com\/#\/schema\/person\/c0b7ce1f0e7a915d08fa289072b8353a\"},\"headline\":\"Alcalde de San Crist\u00f3bal revela lista de 11 fallecidos, 11 desaparecidos y 52 heridos\",\"datePublished\":\"2023-08-15T12:38:17+00:00\",\"dateModified\":\"2023-08-15T12:38:20+00:00\",\"mainEntityOfPage\":{\"@id\":\"https:\/\/conexion23.com\/?p=19959\"},\"wordCount\":159,\"commentCount\":0,\"publisher\":{\"@id\":\"https:\/\/conexion23.com\/#organization\"},\"image\":{\"@id\":\"https:\/\/conexion23.com\/?p=19959#primaryimage\"},\"thumbnailUrl\":\"https:\/\/conexion23.com\/wp-content\/uploads\/2023\/08\/1fdafc88-d7d8-4793-9dd2-025d04f64628-3.jpeg\",\"keywords\":[\"explosion\",\"fallecidos\",\"Heridos\",\"sancristobal\"],\"articleSection\":[\"Uncategorized\"],\"inLanguage\":\"es\",\"potentialAction\":[{\"@type\":\"CommentAction\",\"name\":\"Comment\",\"target\":[\"https:\/\/conexion23.com\/?p=19959#respond\"]}]},{\"@type\":\"WebPage\",\"@id\":\"https:\/\/conexion23.com\/?p=19959\",\"url\":\"https:\/\/conexion23.com\/?p=19959\",\"name\":\"Alcalde de San Crist\u00f3bal revela lista de 11 fallecidos, 11 desaparecidos y 52 heridos - Conexi\u00f3n 23\",\"isPartOf\":{\"@id\":\"https:\/\/conexion23.com\/#website\"},\"primaryImageOfPage\":{\"@id\":\"https:\/\/conexion23.com\/?p=19959#primaryimage\"},\"image\":{\"@id\":\"https:\/\/conexion23.com\/?p=19959#primaryimage\"},\"thumbnailUrl\":\"https:\/\/conexion23.com\/wp-content\/uploads\/2023\/08\/1fdafc88-d7d8-4793-9dd2-025d04f64628-3.jpeg\",\"datePublished\":\"2023-08-15T12:38:17+00:00\",\"dateModified\":\"2023-08-15T12:38:20+00:00\",\"description\":\"Hasta las 8:00 de la ma\u00f1ana de este martes, la explosi\u00f3n ocurrida en San Crist\u00f3bal tiene un saldo de\u00a011 muertos, 11 desaparecidos, 52 heridos, y una ciudad declarada de duelo.\",\"breadcrumb\":{\"@id\":\"https:\/\/conexion23.com\/?p=19959#breadcrumb\"},\"inLanguage\":\"es\",\"potentialAction\":[{\"@type\":\"ReadAction\",\"target\":[\"https:\/\/conexion23.com\/?p=19959\"]}]},{\"@type\":\"ImageObject\",\"inLanguage\":\"es\",\"@id\":\"https:\/\/conexion23.com\/?p=19959#primaryimage\",\"url\":\"https:\/\/conexion23.com\/wp-content\/uploads\/2023\/08\/1fdafc88-d7d8-4793-9dd2-025d04f64628-3.jpeg\",\"contentUrl\":\"https:\/\/conexion23.com\/wp-content\/uploads\/2023\/08\/1fdafc88-d7d8-4793-9dd2-025d04f64628-3.jpeg\",\"width\":1080,\"height\":805},{\"@type\":\"BreadcrumbList\",\"@id\":\"https:\/\/conexion23.com\/?p=19959#breadcrumb\",\"itemListElement\":[{\"@type\":\"ListItem\",\"position\":1,\"name\":\"Portada\",\"item\":\"https:\/\/conexion23.com\/\"},{\"@type\":\"ListItem\",\"position\":2,\"name\":\"Alcalde de San Crist\u00f3bal revela lista de 11 fallecidos, 11 desaparecidos y 52 heridos\"}]},{\"@type\":\"WebSite\",\"@id\":\"https:\/\/conexion23.com\/#website\",\"url\":\"https:\/\/conexion23.com\/\",\"name\":\"Conexi\u00f3n 23\",\"description\":\"Peri\u00f3dico 100% Petromacorisano\",\"publisher\":{\"@id\":\"https:\/\/conexion23.com\/#organization\"},\"potentialAction\":[{\"@type\":\"SearchAction\",\"target\":{\"@type\":\"EntryPoint\",\"urlTemplate\":\"https:\/\/conexion23.com\/?s={search_term_string}\"},\"query-input\":{\"@type\":\"PropertyValueSpecification\",\"valueRequired\":true,\"valueName\":\"search_term_string\"}}],\"inLanguage\":\"es\"},{\"@type\":\"Organization\",\"@id\":\"https:\/\/conexion23.com\/#organization\",\"name\":\"Conexion 23\",\"url\":\"https:\/\/conexion23.com\/\",\"logo\":{\"@type\":\"ImageObject\",\"inLanguage\":\"es\",\"@id\":\"https:\/\/conexion23.com\/#\/schema\/logo\/image\/\",\"url\":\"https:\/\/conexion23.com\/wp-content\/uploads\/2021\/11\/Diseno-sin-titulo-2.png\",\"contentUrl\":\"https:\/\/conexion23.com\/wp-content\/uploads\/2021\/11\/Diseno-sin-titulo-2.png\",\"width\":541,\"height\":90,\"caption\":\"Conexion 23\"},\"image\":{\"@id\":\"https:\/\/conexion23.com\/#\/schema\/logo\/image\/\"},\"sameAs\":[\"https:\/\/www.facebook.com\/conexion23com\",\"https:\/\/www.instagram.com\/conexion23com\/\",\"https:\/\/www.youtube.com\/channel\/UCYc7vxxFZMYLIHNsHHxPZ3Q\"]},{\"@type\":\"Person\",\"@id\":\"https:\/\/conexion23.com\/#\/schema\/person\/c0b7ce1f0e7a915d08fa289072b8353a\",\"name\":\"Benjam\u00edn Rosario\",\"image\":{\"@type\":\"ImageObject\",\"inLanguage\":\"es\",\"@id\":\"https:\/\/conexion23.com\/#\/schema\/person\/image\/\",\"url\":\"https:\/\/secure.gravatar.com\/avatar\/62e1b2539b49cdeb50ee302e2a5f2bd31dc7fdba412bbac67e2a2a6e0c89bb2a?s=96&d=mm&r=g\",\"contentUrl\":\"https:\/\/secure.gravatar.com\/avatar\/62e1b2539b49cdeb50ee302e2a5f2bd31dc7fdba412bbac67e2a2a6e0c89bb2a?s=96&d=mm&r=g\",\"caption\":\"Benjam\u00edn Rosario\"},\"url\":\"https:\/\/conexion23.com\/?author=7\"}]}<\/script>\n<!-- \/ Yoast SEO plugin. -->","yoast_head_json":{"title":"Alcalde de San Crist\u00f3bal revela lista de 11 fallecidos, 11 desaparecidos y 52 heridos - Conexi\u00f3n 23","description":"Hasta las 8:00 de la ma\u00f1ana de este martes, la explosi\u00f3n ocurrida en San Crist\u00f3bal tiene un saldo de\u00a011 muertos, 11 desaparecidos, 52 heridos, y una ciudad declarada de duelo.","robots":{"index":"index","follow":"follow","max-snippet":"max-snippet:-1","max-image-preview":"max-image-preview:large","max-video-preview":"max-video-preview:-1"},"canonical":"https:\/\/conexion23.com\/?p=19959","og_locale":"es_ES","og_type":"article","og_title":"Alcalde de San Crist\u00f3bal revela lista de 11 fallecidos, 11 desaparecidos y 52 heridos - Conexi\u00f3n 23","og_description":"Hasta las 8:00 de la ma\u00f1ana de este martes, la explosi\u00f3n ocurrida en San Crist\u00f3bal tiene un saldo de\u00a011 muertos, 11 desaparecidos, 52 heridos, y una ciudad declarada de duelo.","og_url":"https:\/\/conexion23.com\/?p=19959","og_site_name":"Conexi\u00f3n 23","article_publisher":"https:\/\/www.facebook.com\/conexion23com","article_published_time":"2023-08-15T12:38:17+00:00","article_modified_time":"2023-08-15T12:38:20+00:00","og_image":[{"width":1080,"height":805,"url":"https:\/\/conexion23.com\/wp-content\/uploads\/2023\/08\/1fdafc88-d7d8-4793-9dd2-025d04f64628-3.jpeg","type":"image\/jpeg"}],"author":"Benjam\u00edn Rosario","twitter_card":"summary_large_image","twitter_misc":{"Escrito por":"Benjam\u00edn Rosario","Tiempo de lectura":"1 minuto"},"schema":{"@context":"https:\/\/schema.org","@graph":[{"@type":"Article","@id":"https:\/\/conexion23.com\/?p=19959#article","isPartOf":{"@id":"https:\/\/conexion23.com\/?p=19959"},"author":{"name":"Benjam\u00edn Rosario","@id":"https:\/\/conexion23.com\/#\/schema\/person\/c0b7ce1f0e7a915d08fa289072b8353a"},"headline":"Alcalde de San Crist\u00f3bal revela lista de 11 fallecidos, 11 desaparecidos y 52 heridos","datePublished":"2023-08-15T12:38:17+00:00","dateModified":"2023-08-15T12:38:20+00:00","mainEntityOfPage":{"@id":"https:\/\/conexion23.com\/?p=19959"},"wordCount":159,"commentCount":0,"publisher":{"@id":"https:\/\/conexion23.com\/#organization"},"image":{"@id":"https:\/\/conexion23.com\/?p=19959#primaryimage"},"thumbnailUrl":"https:\/\/conexion23.com\/wp-content\/uploads\/2023\/08\/1fdafc88-d7d8-4793-9dd2-025d04f64628-3.jpeg","keywords":["explosion","fallecidos","Heridos","sancristobal"],"articleSection":["Uncategorized"],"inLanguage":"es","potentialAction":[{"@type":"CommentAction","name":"Comment","target":["https:\/\/conexion23.com\/?p=19959#respond"]}]},{"@type":"WebPage","@id":"https:\/\/conexion23.com\/?p=19959","url":"https:\/\/conexion23.com\/?p=19959","name":"Alcalde de San Crist\u00f3bal revela lista de 11 fallecidos, 11 desaparecidos y 52 heridos - Conexi\u00f3n 23","isPartOf":{"@id":"https:\/\/conexion23.com\/#website"},"primaryImageOfPage":{"@id":"https:\/\/conexion23.com\/?p=19959#primaryimage"},"image":{"@id":"https:\/\/conexion23.com\/?p=19959#primaryimage"},"thumbnailUrl":"https:\/\/conexion23.com\/wp-content\/uploads\/2023\/08\/1fdafc88-d7d8-4793-9dd2-025d04f64628-3.jpeg","datePublished":"2023-08-15T12:38:17+00:00","dateModified":"2023-08-15T12:38:20+00:00","description":"Hasta las 8:00 de la ma\u00f1ana de este martes, la explosi\u00f3n ocurrida en San Crist\u00f3bal tiene un saldo de\u00a011 muertos, 11 desaparecidos, 52 heridos, y una ciudad declarada de duelo.","breadcrumb":{"@id":"https:\/\/conexion23.com\/?p=19959#breadcrumb"},"inLanguage":"es","potentialAction":[{"@type":"ReadAction","target":["https:\/\/conexion23.com\/?p=19959"]}]},{"@type":"ImageObject","inLanguage":"es","@id":"https:\/\/conexion23.com\/?p=19959#primaryimage","url":"https:\/\/conexion23.com\/wp-content\/uploads\/2023\/08\/1fdafc88-d7d8-4793-9dd2-025d04f64628-3.jpeg","contentUrl":"https:\/\/conexion23.com\/wp-content\/uploads\/2023\/08\/1fdafc88-d7d8-4793-9dd2-025d04f64628-3.jpeg","width":1080,"height":805},{"@type":"BreadcrumbList","@id":"https:\/\/conexion23.com\/?p=19959#breadcrumb","itemListElement":[{"@type":"ListItem","position":1,"name":"Portada","item":"https:\/\/conexion23.com\/"},{"@type":"ListItem","position":2,"name":"Alcalde de San Crist\u00f3bal revela lista de 11 fallecidos, 11 desaparecidos y 52 heridos"}]},{"@type":"WebSite","@id":"https:\/\/conexion23.com\/#website","url":"https:\/\/conexion23.com\/","name":"Conexi\u00f3n 23","description":"Peri\u00f3dico 100% Petromacorisano","publisher":{"@id":"https:\/\/conexion23.com\/#organization"},"potentialAction":[{"@type":"SearchAction","target":{"@type":"EntryPoint","urlTemplate":"https:\/\/conexion23.com\/?s={search_term_string}"},"query-input":{"@type":"PropertyValueSpecification","valueRequired":true,"valueName":"search_term_string"}}],"inLanguage":"es"},{"@type":"Organization","@id":"https:\/\/conexion23.com\/#organization","name":"Conexion 23","url":"https:\/\/conexion23.com\/","logo":{"@type":"ImageObject","inLanguage":"es","@id":"https:\/\/conexion23.com\/#\/schema\/logo\/image\/","url":"https:\/\/conexion23.com\/wp-content\/uploads\/2021\/11\/Diseno-sin-titulo-2.png","contentUrl":"https:\/\/conexion23.com\/wp-content\/uploads\/2021\/11\/Diseno-sin-titulo-2.png","width":541,"height":90,"caption":"Conexion 23"},"image":{"@id":"https:\/\/conexion23.com\/#\/schema\/logo\/image\/"},"sameAs":["https:\/\/www.facebook.com\/conexion23com","https:\/\/www.instagram.com\/conexion23com\/","https:\/\/www.youtube.com\/channel\/UCYc7vxxFZMYLIHNsHHxPZ3Q"]},{"@type":"Person","@id":"https:\/\/conexion23.com\/#\/schema\/person\/c0b7ce1f0e7a915d08fa289072b8353a","name":"Benjam\u00edn Rosario","image":{"@type":"ImageObject","inLanguage":"es","@id":"https:\/\/conexion23.com\/#\/schema\/person\/image\/","url":"https:\/\/secure.gravatar.com\/avatar\/62e1b2539b49cdeb50ee302e2a5f2bd31dc7fdba412bbac67e2a2a6e0c89bb2a?s=96&d=mm&r=g","contentUrl":"https:\/\/secure.gravatar.com\/avatar\/62e1b2539b49cdeb50ee302e2a5f2bd31dc7fdba412bbac67e2a2a6e0c89bb2a?s=96&d=mm&r=g","caption":"Benjam\u00edn Rosario"},"url":"https:\/\/conexion23.com\/?author=7"}]}},"_links":{"self":[{"href":"https:\/\/conexion23.com\/index.php?rest_route=\/wp\/v2\/posts\/19959","targetHints":{"allow":["GET"]}}],"collection":[{"href":"https:\/\/conexion23.com\/index.php?rest_route=\/wp\/v2\/posts"}],"about":[{"href":"https:\/\/conexion23.com\/index.php?rest_route=\/wp\/v2\/types\/post"}],"author":[{"embeddable":true,"href":"https:\/\/conexion23.com\/index.php?rest_route=\/wp\/v2\/users\/7"}],"replies":[{"embeddable":true,"href":"https:\/\/conexion23.com\/index.php?rest_route=%2Fwp%2Fv2%2Fcomments&post=19959"}],"version-history":[{"count":1,"href":"https:\/\/conexion23.com\/index.php?rest_route=\/wp\/v2\/posts\/19959\/revisions"}],"predecessor-version":[{"id":19961,"href":"https:\/\/conexion23.com\/index.php?rest_route=\/wp\/v2\/posts\/19959\/revisions\/19961"}],"wp:featuredmedia":[{"embeddable":true,"href":"https:\/\/conexion23.com\/index.php?rest_route=\/wp\/v2\/media\/19960"}],"wp:attachment":[{"href":"https:\/\/conexion23.com\/index.php?rest_route=%2Fwp%2Fv2%2Fmedia&parent=19959"}],"wp:term":[{"taxonomy":"category","embeddable":true,"href":"https:\/\/conexion23.com\/index.php?rest_route=%2Fwp%2Fv2%2Fcategories&post=19959"},{"taxonomy":"post_tag","embeddable":true,"href":"https:\/\/conexion23.com\/index.php?rest_route=%2Fwp%2Fv2%2Ftags&post=19959"}],"curies":[{"name":"wp","href":"https:\/\/api.w.org\/{rel}","templated":true}]}}