{"id":20006,"date":"2023-08-16T07:57:23","date_gmt":"2023-08-16T11:57:23","guid":{"rendered":"https:\/\/conexion23.com\/?p=20006"},"modified":"2023-08-16T07:57:26","modified_gmt":"2023-08-16T11:57:26","slug":"congreso-elige-hoy-nuevos-bufetes-directivos-por-un-ano","status":"publish","type":"post","link":"https:\/\/conexion23.com\/?p=20006","title":{"rendered":"Congreso elige hoy nuevos bufetes directivos por un a\u00f1o."},"content":{"rendered":"\n<p>Este 16 de agosto, cuando quede abierta la segunda legislatura del&nbsp;<strong>Congreso<\/strong>&nbsp;Nacional, la&nbsp;<strong>C\u00e1mara de Diputados y el Senado<\/strong>&nbsp;tendr\u00e1n la tarea de iniciar los primeros trabajos del periodo legislativo y escoger nuevos&nbsp;<strong>bufetes directivos<\/strong>&nbsp;para un periodo de un a\u00f1o.<\/p>\n\n\n\n<p>El&nbsp;<strong>Senado<\/strong>&nbsp;tiene previsto sesionar hoy, a las 8:00 de la ma\u00f1ana, mientras la&nbsp;<strong>C\u00e1mara de Diputados<\/strong>&nbsp;lo har\u00e1 media hora m\u00e1s tarde, a las 8:30. Los dos encuentros dejar\u00e1n iniciados los trabajos legislativos hasta el 12 de enero del 2024, cuando acaba la segunda legislatura ordinaria.<\/p>\n\n\n\n<h2 class=\"wp-block-heading\"><strong>Reestructuraci\u00f3n<\/strong><\/h2>\n\n\n\n<p>Si el Pleno del&nbsp;<strong>Senado<\/strong>&nbsp;decide acoger la sugerencia hecha por el Partido Revolucionario (PRM), el bufete directivo de la C\u00e1mara Alta&nbsp;<strong>estar\u00e1 modificado&nbsp;<\/strong>en su totalidad, luego de mantenerse inalterable por tres a\u00f1os consecutivos.<\/p>\n\n\n\n<p>El partido gobernante propuso que&nbsp;<strong>Ricardo de los Santos<\/strong>, su representante por la provincia S\u00e1nchez Ram\u00edrez, sea quien presida el&nbsp;<strong>Senado<\/strong>&nbsp;hasta agosto del 2024.<\/p>\n\n\n\n<p>De los Santos estar\u00eda acompa\u00f1ado por Faride Raful (vicepresidenta) y por Milciades Franjul y Melania Salvador, estos dos \u00faltimos ser\u00e1n los secretarios del bufete.<\/p>\n\n\n\n<p>Este nuevo equipo sustituir\u00e1 al anterior bufete directivo que qued\u00f3 establecido desde agosto del 2020 y fue ratificado en 2021 y 2022. Eduardo Estrella se mantuvo los tres periodos como presidente del&nbsp;<strong>Senado<\/strong>&nbsp;y le acompa\u00f1aron Santiago Zorrilla, como vicepresidente, y Ginette Bournigal y L\u00eda D\u00edaz, como secretarias.<\/p>\n\n\n\n<h2 class=\"wp-block-heading\"><strong>El acuerdo con los legisladores<\/strong><\/h2>\n\n\n\n<p>Los cambios en el&nbsp;<strong>Senado<\/strong>&nbsp;obedecen a un acuerdo que pact\u00f3 el PRM con sus legisladores, con quienes convino reestructurar el bufete directivo para este \u00faltimo a\u00f1o congresual.<\/p>\n","protected":false},"excerpt":{"rendered":"<p>Este 16 de agosto, cuando quede abierta la segunda legislatura del&nbsp;Congreso&nbsp;Nacional, la&nbsp;C\u00e1mara de Diputados y el Senado&nbsp;tendr\u00e1n la tarea de iniciar los primeros trabajos del periodo legislativo y escoger nuevos&nbsp;bufetes directivos&nbsp;para un periodo de un a\u00f1o. El&nbsp;Senado&nbsp;tiene previsto sesionar hoy, a las 8:00 de la ma\u00f1ana, mientras la&nbsp;C\u00e1mara de Diputados&nbsp;lo har\u00e1 media hora m\u00e1s tarde, [&hellip;]<\/p>\n","protected":false},"author":15,"featured_media":20007,"comment_status":"open","ping_status":"open","sticky":false,"template":"","format":"standard","meta":{"footnotes":""},"categories":[1],"tags":[],"class_list":{"0":"post-20006","1":"post","2":"type-post","3":"status-publish","4":"format-standard","5":"has-post-thumbnail","7":"category-uncategorized"},"yoast_head":"<!-- This site is optimized with the Yoast SEO plugin v27.1.1 - https:\/\/yoast.com\/product\/yoast-seo-wordpress\/ -->\n<title>Congreso elige hoy nuevos bufetes directivos por un a\u00f1o. - Conexi\u00f3n 23<\/title>\n<meta name=\"robots\" content=\"index, follow, max-snippet:-1, max-image-preview:large, max-video-preview:-1\" \/>\n<link rel=\"canonical\" href=\"https:\/\/conexion23.com\/?p=20006\" \/>\n<meta property=\"og:locale\" content=\"es_ES\" \/>\n<meta property=\"og:type\" content=\"article\" \/>\n<meta property=\"og:title\" content=\"Congreso elige hoy nuevos bufetes directivos por un a\u00f1o. - Conexi\u00f3n 23\" \/>\n<meta property=\"og:description\" content=\"Este 16 de agosto, cuando quede abierta la segunda legislatura del&nbsp;Congreso&nbsp;Nacional, la&nbsp;C\u00e1mara de Diputados y el Senado&nbsp;tendr\u00e1n la tarea de iniciar los primeros trabajos del periodo legislativo y escoger nuevos&nbsp;bufetes directivos&nbsp;para un periodo de un a\u00f1o. El&nbsp;Senado&nbsp;tiene previsto sesionar hoy, a las 8:00 de la ma\u00f1ana, mientras la&nbsp;C\u00e1mara de Diputados&nbsp;lo har\u00e1 media hora m\u00e1s tarde, [&hellip;]\" \/>\n<meta property=\"og:url\" content=\"https:\/\/conexion23.com\/?p=20006\" \/>\n<meta property=\"og:site_name\" content=\"Conexi\u00f3n 23\" \/>\n<meta property=\"article:publisher\" content=\"https:\/\/www.facebook.com\/conexion23com\" \/>\n<meta property=\"article:published_time\" content=\"2023-08-16T11:57:23+00:00\" \/>\n<meta property=\"article:modified_time\" content=\"2023-08-16T11:57:26+00:00\" \/>\n<meta property=\"og:image\" content=\"https:\/\/conexion23.com\/wp-content\/uploads\/2023\/08\/senado-de-la-republica-b155cefe-focus-0-0-896-504.jpg\" \/>\n\t<meta property=\"og:image:width\" content=\"896\" \/>\n\t<meta property=\"og:image:height\" content=\"504\" \/>\n\t<meta property=\"og:image:type\" content=\"image\/jpeg\" \/>\n<meta name=\"author\" content=\"Raffy Ben\u00edtez\" \/>\n<meta name=\"twitter:card\" content=\"summary_large_image\" \/>\n<meta name=\"twitter:label1\" content=\"Escrito por\" \/>\n\t<meta name=\"twitter:data1\" content=\"Raffy Ben\u00edtez\" \/>\n\t<meta name=\"twitter:label2\" content=\"Tiempo de lectura\" \/>\n\t<meta name=\"twitter:data2\" content=\"2 minutos\" \/>\n<script type=\"application\/ld+json\" class=\"yoast-schema-graph\">{\"@context\":\"https:\/\/schema.org\",\"@graph\":[{\"@type\":\"Article\",\"@id\":\"https:\/\/conexion23.com\/?p=20006#article\",\"isPartOf\":{\"@id\":\"https:\/\/conexion23.com\/?p=20006\"},\"author\":{\"name\":\"Raffy Ben\u00edtez\",\"@id\":\"https:\/\/conexion23.com\/#\/schema\/person\/03e36043331117e97a373299bbcd30a6\"},\"headline\":\"Congreso elige hoy nuevos bufetes directivos por un a\u00f1o.\",\"datePublished\":\"2023-08-16T11:57:23+00:00\",\"dateModified\":\"2023-08-16T11:57:26+00:00\",\"mainEntityOfPage\":{\"@id\":\"https:\/\/conexion23.com\/?p=20006\"},\"wordCount\":296,\"commentCount\":0,\"publisher\":{\"@id\":\"https:\/\/conexion23.com\/#organization\"},\"image\":{\"@id\":\"https:\/\/conexion23.com\/?p=20006#primaryimage\"},\"thumbnailUrl\":\"https:\/\/conexion23.com\/wp-content\/uploads\/2023\/08\/senado-de-la-republica-b155cefe-focus-0-0-896-504.jpg\",\"articleSection\":[\"Uncategorized\"],\"inLanguage\":\"es\",\"potentialAction\":[{\"@type\":\"CommentAction\",\"name\":\"Comment\",\"target\":[\"https:\/\/conexion23.com\/?p=20006#respond\"]}]},{\"@type\":\"WebPage\",\"@id\":\"https:\/\/conexion23.com\/?p=20006\",\"url\":\"https:\/\/conexion23.com\/?p=20006\",\"name\":\"Congreso elige hoy nuevos bufetes directivos por un a\u00f1o. - Conexi\u00f3n 23\",\"isPartOf\":{\"@id\":\"https:\/\/conexion23.com\/#website\"},\"primaryImageOfPage\":{\"@id\":\"https:\/\/conexion23.com\/?p=20006#primaryimage\"},\"image\":{\"@id\":\"https:\/\/conexion23.com\/?p=20006#primaryimage\"},\"thumbnailUrl\":\"https:\/\/conexion23.com\/wp-content\/uploads\/2023\/08\/senado-de-la-republica-b155cefe-focus-0-0-896-504.jpg\",\"datePublished\":\"2023-08-16T11:57:23+00:00\",\"dateModified\":\"2023-08-16T11:57:26+00:00\",\"breadcrumb\":{\"@id\":\"https:\/\/conexion23.com\/?p=20006#breadcrumb\"},\"inLanguage\":\"es\",\"potentialAction\":[{\"@type\":\"ReadAction\",\"target\":[\"https:\/\/conexion23.com\/?p=20006\"]}]},{\"@type\":\"ImageObject\",\"inLanguage\":\"es\",\"@id\":\"https:\/\/conexion23.com\/?p=20006#primaryimage\",\"url\":\"https:\/\/conexion23.com\/wp-content\/uploads\/2023\/08\/senado-de-la-republica-b155cefe-focus-0-0-896-504.jpg\",\"contentUrl\":\"https:\/\/conexion23.com\/wp-content\/uploads\/2023\/08\/senado-de-la-republica-b155cefe-focus-0-0-896-504.jpg\",\"width\":896,\"height\":504},{\"@type\":\"BreadcrumbList\",\"@id\":\"https:\/\/conexion23.com\/?p=20006#breadcrumb\",\"itemListElement\":[{\"@type\":\"ListItem\",\"position\":1,\"name\":\"Portada\",\"item\":\"https:\/\/conexion23.com\/\"},{\"@type\":\"ListItem\",\"position\":2,\"name\":\"Congreso elige hoy nuevos bufetes directivos por un a\u00f1o.\"}]},{\"@type\":\"WebSite\",\"@id\":\"https:\/\/conexion23.com\/#website\",\"url\":\"https:\/\/conexion23.com\/\",\"name\":\"Conexi\u00f3n 23\",\"description\":\"Peri\u00f3dico 100% Petromacorisano\",\"publisher\":{\"@id\":\"https:\/\/conexion23.com\/#organization\"},\"potentialAction\":[{\"@type\":\"SearchAction\",\"target\":{\"@type\":\"EntryPoint\",\"urlTemplate\":\"https:\/\/conexion23.com\/?s={search_term_string}\"},\"query-input\":{\"@type\":\"PropertyValueSpecification\",\"valueRequired\":true,\"valueName\":\"search_term_string\"}}],\"inLanguage\":\"es\"},{\"@type\":\"Organization\",\"@id\":\"https:\/\/conexion23.com\/#organization\",\"name\":\"Conexion 23\",\"url\":\"https:\/\/conexion23.com\/\",\"logo\":{\"@type\":\"ImageObject\",\"inLanguage\":\"es\",\"@id\":\"https:\/\/conexion23.com\/#\/schema\/logo\/image\/\",\"url\":\"https:\/\/conexion23.com\/wp-content\/uploads\/2021\/11\/Diseno-sin-titulo-2.png\",\"contentUrl\":\"https:\/\/conexion23.com\/wp-content\/uploads\/2021\/11\/Diseno-sin-titulo-2.png\",\"width\":541,\"height\":90,\"caption\":\"Conexion 23\"},\"image\":{\"@id\":\"https:\/\/conexion23.com\/#\/schema\/logo\/image\/\"},\"sameAs\":[\"https:\/\/www.facebook.com\/conexion23com\",\"https:\/\/www.instagram.com\/conexion23com\/\",\"https:\/\/www.youtube.com\/channel\/UCYc7vxxFZMYLIHNsHHxPZ3Q\"]},{\"@type\":\"Person\",\"@id\":\"https:\/\/conexion23.com\/#\/schema\/person\/03e36043331117e97a373299bbcd30a6\",\"name\":\"Raffy Ben\u00edtez\",\"image\":{\"@type\":\"ImageObject\",\"inLanguage\":\"es\",\"@id\":\"https:\/\/conexion23.com\/#\/schema\/person\/image\/\",\"url\":\"https:\/\/secure.gravatar.com\/avatar\/3190a6a6c5e1b0327500f7d6c56b6242472ee6cb974cf09b401ee6b3b0798f23?s=96&d=mm&r=g\",\"contentUrl\":\"https:\/\/secure.gravatar.com\/avatar\/3190a6a6c5e1b0327500f7d6c56b6242472ee6cb974cf09b401ee6b3b0798f23?s=96&d=mm&r=g\",\"caption\":\"Raffy Ben\u00edtez\"},\"url\":\"https:\/\/conexion23.com\/?author=15\"}]}<\/script>\n<!-- \/ Yoast SEO plugin. -->","yoast_head_json":{"title":"Congreso elige hoy nuevos bufetes directivos por un a\u00f1o. - Conexi\u00f3n 23","robots":{"index":"index","follow":"follow","max-snippet":"max-snippet:-1","max-image-preview":"max-image-preview:large","max-video-preview":"max-video-preview:-1"},"canonical":"https:\/\/conexion23.com\/?p=20006","og_locale":"es_ES","og_type":"article","og_title":"Congreso elige hoy nuevos bufetes directivos por un a\u00f1o. - Conexi\u00f3n 23","og_description":"Este 16 de agosto, cuando quede abierta la segunda legislatura del&nbsp;Congreso&nbsp;Nacional, la&nbsp;C\u00e1mara de Diputados y el Senado&nbsp;tendr\u00e1n la tarea de iniciar los primeros trabajos del periodo legislativo y escoger nuevos&nbsp;bufetes directivos&nbsp;para un periodo de un a\u00f1o. El&nbsp;Senado&nbsp;tiene previsto sesionar hoy, a las 8:00 de la ma\u00f1ana, mientras la&nbsp;C\u00e1mara de Diputados&nbsp;lo har\u00e1 media hora m\u00e1s tarde, [&hellip;]","og_url":"https:\/\/conexion23.com\/?p=20006","og_site_name":"Conexi\u00f3n 23","article_publisher":"https:\/\/www.facebook.com\/conexion23com","article_published_time":"2023-08-16T11:57:23+00:00","article_modified_time":"2023-08-16T11:57:26+00:00","og_image":[{"width":896,"height":504,"url":"https:\/\/conexion23.com\/wp-content\/uploads\/2023\/08\/senado-de-la-republica-b155cefe-focus-0-0-896-504.jpg","type":"image\/jpeg"}],"author":"Raffy Ben\u00edtez","twitter_card":"summary_large_image","twitter_misc":{"Escrito por":"Raffy Ben\u00edtez","Tiempo de lectura":"2 minutos"},"schema":{"@context":"https:\/\/schema.org","@graph":[{"@type":"Article","@id":"https:\/\/conexion23.com\/?p=20006#article","isPartOf":{"@id":"https:\/\/conexion23.com\/?p=20006"},"author":{"name":"Raffy Ben\u00edtez","@id":"https:\/\/conexion23.com\/#\/schema\/person\/03e36043331117e97a373299bbcd30a6"},"headline":"Congreso elige hoy nuevos bufetes directivos por un a\u00f1o.","datePublished":"2023-08-16T11:57:23+00:00","dateModified":"2023-08-16T11:57:26+00:00","mainEntityOfPage":{"@id":"https:\/\/conexion23.com\/?p=20006"},"wordCount":296,"commentCount":0,"publisher":{"@id":"https:\/\/conexion23.com\/#organization"},"image":{"@id":"https:\/\/conexion23.com\/?p=20006#primaryimage"},"thumbnailUrl":"https:\/\/conexion23.com\/wp-content\/uploads\/2023\/08\/senado-de-la-republica-b155cefe-focus-0-0-896-504.jpg","articleSection":["Uncategorized"],"inLanguage":"es","potentialAction":[{"@type":"CommentAction","name":"Comment","target":["https:\/\/conexion23.com\/?p=20006#respond"]}]},{"@type":"WebPage","@id":"https:\/\/conexion23.com\/?p=20006","url":"https:\/\/conexion23.com\/?p=20006","name":"Congreso elige hoy nuevos bufetes directivos por un a\u00f1o. - Conexi\u00f3n 23","isPartOf":{"@id":"https:\/\/conexion23.com\/#website"},"primaryImageOfPage":{"@id":"https:\/\/conexion23.com\/?p=20006#primaryimage"},"image":{"@id":"https:\/\/conexion23.com\/?p=20006#primaryimage"},"thumbnailUrl":"https:\/\/conexion23.com\/wp-content\/uploads\/2023\/08\/senado-de-la-republica-b155cefe-focus-0-0-896-504.jpg","datePublished":"2023-08-16T11:57:23+00:00","dateModified":"2023-08-16T11:57:26+00:00","breadcrumb":{"@id":"https:\/\/conexion23.com\/?p=20006#breadcrumb"},"inLanguage":"es","potentialAction":[{"@type":"ReadAction","target":["https:\/\/conexion23.com\/?p=20006"]}]},{"@type":"ImageObject","inLanguage":"es","@id":"https:\/\/conexion23.com\/?p=20006#primaryimage","url":"https:\/\/conexion23.com\/wp-content\/uploads\/2023\/08\/senado-de-la-republica-b155cefe-focus-0-0-896-504.jpg","contentUrl":"https:\/\/conexion23.com\/wp-content\/uploads\/2023\/08\/senado-de-la-republica-b155cefe-focus-0-0-896-504.jpg","width":896,"height":504},{"@type":"BreadcrumbList","@id":"https:\/\/conexion23.com\/?p=20006#breadcrumb","itemListElement":[{"@type":"ListItem","position":1,"name":"Portada","item":"https:\/\/conexion23.com\/"},{"@type":"ListItem","position":2,"name":"Congreso elige hoy nuevos bufetes directivos por un a\u00f1o."}]},{"@type":"WebSite","@id":"https:\/\/conexion23.com\/#website","url":"https:\/\/conexion23.com\/","name":"Conexi\u00f3n 23","description":"Peri\u00f3dico 100% Petromacorisano","publisher":{"@id":"https:\/\/conexion23.com\/#organization"},"potentialAction":[{"@type":"SearchAction","target":{"@type":"EntryPoint","urlTemplate":"https:\/\/conexion23.com\/?s={search_term_string}"},"query-input":{"@type":"PropertyValueSpecification","valueRequired":true,"valueName":"search_term_string"}}],"inLanguage":"es"},{"@type":"Organization","@id":"https:\/\/conexion23.com\/#organization","name":"Conexion 23","url":"https:\/\/conexion23.com\/","logo":{"@type":"ImageObject","inLanguage":"es","@id":"https:\/\/conexion23.com\/#\/schema\/logo\/image\/","url":"https:\/\/conexion23.com\/wp-content\/uploads\/2021\/11\/Diseno-sin-titulo-2.png","contentUrl":"https:\/\/conexion23.com\/wp-content\/uploads\/2021\/11\/Diseno-sin-titulo-2.png","width":541,"height":90,"caption":"Conexion 23"},"image":{"@id":"https:\/\/conexion23.com\/#\/schema\/logo\/image\/"},"sameAs":["https:\/\/www.facebook.com\/conexion23com","https:\/\/www.instagram.com\/conexion23com\/","https:\/\/www.youtube.com\/channel\/UCYc7vxxFZMYLIHNsHHxPZ3Q"]},{"@type":"Person","@id":"https:\/\/conexion23.com\/#\/schema\/person\/03e36043331117e97a373299bbcd30a6","name":"Raffy Ben\u00edtez","image":{"@type":"ImageObject","inLanguage":"es","@id":"https:\/\/conexion23.com\/#\/schema\/person\/image\/","url":"https:\/\/secure.gravatar.com\/avatar\/3190a6a6c5e1b0327500f7d6c56b6242472ee6cb974cf09b401ee6b3b0798f23?s=96&d=mm&r=g","contentUrl":"https:\/\/secure.gravatar.com\/avatar\/3190a6a6c5e1b0327500f7d6c56b6242472ee6cb974cf09b401ee6b3b0798f23?s=96&d=mm&r=g","caption":"Raffy Ben\u00edtez"},"url":"https:\/\/conexion23.com\/?author=15"}]}},"_links":{"self":[{"href":"https:\/\/conexion23.com\/index.php?rest_route=\/wp\/v2\/posts\/20006","targetHints":{"allow":["GET"]}}],"collection":[{"href":"https:\/\/conexion23.com\/index.php?rest_route=\/wp\/v2\/posts"}],"about":[{"href":"https:\/\/conexion23.com\/index.php?rest_route=\/wp\/v2\/types\/post"}],"author":[{"embeddable":true,"href":"https:\/\/conexion23.com\/index.php?rest_route=\/wp\/v2\/users\/15"}],"replies":[{"embeddable":true,"href":"https:\/\/conexion23.com\/index.php?rest_route=%2Fwp%2Fv2%2Fcomments&post=20006"}],"version-history":[{"count":1,"href":"https:\/\/conexion23.com\/index.php?rest_route=\/wp\/v2\/posts\/20006\/revisions"}],"predecessor-version":[{"id":20008,"href":"https:\/\/conexion23.com\/index.php?rest_route=\/wp\/v2\/posts\/20006\/revisions\/20008"}],"wp:featuredmedia":[{"embeddable":true,"href":"https:\/\/conexion23.com\/index.php?rest_route=\/wp\/v2\/media\/20007"}],"wp:attachment":[{"href":"https:\/\/conexion23.com\/index.php?rest_route=%2Fwp%2Fv2%2Fmedia&parent=20006"}],"wp:term":[{"taxonomy":"category","embeddable":true,"href":"https:\/\/conexion23.com\/index.php?rest_route=%2Fwp%2Fv2%2Fcategories&post=20006"},{"taxonomy":"post_tag","embeddable":true,"href":"https:\/\/conexion23.com\/index.php?rest_route=%2Fwp%2Fv2%2Ftags&post=20006"}],"curies":[{"name":"wp","href":"https:\/\/api.w.org\/{rel}","templated":true}]}}