{"id":20009,"date":"2023-08-16T08:03:46","date_gmt":"2023-08-16T12:03:46","guid":{"rendered":"https:\/\/conexion23.com\/?p=20009"},"modified":"2023-08-16T08:03:48","modified_gmt":"2023-08-16T12:03:48","slug":"fiscalia-colombiana-informa-que-hara-otras-60-imputaciones-por-el-escandalo-de-odebrecht","status":"publish","type":"post","link":"https:\/\/conexion23.com\/?p=20009","title":{"rendered":"Fiscal\u00eda colombiana informa que har\u00e1 otras 60 imputaciones por el esc\u00e1ndalo de Odebrecht."},"content":{"rendered":"\n<p>El fiscal general de Colombia,<strong>&nbsp;Francisco Barbosa<\/strong>, dijo este martes en Washington que la entidad har\u00e1 60 nuevas imputaciones como parte de la investigaci\u00f3n por la trama de corrupci\u00f3n de la multinacional brasile\u00f1a&nbsp;<strong>Odebrecht<\/strong>&nbsp;en el pa\u00eds.<\/p>\n\n\n\n<p>\u00abEl d\u00eda jueves en la ciudad de Cartagena vamos a hacer un anuncio muy importante con el fiscal delegado ante la Corte Suprema de Justicia, en donde vamos a formular m\u00e1s de 60 nuevas imputaciones\u00bb, dijo el jefe del ente investigador en la capital estadounidense.<\/p>\n\n\n\n<p>Con respecto a esta trama de corrupci\u00f3n, el presidente colombiano,&nbsp;<strong>Gustavo Petro<\/strong>, orden\u00f3 hoy a la Canciller\u00eda que \u00abutilice todos los medios de colaboraci\u00f3n jur\u00eddica con los gobiernos de los EE.UU. y Brasil para establecer los da\u00f1os y las reparaciones que la confesi\u00f3n del Grupo Aval genera al Estado Colombiano\u00bb.<\/p>\n\n\n\n<p>Seg\u00fan el fiscal Barbosa,&nbsp;<strong>con las nuevas imputaciones se estar\u00eda casi que clausurando en Colombia el esc\u00e1ndalo<\/strong>&nbsp;relacionado a&nbsp;<strong>Odebrecht<\/strong>.<\/p>\n\n\n\n<p>El alto funcionario explic\u00f3 a periodistas que cuando empez\u00f3 su gesti\u00f3n en la Fiscal\u00eda, en 2020, se encontr\u00f3 con que el proceso de este&nbsp;<strong>esc\u00e1ndalo<\/strong>&nbsp;estaba desordenado y que se unific\u00f3.<\/p>\n","protected":false},"excerpt":{"rendered":"<p>El fiscal general de Colombia,&nbsp;Francisco Barbosa, dijo este martes en Washington que la entidad har\u00e1 60 nuevas imputaciones como parte de la investigaci\u00f3n por la trama de corrupci\u00f3n de la multinacional brasile\u00f1a&nbsp;Odebrecht&nbsp;en el pa\u00eds. \u00abEl d\u00eda jueves en la ciudad de Cartagena vamos a hacer un anuncio muy importante con el fiscal delegado ante la [&hellip;]<\/p>\n","protected":false},"author":15,"featured_media":20010,"comment_status":"open","ping_status":"open","sticky":false,"template":"","format":"standard","meta":{"footnotes":""},"categories":[1],"tags":[],"class_list":{"0":"post-20009","1":"post","2":"type-post","3":"status-publish","4":"format-standard","5":"has-post-thumbnail","7":"category-uncategorized"},"yoast_head":"<!-- This site is optimized with the Yoast SEO plugin v27.1.1 - https:\/\/yoast.com\/product\/yoast-seo-wordpress\/ -->\n<title>Fiscal\u00eda colombiana informa que har\u00e1 otras 60 imputaciones por el esc\u00e1ndalo de Odebrecht. - Conexi\u00f3n 23<\/title>\n<meta name=\"robots\" content=\"index, follow, max-snippet:-1, max-image-preview:large, max-video-preview:-1\" \/>\n<link rel=\"canonical\" href=\"https:\/\/conexion23.com\/?p=20009\" \/>\n<meta property=\"og:locale\" content=\"es_ES\" \/>\n<meta property=\"og:type\" content=\"article\" \/>\n<meta property=\"og:title\" content=\"Fiscal\u00eda colombiana informa que har\u00e1 otras 60 imputaciones por el esc\u00e1ndalo de Odebrecht. - Conexi\u00f3n 23\" \/>\n<meta property=\"og:description\" content=\"El fiscal general de Colombia,&nbsp;Francisco Barbosa, dijo este martes en Washington que la entidad har\u00e1 60 nuevas imputaciones como parte de la investigaci\u00f3n por la trama de corrupci\u00f3n de la multinacional brasile\u00f1a&nbsp;Odebrecht&nbsp;en el pa\u00eds. \u00abEl d\u00eda jueves en la ciudad de Cartagena vamos a hacer un anuncio muy importante con el fiscal delegado ante la [&hellip;]\" \/>\n<meta property=\"og:url\" content=\"https:\/\/conexion23.com\/?p=20009\" \/>\n<meta property=\"og:site_name\" content=\"Conexi\u00f3n 23\" \/>\n<meta property=\"article:publisher\" content=\"https:\/\/www.facebook.com\/conexion23com\" \/>\n<meta property=\"article:published_time\" content=\"2023-08-16T12:03:46+00:00\" \/>\n<meta property=\"article:modified_time\" content=\"2023-08-16T12:03:48+00:00\" \/>\n<meta property=\"og:image\" content=\"https:\/\/conexion23.com\/wp-content\/uploads\/2023\/08\/odebrecht-3-1e701abe-focus-0-0-896-504.jpg\" \/>\n\t<meta property=\"og:image:width\" content=\"896\" \/>\n\t<meta property=\"og:image:height\" content=\"504\" \/>\n\t<meta property=\"og:image:type\" content=\"image\/jpeg\" \/>\n<meta name=\"author\" content=\"Raffy Ben\u00edtez\" \/>\n<meta name=\"twitter:card\" content=\"summary_large_image\" \/>\n<meta name=\"twitter:label1\" content=\"Escrito por\" \/>\n\t<meta name=\"twitter:data1\" content=\"Raffy Ben\u00edtez\" \/>\n\t<meta name=\"twitter:label2\" content=\"Tiempo de lectura\" \/>\n\t<meta name=\"twitter:data2\" content=\"1 minuto\" \/>\n<script type=\"application\/ld+json\" class=\"yoast-schema-graph\">{\"@context\":\"https:\/\/schema.org\",\"@graph\":[{\"@type\":\"Article\",\"@id\":\"https:\/\/conexion23.com\/?p=20009#article\",\"isPartOf\":{\"@id\":\"https:\/\/conexion23.com\/?p=20009\"},\"author\":{\"name\":\"Raffy Ben\u00edtez\",\"@id\":\"https:\/\/conexion23.com\/#\/schema\/person\/03e36043331117e97a373299bbcd30a6\"},\"headline\":\"Fiscal\u00eda colombiana informa que har\u00e1 otras 60 imputaciones por el esc\u00e1ndalo de Odebrecht.\",\"datePublished\":\"2023-08-16T12:03:46+00:00\",\"dateModified\":\"2023-08-16T12:03:48+00:00\",\"mainEntityOfPage\":{\"@id\":\"https:\/\/conexion23.com\/?p=20009\"},\"wordCount\":222,\"commentCount\":0,\"publisher\":{\"@id\":\"https:\/\/conexion23.com\/#organization\"},\"image\":{\"@id\":\"https:\/\/conexion23.com\/?p=20009#primaryimage\"},\"thumbnailUrl\":\"https:\/\/conexion23.com\/wp-content\/uploads\/2023\/08\/odebrecht-3-1e701abe-focus-0-0-896-504.jpg\",\"articleSection\":[\"Uncategorized\"],\"inLanguage\":\"es\",\"potentialAction\":[{\"@type\":\"CommentAction\",\"name\":\"Comment\",\"target\":[\"https:\/\/conexion23.com\/?p=20009#respond\"]}]},{\"@type\":\"WebPage\",\"@id\":\"https:\/\/conexion23.com\/?p=20009\",\"url\":\"https:\/\/conexion23.com\/?p=20009\",\"name\":\"Fiscal\u00eda colombiana informa que har\u00e1 otras 60 imputaciones por el esc\u00e1ndalo de Odebrecht. - Conexi\u00f3n 23\",\"isPartOf\":{\"@id\":\"https:\/\/conexion23.com\/#website\"},\"primaryImageOfPage\":{\"@id\":\"https:\/\/conexion23.com\/?p=20009#primaryimage\"},\"image\":{\"@id\":\"https:\/\/conexion23.com\/?p=20009#primaryimage\"},\"thumbnailUrl\":\"https:\/\/conexion23.com\/wp-content\/uploads\/2023\/08\/odebrecht-3-1e701abe-focus-0-0-896-504.jpg\",\"datePublished\":\"2023-08-16T12:03:46+00:00\",\"dateModified\":\"2023-08-16T12:03:48+00:00\",\"breadcrumb\":{\"@id\":\"https:\/\/conexion23.com\/?p=20009#breadcrumb\"},\"inLanguage\":\"es\",\"potentialAction\":[{\"@type\":\"ReadAction\",\"target\":[\"https:\/\/conexion23.com\/?p=20009\"]}]},{\"@type\":\"ImageObject\",\"inLanguage\":\"es\",\"@id\":\"https:\/\/conexion23.com\/?p=20009#primaryimage\",\"url\":\"https:\/\/conexion23.com\/wp-content\/uploads\/2023\/08\/odebrecht-3-1e701abe-focus-0-0-896-504.jpg\",\"contentUrl\":\"https:\/\/conexion23.com\/wp-content\/uploads\/2023\/08\/odebrecht-3-1e701abe-focus-0-0-896-504.jpg\",\"width\":896,\"height\":504},{\"@type\":\"BreadcrumbList\",\"@id\":\"https:\/\/conexion23.com\/?p=20009#breadcrumb\",\"itemListElement\":[{\"@type\":\"ListItem\",\"position\":1,\"name\":\"Portada\",\"item\":\"https:\/\/conexion23.com\/\"},{\"@type\":\"ListItem\",\"position\":2,\"name\":\"Fiscal\u00eda colombiana informa que har\u00e1 otras 60 imputaciones por el esc\u00e1ndalo de Odebrecht.\"}]},{\"@type\":\"WebSite\",\"@id\":\"https:\/\/conexion23.com\/#website\",\"url\":\"https:\/\/conexion23.com\/\",\"name\":\"Conexi\u00f3n 23\",\"description\":\"Peri\u00f3dico 100% Petromacorisano\",\"publisher\":{\"@id\":\"https:\/\/conexion23.com\/#organization\"},\"potentialAction\":[{\"@type\":\"SearchAction\",\"target\":{\"@type\":\"EntryPoint\",\"urlTemplate\":\"https:\/\/conexion23.com\/?s={search_term_string}\"},\"query-input\":{\"@type\":\"PropertyValueSpecification\",\"valueRequired\":true,\"valueName\":\"search_term_string\"}}],\"inLanguage\":\"es\"},{\"@type\":\"Organization\",\"@id\":\"https:\/\/conexion23.com\/#organization\",\"name\":\"Conexion 23\",\"url\":\"https:\/\/conexion23.com\/\",\"logo\":{\"@type\":\"ImageObject\",\"inLanguage\":\"es\",\"@id\":\"https:\/\/conexion23.com\/#\/schema\/logo\/image\/\",\"url\":\"https:\/\/conexion23.com\/wp-content\/uploads\/2021\/11\/Diseno-sin-titulo-2.png\",\"contentUrl\":\"https:\/\/conexion23.com\/wp-content\/uploads\/2021\/11\/Diseno-sin-titulo-2.png\",\"width\":541,\"height\":90,\"caption\":\"Conexion 23\"},\"image\":{\"@id\":\"https:\/\/conexion23.com\/#\/schema\/logo\/image\/\"},\"sameAs\":[\"https:\/\/www.facebook.com\/conexion23com\",\"https:\/\/www.instagram.com\/conexion23com\/\",\"https:\/\/www.youtube.com\/channel\/UCYc7vxxFZMYLIHNsHHxPZ3Q\"]},{\"@type\":\"Person\",\"@id\":\"https:\/\/conexion23.com\/#\/schema\/person\/03e36043331117e97a373299bbcd30a6\",\"name\":\"Raffy Ben\u00edtez\",\"image\":{\"@type\":\"ImageObject\",\"inLanguage\":\"es\",\"@id\":\"https:\/\/conexion23.com\/#\/schema\/person\/image\/\",\"url\":\"https:\/\/secure.gravatar.com\/avatar\/3190a6a6c5e1b0327500f7d6c56b6242472ee6cb974cf09b401ee6b3b0798f23?s=96&d=mm&r=g\",\"contentUrl\":\"https:\/\/secure.gravatar.com\/avatar\/3190a6a6c5e1b0327500f7d6c56b6242472ee6cb974cf09b401ee6b3b0798f23?s=96&d=mm&r=g\",\"caption\":\"Raffy Ben\u00edtez\"},\"url\":\"https:\/\/conexion23.com\/?author=15\"}]}<\/script>\n<!-- \/ Yoast SEO plugin. -->","yoast_head_json":{"title":"Fiscal\u00eda colombiana informa que har\u00e1 otras 60 imputaciones por el esc\u00e1ndalo de Odebrecht. - Conexi\u00f3n 23","robots":{"index":"index","follow":"follow","max-snippet":"max-snippet:-1","max-image-preview":"max-image-preview:large","max-video-preview":"max-video-preview:-1"},"canonical":"https:\/\/conexion23.com\/?p=20009","og_locale":"es_ES","og_type":"article","og_title":"Fiscal\u00eda colombiana informa que har\u00e1 otras 60 imputaciones por el esc\u00e1ndalo de Odebrecht. - Conexi\u00f3n 23","og_description":"El fiscal general de Colombia,&nbsp;Francisco Barbosa, dijo este martes en Washington que la entidad har\u00e1 60 nuevas imputaciones como parte de la investigaci\u00f3n por la trama de corrupci\u00f3n de la multinacional brasile\u00f1a&nbsp;Odebrecht&nbsp;en el pa\u00eds. \u00abEl d\u00eda jueves en la ciudad de Cartagena vamos a hacer un anuncio muy importante con el fiscal delegado ante la [&hellip;]","og_url":"https:\/\/conexion23.com\/?p=20009","og_site_name":"Conexi\u00f3n 23","article_publisher":"https:\/\/www.facebook.com\/conexion23com","article_published_time":"2023-08-16T12:03:46+00:00","article_modified_time":"2023-08-16T12:03:48+00:00","og_image":[{"width":896,"height":504,"url":"https:\/\/conexion23.com\/wp-content\/uploads\/2023\/08\/odebrecht-3-1e701abe-focus-0-0-896-504.jpg","type":"image\/jpeg"}],"author":"Raffy Ben\u00edtez","twitter_card":"summary_large_image","twitter_misc":{"Escrito por":"Raffy Ben\u00edtez","Tiempo de lectura":"1 minuto"},"schema":{"@context":"https:\/\/schema.org","@graph":[{"@type":"Article","@id":"https:\/\/conexion23.com\/?p=20009#article","isPartOf":{"@id":"https:\/\/conexion23.com\/?p=20009"},"author":{"name":"Raffy Ben\u00edtez","@id":"https:\/\/conexion23.com\/#\/schema\/person\/03e36043331117e97a373299bbcd30a6"},"headline":"Fiscal\u00eda colombiana informa que har\u00e1 otras 60 imputaciones por el esc\u00e1ndalo de Odebrecht.","datePublished":"2023-08-16T12:03:46+00:00","dateModified":"2023-08-16T12:03:48+00:00","mainEntityOfPage":{"@id":"https:\/\/conexion23.com\/?p=20009"},"wordCount":222,"commentCount":0,"publisher":{"@id":"https:\/\/conexion23.com\/#organization"},"image":{"@id":"https:\/\/conexion23.com\/?p=20009#primaryimage"},"thumbnailUrl":"https:\/\/conexion23.com\/wp-content\/uploads\/2023\/08\/odebrecht-3-1e701abe-focus-0-0-896-504.jpg","articleSection":["Uncategorized"],"inLanguage":"es","potentialAction":[{"@type":"CommentAction","name":"Comment","target":["https:\/\/conexion23.com\/?p=20009#respond"]}]},{"@type":"WebPage","@id":"https:\/\/conexion23.com\/?p=20009","url":"https:\/\/conexion23.com\/?p=20009","name":"Fiscal\u00eda colombiana informa que har\u00e1 otras 60 imputaciones por el esc\u00e1ndalo de Odebrecht. - Conexi\u00f3n 23","isPartOf":{"@id":"https:\/\/conexion23.com\/#website"},"primaryImageOfPage":{"@id":"https:\/\/conexion23.com\/?p=20009#primaryimage"},"image":{"@id":"https:\/\/conexion23.com\/?p=20009#primaryimage"},"thumbnailUrl":"https:\/\/conexion23.com\/wp-content\/uploads\/2023\/08\/odebrecht-3-1e701abe-focus-0-0-896-504.jpg","datePublished":"2023-08-16T12:03:46+00:00","dateModified":"2023-08-16T12:03:48+00:00","breadcrumb":{"@id":"https:\/\/conexion23.com\/?p=20009#breadcrumb"},"inLanguage":"es","potentialAction":[{"@type":"ReadAction","target":["https:\/\/conexion23.com\/?p=20009"]}]},{"@type":"ImageObject","inLanguage":"es","@id":"https:\/\/conexion23.com\/?p=20009#primaryimage","url":"https:\/\/conexion23.com\/wp-content\/uploads\/2023\/08\/odebrecht-3-1e701abe-focus-0-0-896-504.jpg","contentUrl":"https:\/\/conexion23.com\/wp-content\/uploads\/2023\/08\/odebrecht-3-1e701abe-focus-0-0-896-504.jpg","width":896,"height":504},{"@type":"BreadcrumbList","@id":"https:\/\/conexion23.com\/?p=20009#breadcrumb","itemListElement":[{"@type":"ListItem","position":1,"name":"Portada","item":"https:\/\/conexion23.com\/"},{"@type":"ListItem","position":2,"name":"Fiscal\u00eda colombiana informa que har\u00e1 otras 60 imputaciones por el esc\u00e1ndalo de Odebrecht."}]},{"@type":"WebSite","@id":"https:\/\/conexion23.com\/#website","url":"https:\/\/conexion23.com\/","name":"Conexi\u00f3n 23","description":"Peri\u00f3dico 100% Petromacorisano","publisher":{"@id":"https:\/\/conexion23.com\/#organization"},"potentialAction":[{"@type":"SearchAction","target":{"@type":"EntryPoint","urlTemplate":"https:\/\/conexion23.com\/?s={search_term_string}"},"query-input":{"@type":"PropertyValueSpecification","valueRequired":true,"valueName":"search_term_string"}}],"inLanguage":"es"},{"@type":"Organization","@id":"https:\/\/conexion23.com\/#organization","name":"Conexion 23","url":"https:\/\/conexion23.com\/","logo":{"@type":"ImageObject","inLanguage":"es","@id":"https:\/\/conexion23.com\/#\/schema\/logo\/image\/","url":"https:\/\/conexion23.com\/wp-content\/uploads\/2021\/11\/Diseno-sin-titulo-2.png","contentUrl":"https:\/\/conexion23.com\/wp-content\/uploads\/2021\/11\/Diseno-sin-titulo-2.png","width":541,"height":90,"caption":"Conexion 23"},"image":{"@id":"https:\/\/conexion23.com\/#\/schema\/logo\/image\/"},"sameAs":["https:\/\/www.facebook.com\/conexion23com","https:\/\/www.instagram.com\/conexion23com\/","https:\/\/www.youtube.com\/channel\/UCYc7vxxFZMYLIHNsHHxPZ3Q"]},{"@type":"Person","@id":"https:\/\/conexion23.com\/#\/schema\/person\/03e36043331117e97a373299bbcd30a6","name":"Raffy Ben\u00edtez","image":{"@type":"ImageObject","inLanguage":"es","@id":"https:\/\/conexion23.com\/#\/schema\/person\/image\/","url":"https:\/\/secure.gravatar.com\/avatar\/3190a6a6c5e1b0327500f7d6c56b6242472ee6cb974cf09b401ee6b3b0798f23?s=96&d=mm&r=g","contentUrl":"https:\/\/secure.gravatar.com\/avatar\/3190a6a6c5e1b0327500f7d6c56b6242472ee6cb974cf09b401ee6b3b0798f23?s=96&d=mm&r=g","caption":"Raffy Ben\u00edtez"},"url":"https:\/\/conexion23.com\/?author=15"}]}},"_links":{"self":[{"href":"https:\/\/conexion23.com\/index.php?rest_route=\/wp\/v2\/posts\/20009","targetHints":{"allow":["GET"]}}],"collection":[{"href":"https:\/\/conexion23.com\/index.php?rest_route=\/wp\/v2\/posts"}],"about":[{"href":"https:\/\/conexion23.com\/index.php?rest_route=\/wp\/v2\/types\/post"}],"author":[{"embeddable":true,"href":"https:\/\/conexion23.com\/index.php?rest_route=\/wp\/v2\/users\/15"}],"replies":[{"embeddable":true,"href":"https:\/\/conexion23.com\/index.php?rest_route=%2Fwp%2Fv2%2Fcomments&post=20009"}],"version-history":[{"count":1,"href":"https:\/\/conexion23.com\/index.php?rest_route=\/wp\/v2\/posts\/20009\/revisions"}],"predecessor-version":[{"id":20011,"href":"https:\/\/conexion23.com\/index.php?rest_route=\/wp\/v2\/posts\/20009\/revisions\/20011"}],"wp:featuredmedia":[{"embeddable":true,"href":"https:\/\/conexion23.com\/index.php?rest_route=\/wp\/v2\/media\/20010"}],"wp:attachment":[{"href":"https:\/\/conexion23.com\/index.php?rest_route=%2Fwp%2Fv2%2Fmedia&parent=20009"}],"wp:term":[{"taxonomy":"category","embeddable":true,"href":"https:\/\/conexion23.com\/index.php?rest_route=%2Fwp%2Fv2%2Fcategories&post=20009"},{"taxonomy":"post_tag","embeddable":true,"href":"https:\/\/conexion23.com\/index.php?rest_route=%2Fwp%2Fv2%2Ftags&post=20009"}],"curies":[{"name":"wp","href":"https:\/\/api.w.org\/{rel}","templated":true}]}}