{"id":20016,"date":"2023-08-16T20:35:08","date_gmt":"2023-08-17T00:35:08","guid":{"rendered":"https:\/\/conexion23.com\/?p=20016"},"modified":"2023-08-16T20:35:11","modified_gmt":"2023-08-17T00:35:11","slug":"coe-confirma-27-muertos-por-la-explosion-en-san-cristobal","status":"publish","type":"post","link":"https:\/\/conexion23.com\/?p=20016","title":{"rendered":"COE confirma 27 muertos por la explosi\u00f3n en San Crist\u00f3bal"},"content":{"rendered":"\n<p>El director del Centro de Operaciones de Emergencias ( COE), Juan Manuel M\u00e9ndez, inform\u00f3 la tarde de este mi\u00e9rcoles que aumentaron a 27 los fallecidos por la explosi\u00f3n en San Crist\u00f3bal.<\/p>\n\n\n\n<p>Mientras que<strong>&nbsp;el saldo de heridos es de 59 y que no hay desaparecidos<\/strong>&nbsp;en vista de la confirmaci\u00f3n de la cantidad de cad\u00e1veres hallados.<\/p>\n\n\n\n<figure class=\"wp-block-image\"><img decoding=\"async\" src=\"https:\/\/listindiario.com\/files\/composite_image\/files\/fp\/uploads\/2023\/08\/16\/64dd5ef1ca64e.r_d.640-427.jpeg\" alt=\"El director del Centro de Operaciones de Emergencias ( COE), Juan Manuel M\u00e9ndez, inform\u00f3 la tarde de este mi\u00e9rcoles que aumentaron a 27 los fallecidos por la explosi\u00f3n en San Crist\u00f3bal.\"\/><figcaption class=\"wp-element-caption\">27 muertos por la explosi\u00f3n en San Crist\u00f3bal son confirmados por el COE<\/figcaption><\/figure>\n\n\n\n<p>Dijo que hasta el momento no han podido identificar todos los cuerpos.<\/p>\n\n\n\n<p>Al lamentar la tragedia ocurrida, explic\u00f3 que han entregado al Instituto Nacional de Ciencias Forenses (Inacif) 25 cuerpos para que establezca el protocolo de rigor para la identificaci\u00f3n de estos y que sean entregados a los familiares.<\/p>\n","protected":false},"excerpt":{"rendered":"<p>El director del Centro de Operaciones de Emergencias ( COE), Juan Manuel M\u00e9ndez, inform\u00f3 la tarde de este mi\u00e9rcoles que aumentaron a 27 los fallecidos por la explosi\u00f3n en San Crist\u00f3bal. Mientras que&nbsp;el saldo de heridos es de 59 y que no hay desaparecidos&nbsp;en vista de la confirmaci\u00f3n de la cantidad de cad\u00e1veres hallados. Dijo [&hellip;]<\/p>\n","protected":false},"author":7,"featured_media":20017,"comment_status":"open","ping_status":"open","sticky":false,"template":"","format":"standard","meta":{"footnotes":""},"categories":[1],"tags":[483,455,620,406,2066],"class_list":{"0":"post-20016","1":"post","2":"type-post","3":"status-publish","4":"format-standard","5":"has-post-thumbnail","7":"category-uncategorized","8":"tag-coe","9":"tag-explosion","10":"tag-heridos","11":"tag-muertes","12":"tag-sancristobal"},"yoast_head":"<!-- This site is optimized with the Yoast SEO plugin v27.1.1 - https:\/\/yoast.com\/product\/yoast-seo-wordpress\/ -->\n<title>COE confirma 27 muertos por la explosi\u00f3n en San Crist\u00f3bal - Conexi\u00f3n 23<\/title>\n<meta name=\"description\" content=\"El director del Centro de Operaciones de Emergencias ( COE), Juan Manuel M\u00e9ndez, inform\u00f3 la tarde de este mi\u00e9rcoles que aumentaron a 27 los fallecidos por la explosi\u00f3n en San Crist\u00f3bal.\" \/>\n<meta name=\"robots\" content=\"index, follow, max-snippet:-1, max-image-preview:large, max-video-preview:-1\" \/>\n<link rel=\"canonical\" href=\"http:\/\/conexion23.com\/?p=20016\" \/>\n<meta property=\"og:locale\" content=\"es_ES\" \/>\n<meta property=\"og:type\" content=\"article\" \/>\n<meta property=\"og:title\" content=\"COE confirma 27 muertos por la explosi\u00f3n en San Crist\u00f3bal - Conexi\u00f3n 23\" \/>\n<meta property=\"og:description\" content=\"El director del Centro de Operaciones de Emergencias ( COE), Juan Manuel M\u00e9ndez, inform\u00f3 la tarde de este mi\u00e9rcoles que aumentaron a 27 los fallecidos por la explosi\u00f3n en San Crist\u00f3bal.\" \/>\n<meta property=\"og:url\" content=\"http:\/\/conexion23.com\/?p=20016\" \/>\n<meta property=\"og:site_name\" content=\"Conexi\u00f3n 23\" \/>\n<meta property=\"article:publisher\" content=\"https:\/\/www.facebook.com\/conexion23com\" \/>\n<meta property=\"article:published_time\" content=\"2023-08-17T00:35:08+00:00\" \/>\n<meta property=\"article:modified_time\" content=\"2023-08-17T00:35:11+00:00\" \/>\n<meta property=\"og:image\" content=\"http:\/\/conexion23.com\/wp-content\/uploads\/2023\/08\/64dd165c7d80f.jpeg\" \/>\n\t<meta property=\"og:image:width\" content=\"800\" \/>\n\t<meta property=\"og:image:height\" content=\"473\" \/>\n\t<meta property=\"og:image:type\" content=\"image\/jpeg\" \/>\n<meta name=\"author\" content=\"Benjam\u00edn Rosario\" \/>\n<meta name=\"twitter:card\" content=\"summary_large_image\" \/>\n<meta name=\"twitter:label1\" content=\"Escrito por\" \/>\n\t<meta name=\"twitter:data1\" content=\"Benjam\u00edn Rosario\" \/>\n\t<meta name=\"twitter:label2\" content=\"Tiempo de lectura\" \/>\n\t<meta name=\"twitter:data2\" content=\"1 minuto\" \/>\n<script type=\"application\/ld+json\" class=\"yoast-schema-graph\">{\"@context\":\"https:\/\/schema.org\",\"@graph\":[{\"@type\":\"Article\",\"@id\":\"http:\/\/conexion23.com\/?p=20016#article\",\"isPartOf\":{\"@id\":\"http:\/\/conexion23.com\/?p=20016\"},\"author\":{\"name\":\"Benjam\u00edn Rosario\",\"@id\":\"https:\/\/conexion23.com\/#\/schema\/person\/c0b7ce1f0e7a915d08fa289072b8353a\"},\"headline\":\"COE confirma 27 muertos por la explosi\u00f3n en San Crist\u00f3bal\",\"datePublished\":\"2023-08-17T00:35:08+00:00\",\"dateModified\":\"2023-08-17T00:35:11+00:00\",\"mainEntityOfPage\":{\"@id\":\"http:\/\/conexion23.com\/?p=20016\"},\"wordCount\":135,\"commentCount\":0,\"publisher\":{\"@id\":\"https:\/\/conexion23.com\/#organization\"},\"image\":{\"@id\":\"http:\/\/conexion23.com\/?p=20016#primaryimage\"},\"thumbnailUrl\":\"https:\/\/conexion23.com\/wp-content\/uploads\/2023\/08\/64dd165c7d80f.jpeg\",\"keywords\":[\"coe\",\"explosion\",\"Heridos\",\"muertes\",\"sancristobal\"],\"articleSection\":[\"Uncategorized\"],\"inLanguage\":\"es\",\"potentialAction\":[{\"@type\":\"CommentAction\",\"name\":\"Comment\",\"target\":[\"http:\/\/conexion23.com\/?p=20016#respond\"]}]},{\"@type\":\"WebPage\",\"@id\":\"http:\/\/conexion23.com\/?p=20016\",\"url\":\"http:\/\/conexion23.com\/?p=20016\",\"name\":\"COE confirma 27 muertos por la explosi\u00f3n en San Crist\u00f3bal - Conexi\u00f3n 23\",\"isPartOf\":{\"@id\":\"https:\/\/conexion23.com\/#website\"},\"primaryImageOfPage\":{\"@id\":\"http:\/\/conexion23.com\/?p=20016#primaryimage\"},\"image\":{\"@id\":\"http:\/\/conexion23.com\/?p=20016#primaryimage\"},\"thumbnailUrl\":\"https:\/\/conexion23.com\/wp-content\/uploads\/2023\/08\/64dd165c7d80f.jpeg\",\"datePublished\":\"2023-08-17T00:35:08+00:00\",\"dateModified\":\"2023-08-17T00:35:11+00:00\",\"description\":\"El director del Centro de Operaciones de Emergencias ( COE), Juan Manuel M\u00e9ndez, inform\u00f3 la tarde de este mi\u00e9rcoles que aumentaron a 27 los fallecidos por la explosi\u00f3n en San Crist\u00f3bal.\",\"breadcrumb\":{\"@id\":\"http:\/\/conexion23.com\/?p=20016#breadcrumb\"},\"inLanguage\":\"es\",\"potentialAction\":[{\"@type\":\"ReadAction\",\"target\":[\"http:\/\/conexion23.com\/?p=20016\"]}]},{\"@type\":\"ImageObject\",\"inLanguage\":\"es\",\"@id\":\"http:\/\/conexion23.com\/?p=20016#primaryimage\",\"url\":\"https:\/\/conexion23.com\/wp-content\/uploads\/2023\/08\/64dd165c7d80f.jpeg\",\"contentUrl\":\"https:\/\/conexion23.com\/wp-content\/uploads\/2023\/08\/64dd165c7d80f.jpeg\",\"width\":800,\"height\":473},{\"@type\":\"BreadcrumbList\",\"@id\":\"http:\/\/conexion23.com\/?p=20016#breadcrumb\",\"itemListElement\":[{\"@type\":\"ListItem\",\"position\":1,\"name\":\"Portada\",\"item\":\"https:\/\/conexion23.com\/\"},{\"@type\":\"ListItem\",\"position\":2,\"name\":\"COE confirma 27 muertos por la explosi\u00f3n en San Crist\u00f3bal\"}]},{\"@type\":\"WebSite\",\"@id\":\"https:\/\/conexion23.com\/#website\",\"url\":\"https:\/\/conexion23.com\/\",\"name\":\"Conexi\u00f3n 23\",\"description\":\"Peri\u00f3dico 100% Petromacorisano\",\"publisher\":{\"@id\":\"https:\/\/conexion23.com\/#organization\"},\"potentialAction\":[{\"@type\":\"SearchAction\",\"target\":{\"@type\":\"EntryPoint\",\"urlTemplate\":\"https:\/\/conexion23.com\/?s={search_term_string}\"},\"query-input\":{\"@type\":\"PropertyValueSpecification\",\"valueRequired\":true,\"valueName\":\"search_term_string\"}}],\"inLanguage\":\"es\"},{\"@type\":\"Organization\",\"@id\":\"https:\/\/conexion23.com\/#organization\",\"name\":\"Conexion 23\",\"url\":\"https:\/\/conexion23.com\/\",\"logo\":{\"@type\":\"ImageObject\",\"inLanguage\":\"es\",\"@id\":\"https:\/\/conexion23.com\/#\/schema\/logo\/image\/\",\"url\":\"https:\/\/conexion23.com\/wp-content\/uploads\/2021\/11\/Diseno-sin-titulo-2.png\",\"contentUrl\":\"https:\/\/conexion23.com\/wp-content\/uploads\/2021\/11\/Diseno-sin-titulo-2.png\",\"width\":541,\"height\":90,\"caption\":\"Conexion 23\"},\"image\":{\"@id\":\"https:\/\/conexion23.com\/#\/schema\/logo\/image\/\"},\"sameAs\":[\"https:\/\/www.facebook.com\/conexion23com\",\"https:\/\/www.instagram.com\/conexion23com\/\",\"https:\/\/www.youtube.com\/channel\/UCYc7vxxFZMYLIHNsHHxPZ3Q\"]},{\"@type\":\"Person\",\"@id\":\"https:\/\/conexion23.com\/#\/schema\/person\/c0b7ce1f0e7a915d08fa289072b8353a\",\"name\":\"Benjam\u00edn Rosario\",\"image\":{\"@type\":\"ImageObject\",\"inLanguage\":\"es\",\"@id\":\"https:\/\/conexion23.com\/#\/schema\/person\/image\/\",\"url\":\"https:\/\/secure.gravatar.com\/avatar\/62e1b2539b49cdeb50ee302e2a5f2bd31dc7fdba412bbac67e2a2a6e0c89bb2a?s=96&d=mm&r=g\",\"contentUrl\":\"https:\/\/secure.gravatar.com\/avatar\/62e1b2539b49cdeb50ee302e2a5f2bd31dc7fdba412bbac67e2a2a6e0c89bb2a?s=96&d=mm&r=g\",\"caption\":\"Benjam\u00edn Rosario\"},\"url\":\"https:\/\/conexion23.com\/?author=7\"}]}<\/script>\n<!-- \/ Yoast SEO plugin. -->","yoast_head_json":{"title":"COE confirma 27 muertos por la explosi\u00f3n en San Crist\u00f3bal - Conexi\u00f3n 23","description":"El director del Centro de Operaciones de Emergencias ( COE), Juan Manuel M\u00e9ndez, inform\u00f3 la tarde de este mi\u00e9rcoles que aumentaron a 27 los fallecidos por la explosi\u00f3n en San Crist\u00f3bal.","robots":{"index":"index","follow":"follow","max-snippet":"max-snippet:-1","max-image-preview":"max-image-preview:large","max-video-preview":"max-video-preview:-1"},"canonical":"http:\/\/conexion23.com\/?p=20016","og_locale":"es_ES","og_type":"article","og_title":"COE confirma 27 muertos por la explosi\u00f3n en San Crist\u00f3bal - Conexi\u00f3n 23","og_description":"El director del Centro de Operaciones de Emergencias ( COE), Juan Manuel M\u00e9ndez, inform\u00f3 la tarde de este mi\u00e9rcoles que aumentaron a 27 los fallecidos por la explosi\u00f3n en San Crist\u00f3bal.","og_url":"http:\/\/conexion23.com\/?p=20016","og_site_name":"Conexi\u00f3n 23","article_publisher":"https:\/\/www.facebook.com\/conexion23com","article_published_time":"2023-08-17T00:35:08+00:00","article_modified_time":"2023-08-17T00:35:11+00:00","og_image":[{"width":800,"height":473,"url":"http:\/\/conexion23.com\/wp-content\/uploads\/2023\/08\/64dd165c7d80f.jpeg","type":"image\/jpeg"}],"author":"Benjam\u00edn Rosario","twitter_card":"summary_large_image","twitter_misc":{"Escrito por":"Benjam\u00edn Rosario","Tiempo de lectura":"1 minuto"},"schema":{"@context":"https:\/\/schema.org","@graph":[{"@type":"Article","@id":"http:\/\/conexion23.com\/?p=20016#article","isPartOf":{"@id":"http:\/\/conexion23.com\/?p=20016"},"author":{"name":"Benjam\u00edn Rosario","@id":"https:\/\/conexion23.com\/#\/schema\/person\/c0b7ce1f0e7a915d08fa289072b8353a"},"headline":"COE confirma 27 muertos por la explosi\u00f3n en San Crist\u00f3bal","datePublished":"2023-08-17T00:35:08+00:00","dateModified":"2023-08-17T00:35:11+00:00","mainEntityOfPage":{"@id":"http:\/\/conexion23.com\/?p=20016"},"wordCount":135,"commentCount":0,"publisher":{"@id":"https:\/\/conexion23.com\/#organization"},"image":{"@id":"http:\/\/conexion23.com\/?p=20016#primaryimage"},"thumbnailUrl":"https:\/\/conexion23.com\/wp-content\/uploads\/2023\/08\/64dd165c7d80f.jpeg","keywords":["coe","explosion","Heridos","muertes","sancristobal"],"articleSection":["Uncategorized"],"inLanguage":"es","potentialAction":[{"@type":"CommentAction","name":"Comment","target":["http:\/\/conexion23.com\/?p=20016#respond"]}]},{"@type":"WebPage","@id":"http:\/\/conexion23.com\/?p=20016","url":"http:\/\/conexion23.com\/?p=20016","name":"COE confirma 27 muertos por la explosi\u00f3n en San Crist\u00f3bal - Conexi\u00f3n 23","isPartOf":{"@id":"https:\/\/conexion23.com\/#website"},"primaryImageOfPage":{"@id":"http:\/\/conexion23.com\/?p=20016#primaryimage"},"image":{"@id":"http:\/\/conexion23.com\/?p=20016#primaryimage"},"thumbnailUrl":"https:\/\/conexion23.com\/wp-content\/uploads\/2023\/08\/64dd165c7d80f.jpeg","datePublished":"2023-08-17T00:35:08+00:00","dateModified":"2023-08-17T00:35:11+00:00","description":"El director del Centro de Operaciones de Emergencias ( COE), Juan Manuel M\u00e9ndez, inform\u00f3 la tarde de este mi\u00e9rcoles que aumentaron a 27 los fallecidos por la explosi\u00f3n en San Crist\u00f3bal.","breadcrumb":{"@id":"http:\/\/conexion23.com\/?p=20016#breadcrumb"},"inLanguage":"es","potentialAction":[{"@type":"ReadAction","target":["http:\/\/conexion23.com\/?p=20016"]}]},{"@type":"ImageObject","inLanguage":"es","@id":"http:\/\/conexion23.com\/?p=20016#primaryimage","url":"https:\/\/conexion23.com\/wp-content\/uploads\/2023\/08\/64dd165c7d80f.jpeg","contentUrl":"https:\/\/conexion23.com\/wp-content\/uploads\/2023\/08\/64dd165c7d80f.jpeg","width":800,"height":473},{"@type":"BreadcrumbList","@id":"http:\/\/conexion23.com\/?p=20016#breadcrumb","itemListElement":[{"@type":"ListItem","position":1,"name":"Portada","item":"https:\/\/conexion23.com\/"},{"@type":"ListItem","position":2,"name":"COE confirma 27 muertos por la explosi\u00f3n en San Crist\u00f3bal"}]},{"@type":"WebSite","@id":"https:\/\/conexion23.com\/#website","url":"https:\/\/conexion23.com\/","name":"Conexi\u00f3n 23","description":"Peri\u00f3dico 100% Petromacorisano","publisher":{"@id":"https:\/\/conexion23.com\/#organization"},"potentialAction":[{"@type":"SearchAction","target":{"@type":"EntryPoint","urlTemplate":"https:\/\/conexion23.com\/?s={search_term_string}"},"query-input":{"@type":"PropertyValueSpecification","valueRequired":true,"valueName":"search_term_string"}}],"inLanguage":"es"},{"@type":"Organization","@id":"https:\/\/conexion23.com\/#organization","name":"Conexion 23","url":"https:\/\/conexion23.com\/","logo":{"@type":"ImageObject","inLanguage":"es","@id":"https:\/\/conexion23.com\/#\/schema\/logo\/image\/","url":"https:\/\/conexion23.com\/wp-content\/uploads\/2021\/11\/Diseno-sin-titulo-2.png","contentUrl":"https:\/\/conexion23.com\/wp-content\/uploads\/2021\/11\/Diseno-sin-titulo-2.png","width":541,"height":90,"caption":"Conexion 23"},"image":{"@id":"https:\/\/conexion23.com\/#\/schema\/logo\/image\/"},"sameAs":["https:\/\/www.facebook.com\/conexion23com","https:\/\/www.instagram.com\/conexion23com\/","https:\/\/www.youtube.com\/channel\/UCYc7vxxFZMYLIHNsHHxPZ3Q"]},{"@type":"Person","@id":"https:\/\/conexion23.com\/#\/schema\/person\/c0b7ce1f0e7a915d08fa289072b8353a","name":"Benjam\u00edn Rosario","image":{"@type":"ImageObject","inLanguage":"es","@id":"https:\/\/conexion23.com\/#\/schema\/person\/image\/","url":"https:\/\/secure.gravatar.com\/avatar\/62e1b2539b49cdeb50ee302e2a5f2bd31dc7fdba412bbac67e2a2a6e0c89bb2a?s=96&d=mm&r=g","contentUrl":"https:\/\/secure.gravatar.com\/avatar\/62e1b2539b49cdeb50ee302e2a5f2bd31dc7fdba412bbac67e2a2a6e0c89bb2a?s=96&d=mm&r=g","caption":"Benjam\u00edn Rosario"},"url":"https:\/\/conexion23.com\/?author=7"}]}},"_links":{"self":[{"href":"https:\/\/conexion23.com\/index.php?rest_route=\/wp\/v2\/posts\/20016","targetHints":{"allow":["GET"]}}],"collection":[{"href":"https:\/\/conexion23.com\/index.php?rest_route=\/wp\/v2\/posts"}],"about":[{"href":"https:\/\/conexion23.com\/index.php?rest_route=\/wp\/v2\/types\/post"}],"author":[{"embeddable":true,"href":"https:\/\/conexion23.com\/index.php?rest_route=\/wp\/v2\/users\/7"}],"replies":[{"embeddable":true,"href":"https:\/\/conexion23.com\/index.php?rest_route=%2Fwp%2Fv2%2Fcomments&post=20016"}],"version-history":[{"count":1,"href":"https:\/\/conexion23.com\/index.php?rest_route=\/wp\/v2\/posts\/20016\/revisions"}],"predecessor-version":[{"id":20018,"href":"https:\/\/conexion23.com\/index.php?rest_route=\/wp\/v2\/posts\/20016\/revisions\/20018"}],"wp:featuredmedia":[{"embeddable":true,"href":"https:\/\/conexion23.com\/index.php?rest_route=\/wp\/v2\/media\/20017"}],"wp:attachment":[{"href":"https:\/\/conexion23.com\/index.php?rest_route=%2Fwp%2Fv2%2Fmedia&parent=20016"}],"wp:term":[{"taxonomy":"category","embeddable":true,"href":"https:\/\/conexion23.com\/index.php?rest_route=%2Fwp%2Fv2%2Fcategories&post=20016"},{"taxonomy":"post_tag","embeddable":true,"href":"https:\/\/conexion23.com\/index.php?rest_route=%2Fwp%2Fv2%2Ftags&post=20016"}],"curies":[{"name":"wp","href":"https:\/\/api.w.org\/{rel}","templated":true}]}}