{"id":20105,"date":"2023-08-19T09:43:52","date_gmt":"2023-08-19T13:43:52","guid":{"rendered":"https:\/\/conexion23.com\/?p=20105"},"modified":"2023-08-19T09:43:54","modified_gmt":"2023-08-19T13:43:54","slug":"autoridades-realizan-mesa-de-seguridad-ciudadana-en-spm","status":"publish","type":"post","link":"https:\/\/conexion23.com\/?p=20105","title":{"rendered":"Autoridades realizan mesa de seguridad ciudadana en SPM."},"content":{"rendered":"\n<p>Se realiz\u00f3 en San Pedro de Macor\u00eds la d\u00e9cimo novena reuni\u00f3n de la \u00abMesa Local de Seguridad, Ciudadan\u00eda y G\u00e9nero\u00bb a trav\u00e9s de la cual las autoridades buscan gestionar la ejecuci\u00f3n de pol\u00edticas p\u00fablicas que garanticen la seguridad ciudadana.<\/p>\n\n\n\n<p>Durante el encuentro el alcalde Raymundo Ortiz resalt\u00f3 la importancia de estos espacios de di\u00e1logo donde puedan ser planteadas las problem\u00e1ticas que nos afectan en materia de seguridad y pueden ser escuchadas por los actores claves para implementar las acciones correspondientes.<\/p>\n\n\n\n<p>Mientras que Angela Jaquez, viceministra de Seguridad Preventiva en Gobiernos Provinciales, &nbsp; detall\u00f3 los indicadores de los principales cr\u00edmenes y delitos que afectan esta ciudad destacando que una manera de dar soluci\u00f3n es el esfuerzo e integraci\u00f3n de todos los actores de la provincia y la sociedad en general.<\/p>\n\n\n\n<p>El sector comunitario solicit\u00f3 a las autoridades mayor atenci\u00f3n para la parte sur, por el aumento de las bandas juveniles y reforzar la iluminaci\u00f3n de los barrios.<\/p>\n\n\n\n<p>El ministro de Interior y Polic\u00eda Jes\u00fas V\u00e1squez manifest\u00f3 que la seguridad ciudadana es un compromiso de todos. Detall\u00f3 que continuar\u00e1 trabajando de la mano con las autoridades de San Pedro de Macor\u00eds para dar soluciones a las problem\u00e1ticas planteadas en la mesa y le dar\u00e1 prioridad a todas para poner fin a la delincuencia.<\/p>\n\n\n\n<p>Dicha mesa estuvo encabezada tambi\u00e9n por el Mayor general Eduardo Alberto Then director nacional de la PN, qui\u00e9n expres\u00f3 que pueden estar tranquilos ya que trabajar\u00e1 para garantizar la tranquilidad y seguridad de la provincia, que le ha dado tanto apoyo desde cuando fue director regional sureste, vicealmirante Cabrera Ulloa presidente de la DNCD, el general PN Orison Olivence Minaya director de la Regional Sureste de la Polic\u00eda Nacional, la vicealcaldesa Mar\u00eda Yolanda Jacobo, Mayor general Carlos Antonio Fern\u00e1ndez Onofre comandante general del ej\u00e9rcito de RD, general Juan Antonio Guzm\u00e1n Peralta director de la DIGESETT, Alex Mordan en representaci\u00f3n del programa de Oportunidades 14\/24 de Pol\u00edtica Social, Director Nacional de Infotep Rafael Santos Bad\u00eda, Andres Matos, regidores Luisa Pierret presidenta del Concejo y Odalis Ramos, entre otros.<\/p>\n\n\n\n<p>Tambi\u00e9n estuvieron presentes los diferentes alcaldes de los municipios de la provincia, una comisi\u00f3n, de la Cruz Roja, del Minietrio P\u00fablico, Defensa Civil, 911 entre otras.<\/p>\n","protected":false},"excerpt":{"rendered":"<p>Se realiz\u00f3 en San Pedro de Macor\u00eds la d\u00e9cimo novena reuni\u00f3n de la \u00abMesa Local de Seguridad, Ciudadan\u00eda y G\u00e9nero\u00bb a trav\u00e9s de la cual las autoridades buscan gestionar la ejecuci\u00f3n de pol\u00edticas p\u00fablicas que garanticen la seguridad ciudadana. Durante el encuentro el alcalde Raymundo Ortiz resalt\u00f3 la importancia de estos espacios de di\u00e1logo donde [&hellip;]<\/p>\n","protected":false},"author":15,"featured_media":20106,"comment_status":"open","ping_status":"open","sticky":false,"template":"","format":"standard","meta":{"footnotes":""},"categories":[35],"tags":[],"class_list":{"0":"post-20105","1":"post","2":"type-post","3":"status-publish","4":"format-standard","5":"has-post-thumbnail","7":"category-spm"},"yoast_head":"<!-- This site is optimized with the Yoast SEO plugin v27.1.1 - https:\/\/yoast.com\/product\/yoast-seo-wordpress\/ -->\n<title>Autoridades realizan mesa de seguridad ciudadana en SPM. - Conexi\u00f3n 23<\/title>\n<meta name=\"robots\" content=\"index, follow, max-snippet:-1, max-image-preview:large, max-video-preview:-1\" \/>\n<link rel=\"canonical\" href=\"https:\/\/conexion23.com\/?p=20105\" \/>\n<meta property=\"og:locale\" content=\"es_ES\" \/>\n<meta property=\"og:type\" content=\"article\" \/>\n<meta property=\"og:title\" content=\"Autoridades realizan mesa de seguridad ciudadana en SPM. - Conexi\u00f3n 23\" \/>\n<meta property=\"og:description\" content=\"Se realiz\u00f3 en San Pedro de Macor\u00eds la d\u00e9cimo novena reuni\u00f3n de la \u00abMesa Local de Seguridad, Ciudadan\u00eda y G\u00e9nero\u00bb a trav\u00e9s de la cual las autoridades buscan gestionar la ejecuci\u00f3n de pol\u00edticas p\u00fablicas que garanticen la seguridad ciudadana. Durante el encuentro el alcalde Raymundo Ortiz resalt\u00f3 la importancia de estos espacios de di\u00e1logo donde [&hellip;]\" \/>\n<meta property=\"og:url\" content=\"https:\/\/conexion23.com\/?p=20105\" \/>\n<meta property=\"og:site_name\" content=\"Conexi\u00f3n 23\" \/>\n<meta property=\"article:publisher\" content=\"https:\/\/www.facebook.com\/conexion23com\" \/>\n<meta property=\"article:published_time\" content=\"2023-08-19T13:43:52+00:00\" \/>\n<meta property=\"article:modified_time\" content=\"2023-08-19T13:43:54+00:00\" \/>\n<meta property=\"og:image\" content=\"https:\/\/conexion23.com\/wp-content\/uploads\/2023\/08\/IMG-20230818-WA4089.jpg\" \/>\n\t<meta property=\"og:image:width\" content=\"320\" \/>\n\t<meta property=\"og:image:height\" content=\"214\" \/>\n\t<meta property=\"og:image:type\" content=\"image\/jpeg\" \/>\n<meta name=\"author\" content=\"Raffy Ben\u00edtez\" \/>\n<meta name=\"twitter:card\" content=\"summary_large_image\" \/>\n<meta name=\"twitter:label1\" content=\"Escrito por\" \/>\n\t<meta name=\"twitter:data1\" content=\"Raffy Ben\u00edtez\" \/>\n\t<meta name=\"twitter:label2\" content=\"Tiempo de lectura\" \/>\n\t<meta name=\"twitter:data2\" content=\"2 minutos\" \/>\n<script type=\"application\/ld+json\" class=\"yoast-schema-graph\">{\"@context\":\"https:\/\/schema.org\",\"@graph\":[{\"@type\":\"Article\",\"@id\":\"https:\/\/conexion23.com\/?p=20105#article\",\"isPartOf\":{\"@id\":\"https:\/\/conexion23.com\/?p=20105\"},\"author\":{\"name\":\"Raffy Ben\u00edtez\",\"@id\":\"https:\/\/conexion23.com\/#\/schema\/person\/03e36043331117e97a373299bbcd30a6\"},\"headline\":\"Autoridades realizan mesa de seguridad ciudadana en SPM.\",\"datePublished\":\"2023-08-19T13:43:52+00:00\",\"dateModified\":\"2023-08-19T13:43:54+00:00\",\"mainEntityOfPage\":{\"@id\":\"https:\/\/conexion23.com\/?p=20105\"},\"wordCount\":404,\"commentCount\":0,\"publisher\":{\"@id\":\"https:\/\/conexion23.com\/#organization\"},\"image\":{\"@id\":\"https:\/\/conexion23.com\/?p=20105#primaryimage\"},\"thumbnailUrl\":\"https:\/\/conexion23.com\/wp-content\/uploads\/2023\/08\/IMG-20230818-WA4089.jpg\",\"articleSection\":[\"SPM\"],\"inLanguage\":\"es\",\"potentialAction\":[{\"@type\":\"CommentAction\",\"name\":\"Comment\",\"target\":[\"https:\/\/conexion23.com\/?p=20105#respond\"]}]},{\"@type\":\"WebPage\",\"@id\":\"https:\/\/conexion23.com\/?p=20105\",\"url\":\"https:\/\/conexion23.com\/?p=20105\",\"name\":\"Autoridades realizan mesa de seguridad ciudadana en SPM. - Conexi\u00f3n 23\",\"isPartOf\":{\"@id\":\"https:\/\/conexion23.com\/#website\"},\"primaryImageOfPage\":{\"@id\":\"https:\/\/conexion23.com\/?p=20105#primaryimage\"},\"image\":{\"@id\":\"https:\/\/conexion23.com\/?p=20105#primaryimage\"},\"thumbnailUrl\":\"https:\/\/conexion23.com\/wp-content\/uploads\/2023\/08\/IMG-20230818-WA4089.jpg\",\"datePublished\":\"2023-08-19T13:43:52+00:00\",\"dateModified\":\"2023-08-19T13:43:54+00:00\",\"breadcrumb\":{\"@id\":\"https:\/\/conexion23.com\/?p=20105#breadcrumb\"},\"inLanguage\":\"es\",\"potentialAction\":[{\"@type\":\"ReadAction\",\"target\":[\"https:\/\/conexion23.com\/?p=20105\"]}]},{\"@type\":\"ImageObject\",\"inLanguage\":\"es\",\"@id\":\"https:\/\/conexion23.com\/?p=20105#primaryimage\",\"url\":\"https:\/\/conexion23.com\/wp-content\/uploads\/2023\/08\/IMG-20230818-WA4089.jpg\",\"contentUrl\":\"https:\/\/conexion23.com\/wp-content\/uploads\/2023\/08\/IMG-20230818-WA4089.jpg\",\"width\":320,\"height\":214},{\"@type\":\"BreadcrumbList\",\"@id\":\"https:\/\/conexion23.com\/?p=20105#breadcrumb\",\"itemListElement\":[{\"@type\":\"ListItem\",\"position\":1,\"name\":\"Portada\",\"item\":\"https:\/\/conexion23.com\/\"},{\"@type\":\"ListItem\",\"position\":2,\"name\":\"Autoridades realizan mesa de seguridad ciudadana en SPM.\"}]},{\"@type\":\"WebSite\",\"@id\":\"https:\/\/conexion23.com\/#website\",\"url\":\"https:\/\/conexion23.com\/\",\"name\":\"Conexi\u00f3n 23\",\"description\":\"Peri\u00f3dico 100% Petromacorisano\",\"publisher\":{\"@id\":\"https:\/\/conexion23.com\/#organization\"},\"potentialAction\":[{\"@type\":\"SearchAction\",\"target\":{\"@type\":\"EntryPoint\",\"urlTemplate\":\"https:\/\/conexion23.com\/?s={search_term_string}\"},\"query-input\":{\"@type\":\"PropertyValueSpecification\",\"valueRequired\":true,\"valueName\":\"search_term_string\"}}],\"inLanguage\":\"es\"},{\"@type\":\"Organization\",\"@id\":\"https:\/\/conexion23.com\/#organization\",\"name\":\"Conexion 23\",\"url\":\"https:\/\/conexion23.com\/\",\"logo\":{\"@type\":\"ImageObject\",\"inLanguage\":\"es\",\"@id\":\"https:\/\/conexion23.com\/#\/schema\/logo\/image\/\",\"url\":\"https:\/\/conexion23.com\/wp-content\/uploads\/2021\/11\/Diseno-sin-titulo-2.png\",\"contentUrl\":\"https:\/\/conexion23.com\/wp-content\/uploads\/2021\/11\/Diseno-sin-titulo-2.png\",\"width\":541,\"height\":90,\"caption\":\"Conexion 23\"},\"image\":{\"@id\":\"https:\/\/conexion23.com\/#\/schema\/logo\/image\/\"},\"sameAs\":[\"https:\/\/www.facebook.com\/conexion23com\",\"https:\/\/www.instagram.com\/conexion23com\/\",\"https:\/\/www.youtube.com\/channel\/UCYc7vxxFZMYLIHNsHHxPZ3Q\"]},{\"@type\":\"Person\",\"@id\":\"https:\/\/conexion23.com\/#\/schema\/person\/03e36043331117e97a373299bbcd30a6\",\"name\":\"Raffy Ben\u00edtez\",\"image\":{\"@type\":\"ImageObject\",\"inLanguage\":\"es\",\"@id\":\"https:\/\/conexion23.com\/#\/schema\/person\/image\/\",\"url\":\"https:\/\/secure.gravatar.com\/avatar\/3190a6a6c5e1b0327500f7d6c56b6242472ee6cb974cf09b401ee6b3b0798f23?s=96&d=mm&r=g\",\"contentUrl\":\"https:\/\/secure.gravatar.com\/avatar\/3190a6a6c5e1b0327500f7d6c56b6242472ee6cb974cf09b401ee6b3b0798f23?s=96&d=mm&r=g\",\"caption\":\"Raffy Ben\u00edtez\"},\"url\":\"https:\/\/conexion23.com\/?author=15\"}]}<\/script>\n<!-- \/ Yoast SEO plugin. -->","yoast_head_json":{"title":"Autoridades realizan mesa de seguridad ciudadana en SPM. - Conexi\u00f3n 23","robots":{"index":"index","follow":"follow","max-snippet":"max-snippet:-1","max-image-preview":"max-image-preview:large","max-video-preview":"max-video-preview:-1"},"canonical":"https:\/\/conexion23.com\/?p=20105","og_locale":"es_ES","og_type":"article","og_title":"Autoridades realizan mesa de seguridad ciudadana en SPM. - Conexi\u00f3n 23","og_description":"Se realiz\u00f3 en San Pedro de Macor\u00eds la d\u00e9cimo novena reuni\u00f3n de la \u00abMesa Local de Seguridad, Ciudadan\u00eda y G\u00e9nero\u00bb a trav\u00e9s de la cual las autoridades buscan gestionar la ejecuci\u00f3n de pol\u00edticas p\u00fablicas que garanticen la seguridad ciudadana. Durante el encuentro el alcalde Raymundo Ortiz resalt\u00f3 la importancia de estos espacios de di\u00e1logo donde [&hellip;]","og_url":"https:\/\/conexion23.com\/?p=20105","og_site_name":"Conexi\u00f3n 23","article_publisher":"https:\/\/www.facebook.com\/conexion23com","article_published_time":"2023-08-19T13:43:52+00:00","article_modified_time":"2023-08-19T13:43:54+00:00","og_image":[{"width":320,"height":214,"url":"https:\/\/conexion23.com\/wp-content\/uploads\/2023\/08\/IMG-20230818-WA4089.jpg","type":"image\/jpeg"}],"author":"Raffy Ben\u00edtez","twitter_card":"summary_large_image","twitter_misc":{"Escrito por":"Raffy Ben\u00edtez","Tiempo de lectura":"2 minutos"},"schema":{"@context":"https:\/\/schema.org","@graph":[{"@type":"Article","@id":"https:\/\/conexion23.com\/?p=20105#article","isPartOf":{"@id":"https:\/\/conexion23.com\/?p=20105"},"author":{"name":"Raffy Ben\u00edtez","@id":"https:\/\/conexion23.com\/#\/schema\/person\/03e36043331117e97a373299bbcd30a6"},"headline":"Autoridades realizan mesa de seguridad ciudadana en SPM.","datePublished":"2023-08-19T13:43:52+00:00","dateModified":"2023-08-19T13:43:54+00:00","mainEntityOfPage":{"@id":"https:\/\/conexion23.com\/?p=20105"},"wordCount":404,"commentCount":0,"publisher":{"@id":"https:\/\/conexion23.com\/#organization"},"image":{"@id":"https:\/\/conexion23.com\/?p=20105#primaryimage"},"thumbnailUrl":"https:\/\/conexion23.com\/wp-content\/uploads\/2023\/08\/IMG-20230818-WA4089.jpg","articleSection":["SPM"],"inLanguage":"es","potentialAction":[{"@type":"CommentAction","name":"Comment","target":["https:\/\/conexion23.com\/?p=20105#respond"]}]},{"@type":"WebPage","@id":"https:\/\/conexion23.com\/?p=20105","url":"https:\/\/conexion23.com\/?p=20105","name":"Autoridades realizan mesa de seguridad ciudadana en SPM. - Conexi\u00f3n 23","isPartOf":{"@id":"https:\/\/conexion23.com\/#website"},"primaryImageOfPage":{"@id":"https:\/\/conexion23.com\/?p=20105#primaryimage"},"image":{"@id":"https:\/\/conexion23.com\/?p=20105#primaryimage"},"thumbnailUrl":"https:\/\/conexion23.com\/wp-content\/uploads\/2023\/08\/IMG-20230818-WA4089.jpg","datePublished":"2023-08-19T13:43:52+00:00","dateModified":"2023-08-19T13:43:54+00:00","breadcrumb":{"@id":"https:\/\/conexion23.com\/?p=20105#breadcrumb"},"inLanguage":"es","potentialAction":[{"@type":"ReadAction","target":["https:\/\/conexion23.com\/?p=20105"]}]},{"@type":"ImageObject","inLanguage":"es","@id":"https:\/\/conexion23.com\/?p=20105#primaryimage","url":"https:\/\/conexion23.com\/wp-content\/uploads\/2023\/08\/IMG-20230818-WA4089.jpg","contentUrl":"https:\/\/conexion23.com\/wp-content\/uploads\/2023\/08\/IMG-20230818-WA4089.jpg","width":320,"height":214},{"@type":"BreadcrumbList","@id":"https:\/\/conexion23.com\/?p=20105#breadcrumb","itemListElement":[{"@type":"ListItem","position":1,"name":"Portada","item":"https:\/\/conexion23.com\/"},{"@type":"ListItem","position":2,"name":"Autoridades realizan mesa de seguridad ciudadana en SPM."}]},{"@type":"WebSite","@id":"https:\/\/conexion23.com\/#website","url":"https:\/\/conexion23.com\/","name":"Conexi\u00f3n 23","description":"Peri\u00f3dico 100% Petromacorisano","publisher":{"@id":"https:\/\/conexion23.com\/#organization"},"potentialAction":[{"@type":"SearchAction","target":{"@type":"EntryPoint","urlTemplate":"https:\/\/conexion23.com\/?s={search_term_string}"},"query-input":{"@type":"PropertyValueSpecification","valueRequired":true,"valueName":"search_term_string"}}],"inLanguage":"es"},{"@type":"Organization","@id":"https:\/\/conexion23.com\/#organization","name":"Conexion 23","url":"https:\/\/conexion23.com\/","logo":{"@type":"ImageObject","inLanguage":"es","@id":"https:\/\/conexion23.com\/#\/schema\/logo\/image\/","url":"https:\/\/conexion23.com\/wp-content\/uploads\/2021\/11\/Diseno-sin-titulo-2.png","contentUrl":"https:\/\/conexion23.com\/wp-content\/uploads\/2021\/11\/Diseno-sin-titulo-2.png","width":541,"height":90,"caption":"Conexion 23"},"image":{"@id":"https:\/\/conexion23.com\/#\/schema\/logo\/image\/"},"sameAs":["https:\/\/www.facebook.com\/conexion23com","https:\/\/www.instagram.com\/conexion23com\/","https:\/\/www.youtube.com\/channel\/UCYc7vxxFZMYLIHNsHHxPZ3Q"]},{"@type":"Person","@id":"https:\/\/conexion23.com\/#\/schema\/person\/03e36043331117e97a373299bbcd30a6","name":"Raffy Ben\u00edtez","image":{"@type":"ImageObject","inLanguage":"es","@id":"https:\/\/conexion23.com\/#\/schema\/person\/image\/","url":"https:\/\/secure.gravatar.com\/avatar\/3190a6a6c5e1b0327500f7d6c56b6242472ee6cb974cf09b401ee6b3b0798f23?s=96&d=mm&r=g","contentUrl":"https:\/\/secure.gravatar.com\/avatar\/3190a6a6c5e1b0327500f7d6c56b6242472ee6cb974cf09b401ee6b3b0798f23?s=96&d=mm&r=g","caption":"Raffy Ben\u00edtez"},"url":"https:\/\/conexion23.com\/?author=15"}]}},"_links":{"self":[{"href":"https:\/\/conexion23.com\/index.php?rest_route=\/wp\/v2\/posts\/20105","targetHints":{"allow":["GET"]}}],"collection":[{"href":"https:\/\/conexion23.com\/index.php?rest_route=\/wp\/v2\/posts"}],"about":[{"href":"https:\/\/conexion23.com\/index.php?rest_route=\/wp\/v2\/types\/post"}],"author":[{"embeddable":true,"href":"https:\/\/conexion23.com\/index.php?rest_route=\/wp\/v2\/users\/15"}],"replies":[{"embeddable":true,"href":"https:\/\/conexion23.com\/index.php?rest_route=%2Fwp%2Fv2%2Fcomments&post=20105"}],"version-history":[{"count":1,"href":"https:\/\/conexion23.com\/index.php?rest_route=\/wp\/v2\/posts\/20105\/revisions"}],"predecessor-version":[{"id":20107,"href":"https:\/\/conexion23.com\/index.php?rest_route=\/wp\/v2\/posts\/20105\/revisions\/20107"}],"wp:featuredmedia":[{"embeddable":true,"href":"https:\/\/conexion23.com\/index.php?rest_route=\/wp\/v2\/media\/20106"}],"wp:attachment":[{"href":"https:\/\/conexion23.com\/index.php?rest_route=%2Fwp%2Fv2%2Fmedia&parent=20105"}],"wp:term":[{"taxonomy":"category","embeddable":true,"href":"https:\/\/conexion23.com\/index.php?rest_route=%2Fwp%2Fv2%2Fcategories&post=20105"},{"taxonomy":"post_tag","embeddable":true,"href":"https:\/\/conexion23.com\/index.php?rest_route=%2Fwp%2Fv2%2Ftags&post=20105"}],"curies":[{"name":"wp","href":"https:\/\/api.w.org\/{rel}","templated":true}]}}