{"id":20108,"date":"2023-08-19T09:47:25","date_gmt":"2023-08-19T13:47:25","guid":{"rendered":"https:\/\/conexion23.com\/?p=20108"},"modified":"2023-08-19T09:47:26","modified_gmt":"2023-08-19T13:47:26","slug":"leonel-fernandez-suspende-actividades-proselitistas-en-solidaridad-con-victimas-de-san-cristobal","status":"publish","type":"post","link":"https:\/\/conexion23.com\/?p=20108","title":{"rendered":"Leonel Fern\u00e1ndez suspende actividades proselitistas en solidaridad con v\u00edctimas de San Crist\u00f3bal."},"content":{"rendered":"\n<p>El precandidato presidencial de la Fuerza del Pueblo, Leonel Fern\u00e1ndez, suspendi\u00f3 todas sus actividades proselitistas durante este fin de semana, en solidaridad con las v\u00edctimas de la explosi\u00f3n en la provincia de San Crist\u00f3bal.<\/p>\n\n\n\n<p>La suspensi\u00f3n se hace atendiendo a una medida tomada por la direcci\u00f3n del partido de oposici\u00f3n, anunciada el d\u00eda de ayer, jueves, por el secretario general de la Fuerza del Pueblo, Antonio Flori\u00e1n (Pe\u00f1ita).<\/p>\n\n\n\n<p>\u00abCon motivo de los acontecimientos tr\u00e1gicos que se produjeron en el municipio de San Crist\u00f3bal y, que ha enlutecido a toda la naci\u00f3n dominicana, el presidente y la direcci\u00f3n del Partido han decidido dejar sin efecto todas las actividades p\u00fablicas que el Partido ten\u00eda programada de precampa\u00f1a\u00bb, dice el comunicado emitido por el secretario general.<\/p>\n\n\n\n<p>\u00abEn tal sentido, se le solicita a todos los organismos del Partido que, en solidaridad con San Crist\u00f3bal, y sobre todo con las personas que han padecido de manera directa los efectos de esa terrible cat\u00e1strofe, suspendamos todas las actividades abiertas y p\u00fablicas relacionadas con acciones del Partido\u00bb, puntualiz\u00f3 Pe\u00f1ita.<\/p>\n\n\n\n<p>Sin embargo, la Fuerza del Pueblo seguir\u00e1 adelante con sus trabajos de coordinaci\u00f3n y organizaci\u00f3n institucional, para lo que, ha convocado a la membres\u00eda de la Direcci\u00f3n Central a una reuni\u00f3n este s\u00e1bado 19 de agosto, a las 9 de la ma\u00f1ana.<\/p>\n\n\n\n<p>La actividad institucional del organismo partidario se reunir\u00e1 en el Pabell\u00f3n de la Fama del Deporte Dominicano, en el Centro Ol\u00edmpico; con el objetivo de pasar balance a los trabajos de afiliaci\u00f3n pol\u00edtica, para alcanzar la meta de dos millones de afiliados para el 25 de septiembre, cuando se cumplen 60 a\u00f1os del golpe de Estado contra el gobierno democr\u00e1tico del profesor Juan Bosch.<\/p>\n\n\n\n<p>Llamado a solidaridad<\/p>\n\n\n\n<p>Se recuerda que Leonel Fern\u00e1ndez visit\u00f3 el hospital y la zona cero de la explosi\u00f3n de San Crist\u00f3bal el mi\u00e9rcoles pasado para solidarizarse con las v\u00edctimas, desde donde manifest\u00f3 que profesionales de la Secretar\u00eda de Salud de esa organizaci\u00f3n estar\u00e1n en la zona para respaldar las labores de atenciones m\u00e9dicas.<\/p>\n\n\n\n<p>Adem\u00e1s, Leonel hizo un llamado a toda la dirigencia y militancia de la Fuerza del Pueblo a ser solidaria con el pueblo de San Crist\u00f3bal a trav\u00e9s de las distintas formas de ayuda.<\/p>\n","protected":false},"excerpt":{"rendered":"<p>El precandidato presidencial de la Fuerza del Pueblo, Leonel Fern\u00e1ndez, suspendi\u00f3 todas sus actividades proselitistas durante este fin de semana, en solidaridad con las v\u00edctimas de la explosi\u00f3n en la provincia de San Crist\u00f3bal. La suspensi\u00f3n se hace atendiendo a una medida tomada por la direcci\u00f3n del partido de oposici\u00f3n, anunciada el d\u00eda de ayer, [&hellip;]<\/p>\n","protected":false},"author":15,"featured_media":20109,"comment_status":"open","ping_status":"open","sticky":false,"template":"","format":"standard","meta":{"footnotes":""},"categories":[1],"tags":[],"class_list":{"0":"post-20108","1":"post","2":"type-post","3":"status-publish","4":"format-standard","5":"has-post-thumbnail","7":"category-uncategorized"},"yoast_head":"<!-- This site is optimized with the Yoast SEO plugin v27.1.1 - https:\/\/yoast.com\/product\/yoast-seo-wordpress\/ -->\n<title>Leonel Fern\u00e1ndez suspende actividades proselitistas en solidaridad con v\u00edctimas de San Crist\u00f3bal. - Conexi\u00f3n 23<\/title>\n<meta name=\"robots\" content=\"index, follow, max-snippet:-1, max-image-preview:large, max-video-preview:-1\" \/>\n<link rel=\"canonical\" href=\"https:\/\/conexion23.com\/?p=20108\" \/>\n<meta property=\"og:locale\" content=\"es_ES\" \/>\n<meta property=\"og:type\" content=\"article\" \/>\n<meta property=\"og:title\" content=\"Leonel Fern\u00e1ndez suspende actividades proselitistas en solidaridad con v\u00edctimas de San Crist\u00f3bal. - Conexi\u00f3n 23\" \/>\n<meta property=\"og:description\" content=\"El precandidato presidencial de la Fuerza del Pueblo, Leonel Fern\u00e1ndez, suspendi\u00f3 todas sus actividades proselitistas durante este fin de semana, en solidaridad con las v\u00edctimas de la explosi\u00f3n en la provincia de San Crist\u00f3bal. La suspensi\u00f3n se hace atendiendo a una medida tomada por la direcci\u00f3n del partido de oposici\u00f3n, anunciada el d\u00eda de ayer, [&hellip;]\" \/>\n<meta property=\"og:url\" content=\"https:\/\/conexion23.com\/?p=20108\" \/>\n<meta property=\"og:site_name\" content=\"Conexi\u00f3n 23\" \/>\n<meta property=\"article:publisher\" content=\"https:\/\/www.facebook.com\/conexion23com\" \/>\n<meta property=\"article:published_time\" content=\"2023-08-19T13:47:25+00:00\" \/>\n<meta property=\"article:modified_time\" content=\"2023-08-19T13:47:26+00:00\" \/>\n<meta property=\"og:image\" content=\"https:\/\/conexion23.com\/wp-content\/uploads\/2023\/08\/8c572384-f1ee-4362-af4f-340c509cd74e.jpg\" \/>\n\t<meta property=\"og:image:width\" content=\"1600\" \/>\n\t<meta property=\"og:image:height\" content=\"1066\" \/>\n\t<meta property=\"og:image:type\" content=\"image\/jpeg\" \/>\n<meta name=\"author\" content=\"Raffy Ben\u00edtez\" \/>\n<meta name=\"twitter:card\" content=\"summary_large_image\" \/>\n<meta name=\"twitter:label1\" content=\"Escrito por\" \/>\n\t<meta name=\"twitter:data1\" content=\"Raffy Ben\u00edtez\" \/>\n\t<meta name=\"twitter:label2\" content=\"Tiempo de lectura\" \/>\n\t<meta name=\"twitter:data2\" content=\"2 minutos\" \/>\n<script type=\"application\/ld+json\" class=\"yoast-schema-graph\">{\"@context\":\"https:\/\/schema.org\",\"@graph\":[{\"@type\":\"Article\",\"@id\":\"https:\/\/conexion23.com\/?p=20108#article\",\"isPartOf\":{\"@id\":\"https:\/\/conexion23.com\/?p=20108\"},\"author\":{\"name\":\"Raffy Ben\u00edtez\",\"@id\":\"https:\/\/conexion23.com\/#\/schema\/person\/03e36043331117e97a373299bbcd30a6\"},\"headline\":\"Leonel Fern\u00e1ndez suspende actividades proselitistas en solidaridad con v\u00edctimas de San Crist\u00f3bal.\",\"datePublished\":\"2023-08-19T13:47:25+00:00\",\"dateModified\":\"2023-08-19T13:47:26+00:00\",\"mainEntityOfPage\":{\"@id\":\"https:\/\/conexion23.com\/?p=20108\"},\"wordCount\":422,\"commentCount\":0,\"publisher\":{\"@id\":\"https:\/\/conexion23.com\/#organization\"},\"image\":{\"@id\":\"https:\/\/conexion23.com\/?p=20108#primaryimage\"},\"thumbnailUrl\":\"https:\/\/conexion23.com\/wp-content\/uploads\/2023\/08\/8c572384-f1ee-4362-af4f-340c509cd74e.jpg\",\"articleSection\":[\"Uncategorized\"],\"inLanguage\":\"es\",\"potentialAction\":[{\"@type\":\"CommentAction\",\"name\":\"Comment\",\"target\":[\"https:\/\/conexion23.com\/?p=20108#respond\"]}]},{\"@type\":\"WebPage\",\"@id\":\"https:\/\/conexion23.com\/?p=20108\",\"url\":\"https:\/\/conexion23.com\/?p=20108\",\"name\":\"Leonel Fern\u00e1ndez suspende actividades proselitistas en solidaridad con v\u00edctimas de San Crist\u00f3bal. - Conexi\u00f3n 23\",\"isPartOf\":{\"@id\":\"https:\/\/conexion23.com\/#website\"},\"primaryImageOfPage\":{\"@id\":\"https:\/\/conexion23.com\/?p=20108#primaryimage\"},\"image\":{\"@id\":\"https:\/\/conexion23.com\/?p=20108#primaryimage\"},\"thumbnailUrl\":\"https:\/\/conexion23.com\/wp-content\/uploads\/2023\/08\/8c572384-f1ee-4362-af4f-340c509cd74e.jpg\",\"datePublished\":\"2023-08-19T13:47:25+00:00\",\"dateModified\":\"2023-08-19T13:47:26+00:00\",\"breadcrumb\":{\"@id\":\"https:\/\/conexion23.com\/?p=20108#breadcrumb\"},\"inLanguage\":\"es\",\"potentialAction\":[{\"@type\":\"ReadAction\",\"target\":[\"https:\/\/conexion23.com\/?p=20108\"]}]},{\"@type\":\"ImageObject\",\"inLanguage\":\"es\",\"@id\":\"https:\/\/conexion23.com\/?p=20108#primaryimage\",\"url\":\"https:\/\/conexion23.com\/wp-content\/uploads\/2023\/08\/8c572384-f1ee-4362-af4f-340c509cd74e.jpg\",\"contentUrl\":\"https:\/\/conexion23.com\/wp-content\/uploads\/2023\/08\/8c572384-f1ee-4362-af4f-340c509cd74e.jpg\",\"width\":1600,\"height\":1066},{\"@type\":\"BreadcrumbList\",\"@id\":\"https:\/\/conexion23.com\/?p=20108#breadcrumb\",\"itemListElement\":[{\"@type\":\"ListItem\",\"position\":1,\"name\":\"Portada\",\"item\":\"https:\/\/conexion23.com\/\"},{\"@type\":\"ListItem\",\"position\":2,\"name\":\"Leonel Fern\u00e1ndez suspende actividades proselitistas en solidaridad con v\u00edctimas de San Crist\u00f3bal.\"}]},{\"@type\":\"WebSite\",\"@id\":\"https:\/\/conexion23.com\/#website\",\"url\":\"https:\/\/conexion23.com\/\",\"name\":\"Conexi\u00f3n 23\",\"description\":\"Peri\u00f3dico 100% Petromacorisano\",\"publisher\":{\"@id\":\"https:\/\/conexion23.com\/#organization\"},\"potentialAction\":[{\"@type\":\"SearchAction\",\"target\":{\"@type\":\"EntryPoint\",\"urlTemplate\":\"https:\/\/conexion23.com\/?s={search_term_string}\"},\"query-input\":{\"@type\":\"PropertyValueSpecification\",\"valueRequired\":true,\"valueName\":\"search_term_string\"}}],\"inLanguage\":\"es\"},{\"@type\":\"Organization\",\"@id\":\"https:\/\/conexion23.com\/#organization\",\"name\":\"Conexion 23\",\"url\":\"https:\/\/conexion23.com\/\",\"logo\":{\"@type\":\"ImageObject\",\"inLanguage\":\"es\",\"@id\":\"https:\/\/conexion23.com\/#\/schema\/logo\/image\/\",\"url\":\"https:\/\/conexion23.com\/wp-content\/uploads\/2021\/11\/Diseno-sin-titulo-2.png\",\"contentUrl\":\"https:\/\/conexion23.com\/wp-content\/uploads\/2021\/11\/Diseno-sin-titulo-2.png\",\"width\":541,\"height\":90,\"caption\":\"Conexion 23\"},\"image\":{\"@id\":\"https:\/\/conexion23.com\/#\/schema\/logo\/image\/\"},\"sameAs\":[\"https:\/\/www.facebook.com\/conexion23com\",\"https:\/\/www.instagram.com\/conexion23com\/\",\"https:\/\/www.youtube.com\/channel\/UCYc7vxxFZMYLIHNsHHxPZ3Q\"]},{\"@type\":\"Person\",\"@id\":\"https:\/\/conexion23.com\/#\/schema\/person\/03e36043331117e97a373299bbcd30a6\",\"name\":\"Raffy Ben\u00edtez\",\"image\":{\"@type\":\"ImageObject\",\"inLanguage\":\"es\",\"@id\":\"https:\/\/conexion23.com\/#\/schema\/person\/image\/\",\"url\":\"https:\/\/secure.gravatar.com\/avatar\/3190a6a6c5e1b0327500f7d6c56b6242472ee6cb974cf09b401ee6b3b0798f23?s=96&d=mm&r=g\",\"contentUrl\":\"https:\/\/secure.gravatar.com\/avatar\/3190a6a6c5e1b0327500f7d6c56b6242472ee6cb974cf09b401ee6b3b0798f23?s=96&d=mm&r=g\",\"caption\":\"Raffy Ben\u00edtez\"},\"url\":\"https:\/\/conexion23.com\/?author=15\"}]}<\/script>\n<!-- \/ Yoast SEO plugin. -->","yoast_head_json":{"title":"Leonel Fern\u00e1ndez suspende actividades proselitistas en solidaridad con v\u00edctimas de San Crist\u00f3bal. - Conexi\u00f3n 23","robots":{"index":"index","follow":"follow","max-snippet":"max-snippet:-1","max-image-preview":"max-image-preview:large","max-video-preview":"max-video-preview:-1"},"canonical":"https:\/\/conexion23.com\/?p=20108","og_locale":"es_ES","og_type":"article","og_title":"Leonel Fern\u00e1ndez suspende actividades proselitistas en solidaridad con v\u00edctimas de San Crist\u00f3bal. - Conexi\u00f3n 23","og_description":"El precandidato presidencial de la Fuerza del Pueblo, Leonel Fern\u00e1ndez, suspendi\u00f3 todas sus actividades proselitistas durante este fin de semana, en solidaridad con las v\u00edctimas de la explosi\u00f3n en la provincia de San Crist\u00f3bal. La suspensi\u00f3n se hace atendiendo a una medida tomada por la direcci\u00f3n del partido de oposici\u00f3n, anunciada el d\u00eda de ayer, [&hellip;]","og_url":"https:\/\/conexion23.com\/?p=20108","og_site_name":"Conexi\u00f3n 23","article_publisher":"https:\/\/www.facebook.com\/conexion23com","article_published_time":"2023-08-19T13:47:25+00:00","article_modified_time":"2023-08-19T13:47:26+00:00","og_image":[{"width":1600,"height":1066,"url":"https:\/\/conexion23.com\/wp-content\/uploads\/2023\/08\/8c572384-f1ee-4362-af4f-340c509cd74e.jpg","type":"image\/jpeg"}],"author":"Raffy Ben\u00edtez","twitter_card":"summary_large_image","twitter_misc":{"Escrito por":"Raffy Ben\u00edtez","Tiempo de lectura":"2 minutos"},"schema":{"@context":"https:\/\/schema.org","@graph":[{"@type":"Article","@id":"https:\/\/conexion23.com\/?p=20108#article","isPartOf":{"@id":"https:\/\/conexion23.com\/?p=20108"},"author":{"name":"Raffy Ben\u00edtez","@id":"https:\/\/conexion23.com\/#\/schema\/person\/03e36043331117e97a373299bbcd30a6"},"headline":"Leonel Fern\u00e1ndez suspende actividades proselitistas en solidaridad con v\u00edctimas de San Crist\u00f3bal.","datePublished":"2023-08-19T13:47:25+00:00","dateModified":"2023-08-19T13:47:26+00:00","mainEntityOfPage":{"@id":"https:\/\/conexion23.com\/?p=20108"},"wordCount":422,"commentCount":0,"publisher":{"@id":"https:\/\/conexion23.com\/#organization"},"image":{"@id":"https:\/\/conexion23.com\/?p=20108#primaryimage"},"thumbnailUrl":"https:\/\/conexion23.com\/wp-content\/uploads\/2023\/08\/8c572384-f1ee-4362-af4f-340c509cd74e.jpg","articleSection":["Uncategorized"],"inLanguage":"es","potentialAction":[{"@type":"CommentAction","name":"Comment","target":["https:\/\/conexion23.com\/?p=20108#respond"]}]},{"@type":"WebPage","@id":"https:\/\/conexion23.com\/?p=20108","url":"https:\/\/conexion23.com\/?p=20108","name":"Leonel Fern\u00e1ndez suspende actividades proselitistas en solidaridad con v\u00edctimas de San Crist\u00f3bal. - Conexi\u00f3n 23","isPartOf":{"@id":"https:\/\/conexion23.com\/#website"},"primaryImageOfPage":{"@id":"https:\/\/conexion23.com\/?p=20108#primaryimage"},"image":{"@id":"https:\/\/conexion23.com\/?p=20108#primaryimage"},"thumbnailUrl":"https:\/\/conexion23.com\/wp-content\/uploads\/2023\/08\/8c572384-f1ee-4362-af4f-340c509cd74e.jpg","datePublished":"2023-08-19T13:47:25+00:00","dateModified":"2023-08-19T13:47:26+00:00","breadcrumb":{"@id":"https:\/\/conexion23.com\/?p=20108#breadcrumb"},"inLanguage":"es","potentialAction":[{"@type":"ReadAction","target":["https:\/\/conexion23.com\/?p=20108"]}]},{"@type":"ImageObject","inLanguage":"es","@id":"https:\/\/conexion23.com\/?p=20108#primaryimage","url":"https:\/\/conexion23.com\/wp-content\/uploads\/2023\/08\/8c572384-f1ee-4362-af4f-340c509cd74e.jpg","contentUrl":"https:\/\/conexion23.com\/wp-content\/uploads\/2023\/08\/8c572384-f1ee-4362-af4f-340c509cd74e.jpg","width":1600,"height":1066},{"@type":"BreadcrumbList","@id":"https:\/\/conexion23.com\/?p=20108#breadcrumb","itemListElement":[{"@type":"ListItem","position":1,"name":"Portada","item":"https:\/\/conexion23.com\/"},{"@type":"ListItem","position":2,"name":"Leonel Fern\u00e1ndez suspende actividades proselitistas en solidaridad con v\u00edctimas de San Crist\u00f3bal."}]},{"@type":"WebSite","@id":"https:\/\/conexion23.com\/#website","url":"https:\/\/conexion23.com\/","name":"Conexi\u00f3n 23","description":"Peri\u00f3dico 100% Petromacorisano","publisher":{"@id":"https:\/\/conexion23.com\/#organization"},"potentialAction":[{"@type":"SearchAction","target":{"@type":"EntryPoint","urlTemplate":"https:\/\/conexion23.com\/?s={search_term_string}"},"query-input":{"@type":"PropertyValueSpecification","valueRequired":true,"valueName":"search_term_string"}}],"inLanguage":"es"},{"@type":"Organization","@id":"https:\/\/conexion23.com\/#organization","name":"Conexion 23","url":"https:\/\/conexion23.com\/","logo":{"@type":"ImageObject","inLanguage":"es","@id":"https:\/\/conexion23.com\/#\/schema\/logo\/image\/","url":"https:\/\/conexion23.com\/wp-content\/uploads\/2021\/11\/Diseno-sin-titulo-2.png","contentUrl":"https:\/\/conexion23.com\/wp-content\/uploads\/2021\/11\/Diseno-sin-titulo-2.png","width":541,"height":90,"caption":"Conexion 23"},"image":{"@id":"https:\/\/conexion23.com\/#\/schema\/logo\/image\/"},"sameAs":["https:\/\/www.facebook.com\/conexion23com","https:\/\/www.instagram.com\/conexion23com\/","https:\/\/www.youtube.com\/channel\/UCYc7vxxFZMYLIHNsHHxPZ3Q"]},{"@type":"Person","@id":"https:\/\/conexion23.com\/#\/schema\/person\/03e36043331117e97a373299bbcd30a6","name":"Raffy Ben\u00edtez","image":{"@type":"ImageObject","inLanguage":"es","@id":"https:\/\/conexion23.com\/#\/schema\/person\/image\/","url":"https:\/\/secure.gravatar.com\/avatar\/3190a6a6c5e1b0327500f7d6c56b6242472ee6cb974cf09b401ee6b3b0798f23?s=96&d=mm&r=g","contentUrl":"https:\/\/secure.gravatar.com\/avatar\/3190a6a6c5e1b0327500f7d6c56b6242472ee6cb974cf09b401ee6b3b0798f23?s=96&d=mm&r=g","caption":"Raffy Ben\u00edtez"},"url":"https:\/\/conexion23.com\/?author=15"}]}},"_links":{"self":[{"href":"https:\/\/conexion23.com\/index.php?rest_route=\/wp\/v2\/posts\/20108","targetHints":{"allow":["GET"]}}],"collection":[{"href":"https:\/\/conexion23.com\/index.php?rest_route=\/wp\/v2\/posts"}],"about":[{"href":"https:\/\/conexion23.com\/index.php?rest_route=\/wp\/v2\/types\/post"}],"author":[{"embeddable":true,"href":"https:\/\/conexion23.com\/index.php?rest_route=\/wp\/v2\/users\/15"}],"replies":[{"embeddable":true,"href":"https:\/\/conexion23.com\/index.php?rest_route=%2Fwp%2Fv2%2Fcomments&post=20108"}],"version-history":[{"count":1,"href":"https:\/\/conexion23.com\/index.php?rest_route=\/wp\/v2\/posts\/20108\/revisions"}],"predecessor-version":[{"id":20110,"href":"https:\/\/conexion23.com\/index.php?rest_route=\/wp\/v2\/posts\/20108\/revisions\/20110"}],"wp:featuredmedia":[{"embeddable":true,"href":"https:\/\/conexion23.com\/index.php?rest_route=\/wp\/v2\/media\/20109"}],"wp:attachment":[{"href":"https:\/\/conexion23.com\/index.php?rest_route=%2Fwp%2Fv2%2Fmedia&parent=20108"}],"wp:term":[{"taxonomy":"category","embeddable":true,"href":"https:\/\/conexion23.com\/index.php?rest_route=%2Fwp%2Fv2%2Fcategories&post=20108"},{"taxonomy":"post_tag","embeddable":true,"href":"https:\/\/conexion23.com\/index.php?rest_route=%2Fwp%2Fv2%2Ftags&post=20108"}],"curies":[{"name":"wp","href":"https:\/\/api.w.org\/{rel}","templated":true}]}}