{"id":20142,"date":"2023-08-21T08:11:15","date_gmt":"2023-08-21T12:11:15","guid":{"rendered":"https:\/\/conexion23.com\/?p=20142"},"modified":"2023-08-21T08:11:17","modified_gmt":"2023-08-21T12:11:17","slug":"fuerza-del-pueblo-anuncia-manifestacion-en-plaza-de-la-bandera-el-23-de-septiembre","status":"publish","type":"post","link":"https:\/\/conexion23.com\/?p=20142","title":{"rendered":"Fuerza del Pueblo anuncia manifestaci\u00f3n en Plaza de la Bandera el 23 de septiembre."},"content":{"rendered":"\n<p>El precandidato presidencial del partido Fuerza del Pueblo (FP), Leonel Fern\u00e1ndez, anunci\u00f3 que la entidad pol\u00edtica que dirige realizar\u00e1 una gran manifestaci\u00f3n de militantes y seguidores en la Plaza de la Bandera, frente a la sede de la Junta Central Electoral, el 23 de septiembre.<\/p>\n\n\n\n<p>El objetivo de esta gran manifestaci\u00f3n es expresar el j\u00fabilo por haber logrado la meta de los 2 millones de afiliados en la Fuerza del Pueblo, que, al d\u00eda de hoy, s\u00e1bado 19 de agosto, supera el mill\u00f3n novecientos mil inscritos.<\/p>\n\n\n\n<p><strong>\u201cPara el 25 de septiembre tenemos la visita formal de la direcci\u00f3n de nuestro partido a la Junta Central Electoral, para depositar el padr\u00f3n de afiliados de nuestra organizaci\u00f3n; pero el s\u00e1bado 23 vamos a hacer una gran manifestaci\u00f3n en la Plaza de la Bandera\u201d, indic\u00f3 el l\u00edder pol\u00edtico dominicano.<\/strong><\/p>\n\n\n\n<p>Fern\u00e1ndez dijo que, pese a que la JCE emiti\u00f3 un comunicado limitando las actividades pol\u00edticas, est\u00e1 confiado que se respetar\u00e1n las jurisprudencias de las altas cortes.<\/p>\n\n\n\n<p>El presidente de la FP se mostr\u00f3 confiado en que la JCE les d\u00e9 la raz\u00f3n. \u201cPorque no es la raz\u00f3n a nosotros, es que las decisiones del Tribunal Constitucional son vinculantes a todos los \u00f3rganos o poderes del Estado, como lo es la Junta Central Electoral\u201d, expres\u00f3.<\/p>\n\n\n\n<p>Asegur\u00f3 que la calidad de los integrantes de la JCE garantiza el cumplimiento y respeto a los mandatos constitucionales, \u201cy por tanto, nosotros haremos nuestra gran manifestaci\u00f3n el 23 de septiembre, sin alterar ninguna decisi\u00f3n de la Junta Central Electoral\u201d, proclam\u00f3.<\/p>\n\n\n\n<p>Fern\u00e1ndez precis\u00f3 que la FP est\u00e1 elaborando el programa de gobierno que presentar\u00e1 a los electores dominicanos el pr\u00f3ximo a\u00f1o 2024. Adelant\u00f3 que ser\u00e1 uno de los m\u00e1s modernos de los partidos pol\u00edticos existentes en el pa\u00eds.<\/p>\n\n\n\n<p>El l\u00edder opositor dio garant\u00edas de que el color verde, representando la esperanza que el pueblo dominicano necesita, ser\u00e1 el s\u00edmbolo del triunfo en los torneos electorales del 2024.<\/p>\n\n\n\n<p>Sobre el padr\u00f3n de inscritos que presentar\u00e1n ante la JCE, dijo que ser\u00e1 auditable, no contaminado con militantes de otros partidos pol\u00edticos.<\/p>\n\n\n\n<p>El presidente de la Fuerza del Pueblo habl\u00f3 en la reuni\u00f3n de la Direcci\u00f3n Central este s\u00e1bado. En el referido encuentro la c\u00fapula dirigencial de la entidad pol\u00edtica opositora aprob\u00f3 var\u00edas resoluciones, con el objetivo de fortalecer sus estructuras de cara a los procesos electorales del 2024.<\/p>\n\n\n\n<p>En la asamblea del m\u00e1ximo organismo de direcci\u00f3n de la FP, efectuada en el Pabell\u00f3n de la Fama del Deporte Dominicano, del Centro Ol\u00edmpico Juan Pablo Duarte se pas\u00f3 balance a los trabajos de afiliaci\u00f3n pol\u00edtica, para alcanzar la meta de dos millones de afiliados en el padr\u00f3n que ser\u00e1 depositado en el mes de septiembre, cuando se cumplen 60 a\u00f1os del golpe de Estado contra el gobierno democr\u00e1tico del profesor Juan Bosch.<\/p>\n\n\n\n<p>El punto central de la asamblea de la Direcci\u00f3n Central de la FP fue relativo al Instructivo Electoral, aprobado a unanimidad la propuesta presentada por Henry Mer\u00e1n, en su calidad de titular de la Comisi\u00f3n Nacional Electoral.<\/p>\n\n\n\n<p>La asamblea de la Direcci\u00f3n Central de la Fuerza del Pueblo estuvo fiscalizada por los se\u00f1ores: Jos\u00e9 Garc\u00eda Rojas y Robinson Lebr\u00f3n, del Departamento de Partidos Pol\u00edticos de la Junta Central Electoral; Nidia Fabi\u00e1n y Candy Biero, de Inspector\u00eda del organismo de comicios. El notario p\u00fablico Sergio Naut, en representaci\u00f3n del Colegio de Notarios, legitim\u00f3 la actividad.<\/p>\n\n\n\n<p><strong>Un minuto de silencio en honor a las v\u00edctimas de San Crist\u00f3bal<br><\/strong>Como gesto solidario con las v\u00edctimas de San Crist\u00f3bal, los asamble\u00edstas guardaron, de pies, un minuto de silencio. El presidente de la FP, Leonel Fern\u00e1ndez, visit\u00f3 el mi\u00e9rcoles pasado la zona de la tragedia y el hospital Juan Pablo Pina, lugar donde est\u00e1n hospitalizados la mayor\u00eda de los heridos.<\/p>\n\n\n\n<p>Durante el fin de semana, la Fuerza del Pueblo suspendi\u00f3 todas sus actividades p\u00fablicas, en solidaridad con las v\u00edctimas de San Crist\u00f3bal, siendo la asamblea de la DC la \u00fanica actividad, por ser de naturaleza<\/p>\n","protected":false},"excerpt":{"rendered":"<p>El precandidato presidencial del partido Fuerza del Pueblo (FP), Leonel Fern\u00e1ndez, anunci\u00f3 que la entidad pol\u00edtica que dirige realizar\u00e1 una gran manifestaci\u00f3n de militantes y seguidores en la Plaza de la Bandera, frente a la sede de la Junta Central Electoral, el 23 de septiembre. El objetivo de esta gran manifestaci\u00f3n es expresar el j\u00fabilo [&hellip;]<\/p>\n","protected":false},"author":15,"featured_media":20143,"comment_status":"open","ping_status":"open","sticky":false,"template":"","format":"standard","meta":{"footnotes":""},"categories":[1],"tags":[],"class_list":{"0":"post-20142","1":"post","2":"type-post","3":"status-publish","4":"format-standard","5":"has-post-thumbnail","7":"category-uncategorized"},"yoast_head":"<!-- This site is optimized with the Yoast SEO plugin v27.1.1 - https:\/\/yoast.com\/product\/yoast-seo-wordpress\/ -->\n<title>Fuerza del Pueblo anuncia manifestaci\u00f3n en Plaza de la Bandera el 23 de septiembre. - Conexi\u00f3n 23<\/title>\n<meta name=\"robots\" content=\"index, follow, max-snippet:-1, max-image-preview:large, max-video-preview:-1\" \/>\n<link rel=\"canonical\" href=\"https:\/\/conexion23.com\/?p=20142\" \/>\n<meta property=\"og:locale\" content=\"es_ES\" \/>\n<meta property=\"og:type\" content=\"article\" \/>\n<meta property=\"og:title\" content=\"Fuerza del Pueblo anuncia manifestaci\u00f3n en Plaza de la Bandera el 23 de septiembre. - Conexi\u00f3n 23\" \/>\n<meta property=\"og:description\" content=\"El precandidato presidencial del partido Fuerza del Pueblo (FP), Leonel Fern\u00e1ndez, anunci\u00f3 que la entidad pol\u00edtica que dirige realizar\u00e1 una gran manifestaci\u00f3n de militantes y seguidores en la Plaza de la Bandera, frente a la sede de la Junta Central Electoral, el 23 de septiembre. El objetivo de esta gran manifestaci\u00f3n es expresar el j\u00fabilo [&hellip;]\" \/>\n<meta property=\"og:url\" content=\"https:\/\/conexion23.com\/?p=20142\" \/>\n<meta property=\"og:site_name\" content=\"Conexi\u00f3n 23\" \/>\n<meta property=\"article:publisher\" content=\"https:\/\/www.facebook.com\/conexion23com\" \/>\n<meta property=\"article:published_time\" content=\"2023-08-21T12:11:15+00:00\" \/>\n<meta property=\"article:modified_time\" content=\"2023-08-21T12:11:17+00:00\" \/>\n<meta property=\"og:image\" content=\"https:\/\/conexion23.com\/wp-content\/uploads\/2023\/08\/fb3ac2f7-af26-4403-9200-3391b5586835-696x696-1.jpg\" \/>\n\t<meta property=\"og:image:width\" content=\"696\" \/>\n\t<meta property=\"og:image:height\" content=\"696\" \/>\n\t<meta property=\"og:image:type\" content=\"image\/jpeg\" \/>\n<meta name=\"author\" content=\"Raffy Ben\u00edtez\" \/>\n<meta name=\"twitter:card\" content=\"summary_large_image\" \/>\n<meta name=\"twitter:label1\" content=\"Escrito por\" \/>\n\t<meta name=\"twitter:data1\" content=\"Raffy Ben\u00edtez\" \/>\n\t<meta name=\"twitter:label2\" content=\"Tiempo de lectura\" \/>\n\t<meta name=\"twitter:data2\" content=\"3 minutos\" \/>\n<script type=\"application\/ld+json\" class=\"yoast-schema-graph\">{\"@context\":\"https:\/\/schema.org\",\"@graph\":[{\"@type\":\"Article\",\"@id\":\"https:\/\/conexion23.com\/?p=20142#article\",\"isPartOf\":{\"@id\":\"https:\/\/conexion23.com\/?p=20142\"},\"author\":{\"name\":\"Raffy Ben\u00edtez\",\"@id\":\"https:\/\/conexion23.com\/#\/schema\/person\/03e36043331117e97a373299bbcd30a6\"},\"headline\":\"Fuerza del Pueblo anuncia manifestaci\u00f3n en Plaza de la Bandera el 23 de septiembre.\",\"datePublished\":\"2023-08-21T12:11:15+00:00\",\"dateModified\":\"2023-08-21T12:11:17+00:00\",\"mainEntityOfPage\":{\"@id\":\"https:\/\/conexion23.com\/?p=20142\"},\"wordCount\":726,\"commentCount\":0,\"publisher\":{\"@id\":\"https:\/\/conexion23.com\/#organization\"},\"image\":{\"@id\":\"https:\/\/conexion23.com\/?p=20142#primaryimage\"},\"thumbnailUrl\":\"https:\/\/conexion23.com\/wp-content\/uploads\/2023\/08\/fb3ac2f7-af26-4403-9200-3391b5586835-696x696-1.jpg\",\"articleSection\":[\"Uncategorized\"],\"inLanguage\":\"es\",\"potentialAction\":[{\"@type\":\"CommentAction\",\"name\":\"Comment\",\"target\":[\"https:\/\/conexion23.com\/?p=20142#respond\"]}]},{\"@type\":\"WebPage\",\"@id\":\"https:\/\/conexion23.com\/?p=20142\",\"url\":\"https:\/\/conexion23.com\/?p=20142\",\"name\":\"Fuerza del Pueblo anuncia manifestaci\u00f3n en Plaza de la Bandera el 23 de septiembre. - Conexi\u00f3n 23\",\"isPartOf\":{\"@id\":\"https:\/\/conexion23.com\/#website\"},\"primaryImageOfPage\":{\"@id\":\"https:\/\/conexion23.com\/?p=20142#primaryimage\"},\"image\":{\"@id\":\"https:\/\/conexion23.com\/?p=20142#primaryimage\"},\"thumbnailUrl\":\"https:\/\/conexion23.com\/wp-content\/uploads\/2023\/08\/fb3ac2f7-af26-4403-9200-3391b5586835-696x696-1.jpg\",\"datePublished\":\"2023-08-21T12:11:15+00:00\",\"dateModified\":\"2023-08-21T12:11:17+00:00\",\"breadcrumb\":{\"@id\":\"https:\/\/conexion23.com\/?p=20142#breadcrumb\"},\"inLanguage\":\"es\",\"potentialAction\":[{\"@type\":\"ReadAction\",\"target\":[\"https:\/\/conexion23.com\/?p=20142\"]}]},{\"@type\":\"ImageObject\",\"inLanguage\":\"es\",\"@id\":\"https:\/\/conexion23.com\/?p=20142#primaryimage\",\"url\":\"https:\/\/conexion23.com\/wp-content\/uploads\/2023\/08\/fb3ac2f7-af26-4403-9200-3391b5586835-696x696-1.jpg\",\"contentUrl\":\"https:\/\/conexion23.com\/wp-content\/uploads\/2023\/08\/fb3ac2f7-af26-4403-9200-3391b5586835-696x696-1.jpg\",\"width\":696,\"height\":696},{\"@type\":\"BreadcrumbList\",\"@id\":\"https:\/\/conexion23.com\/?p=20142#breadcrumb\",\"itemListElement\":[{\"@type\":\"ListItem\",\"position\":1,\"name\":\"Portada\",\"item\":\"https:\/\/conexion23.com\/\"},{\"@type\":\"ListItem\",\"position\":2,\"name\":\"Fuerza del Pueblo anuncia manifestaci\u00f3n en Plaza de la Bandera el 23 de septiembre.\"}]},{\"@type\":\"WebSite\",\"@id\":\"https:\/\/conexion23.com\/#website\",\"url\":\"https:\/\/conexion23.com\/\",\"name\":\"Conexi\u00f3n 23\",\"description\":\"Peri\u00f3dico 100% Petromacorisano\",\"publisher\":{\"@id\":\"https:\/\/conexion23.com\/#organization\"},\"potentialAction\":[{\"@type\":\"SearchAction\",\"target\":{\"@type\":\"EntryPoint\",\"urlTemplate\":\"https:\/\/conexion23.com\/?s={search_term_string}\"},\"query-input\":{\"@type\":\"PropertyValueSpecification\",\"valueRequired\":true,\"valueName\":\"search_term_string\"}}],\"inLanguage\":\"es\"},{\"@type\":\"Organization\",\"@id\":\"https:\/\/conexion23.com\/#organization\",\"name\":\"Conexion 23\",\"url\":\"https:\/\/conexion23.com\/\",\"logo\":{\"@type\":\"ImageObject\",\"inLanguage\":\"es\",\"@id\":\"https:\/\/conexion23.com\/#\/schema\/logo\/image\/\",\"url\":\"https:\/\/conexion23.com\/wp-content\/uploads\/2021\/11\/Diseno-sin-titulo-2.png\",\"contentUrl\":\"https:\/\/conexion23.com\/wp-content\/uploads\/2021\/11\/Diseno-sin-titulo-2.png\",\"width\":541,\"height\":90,\"caption\":\"Conexion 23\"},\"image\":{\"@id\":\"https:\/\/conexion23.com\/#\/schema\/logo\/image\/\"},\"sameAs\":[\"https:\/\/www.facebook.com\/conexion23com\",\"https:\/\/www.instagram.com\/conexion23com\/\",\"https:\/\/www.youtube.com\/channel\/UCYc7vxxFZMYLIHNsHHxPZ3Q\"]},{\"@type\":\"Person\",\"@id\":\"https:\/\/conexion23.com\/#\/schema\/person\/03e36043331117e97a373299bbcd30a6\",\"name\":\"Raffy Ben\u00edtez\",\"image\":{\"@type\":\"ImageObject\",\"inLanguage\":\"es\",\"@id\":\"https:\/\/conexion23.com\/#\/schema\/person\/image\/\",\"url\":\"https:\/\/secure.gravatar.com\/avatar\/3190a6a6c5e1b0327500f7d6c56b6242472ee6cb974cf09b401ee6b3b0798f23?s=96&d=mm&r=g\",\"contentUrl\":\"https:\/\/secure.gravatar.com\/avatar\/3190a6a6c5e1b0327500f7d6c56b6242472ee6cb974cf09b401ee6b3b0798f23?s=96&d=mm&r=g\",\"caption\":\"Raffy Ben\u00edtez\"},\"url\":\"https:\/\/conexion23.com\/?author=15\"}]}<\/script>\n<!-- \/ Yoast SEO plugin. -->","yoast_head_json":{"title":"Fuerza del Pueblo anuncia manifestaci\u00f3n en Plaza de la Bandera el 23 de septiembre. - Conexi\u00f3n 23","robots":{"index":"index","follow":"follow","max-snippet":"max-snippet:-1","max-image-preview":"max-image-preview:large","max-video-preview":"max-video-preview:-1"},"canonical":"https:\/\/conexion23.com\/?p=20142","og_locale":"es_ES","og_type":"article","og_title":"Fuerza del Pueblo anuncia manifestaci\u00f3n en Plaza de la Bandera el 23 de septiembre. - Conexi\u00f3n 23","og_description":"El precandidato presidencial del partido Fuerza del Pueblo (FP), Leonel Fern\u00e1ndez, anunci\u00f3 que la entidad pol\u00edtica que dirige realizar\u00e1 una gran manifestaci\u00f3n de militantes y seguidores en la Plaza de la Bandera, frente a la sede de la Junta Central Electoral, el 23 de septiembre. El objetivo de esta gran manifestaci\u00f3n es expresar el j\u00fabilo [&hellip;]","og_url":"https:\/\/conexion23.com\/?p=20142","og_site_name":"Conexi\u00f3n 23","article_publisher":"https:\/\/www.facebook.com\/conexion23com","article_published_time":"2023-08-21T12:11:15+00:00","article_modified_time":"2023-08-21T12:11:17+00:00","og_image":[{"width":696,"height":696,"url":"https:\/\/conexion23.com\/wp-content\/uploads\/2023\/08\/fb3ac2f7-af26-4403-9200-3391b5586835-696x696-1.jpg","type":"image\/jpeg"}],"author":"Raffy Ben\u00edtez","twitter_card":"summary_large_image","twitter_misc":{"Escrito por":"Raffy Ben\u00edtez","Tiempo de lectura":"3 minutos"},"schema":{"@context":"https:\/\/schema.org","@graph":[{"@type":"Article","@id":"https:\/\/conexion23.com\/?p=20142#article","isPartOf":{"@id":"https:\/\/conexion23.com\/?p=20142"},"author":{"name":"Raffy Ben\u00edtez","@id":"https:\/\/conexion23.com\/#\/schema\/person\/03e36043331117e97a373299bbcd30a6"},"headline":"Fuerza del Pueblo anuncia manifestaci\u00f3n en Plaza de la Bandera el 23 de septiembre.","datePublished":"2023-08-21T12:11:15+00:00","dateModified":"2023-08-21T12:11:17+00:00","mainEntityOfPage":{"@id":"https:\/\/conexion23.com\/?p=20142"},"wordCount":726,"commentCount":0,"publisher":{"@id":"https:\/\/conexion23.com\/#organization"},"image":{"@id":"https:\/\/conexion23.com\/?p=20142#primaryimage"},"thumbnailUrl":"https:\/\/conexion23.com\/wp-content\/uploads\/2023\/08\/fb3ac2f7-af26-4403-9200-3391b5586835-696x696-1.jpg","articleSection":["Uncategorized"],"inLanguage":"es","potentialAction":[{"@type":"CommentAction","name":"Comment","target":["https:\/\/conexion23.com\/?p=20142#respond"]}]},{"@type":"WebPage","@id":"https:\/\/conexion23.com\/?p=20142","url":"https:\/\/conexion23.com\/?p=20142","name":"Fuerza del Pueblo anuncia manifestaci\u00f3n en Plaza de la Bandera el 23 de septiembre. - Conexi\u00f3n 23","isPartOf":{"@id":"https:\/\/conexion23.com\/#website"},"primaryImageOfPage":{"@id":"https:\/\/conexion23.com\/?p=20142#primaryimage"},"image":{"@id":"https:\/\/conexion23.com\/?p=20142#primaryimage"},"thumbnailUrl":"https:\/\/conexion23.com\/wp-content\/uploads\/2023\/08\/fb3ac2f7-af26-4403-9200-3391b5586835-696x696-1.jpg","datePublished":"2023-08-21T12:11:15+00:00","dateModified":"2023-08-21T12:11:17+00:00","breadcrumb":{"@id":"https:\/\/conexion23.com\/?p=20142#breadcrumb"},"inLanguage":"es","potentialAction":[{"@type":"ReadAction","target":["https:\/\/conexion23.com\/?p=20142"]}]},{"@type":"ImageObject","inLanguage":"es","@id":"https:\/\/conexion23.com\/?p=20142#primaryimage","url":"https:\/\/conexion23.com\/wp-content\/uploads\/2023\/08\/fb3ac2f7-af26-4403-9200-3391b5586835-696x696-1.jpg","contentUrl":"https:\/\/conexion23.com\/wp-content\/uploads\/2023\/08\/fb3ac2f7-af26-4403-9200-3391b5586835-696x696-1.jpg","width":696,"height":696},{"@type":"BreadcrumbList","@id":"https:\/\/conexion23.com\/?p=20142#breadcrumb","itemListElement":[{"@type":"ListItem","position":1,"name":"Portada","item":"https:\/\/conexion23.com\/"},{"@type":"ListItem","position":2,"name":"Fuerza del Pueblo anuncia manifestaci\u00f3n en Plaza de la Bandera el 23 de septiembre."}]},{"@type":"WebSite","@id":"https:\/\/conexion23.com\/#website","url":"https:\/\/conexion23.com\/","name":"Conexi\u00f3n 23","description":"Peri\u00f3dico 100% Petromacorisano","publisher":{"@id":"https:\/\/conexion23.com\/#organization"},"potentialAction":[{"@type":"SearchAction","target":{"@type":"EntryPoint","urlTemplate":"https:\/\/conexion23.com\/?s={search_term_string}"},"query-input":{"@type":"PropertyValueSpecification","valueRequired":true,"valueName":"search_term_string"}}],"inLanguage":"es"},{"@type":"Organization","@id":"https:\/\/conexion23.com\/#organization","name":"Conexion 23","url":"https:\/\/conexion23.com\/","logo":{"@type":"ImageObject","inLanguage":"es","@id":"https:\/\/conexion23.com\/#\/schema\/logo\/image\/","url":"https:\/\/conexion23.com\/wp-content\/uploads\/2021\/11\/Diseno-sin-titulo-2.png","contentUrl":"https:\/\/conexion23.com\/wp-content\/uploads\/2021\/11\/Diseno-sin-titulo-2.png","width":541,"height":90,"caption":"Conexion 23"},"image":{"@id":"https:\/\/conexion23.com\/#\/schema\/logo\/image\/"},"sameAs":["https:\/\/www.facebook.com\/conexion23com","https:\/\/www.instagram.com\/conexion23com\/","https:\/\/www.youtube.com\/channel\/UCYc7vxxFZMYLIHNsHHxPZ3Q"]},{"@type":"Person","@id":"https:\/\/conexion23.com\/#\/schema\/person\/03e36043331117e97a373299bbcd30a6","name":"Raffy Ben\u00edtez","image":{"@type":"ImageObject","inLanguage":"es","@id":"https:\/\/conexion23.com\/#\/schema\/person\/image\/","url":"https:\/\/secure.gravatar.com\/avatar\/3190a6a6c5e1b0327500f7d6c56b6242472ee6cb974cf09b401ee6b3b0798f23?s=96&d=mm&r=g","contentUrl":"https:\/\/secure.gravatar.com\/avatar\/3190a6a6c5e1b0327500f7d6c56b6242472ee6cb974cf09b401ee6b3b0798f23?s=96&d=mm&r=g","caption":"Raffy Ben\u00edtez"},"url":"https:\/\/conexion23.com\/?author=15"}]}},"_links":{"self":[{"href":"https:\/\/conexion23.com\/index.php?rest_route=\/wp\/v2\/posts\/20142","targetHints":{"allow":["GET"]}}],"collection":[{"href":"https:\/\/conexion23.com\/index.php?rest_route=\/wp\/v2\/posts"}],"about":[{"href":"https:\/\/conexion23.com\/index.php?rest_route=\/wp\/v2\/types\/post"}],"author":[{"embeddable":true,"href":"https:\/\/conexion23.com\/index.php?rest_route=\/wp\/v2\/users\/15"}],"replies":[{"embeddable":true,"href":"https:\/\/conexion23.com\/index.php?rest_route=%2Fwp%2Fv2%2Fcomments&post=20142"}],"version-history":[{"count":1,"href":"https:\/\/conexion23.com\/index.php?rest_route=\/wp\/v2\/posts\/20142\/revisions"}],"predecessor-version":[{"id":20144,"href":"https:\/\/conexion23.com\/index.php?rest_route=\/wp\/v2\/posts\/20142\/revisions\/20144"}],"wp:featuredmedia":[{"embeddable":true,"href":"https:\/\/conexion23.com\/index.php?rest_route=\/wp\/v2\/media\/20143"}],"wp:attachment":[{"href":"https:\/\/conexion23.com\/index.php?rest_route=%2Fwp%2Fv2%2Fmedia&parent=20142"}],"wp:term":[{"taxonomy":"category","embeddable":true,"href":"https:\/\/conexion23.com\/index.php?rest_route=%2Fwp%2Fv2%2Fcategories&post=20142"},{"taxonomy":"post_tag","embeddable":true,"href":"https:\/\/conexion23.com\/index.php?rest_route=%2Fwp%2Fv2%2Ftags&post=20142"}],"curies":[{"name":"wp","href":"https:\/\/api.w.org\/{rel}","templated":true}]}}