{"id":20148,"date":"2023-08-21T08:15:13","date_gmt":"2023-08-21T12:15:13","guid":{"rendered":"https:\/\/conexion23.com\/?p=20148"},"modified":"2023-08-21T08:15:14","modified_gmt":"2023-08-21T12:15:14","slug":"rico-carty-es-exaltado-al-salon-de-la-fama-de-los-bravos-de-atlanta","status":"publish","type":"post","link":"https:\/\/conexion23.com\/?p=20148","title":{"rendered":"Rico Carty es exaltado al Sal\u00f3n de la Fama de los Bravos de Atlanta."},"content":{"rendered":"\n<p>El exjardinero dominicano Ricardo Adolfo Jacobo C VBarty, mejor conocido como \u201cRico Carty\u201d fue exaltado este s\u00e1bado al Sal\u00f3n de la Fama de Atlanta Braves.<\/p>\n\n\n\n<p>Seg\u00fan rese\u00f1a la MLB, Carty jug\u00f3 con los Bravos de 1963 a 1972 y con ellos, bate\u00f3 .317, el sexto mejor promedio en la historia de la franquicia y empatado por el mejor en la era del equipo en Atlanta (desde 1966). Adem\u00e1s de tener el mejor WAR entre los jardineros izquierdos en los anales de la franquicia, Carty es recordado por su temporada de 1970, cuando encabez\u00f3 las Grandes Ligas con promedio de .366 y fue convocado al Juego de Estrellas.<\/p>\n\n\n\n<p>Antes de su exaltaci\u00f3n, Carty expres\u00f3 que eso \u201ces lo m\u00e1s grande\u201d que le ha podido ocurrir.<\/p>\n\n\n\n<p>\u201cEsto es lo m\u00e1s grande que le ha pasado a uno, exaltarlo al Sal\u00f3n de la Fama, y m\u00e1s en el pueblo que uno jug\u00f3\u201d, manifest\u00f3 el exjardinero de los Atlanta Braves.<\/p>\n\n\n\n<p>Asimismo, lleno de emoci\u00f3n indic\u00f3 que \u00abahora solo le falta ser exaltado en las Grandes Ligas\u00bb. \u201cGracias a Dios que lleg\u00f3 el momento de ser exaltado al Sal\u00f3n de la Fama, ahora me falta las Grandes Ligas\u201d, declar\u00f3 Rico Carty.<\/p>\n","protected":false},"excerpt":{"rendered":"<p>El exjardinero dominicano Ricardo Adolfo Jacobo C VBarty, mejor conocido como \u201cRico Carty\u201d fue exaltado este s\u00e1bado al Sal\u00f3n de la Fama de Atlanta Braves. Seg\u00fan rese\u00f1a la MLB, Carty jug\u00f3 con los Bravos de 1963 a 1972 y con ellos, bate\u00f3 .317, el sexto mejor promedio en la historia de la franquicia y empatado [&hellip;]<\/p>\n","protected":false},"author":15,"featured_media":20149,"comment_status":"open","ping_status":"open","sticky":false,"template":"","format":"standard","meta":{"footnotes":""},"categories":[6],"tags":[],"class_list":{"0":"post-20148","1":"post","2":"type-post","3":"status-publish","4":"format-standard","5":"has-post-thumbnail","7":"category-deportes"},"yoast_head":"<!-- This site is optimized with the Yoast SEO plugin v27.1.1 - https:\/\/yoast.com\/product\/yoast-seo-wordpress\/ -->\n<title>Rico Carty es exaltado al Sal\u00f3n de la Fama de los Bravos de Atlanta. - Conexi\u00f3n 23<\/title>\n<meta name=\"robots\" content=\"index, follow, max-snippet:-1, max-image-preview:large, max-video-preview:-1\" \/>\n<link rel=\"canonical\" href=\"https:\/\/conexion23.com\/?p=20148\" \/>\n<meta property=\"og:locale\" content=\"es_ES\" \/>\n<meta property=\"og:type\" content=\"article\" \/>\n<meta property=\"og:title\" content=\"Rico Carty es exaltado al Sal\u00f3n de la Fama de los Bravos de Atlanta. - Conexi\u00f3n 23\" \/>\n<meta property=\"og:description\" content=\"El exjardinero dominicano Ricardo Adolfo Jacobo C VBarty, mejor conocido como \u201cRico Carty\u201d fue exaltado este s\u00e1bado al Sal\u00f3n de la Fama de Atlanta Braves. Seg\u00fan rese\u00f1a la MLB, Carty jug\u00f3 con los Bravos de 1963 a 1972 y con ellos, bate\u00f3 .317, el sexto mejor promedio en la historia de la franquicia y empatado [&hellip;]\" \/>\n<meta property=\"og:url\" content=\"https:\/\/conexion23.com\/?p=20148\" \/>\n<meta property=\"og:site_name\" content=\"Conexi\u00f3n 23\" \/>\n<meta property=\"article:publisher\" content=\"https:\/\/www.facebook.com\/conexion23com\" \/>\n<meta property=\"article:published_time\" content=\"2023-08-21T12:15:13+00:00\" \/>\n<meta property=\"article:modified_time\" content=\"2023-08-21T12:15:14+00:00\" \/>\n<meta property=\"og:image\" content=\"https:\/\/conexion23.com\/wp-content\/uploads\/2023\/08\/369195375_6750194358350401_298179340114516703_n.jpg\" \/>\n\t<meta property=\"og:image:width\" content=\"280\" \/>\n\t<meta property=\"og:image:height\" content=\"213\" \/>\n\t<meta property=\"og:image:type\" content=\"image\/jpeg\" \/>\n<meta name=\"author\" content=\"Raffy Ben\u00edtez\" \/>\n<meta name=\"twitter:card\" content=\"summary_large_image\" \/>\n<meta name=\"twitter:label1\" content=\"Escrito por\" \/>\n\t<meta name=\"twitter:data1\" content=\"Raffy Ben\u00edtez\" \/>\n\t<meta name=\"twitter:label2\" content=\"Tiempo de lectura\" \/>\n\t<meta name=\"twitter:data2\" content=\"1 minuto\" \/>\n<script type=\"application\/ld+json\" class=\"yoast-schema-graph\">{\"@context\":\"https:\/\/schema.org\",\"@graph\":[{\"@type\":\"Article\",\"@id\":\"https:\/\/conexion23.com\/?p=20148#article\",\"isPartOf\":{\"@id\":\"https:\/\/conexion23.com\/?p=20148\"},\"author\":{\"name\":\"Raffy Ben\u00edtez\",\"@id\":\"https:\/\/conexion23.com\/#\/schema\/person\/03e36043331117e97a373299bbcd30a6\"},\"headline\":\"Rico Carty es exaltado al Sal\u00f3n de la Fama de los Bravos de Atlanta.\",\"datePublished\":\"2023-08-21T12:15:13+00:00\",\"dateModified\":\"2023-08-21T12:15:14+00:00\",\"mainEntityOfPage\":{\"@id\":\"https:\/\/conexion23.com\/?p=20148\"},\"wordCount\":217,\"commentCount\":0,\"publisher\":{\"@id\":\"https:\/\/conexion23.com\/#organization\"},\"image\":{\"@id\":\"https:\/\/conexion23.com\/?p=20148#primaryimage\"},\"thumbnailUrl\":\"https:\/\/conexion23.com\/wp-content\/uploads\/2023\/08\/369195375_6750194358350401_298179340114516703_n.jpg\",\"articleSection\":[\"Deportes\"],\"inLanguage\":\"es\",\"potentialAction\":[{\"@type\":\"CommentAction\",\"name\":\"Comment\",\"target\":[\"https:\/\/conexion23.com\/?p=20148#respond\"]}]},{\"@type\":\"WebPage\",\"@id\":\"https:\/\/conexion23.com\/?p=20148\",\"url\":\"https:\/\/conexion23.com\/?p=20148\",\"name\":\"Rico Carty es exaltado al Sal\u00f3n de la Fama de los Bravos de Atlanta. - Conexi\u00f3n 23\",\"isPartOf\":{\"@id\":\"https:\/\/conexion23.com\/#website\"},\"primaryImageOfPage\":{\"@id\":\"https:\/\/conexion23.com\/?p=20148#primaryimage\"},\"image\":{\"@id\":\"https:\/\/conexion23.com\/?p=20148#primaryimage\"},\"thumbnailUrl\":\"https:\/\/conexion23.com\/wp-content\/uploads\/2023\/08\/369195375_6750194358350401_298179340114516703_n.jpg\",\"datePublished\":\"2023-08-21T12:15:13+00:00\",\"dateModified\":\"2023-08-21T12:15:14+00:00\",\"breadcrumb\":{\"@id\":\"https:\/\/conexion23.com\/?p=20148#breadcrumb\"},\"inLanguage\":\"es\",\"potentialAction\":[{\"@type\":\"ReadAction\",\"target\":[\"https:\/\/conexion23.com\/?p=20148\"]}]},{\"@type\":\"ImageObject\",\"inLanguage\":\"es\",\"@id\":\"https:\/\/conexion23.com\/?p=20148#primaryimage\",\"url\":\"https:\/\/conexion23.com\/wp-content\/uploads\/2023\/08\/369195375_6750194358350401_298179340114516703_n.jpg\",\"contentUrl\":\"https:\/\/conexion23.com\/wp-content\/uploads\/2023\/08\/369195375_6750194358350401_298179340114516703_n.jpg\",\"width\":280,\"height\":213},{\"@type\":\"BreadcrumbList\",\"@id\":\"https:\/\/conexion23.com\/?p=20148#breadcrumb\",\"itemListElement\":[{\"@type\":\"ListItem\",\"position\":1,\"name\":\"Portada\",\"item\":\"https:\/\/conexion23.com\/\"},{\"@type\":\"ListItem\",\"position\":2,\"name\":\"Rico Carty es exaltado al Sal\u00f3n de la Fama de los Bravos de Atlanta.\"}]},{\"@type\":\"WebSite\",\"@id\":\"https:\/\/conexion23.com\/#website\",\"url\":\"https:\/\/conexion23.com\/\",\"name\":\"Conexi\u00f3n 23\",\"description\":\"Peri\u00f3dico 100% Petromacorisano\",\"publisher\":{\"@id\":\"https:\/\/conexion23.com\/#organization\"},\"potentialAction\":[{\"@type\":\"SearchAction\",\"target\":{\"@type\":\"EntryPoint\",\"urlTemplate\":\"https:\/\/conexion23.com\/?s={search_term_string}\"},\"query-input\":{\"@type\":\"PropertyValueSpecification\",\"valueRequired\":true,\"valueName\":\"search_term_string\"}}],\"inLanguage\":\"es\"},{\"@type\":\"Organization\",\"@id\":\"https:\/\/conexion23.com\/#organization\",\"name\":\"Conexion 23\",\"url\":\"https:\/\/conexion23.com\/\",\"logo\":{\"@type\":\"ImageObject\",\"inLanguage\":\"es\",\"@id\":\"https:\/\/conexion23.com\/#\/schema\/logo\/image\/\",\"url\":\"https:\/\/conexion23.com\/wp-content\/uploads\/2021\/11\/Diseno-sin-titulo-2.png\",\"contentUrl\":\"https:\/\/conexion23.com\/wp-content\/uploads\/2021\/11\/Diseno-sin-titulo-2.png\",\"width\":541,\"height\":90,\"caption\":\"Conexion 23\"},\"image\":{\"@id\":\"https:\/\/conexion23.com\/#\/schema\/logo\/image\/\"},\"sameAs\":[\"https:\/\/www.facebook.com\/conexion23com\",\"https:\/\/www.instagram.com\/conexion23com\/\",\"https:\/\/www.youtube.com\/channel\/UCYc7vxxFZMYLIHNsHHxPZ3Q\"]},{\"@type\":\"Person\",\"@id\":\"https:\/\/conexion23.com\/#\/schema\/person\/03e36043331117e97a373299bbcd30a6\",\"name\":\"Raffy Ben\u00edtez\",\"image\":{\"@type\":\"ImageObject\",\"inLanguage\":\"es\",\"@id\":\"https:\/\/conexion23.com\/#\/schema\/person\/image\/\",\"url\":\"https:\/\/secure.gravatar.com\/avatar\/3190a6a6c5e1b0327500f7d6c56b6242472ee6cb974cf09b401ee6b3b0798f23?s=96&d=mm&r=g\",\"contentUrl\":\"https:\/\/secure.gravatar.com\/avatar\/3190a6a6c5e1b0327500f7d6c56b6242472ee6cb974cf09b401ee6b3b0798f23?s=96&d=mm&r=g\",\"caption\":\"Raffy Ben\u00edtez\"},\"url\":\"https:\/\/conexion23.com\/?author=15\"}]}<\/script>\n<!-- \/ Yoast SEO plugin. -->","yoast_head_json":{"title":"Rico Carty es exaltado al Sal\u00f3n de la Fama de los Bravos de Atlanta. - Conexi\u00f3n 23","robots":{"index":"index","follow":"follow","max-snippet":"max-snippet:-1","max-image-preview":"max-image-preview:large","max-video-preview":"max-video-preview:-1"},"canonical":"https:\/\/conexion23.com\/?p=20148","og_locale":"es_ES","og_type":"article","og_title":"Rico Carty es exaltado al Sal\u00f3n de la Fama de los Bravos de Atlanta. - Conexi\u00f3n 23","og_description":"El exjardinero dominicano Ricardo Adolfo Jacobo C VBarty, mejor conocido como \u201cRico Carty\u201d fue exaltado este s\u00e1bado al Sal\u00f3n de la Fama de Atlanta Braves. Seg\u00fan rese\u00f1a la MLB, Carty jug\u00f3 con los Bravos de 1963 a 1972 y con ellos, bate\u00f3 .317, el sexto mejor promedio en la historia de la franquicia y empatado [&hellip;]","og_url":"https:\/\/conexion23.com\/?p=20148","og_site_name":"Conexi\u00f3n 23","article_publisher":"https:\/\/www.facebook.com\/conexion23com","article_published_time":"2023-08-21T12:15:13+00:00","article_modified_time":"2023-08-21T12:15:14+00:00","og_image":[{"width":280,"height":213,"url":"https:\/\/conexion23.com\/wp-content\/uploads\/2023\/08\/369195375_6750194358350401_298179340114516703_n.jpg","type":"image\/jpeg"}],"author":"Raffy Ben\u00edtez","twitter_card":"summary_large_image","twitter_misc":{"Escrito por":"Raffy Ben\u00edtez","Tiempo de lectura":"1 minuto"},"schema":{"@context":"https:\/\/schema.org","@graph":[{"@type":"Article","@id":"https:\/\/conexion23.com\/?p=20148#article","isPartOf":{"@id":"https:\/\/conexion23.com\/?p=20148"},"author":{"name":"Raffy Ben\u00edtez","@id":"https:\/\/conexion23.com\/#\/schema\/person\/03e36043331117e97a373299bbcd30a6"},"headline":"Rico Carty es exaltado al Sal\u00f3n de la Fama de los Bravos de Atlanta.","datePublished":"2023-08-21T12:15:13+00:00","dateModified":"2023-08-21T12:15:14+00:00","mainEntityOfPage":{"@id":"https:\/\/conexion23.com\/?p=20148"},"wordCount":217,"commentCount":0,"publisher":{"@id":"https:\/\/conexion23.com\/#organization"},"image":{"@id":"https:\/\/conexion23.com\/?p=20148#primaryimage"},"thumbnailUrl":"https:\/\/conexion23.com\/wp-content\/uploads\/2023\/08\/369195375_6750194358350401_298179340114516703_n.jpg","articleSection":["Deportes"],"inLanguage":"es","potentialAction":[{"@type":"CommentAction","name":"Comment","target":["https:\/\/conexion23.com\/?p=20148#respond"]}]},{"@type":"WebPage","@id":"https:\/\/conexion23.com\/?p=20148","url":"https:\/\/conexion23.com\/?p=20148","name":"Rico Carty es exaltado al Sal\u00f3n de la Fama de los Bravos de Atlanta. - Conexi\u00f3n 23","isPartOf":{"@id":"https:\/\/conexion23.com\/#website"},"primaryImageOfPage":{"@id":"https:\/\/conexion23.com\/?p=20148#primaryimage"},"image":{"@id":"https:\/\/conexion23.com\/?p=20148#primaryimage"},"thumbnailUrl":"https:\/\/conexion23.com\/wp-content\/uploads\/2023\/08\/369195375_6750194358350401_298179340114516703_n.jpg","datePublished":"2023-08-21T12:15:13+00:00","dateModified":"2023-08-21T12:15:14+00:00","breadcrumb":{"@id":"https:\/\/conexion23.com\/?p=20148#breadcrumb"},"inLanguage":"es","potentialAction":[{"@type":"ReadAction","target":["https:\/\/conexion23.com\/?p=20148"]}]},{"@type":"ImageObject","inLanguage":"es","@id":"https:\/\/conexion23.com\/?p=20148#primaryimage","url":"https:\/\/conexion23.com\/wp-content\/uploads\/2023\/08\/369195375_6750194358350401_298179340114516703_n.jpg","contentUrl":"https:\/\/conexion23.com\/wp-content\/uploads\/2023\/08\/369195375_6750194358350401_298179340114516703_n.jpg","width":280,"height":213},{"@type":"BreadcrumbList","@id":"https:\/\/conexion23.com\/?p=20148#breadcrumb","itemListElement":[{"@type":"ListItem","position":1,"name":"Portada","item":"https:\/\/conexion23.com\/"},{"@type":"ListItem","position":2,"name":"Rico Carty es exaltado al Sal\u00f3n de la Fama de los Bravos de Atlanta."}]},{"@type":"WebSite","@id":"https:\/\/conexion23.com\/#website","url":"https:\/\/conexion23.com\/","name":"Conexi\u00f3n 23","description":"Peri\u00f3dico 100% Petromacorisano","publisher":{"@id":"https:\/\/conexion23.com\/#organization"},"potentialAction":[{"@type":"SearchAction","target":{"@type":"EntryPoint","urlTemplate":"https:\/\/conexion23.com\/?s={search_term_string}"},"query-input":{"@type":"PropertyValueSpecification","valueRequired":true,"valueName":"search_term_string"}}],"inLanguage":"es"},{"@type":"Organization","@id":"https:\/\/conexion23.com\/#organization","name":"Conexion 23","url":"https:\/\/conexion23.com\/","logo":{"@type":"ImageObject","inLanguage":"es","@id":"https:\/\/conexion23.com\/#\/schema\/logo\/image\/","url":"https:\/\/conexion23.com\/wp-content\/uploads\/2021\/11\/Diseno-sin-titulo-2.png","contentUrl":"https:\/\/conexion23.com\/wp-content\/uploads\/2021\/11\/Diseno-sin-titulo-2.png","width":541,"height":90,"caption":"Conexion 23"},"image":{"@id":"https:\/\/conexion23.com\/#\/schema\/logo\/image\/"},"sameAs":["https:\/\/www.facebook.com\/conexion23com","https:\/\/www.instagram.com\/conexion23com\/","https:\/\/www.youtube.com\/channel\/UCYc7vxxFZMYLIHNsHHxPZ3Q"]},{"@type":"Person","@id":"https:\/\/conexion23.com\/#\/schema\/person\/03e36043331117e97a373299bbcd30a6","name":"Raffy Ben\u00edtez","image":{"@type":"ImageObject","inLanguage":"es","@id":"https:\/\/conexion23.com\/#\/schema\/person\/image\/","url":"https:\/\/secure.gravatar.com\/avatar\/3190a6a6c5e1b0327500f7d6c56b6242472ee6cb974cf09b401ee6b3b0798f23?s=96&d=mm&r=g","contentUrl":"https:\/\/secure.gravatar.com\/avatar\/3190a6a6c5e1b0327500f7d6c56b6242472ee6cb974cf09b401ee6b3b0798f23?s=96&d=mm&r=g","caption":"Raffy Ben\u00edtez"},"url":"https:\/\/conexion23.com\/?author=15"}]}},"_links":{"self":[{"href":"https:\/\/conexion23.com\/index.php?rest_route=\/wp\/v2\/posts\/20148","targetHints":{"allow":["GET"]}}],"collection":[{"href":"https:\/\/conexion23.com\/index.php?rest_route=\/wp\/v2\/posts"}],"about":[{"href":"https:\/\/conexion23.com\/index.php?rest_route=\/wp\/v2\/types\/post"}],"author":[{"embeddable":true,"href":"https:\/\/conexion23.com\/index.php?rest_route=\/wp\/v2\/users\/15"}],"replies":[{"embeddable":true,"href":"https:\/\/conexion23.com\/index.php?rest_route=%2Fwp%2Fv2%2Fcomments&post=20148"}],"version-history":[{"count":1,"href":"https:\/\/conexion23.com\/index.php?rest_route=\/wp\/v2\/posts\/20148\/revisions"}],"predecessor-version":[{"id":20150,"href":"https:\/\/conexion23.com\/index.php?rest_route=\/wp\/v2\/posts\/20148\/revisions\/20150"}],"wp:featuredmedia":[{"embeddable":true,"href":"https:\/\/conexion23.com\/index.php?rest_route=\/wp\/v2\/media\/20149"}],"wp:attachment":[{"href":"https:\/\/conexion23.com\/index.php?rest_route=%2Fwp%2Fv2%2Fmedia&parent=20148"}],"wp:term":[{"taxonomy":"category","embeddable":true,"href":"https:\/\/conexion23.com\/index.php?rest_route=%2Fwp%2Fv2%2Fcategories&post=20148"},{"taxonomy":"post_tag","embeddable":true,"href":"https:\/\/conexion23.com\/index.php?rest_route=%2Fwp%2Fv2%2Ftags&post=20148"}],"curies":[{"name":"wp","href":"https:\/\/api.w.org\/{rel}","templated":true}]}}