{"id":20215,"date":"2023-08-22T18:06:04","date_gmt":"2023-08-22T22:06:04","guid":{"rendered":"https:\/\/conexion23.com\/?p=20215"},"modified":"2023-08-22T18:06:06","modified_gmt":"2023-08-22T22:06:06","slug":"policia-arresta-hombre-supuestamente-involucrado-en-asesinato-de-dos-jovenes-en-bani","status":"publish","type":"post","link":"https:\/\/conexion23.com\/?p=20215","title":{"rendered":"Polic\u00eda arresta hombre supuestamente involucrado en asesinato de dos j\u00f3venes en Ban\u00ed."},"content":{"rendered":"\n<p>Una persona fue detenida con relaci\u00f3n a la muerte de dos j\u00f3venes, quienes fueron disparados en puesto de comida r\u00e1pida, la madrugada del domingo en el municipio de Ban\u00ed, provincia Peravia.<\/p>\n\n\n\n<p>El vocero de la Polic\u00eda, coronel Diego Pesqueira, inform\u00f3 que el detenido habr\u00eda sido la persona que alquil\u00f3 el veh\u00edculo desde el cual desconocidos realizaron los disparos que le quitaron la vida a Franyelis Ara\u00fajo Arias de 24 a\u00f1os de edad y Rusbel Adonis B\u00e1ez Pe\u00f1a de 21 a\u00f1os.<\/p>\n\n\n\n<p>Pesqueira agreg\u00f3 que el veh\u00edculo, un Honda Accord, color rojo, ya se encuentra en poder de la Polic\u00eda Nacional.<\/p>\n\n\n\n<p>Se\u00f1al\u00f3 que uno de los implicados viaj\u00f3 desde los Estados Unidos para perpetrar el crimen.<\/p>\n\n\n\n<p>Se recuerda que en el hecho tambi\u00e9n result\u00f3 herido William Hidalgo de Jes\u00fas B\u00e1ez, de 25 a\u00f1os.<\/p>\n\n\n\n<p>El reporte preliminar del caso refiere que los hoy occisos y el herido se encontraban en un centro de diversi\u00f3n de Ban\u00ed y alrededor de las 3:30 de la madrugada salieron de ese lugar y se trasladaron a referido \u201cChimi\u201d, donde desconocidos que viajaban en un veh\u00edculo de datos a\u00fan pendientes de verificaci\u00f3n se presentaron y le dispararon sin mediar palabras.<\/p>\n\n\n\n<p>El coronel Senci\u00f3n de la Cruz, acompa\u00f1ado por el magistrado Rafael Melo y varios agentes de la Direcci\u00f3n de Central de Investigaci\u00f3n (DICRIM), as\u00ed como el m\u00e9dico legista, procedieron al levantamiento de los cad\u00e1veres, los cuales fueron trasladados al Instituto Nacional de Ciencias Forenses (INACIF), en Azua, para realizar las autopsias de ley.<\/p>\n\n\n\n<p>En la escena del crimen, se recolectaron varios casquillos como parte de la evidencia.<\/p>\n\n\n\n<p>La Direcci\u00f3n Regional Sur Central de la Polic\u00eda Nacional investiga el suceso.<\/p>\n","protected":false},"excerpt":{"rendered":"<p>Una persona fue detenida con relaci\u00f3n a la muerte de dos j\u00f3venes, quienes fueron disparados en puesto de comida r\u00e1pida, la madrugada del domingo en el municipio de Ban\u00ed, provincia Peravia. El vocero de la Polic\u00eda, coronel Diego Pesqueira, inform\u00f3 que el detenido habr\u00eda sido la persona que alquil\u00f3 el veh\u00edculo desde el cual desconocidos [&hellip;]<\/p>\n","protected":false},"author":15,"featured_media":20216,"comment_status":"open","ping_status":"open","sticky":false,"template":"","format":"standard","meta":{"footnotes":""},"categories":[1],"tags":[],"class_list":{"0":"post-20215","1":"post","2":"type-post","3":"status-publish","4":"format-standard","5":"has-post-thumbnail","7":"category-uncategorized"},"yoast_head":"<!-- This site is optimized with the Yoast SEO plugin v27.1.1 - https:\/\/yoast.com\/product\/yoast-seo-wordpress\/ -->\n<title>Polic\u00eda arresta hombre supuestamente involucrado en asesinato de dos j\u00f3venes en Ban\u00ed. - Conexi\u00f3n 23<\/title>\n<meta name=\"robots\" content=\"index, follow, max-snippet:-1, max-image-preview:large, max-video-preview:-1\" \/>\n<link rel=\"canonical\" href=\"https:\/\/conexion23.com\/?p=20215\" \/>\n<meta property=\"og:locale\" content=\"es_ES\" \/>\n<meta property=\"og:type\" content=\"article\" \/>\n<meta property=\"og:title\" content=\"Polic\u00eda arresta hombre supuestamente involucrado en asesinato de dos j\u00f3venes en Ban\u00ed. - Conexi\u00f3n 23\" \/>\n<meta property=\"og:description\" content=\"Una persona fue detenida con relaci\u00f3n a la muerte de dos j\u00f3venes, quienes fueron disparados en puesto de comida r\u00e1pida, la madrugada del domingo en el municipio de Ban\u00ed, provincia Peravia. El vocero de la Polic\u00eda, coronel Diego Pesqueira, inform\u00f3 que el detenido habr\u00eda sido la persona que alquil\u00f3 el veh\u00edculo desde el cual desconocidos [&hellip;]\" \/>\n<meta property=\"og:url\" content=\"https:\/\/conexion23.com\/?p=20215\" \/>\n<meta property=\"og:site_name\" content=\"Conexi\u00f3n 23\" \/>\n<meta property=\"article:publisher\" content=\"https:\/\/www.facebook.com\/conexion23com\" \/>\n<meta property=\"article:published_time\" content=\"2023-08-22T22:06:04+00:00\" \/>\n<meta property=\"article:modified_time\" content=\"2023-08-22T22:06:06+00:00\" \/>\n<meta property=\"og:image\" content=\"https:\/\/conexion23.com\/wp-content\/uploads\/2023\/08\/369192850_6755620611141109_6018009103510029433_n.jpg\" \/>\n\t<meta property=\"og:image:width\" content=\"280\" \/>\n\t<meta property=\"og:image:height\" content=\"280\" \/>\n\t<meta property=\"og:image:type\" content=\"image\/jpeg\" \/>\n<meta name=\"author\" content=\"Raffy Ben\u00edtez\" \/>\n<meta name=\"twitter:card\" content=\"summary_large_image\" \/>\n<meta name=\"twitter:label1\" content=\"Escrito por\" \/>\n\t<meta name=\"twitter:data1\" content=\"Raffy Ben\u00edtez\" \/>\n\t<meta name=\"twitter:label2\" content=\"Tiempo de lectura\" \/>\n\t<meta name=\"twitter:data2\" content=\"2 minutos\" \/>\n<script type=\"application\/ld+json\" class=\"yoast-schema-graph\">{\"@context\":\"https:\/\/schema.org\",\"@graph\":[{\"@type\":\"Article\",\"@id\":\"https:\/\/conexion23.com\/?p=20215#article\",\"isPartOf\":{\"@id\":\"https:\/\/conexion23.com\/?p=20215\"},\"author\":{\"name\":\"Raffy Ben\u00edtez\",\"@id\":\"https:\/\/conexion23.com\/#\/schema\/person\/03e36043331117e97a373299bbcd30a6\"},\"headline\":\"Polic\u00eda arresta hombre supuestamente involucrado en asesinato de dos j\u00f3venes en Ban\u00ed.\",\"datePublished\":\"2023-08-22T22:06:04+00:00\",\"dateModified\":\"2023-08-22T22:06:06+00:00\",\"mainEntityOfPage\":{\"@id\":\"https:\/\/conexion23.com\/?p=20215\"},\"wordCount\":311,\"commentCount\":0,\"publisher\":{\"@id\":\"https:\/\/conexion23.com\/#organization\"},\"image\":{\"@id\":\"https:\/\/conexion23.com\/?p=20215#primaryimage\"},\"thumbnailUrl\":\"https:\/\/conexion23.com\/wp-content\/uploads\/2023\/08\/369192850_6755620611141109_6018009103510029433_n.jpg\",\"articleSection\":[\"Uncategorized\"],\"inLanguage\":\"es\",\"potentialAction\":[{\"@type\":\"CommentAction\",\"name\":\"Comment\",\"target\":[\"https:\/\/conexion23.com\/?p=20215#respond\"]}]},{\"@type\":\"WebPage\",\"@id\":\"https:\/\/conexion23.com\/?p=20215\",\"url\":\"https:\/\/conexion23.com\/?p=20215\",\"name\":\"Polic\u00eda arresta hombre supuestamente involucrado en asesinato de dos j\u00f3venes en Ban\u00ed. - Conexi\u00f3n 23\",\"isPartOf\":{\"@id\":\"https:\/\/conexion23.com\/#website\"},\"primaryImageOfPage\":{\"@id\":\"https:\/\/conexion23.com\/?p=20215#primaryimage\"},\"image\":{\"@id\":\"https:\/\/conexion23.com\/?p=20215#primaryimage\"},\"thumbnailUrl\":\"https:\/\/conexion23.com\/wp-content\/uploads\/2023\/08\/369192850_6755620611141109_6018009103510029433_n.jpg\",\"datePublished\":\"2023-08-22T22:06:04+00:00\",\"dateModified\":\"2023-08-22T22:06:06+00:00\",\"breadcrumb\":{\"@id\":\"https:\/\/conexion23.com\/?p=20215#breadcrumb\"},\"inLanguage\":\"es\",\"potentialAction\":[{\"@type\":\"ReadAction\",\"target\":[\"https:\/\/conexion23.com\/?p=20215\"]}]},{\"@type\":\"ImageObject\",\"inLanguage\":\"es\",\"@id\":\"https:\/\/conexion23.com\/?p=20215#primaryimage\",\"url\":\"https:\/\/conexion23.com\/wp-content\/uploads\/2023\/08\/369192850_6755620611141109_6018009103510029433_n.jpg\",\"contentUrl\":\"https:\/\/conexion23.com\/wp-content\/uploads\/2023\/08\/369192850_6755620611141109_6018009103510029433_n.jpg\",\"width\":280,\"height\":280},{\"@type\":\"BreadcrumbList\",\"@id\":\"https:\/\/conexion23.com\/?p=20215#breadcrumb\",\"itemListElement\":[{\"@type\":\"ListItem\",\"position\":1,\"name\":\"Portada\",\"item\":\"https:\/\/conexion23.com\/\"},{\"@type\":\"ListItem\",\"position\":2,\"name\":\"Polic\u00eda arresta hombre supuestamente involucrado en asesinato de dos j\u00f3venes en Ban\u00ed.\"}]},{\"@type\":\"WebSite\",\"@id\":\"https:\/\/conexion23.com\/#website\",\"url\":\"https:\/\/conexion23.com\/\",\"name\":\"Conexi\u00f3n 23\",\"description\":\"Peri\u00f3dico 100% Petromacorisano\",\"publisher\":{\"@id\":\"https:\/\/conexion23.com\/#organization\"},\"potentialAction\":[{\"@type\":\"SearchAction\",\"target\":{\"@type\":\"EntryPoint\",\"urlTemplate\":\"https:\/\/conexion23.com\/?s={search_term_string}\"},\"query-input\":{\"@type\":\"PropertyValueSpecification\",\"valueRequired\":true,\"valueName\":\"search_term_string\"}}],\"inLanguage\":\"es\"},{\"@type\":\"Organization\",\"@id\":\"https:\/\/conexion23.com\/#organization\",\"name\":\"Conexion 23\",\"url\":\"https:\/\/conexion23.com\/\",\"logo\":{\"@type\":\"ImageObject\",\"inLanguage\":\"es\",\"@id\":\"https:\/\/conexion23.com\/#\/schema\/logo\/image\/\",\"url\":\"https:\/\/conexion23.com\/wp-content\/uploads\/2021\/11\/Diseno-sin-titulo-2.png\",\"contentUrl\":\"https:\/\/conexion23.com\/wp-content\/uploads\/2021\/11\/Diseno-sin-titulo-2.png\",\"width\":541,\"height\":90,\"caption\":\"Conexion 23\"},\"image\":{\"@id\":\"https:\/\/conexion23.com\/#\/schema\/logo\/image\/\"},\"sameAs\":[\"https:\/\/www.facebook.com\/conexion23com\",\"https:\/\/www.instagram.com\/conexion23com\/\",\"https:\/\/www.youtube.com\/channel\/UCYc7vxxFZMYLIHNsHHxPZ3Q\"]},{\"@type\":\"Person\",\"@id\":\"https:\/\/conexion23.com\/#\/schema\/person\/03e36043331117e97a373299bbcd30a6\",\"name\":\"Raffy Ben\u00edtez\",\"image\":{\"@type\":\"ImageObject\",\"inLanguage\":\"es\",\"@id\":\"https:\/\/conexion23.com\/#\/schema\/person\/image\/\",\"url\":\"https:\/\/secure.gravatar.com\/avatar\/3190a6a6c5e1b0327500f7d6c56b6242472ee6cb974cf09b401ee6b3b0798f23?s=96&d=mm&r=g\",\"contentUrl\":\"https:\/\/secure.gravatar.com\/avatar\/3190a6a6c5e1b0327500f7d6c56b6242472ee6cb974cf09b401ee6b3b0798f23?s=96&d=mm&r=g\",\"caption\":\"Raffy Ben\u00edtez\"},\"url\":\"https:\/\/conexion23.com\/?author=15\"}]}<\/script>\n<!-- \/ Yoast SEO plugin. -->","yoast_head_json":{"title":"Polic\u00eda arresta hombre supuestamente involucrado en asesinato de dos j\u00f3venes en Ban\u00ed. - Conexi\u00f3n 23","robots":{"index":"index","follow":"follow","max-snippet":"max-snippet:-1","max-image-preview":"max-image-preview:large","max-video-preview":"max-video-preview:-1"},"canonical":"https:\/\/conexion23.com\/?p=20215","og_locale":"es_ES","og_type":"article","og_title":"Polic\u00eda arresta hombre supuestamente involucrado en asesinato de dos j\u00f3venes en Ban\u00ed. - Conexi\u00f3n 23","og_description":"Una persona fue detenida con relaci\u00f3n a la muerte de dos j\u00f3venes, quienes fueron disparados en puesto de comida r\u00e1pida, la madrugada del domingo en el municipio de Ban\u00ed, provincia Peravia. El vocero de la Polic\u00eda, coronel Diego Pesqueira, inform\u00f3 que el detenido habr\u00eda sido la persona que alquil\u00f3 el veh\u00edculo desde el cual desconocidos [&hellip;]","og_url":"https:\/\/conexion23.com\/?p=20215","og_site_name":"Conexi\u00f3n 23","article_publisher":"https:\/\/www.facebook.com\/conexion23com","article_published_time":"2023-08-22T22:06:04+00:00","article_modified_time":"2023-08-22T22:06:06+00:00","og_image":[{"width":280,"height":280,"url":"https:\/\/conexion23.com\/wp-content\/uploads\/2023\/08\/369192850_6755620611141109_6018009103510029433_n.jpg","type":"image\/jpeg"}],"author":"Raffy Ben\u00edtez","twitter_card":"summary_large_image","twitter_misc":{"Escrito por":"Raffy Ben\u00edtez","Tiempo de lectura":"2 minutos"},"schema":{"@context":"https:\/\/schema.org","@graph":[{"@type":"Article","@id":"https:\/\/conexion23.com\/?p=20215#article","isPartOf":{"@id":"https:\/\/conexion23.com\/?p=20215"},"author":{"name":"Raffy Ben\u00edtez","@id":"https:\/\/conexion23.com\/#\/schema\/person\/03e36043331117e97a373299bbcd30a6"},"headline":"Polic\u00eda arresta hombre supuestamente involucrado en asesinato de dos j\u00f3venes en Ban\u00ed.","datePublished":"2023-08-22T22:06:04+00:00","dateModified":"2023-08-22T22:06:06+00:00","mainEntityOfPage":{"@id":"https:\/\/conexion23.com\/?p=20215"},"wordCount":311,"commentCount":0,"publisher":{"@id":"https:\/\/conexion23.com\/#organization"},"image":{"@id":"https:\/\/conexion23.com\/?p=20215#primaryimage"},"thumbnailUrl":"https:\/\/conexion23.com\/wp-content\/uploads\/2023\/08\/369192850_6755620611141109_6018009103510029433_n.jpg","articleSection":["Uncategorized"],"inLanguage":"es","potentialAction":[{"@type":"CommentAction","name":"Comment","target":["https:\/\/conexion23.com\/?p=20215#respond"]}]},{"@type":"WebPage","@id":"https:\/\/conexion23.com\/?p=20215","url":"https:\/\/conexion23.com\/?p=20215","name":"Polic\u00eda arresta hombre supuestamente involucrado en asesinato de dos j\u00f3venes en Ban\u00ed. - Conexi\u00f3n 23","isPartOf":{"@id":"https:\/\/conexion23.com\/#website"},"primaryImageOfPage":{"@id":"https:\/\/conexion23.com\/?p=20215#primaryimage"},"image":{"@id":"https:\/\/conexion23.com\/?p=20215#primaryimage"},"thumbnailUrl":"https:\/\/conexion23.com\/wp-content\/uploads\/2023\/08\/369192850_6755620611141109_6018009103510029433_n.jpg","datePublished":"2023-08-22T22:06:04+00:00","dateModified":"2023-08-22T22:06:06+00:00","breadcrumb":{"@id":"https:\/\/conexion23.com\/?p=20215#breadcrumb"},"inLanguage":"es","potentialAction":[{"@type":"ReadAction","target":["https:\/\/conexion23.com\/?p=20215"]}]},{"@type":"ImageObject","inLanguage":"es","@id":"https:\/\/conexion23.com\/?p=20215#primaryimage","url":"https:\/\/conexion23.com\/wp-content\/uploads\/2023\/08\/369192850_6755620611141109_6018009103510029433_n.jpg","contentUrl":"https:\/\/conexion23.com\/wp-content\/uploads\/2023\/08\/369192850_6755620611141109_6018009103510029433_n.jpg","width":280,"height":280},{"@type":"BreadcrumbList","@id":"https:\/\/conexion23.com\/?p=20215#breadcrumb","itemListElement":[{"@type":"ListItem","position":1,"name":"Portada","item":"https:\/\/conexion23.com\/"},{"@type":"ListItem","position":2,"name":"Polic\u00eda arresta hombre supuestamente involucrado en asesinato de dos j\u00f3venes en Ban\u00ed."}]},{"@type":"WebSite","@id":"https:\/\/conexion23.com\/#website","url":"https:\/\/conexion23.com\/","name":"Conexi\u00f3n 23","description":"Peri\u00f3dico 100% Petromacorisano","publisher":{"@id":"https:\/\/conexion23.com\/#organization"},"potentialAction":[{"@type":"SearchAction","target":{"@type":"EntryPoint","urlTemplate":"https:\/\/conexion23.com\/?s={search_term_string}"},"query-input":{"@type":"PropertyValueSpecification","valueRequired":true,"valueName":"search_term_string"}}],"inLanguage":"es"},{"@type":"Organization","@id":"https:\/\/conexion23.com\/#organization","name":"Conexion 23","url":"https:\/\/conexion23.com\/","logo":{"@type":"ImageObject","inLanguage":"es","@id":"https:\/\/conexion23.com\/#\/schema\/logo\/image\/","url":"https:\/\/conexion23.com\/wp-content\/uploads\/2021\/11\/Diseno-sin-titulo-2.png","contentUrl":"https:\/\/conexion23.com\/wp-content\/uploads\/2021\/11\/Diseno-sin-titulo-2.png","width":541,"height":90,"caption":"Conexion 23"},"image":{"@id":"https:\/\/conexion23.com\/#\/schema\/logo\/image\/"},"sameAs":["https:\/\/www.facebook.com\/conexion23com","https:\/\/www.instagram.com\/conexion23com\/","https:\/\/www.youtube.com\/channel\/UCYc7vxxFZMYLIHNsHHxPZ3Q"]},{"@type":"Person","@id":"https:\/\/conexion23.com\/#\/schema\/person\/03e36043331117e97a373299bbcd30a6","name":"Raffy Ben\u00edtez","image":{"@type":"ImageObject","inLanguage":"es","@id":"https:\/\/conexion23.com\/#\/schema\/person\/image\/","url":"https:\/\/secure.gravatar.com\/avatar\/3190a6a6c5e1b0327500f7d6c56b6242472ee6cb974cf09b401ee6b3b0798f23?s=96&d=mm&r=g","contentUrl":"https:\/\/secure.gravatar.com\/avatar\/3190a6a6c5e1b0327500f7d6c56b6242472ee6cb974cf09b401ee6b3b0798f23?s=96&d=mm&r=g","caption":"Raffy Ben\u00edtez"},"url":"https:\/\/conexion23.com\/?author=15"}]}},"_links":{"self":[{"href":"https:\/\/conexion23.com\/index.php?rest_route=\/wp\/v2\/posts\/20215","targetHints":{"allow":["GET"]}}],"collection":[{"href":"https:\/\/conexion23.com\/index.php?rest_route=\/wp\/v2\/posts"}],"about":[{"href":"https:\/\/conexion23.com\/index.php?rest_route=\/wp\/v2\/types\/post"}],"author":[{"embeddable":true,"href":"https:\/\/conexion23.com\/index.php?rest_route=\/wp\/v2\/users\/15"}],"replies":[{"embeddable":true,"href":"https:\/\/conexion23.com\/index.php?rest_route=%2Fwp%2Fv2%2Fcomments&post=20215"}],"version-history":[{"count":1,"href":"https:\/\/conexion23.com\/index.php?rest_route=\/wp\/v2\/posts\/20215\/revisions"}],"predecessor-version":[{"id":20217,"href":"https:\/\/conexion23.com\/index.php?rest_route=\/wp\/v2\/posts\/20215\/revisions\/20217"}],"wp:featuredmedia":[{"embeddable":true,"href":"https:\/\/conexion23.com\/index.php?rest_route=\/wp\/v2\/media\/20216"}],"wp:attachment":[{"href":"https:\/\/conexion23.com\/index.php?rest_route=%2Fwp%2Fv2%2Fmedia&parent=20215"}],"wp:term":[{"taxonomy":"category","embeddable":true,"href":"https:\/\/conexion23.com\/index.php?rest_route=%2Fwp%2Fv2%2Fcategories&post=20215"},{"taxonomy":"post_tag","embeddable":true,"href":"https:\/\/conexion23.com\/index.php?rest_route=%2Fwp%2Fv2%2Ftags&post=20215"}],"curies":[{"name":"wp","href":"https:\/\/api.w.org\/{rel}","templated":true}]}}