{"id":20228,"date":"2023-08-22T21:23:14","date_gmt":"2023-08-23T01:23:14","guid":{"rendered":"https:\/\/conexion23.com\/?p=20228"},"modified":"2023-08-22T21:23:17","modified_gmt":"2023-08-23T01:23:17","slug":"autoridades-de-san-pedro-de-macoris-se-reunen-con-organismos-de-socorro-en-preparacion-para-la-tormenta-tropical-franklin","status":"publish","type":"post","link":"https:\/\/conexion23.com\/?p=20228","title":{"rendered":"Autoridades de San Pedro de Macor\u00eds se re\u00fanen con Organismos de Socorro en preparaci\u00f3n para la Tormenta Tropical Franklin"},"content":{"rendered":"\n<p>En vista de la inminente llegada de la Tormenta Tropical Franklin a las costas dominicanas este mi\u00e9rcoles por la ma\u00f1ana, las autoridades de San Pedro de Macor\u00eds han convocado una reuni\u00f3n de emergencia con los organismos de socorro y representantes de diversas entidades gubernamentales para coordinar acciones y estrategias de respuesta ante el posible impacto del fen\u00f3meno clim\u00e1tico.<\/p>\n\n\n\n<p>En la reuni\u00f3n, estuvo presente el Senador Franklin Pe\u00f1a, tuvo lugar en las instalaciones del centro de operaciones de socorros y cont\u00f3 con la participaci\u00f3n de destacadas figuras pol\u00edticas y l\u00edderes locales. El Senador Pe\u00f1a aport\u00f3 valiosas estrategias para el desarrollo de un plan de acci\u00f3n conjunto que garantice la seguridad y bienestar de la poblaci\u00f3n ante la inminente amenaza de la tormenta.<\/p>\n\n\n\n<p>Entre las personalidades presentes se encontraban el Diputado Luis G\u00f3mez, quien enfatiz\u00f3 la importancia de la colaboraci\u00f3n entre las diferentes esferas de gobierno y la r\u00e1pida respuesta ante situaciones de emergencia. El Director de INDOTEL, Nelson Arroyo, destac\u00f3 la necesidad de mantener la comunicaci\u00f3n operativa en caso de cortes el\u00e9ctricos y da\u00f1os en las redes de comunicaci\u00f3n.<\/p>\n\n\n\n<p>El Alcalde Raymundo Ortiz resalt\u00f3 la labor conjunta que se llevar\u00e1 a cabo para habilitar refugios seguros y brindar asistencia a los ciudadanos que puedan resultar afectados. La Gobernadora Arecelis Villanueva enfatiz\u00f3 la importancia de la prevenci\u00f3n y la coordinaci\u00f3n efectiva en momentos cr\u00edticos como estos.<\/p>\n\n\n\n<p>Durante la reuni\u00f3n, se establecieron comit\u00e9s de trabajo para diferentes \u00e1reas de enfoque, como evacuaci\u00f3n, atenci\u00f3n m\u00e9dica, suministro de alimentos y log\u00edstica. Se espera que estas medidas permitan una respuesta \u00e1gil y organizada en caso de que la Tormenta Tropical Franklin impacte la regi\u00f3n con fuerza.<\/p>\n\n\n\n<p>Las autoridades de San Pedro de Macor\u00eds instan a la poblaci\u00f3n a mantenerse informada a trav\u00e9s de canales oficiales y seguir las indicaciones de las autoridades en caso de ser necesario. Se exhorta a tomar medidas de precauci\u00f3n y estar preparados ante la posibilidad de fuertes vientos, lluvias intensas y posibles inundaciones.<\/p>\n\n\n\n<p>A medida que la Tormenta Tropical Franklin se acerca a las costas dominicanas, las autoridades y organismos de socorro se mantienen en alerta y trabajan incansablemente para salvaguardar la seguridad y el bienestar de todos los habitantes de San Pedro de Macor\u00eds y sus alrededores.<\/p>\n\n\n\n<p><\/p>\n","protected":false},"excerpt":{"rendered":"<p>En vista de la inminente llegada de la Tormenta Tropical Franklin a las costas dominicanas este mi\u00e9rcoles por la ma\u00f1ana, las autoridades de San Pedro de Macor\u00eds han convocado una reuni\u00f3n de emergencia con los organismos de socorro y representantes de diversas entidades gubernamentales para coordinar acciones y estrategias de respuesta ante el posible impacto [&hellip;]<\/p>\n","protected":false},"author":7,"featured_media":20229,"comment_status":"open","ping_status":"open","sticky":false,"template":"","format":"standard","meta":{"footnotes":""},"categories":[35],"tags":[1614,824,3276,823,3275],"class_list":{"0":"post-20228","1":"post","2":"type-post","3":"status-publish","4":"format-standard","5":"has-post-thumbnail","7":"category-spm","8":"tag-autoridades","9":"tag-franklinpena","10":"tag-organismosdesocorro","11":"tag-senador","12":"tag-tormentafranklin"},"yoast_head":"<!-- This site is optimized with the Yoast SEO plugin v27.1.1 - https:\/\/yoast.com\/product\/yoast-seo-wordpress\/ -->\n<title>Autoridades de San Pedro de Macor\u00eds se re\u00fanen con Organismos de Socorro en preparaci\u00f3n para la Tormenta Tropical Franklin - Conexi\u00f3n 23<\/title>\n<meta name=\"description\" content=\"En vista de la inminente llegada de la Tormenta Tropical Franklin a las costas dominicanas este mi\u00e9rcoles por la ma\u00f1ana, las autoridades de San Pedro de Macor\u00eds han convocado una reuni\u00f3n de emergencia con los organismos de socorro y representantes de diversas entidades gubernamentales para coordinar acciones y estrategias de respuesta ante el posible impacto del fen\u00f3meno clim\u00e1tico.\" \/>\n<meta name=\"robots\" content=\"index, follow, max-snippet:-1, max-image-preview:large, max-video-preview:-1\" \/>\n<link rel=\"canonical\" href=\"https:\/\/conexion23.com\/?p=20228\" \/>\n<meta property=\"og:locale\" content=\"es_ES\" \/>\n<meta property=\"og:type\" content=\"article\" \/>\n<meta property=\"og:title\" content=\"Autoridades de San Pedro de Macor\u00eds se re\u00fanen con Organismos de Socorro en preparaci\u00f3n para la Tormenta Tropical Franklin - Conexi\u00f3n 23\" \/>\n<meta property=\"og:description\" content=\"En vista de la inminente llegada de la Tormenta Tropical Franklin a las costas dominicanas este mi\u00e9rcoles por la ma\u00f1ana, las autoridades de San Pedro de Macor\u00eds han convocado una reuni\u00f3n de emergencia con los organismos de socorro y representantes de diversas entidades gubernamentales para coordinar acciones y estrategias de respuesta ante el posible impacto del fen\u00f3meno clim\u00e1tico.\" \/>\n<meta property=\"og:url\" content=\"https:\/\/conexion23.com\/?p=20228\" \/>\n<meta property=\"og:site_name\" content=\"Conexi\u00f3n 23\" \/>\n<meta property=\"article:publisher\" content=\"https:\/\/www.facebook.com\/conexion23com\" \/>\n<meta property=\"article:published_time\" content=\"2023-08-23T01:23:14+00:00\" \/>\n<meta property=\"article:modified_time\" content=\"2023-08-23T01:23:17+00:00\" \/>\n<meta property=\"og:image\" content=\"https:\/\/conexion23.com\/wp-content\/uploads\/2023\/08\/369909875_761389142660913_7693388368166660581_n-1.jpg\" \/>\n\t<meta property=\"og:image:width\" content=\"683\" \/>\n\t<meta property=\"og:image:height\" content=\"455\" \/>\n\t<meta property=\"og:image:type\" content=\"image\/jpeg\" \/>\n<meta name=\"author\" content=\"Benjam\u00edn Rosario\" \/>\n<meta name=\"twitter:card\" content=\"summary_large_image\" \/>\n<meta name=\"twitter:label1\" content=\"Escrito por\" \/>\n\t<meta name=\"twitter:data1\" content=\"Benjam\u00edn Rosario\" \/>\n\t<meta name=\"twitter:label2\" content=\"Tiempo de lectura\" \/>\n\t<meta name=\"twitter:data2\" content=\"2 minutos\" \/>\n<script type=\"application\/ld+json\" class=\"yoast-schema-graph\">{\"@context\":\"https:\/\/schema.org\",\"@graph\":[{\"@type\":\"Article\",\"@id\":\"https:\/\/conexion23.com\/?p=20228#article\",\"isPartOf\":{\"@id\":\"https:\/\/conexion23.com\/?p=20228\"},\"author\":{\"name\":\"Benjam\u00edn Rosario\",\"@id\":\"https:\/\/conexion23.com\/#\/schema\/person\/c0b7ce1f0e7a915d08fa289072b8353a\"},\"headline\":\"Autoridades de San Pedro de Macor\u00eds se re\u00fanen con Organismos de Socorro en preparaci\u00f3n para la Tormenta Tropical Franklin\",\"datePublished\":\"2023-08-23T01:23:14+00:00\",\"dateModified\":\"2023-08-23T01:23:17+00:00\",\"mainEntityOfPage\":{\"@id\":\"https:\/\/conexion23.com\/?p=20228\"},\"wordCount\":425,\"commentCount\":0,\"publisher\":{\"@id\":\"https:\/\/conexion23.com\/#organization\"},\"image\":{\"@id\":\"https:\/\/conexion23.com\/?p=20228#primaryimage\"},\"thumbnailUrl\":\"https:\/\/conexion23.com\/wp-content\/uploads\/2023\/08\/369909875_761389142660913_7693388368166660581_n-1.jpg\",\"keywords\":[\"autoridades\",\"Franklinpe\u00f1a\",\"organismosdesocorro\",\"Senador\",\"tormentafranklin\"],\"articleSection\":[\"SPM\"],\"inLanguage\":\"es\",\"potentialAction\":[{\"@type\":\"CommentAction\",\"name\":\"Comment\",\"target\":[\"https:\/\/conexion23.com\/?p=20228#respond\"]}]},{\"@type\":\"WebPage\",\"@id\":\"https:\/\/conexion23.com\/?p=20228\",\"url\":\"https:\/\/conexion23.com\/?p=20228\",\"name\":\"Autoridades de San Pedro de Macor\u00eds se re\u00fanen con Organismos de Socorro en preparaci\u00f3n para la Tormenta Tropical Franklin - Conexi\u00f3n 23\",\"isPartOf\":{\"@id\":\"https:\/\/conexion23.com\/#website\"},\"primaryImageOfPage\":{\"@id\":\"https:\/\/conexion23.com\/?p=20228#primaryimage\"},\"image\":{\"@id\":\"https:\/\/conexion23.com\/?p=20228#primaryimage\"},\"thumbnailUrl\":\"https:\/\/conexion23.com\/wp-content\/uploads\/2023\/08\/369909875_761389142660913_7693388368166660581_n-1.jpg\",\"datePublished\":\"2023-08-23T01:23:14+00:00\",\"dateModified\":\"2023-08-23T01:23:17+00:00\",\"description\":\"En vista de la inminente llegada de la Tormenta Tropical Franklin a las costas dominicanas este mi\u00e9rcoles por la ma\u00f1ana, las autoridades de San Pedro de Macor\u00eds han convocado una reuni\u00f3n de emergencia con los organismos de socorro y representantes de diversas entidades gubernamentales para coordinar acciones y estrategias de respuesta ante el posible impacto del fen\u00f3meno clim\u00e1tico.\",\"breadcrumb\":{\"@id\":\"https:\/\/conexion23.com\/?p=20228#breadcrumb\"},\"inLanguage\":\"es\",\"potentialAction\":[{\"@type\":\"ReadAction\",\"target\":[\"https:\/\/conexion23.com\/?p=20228\"]}]},{\"@type\":\"ImageObject\",\"inLanguage\":\"es\",\"@id\":\"https:\/\/conexion23.com\/?p=20228#primaryimage\",\"url\":\"https:\/\/conexion23.com\/wp-content\/uploads\/2023\/08\/369909875_761389142660913_7693388368166660581_n-1.jpg\",\"contentUrl\":\"https:\/\/conexion23.com\/wp-content\/uploads\/2023\/08\/369909875_761389142660913_7693388368166660581_n-1.jpg\",\"width\":683,\"height\":455},{\"@type\":\"BreadcrumbList\",\"@id\":\"https:\/\/conexion23.com\/?p=20228#breadcrumb\",\"itemListElement\":[{\"@type\":\"ListItem\",\"position\":1,\"name\":\"Portada\",\"item\":\"https:\/\/conexion23.com\/\"},{\"@type\":\"ListItem\",\"position\":2,\"name\":\"Autoridades de San Pedro de Macor\u00eds se re\u00fanen con Organismos de Socorro en preparaci\u00f3n para la Tormenta Tropical Franklin\"}]},{\"@type\":\"WebSite\",\"@id\":\"https:\/\/conexion23.com\/#website\",\"url\":\"https:\/\/conexion23.com\/\",\"name\":\"Conexi\u00f3n 23\",\"description\":\"Peri\u00f3dico 100% Petromacorisano\",\"publisher\":{\"@id\":\"https:\/\/conexion23.com\/#organization\"},\"potentialAction\":[{\"@type\":\"SearchAction\",\"target\":{\"@type\":\"EntryPoint\",\"urlTemplate\":\"https:\/\/conexion23.com\/?s={search_term_string}\"},\"query-input\":{\"@type\":\"PropertyValueSpecification\",\"valueRequired\":true,\"valueName\":\"search_term_string\"}}],\"inLanguage\":\"es\"},{\"@type\":\"Organization\",\"@id\":\"https:\/\/conexion23.com\/#organization\",\"name\":\"Conexion 23\",\"url\":\"https:\/\/conexion23.com\/\",\"logo\":{\"@type\":\"ImageObject\",\"inLanguage\":\"es\",\"@id\":\"https:\/\/conexion23.com\/#\/schema\/logo\/image\/\",\"url\":\"https:\/\/conexion23.com\/wp-content\/uploads\/2021\/11\/Diseno-sin-titulo-2.png\",\"contentUrl\":\"https:\/\/conexion23.com\/wp-content\/uploads\/2021\/11\/Diseno-sin-titulo-2.png\",\"width\":541,\"height\":90,\"caption\":\"Conexion 23\"},\"image\":{\"@id\":\"https:\/\/conexion23.com\/#\/schema\/logo\/image\/\"},\"sameAs\":[\"https:\/\/www.facebook.com\/conexion23com\",\"https:\/\/www.instagram.com\/conexion23com\/\",\"https:\/\/www.youtube.com\/channel\/UCYc7vxxFZMYLIHNsHHxPZ3Q\"]},{\"@type\":\"Person\",\"@id\":\"https:\/\/conexion23.com\/#\/schema\/person\/c0b7ce1f0e7a915d08fa289072b8353a\",\"name\":\"Benjam\u00edn Rosario\",\"image\":{\"@type\":\"ImageObject\",\"inLanguage\":\"es\",\"@id\":\"https:\/\/conexion23.com\/#\/schema\/person\/image\/\",\"url\":\"https:\/\/secure.gravatar.com\/avatar\/62e1b2539b49cdeb50ee302e2a5f2bd31dc7fdba412bbac67e2a2a6e0c89bb2a?s=96&d=mm&r=g\",\"contentUrl\":\"https:\/\/secure.gravatar.com\/avatar\/62e1b2539b49cdeb50ee302e2a5f2bd31dc7fdba412bbac67e2a2a6e0c89bb2a?s=96&d=mm&r=g\",\"caption\":\"Benjam\u00edn Rosario\"},\"url\":\"https:\/\/conexion23.com\/?author=7\"}]}<\/script>\n<!-- \/ Yoast SEO plugin. -->","yoast_head_json":{"title":"Autoridades de San Pedro de Macor\u00eds se re\u00fanen con Organismos de Socorro en preparaci\u00f3n para la Tormenta Tropical Franklin - Conexi\u00f3n 23","description":"En vista de la inminente llegada de la Tormenta Tropical Franklin a las costas dominicanas este mi\u00e9rcoles por la ma\u00f1ana, las autoridades de San Pedro de Macor\u00eds han convocado una reuni\u00f3n de emergencia con los organismos de socorro y representantes de diversas entidades gubernamentales para coordinar acciones y estrategias de respuesta ante el posible impacto del fen\u00f3meno clim\u00e1tico.","robots":{"index":"index","follow":"follow","max-snippet":"max-snippet:-1","max-image-preview":"max-image-preview:large","max-video-preview":"max-video-preview:-1"},"canonical":"https:\/\/conexion23.com\/?p=20228","og_locale":"es_ES","og_type":"article","og_title":"Autoridades de San Pedro de Macor\u00eds se re\u00fanen con Organismos de Socorro en preparaci\u00f3n para la Tormenta Tropical Franklin - Conexi\u00f3n 23","og_description":"En vista de la inminente llegada de la Tormenta Tropical Franklin a las costas dominicanas este mi\u00e9rcoles por la ma\u00f1ana, las autoridades de San Pedro de Macor\u00eds han convocado una reuni\u00f3n de emergencia con los organismos de socorro y representantes de diversas entidades gubernamentales para coordinar acciones y estrategias de respuesta ante el posible impacto del fen\u00f3meno clim\u00e1tico.","og_url":"https:\/\/conexion23.com\/?p=20228","og_site_name":"Conexi\u00f3n 23","article_publisher":"https:\/\/www.facebook.com\/conexion23com","article_published_time":"2023-08-23T01:23:14+00:00","article_modified_time":"2023-08-23T01:23:17+00:00","og_image":[{"width":683,"height":455,"url":"https:\/\/conexion23.com\/wp-content\/uploads\/2023\/08\/369909875_761389142660913_7693388368166660581_n-1.jpg","type":"image\/jpeg"}],"author":"Benjam\u00edn Rosario","twitter_card":"summary_large_image","twitter_misc":{"Escrito por":"Benjam\u00edn Rosario","Tiempo de lectura":"2 minutos"},"schema":{"@context":"https:\/\/schema.org","@graph":[{"@type":"Article","@id":"https:\/\/conexion23.com\/?p=20228#article","isPartOf":{"@id":"https:\/\/conexion23.com\/?p=20228"},"author":{"name":"Benjam\u00edn Rosario","@id":"https:\/\/conexion23.com\/#\/schema\/person\/c0b7ce1f0e7a915d08fa289072b8353a"},"headline":"Autoridades de San Pedro de Macor\u00eds se re\u00fanen con Organismos de Socorro en preparaci\u00f3n para la Tormenta Tropical Franklin","datePublished":"2023-08-23T01:23:14+00:00","dateModified":"2023-08-23T01:23:17+00:00","mainEntityOfPage":{"@id":"https:\/\/conexion23.com\/?p=20228"},"wordCount":425,"commentCount":0,"publisher":{"@id":"https:\/\/conexion23.com\/#organization"},"image":{"@id":"https:\/\/conexion23.com\/?p=20228#primaryimage"},"thumbnailUrl":"https:\/\/conexion23.com\/wp-content\/uploads\/2023\/08\/369909875_761389142660913_7693388368166660581_n-1.jpg","keywords":["autoridades","Franklinpe\u00f1a","organismosdesocorro","Senador","tormentafranklin"],"articleSection":["SPM"],"inLanguage":"es","potentialAction":[{"@type":"CommentAction","name":"Comment","target":["https:\/\/conexion23.com\/?p=20228#respond"]}]},{"@type":"WebPage","@id":"https:\/\/conexion23.com\/?p=20228","url":"https:\/\/conexion23.com\/?p=20228","name":"Autoridades de San Pedro de Macor\u00eds se re\u00fanen con Organismos de Socorro en preparaci\u00f3n para la Tormenta Tropical Franklin - Conexi\u00f3n 23","isPartOf":{"@id":"https:\/\/conexion23.com\/#website"},"primaryImageOfPage":{"@id":"https:\/\/conexion23.com\/?p=20228#primaryimage"},"image":{"@id":"https:\/\/conexion23.com\/?p=20228#primaryimage"},"thumbnailUrl":"https:\/\/conexion23.com\/wp-content\/uploads\/2023\/08\/369909875_761389142660913_7693388368166660581_n-1.jpg","datePublished":"2023-08-23T01:23:14+00:00","dateModified":"2023-08-23T01:23:17+00:00","description":"En vista de la inminente llegada de la Tormenta Tropical Franklin a las costas dominicanas este mi\u00e9rcoles por la ma\u00f1ana, las autoridades de San Pedro de Macor\u00eds han convocado una reuni\u00f3n de emergencia con los organismos de socorro y representantes de diversas entidades gubernamentales para coordinar acciones y estrategias de respuesta ante el posible impacto del fen\u00f3meno clim\u00e1tico.","breadcrumb":{"@id":"https:\/\/conexion23.com\/?p=20228#breadcrumb"},"inLanguage":"es","potentialAction":[{"@type":"ReadAction","target":["https:\/\/conexion23.com\/?p=20228"]}]},{"@type":"ImageObject","inLanguage":"es","@id":"https:\/\/conexion23.com\/?p=20228#primaryimage","url":"https:\/\/conexion23.com\/wp-content\/uploads\/2023\/08\/369909875_761389142660913_7693388368166660581_n-1.jpg","contentUrl":"https:\/\/conexion23.com\/wp-content\/uploads\/2023\/08\/369909875_761389142660913_7693388368166660581_n-1.jpg","width":683,"height":455},{"@type":"BreadcrumbList","@id":"https:\/\/conexion23.com\/?p=20228#breadcrumb","itemListElement":[{"@type":"ListItem","position":1,"name":"Portada","item":"https:\/\/conexion23.com\/"},{"@type":"ListItem","position":2,"name":"Autoridades de San Pedro de Macor\u00eds se re\u00fanen con Organismos de Socorro en preparaci\u00f3n para la Tormenta Tropical Franklin"}]},{"@type":"WebSite","@id":"https:\/\/conexion23.com\/#website","url":"https:\/\/conexion23.com\/","name":"Conexi\u00f3n 23","description":"Peri\u00f3dico 100% Petromacorisano","publisher":{"@id":"https:\/\/conexion23.com\/#organization"},"potentialAction":[{"@type":"SearchAction","target":{"@type":"EntryPoint","urlTemplate":"https:\/\/conexion23.com\/?s={search_term_string}"},"query-input":{"@type":"PropertyValueSpecification","valueRequired":true,"valueName":"search_term_string"}}],"inLanguage":"es"},{"@type":"Organization","@id":"https:\/\/conexion23.com\/#organization","name":"Conexion 23","url":"https:\/\/conexion23.com\/","logo":{"@type":"ImageObject","inLanguage":"es","@id":"https:\/\/conexion23.com\/#\/schema\/logo\/image\/","url":"https:\/\/conexion23.com\/wp-content\/uploads\/2021\/11\/Diseno-sin-titulo-2.png","contentUrl":"https:\/\/conexion23.com\/wp-content\/uploads\/2021\/11\/Diseno-sin-titulo-2.png","width":541,"height":90,"caption":"Conexion 23"},"image":{"@id":"https:\/\/conexion23.com\/#\/schema\/logo\/image\/"},"sameAs":["https:\/\/www.facebook.com\/conexion23com","https:\/\/www.instagram.com\/conexion23com\/","https:\/\/www.youtube.com\/channel\/UCYc7vxxFZMYLIHNsHHxPZ3Q"]},{"@type":"Person","@id":"https:\/\/conexion23.com\/#\/schema\/person\/c0b7ce1f0e7a915d08fa289072b8353a","name":"Benjam\u00edn Rosario","image":{"@type":"ImageObject","inLanguage":"es","@id":"https:\/\/conexion23.com\/#\/schema\/person\/image\/","url":"https:\/\/secure.gravatar.com\/avatar\/62e1b2539b49cdeb50ee302e2a5f2bd31dc7fdba412bbac67e2a2a6e0c89bb2a?s=96&d=mm&r=g","contentUrl":"https:\/\/secure.gravatar.com\/avatar\/62e1b2539b49cdeb50ee302e2a5f2bd31dc7fdba412bbac67e2a2a6e0c89bb2a?s=96&d=mm&r=g","caption":"Benjam\u00edn Rosario"},"url":"https:\/\/conexion23.com\/?author=7"}]}},"_links":{"self":[{"href":"https:\/\/conexion23.com\/index.php?rest_route=\/wp\/v2\/posts\/20228","targetHints":{"allow":["GET"]}}],"collection":[{"href":"https:\/\/conexion23.com\/index.php?rest_route=\/wp\/v2\/posts"}],"about":[{"href":"https:\/\/conexion23.com\/index.php?rest_route=\/wp\/v2\/types\/post"}],"author":[{"embeddable":true,"href":"https:\/\/conexion23.com\/index.php?rest_route=\/wp\/v2\/users\/7"}],"replies":[{"embeddable":true,"href":"https:\/\/conexion23.com\/index.php?rest_route=%2Fwp%2Fv2%2Fcomments&post=20228"}],"version-history":[{"count":1,"href":"https:\/\/conexion23.com\/index.php?rest_route=\/wp\/v2\/posts\/20228\/revisions"}],"predecessor-version":[{"id":20230,"href":"https:\/\/conexion23.com\/index.php?rest_route=\/wp\/v2\/posts\/20228\/revisions\/20230"}],"wp:featuredmedia":[{"embeddable":true,"href":"https:\/\/conexion23.com\/index.php?rest_route=\/wp\/v2\/media\/20229"}],"wp:attachment":[{"href":"https:\/\/conexion23.com\/index.php?rest_route=%2Fwp%2Fv2%2Fmedia&parent=20228"}],"wp:term":[{"taxonomy":"category","embeddable":true,"href":"https:\/\/conexion23.com\/index.php?rest_route=%2Fwp%2Fv2%2Fcategories&post=20228"},{"taxonomy":"post_tag","embeddable":true,"href":"https:\/\/conexion23.com\/index.php?rest_route=%2Fwp%2Fv2%2Ftags&post=20228"}],"curies":[{"name":"wp","href":"https:\/\/api.w.org\/{rel}","templated":true}]}}