{"id":20255,"date":"2023-08-23T11:34:13","date_gmt":"2023-08-23T15:34:13","guid":{"rendered":"https:\/\/conexion23.com\/?p=20255"},"modified":"2023-08-23T11:34:15","modified_gmt":"2023-08-23T15:34:15","slug":"comandante-de-la-pn-realiza-recorrido-de-supervision-por-el-malecon-de-spm","status":"publish","type":"post","link":"https:\/\/conexion23.com\/?p=20255","title":{"rendered":"Comandante de la PN realiza recorrido de supervisi\u00f3n por el malec\u00f3n de SPM."},"content":{"rendered":"\n<p>El comandante departamento San Pedro uno de la regional sureste de la polic\u00eda, Coronel Melvin A. Polanco Lebr\u00f3n, realiz\u00f3 un extenso recorrido por todos los alrededores del Malec\u00f3n de esta ciudad.<\/p>\n\n\n\n<p>Una nota del departamento de comunicaci\u00f3n de esa regional indica que el recorrido tuvo como objetivo mantener el orden y verificar de que todo marche como debe de ser tras el paso de la tormenta y evitar que\u00a0 las personas acudan a las playas del mismo a ba\u00f1arse, ya que est\u00e1 prohibido producto del cierre del malec\u00f3n por el mal tiempo atmosf\u00e9rico.<\/p>\n","protected":false},"excerpt":{"rendered":"<p>El comandante departamento San Pedro uno de la regional sureste de la polic\u00eda, Coronel Melvin A. Polanco Lebr\u00f3n, realiz\u00f3 un extenso recorrido por todos los alrededores del Malec\u00f3n de esta ciudad. Una nota del departamento de comunicaci\u00f3n de esa regional indica que el recorrido tuvo como objetivo mantener el orden y verificar de que todo [&hellip;]<\/p>\n","protected":false},"author":15,"featured_media":20256,"comment_status":"open","ping_status":"open","sticky":false,"template":"","format":"standard","meta":{"footnotes":""},"categories":[35],"tags":[],"class_list":{"0":"post-20255","1":"post","2":"type-post","3":"status-publish","4":"format-standard","5":"has-post-thumbnail","7":"category-spm"},"yoast_head":"<!-- This site is optimized with the Yoast SEO plugin v27.1.1 - https:\/\/yoast.com\/product\/yoast-seo-wordpress\/ -->\n<title>Comandante de la PN realiza recorrido de supervisi\u00f3n por el malec\u00f3n de SPM. - Conexi\u00f3n 23<\/title>\n<meta name=\"robots\" content=\"index, follow, max-snippet:-1, max-image-preview:large, max-video-preview:-1\" \/>\n<link rel=\"canonical\" href=\"https:\/\/conexion23.com\/?p=20255\" \/>\n<meta property=\"og:locale\" content=\"es_ES\" \/>\n<meta property=\"og:type\" content=\"article\" \/>\n<meta property=\"og:title\" content=\"Comandante de la PN realiza recorrido de supervisi\u00f3n por el malec\u00f3n de SPM. - Conexi\u00f3n 23\" \/>\n<meta property=\"og:description\" content=\"El comandante departamento San Pedro uno de la regional sureste de la polic\u00eda, Coronel Melvin A. Polanco Lebr\u00f3n, realiz\u00f3 un extenso recorrido por todos los alrededores del Malec\u00f3n de esta ciudad. Una nota del departamento de comunicaci\u00f3n de esa regional indica que el recorrido tuvo como objetivo mantener el orden y verificar de que todo [&hellip;]\" \/>\n<meta property=\"og:url\" content=\"https:\/\/conexion23.com\/?p=20255\" \/>\n<meta property=\"og:site_name\" content=\"Conexi\u00f3n 23\" \/>\n<meta property=\"article:publisher\" content=\"https:\/\/www.facebook.com\/conexion23com\" \/>\n<meta property=\"article:published_time\" content=\"2023-08-23T15:34:13+00:00\" \/>\n<meta property=\"article:modified_time\" content=\"2023-08-23T15:34:15+00:00\" \/>\n<meta property=\"og:image\" content=\"https:\/\/conexion23.com\/wp-content\/uploads\/2023\/08\/IMG-20230823-WA00181.jpg\" \/>\n\t<meta property=\"og:image:width\" content=\"320\" \/>\n\t<meta property=\"og:image:height\" content=\"240\" \/>\n\t<meta property=\"og:image:type\" content=\"image\/jpeg\" \/>\n<meta name=\"author\" content=\"Raffy Ben\u00edtez\" \/>\n<meta name=\"twitter:card\" content=\"summary_large_image\" \/>\n<meta name=\"twitter:label1\" content=\"Escrito por\" \/>\n\t<meta name=\"twitter:data1\" content=\"Raffy Ben\u00edtez\" \/>\n\t<meta name=\"twitter:label2\" content=\"Tiempo de lectura\" \/>\n\t<meta name=\"twitter:data2\" content=\"1 minuto\" \/>\n<script type=\"application\/ld+json\" class=\"yoast-schema-graph\">{\"@context\":\"https:\/\/schema.org\",\"@graph\":[{\"@type\":\"Article\",\"@id\":\"https:\/\/conexion23.com\/?p=20255#article\",\"isPartOf\":{\"@id\":\"https:\/\/conexion23.com\/?p=20255\"},\"author\":{\"name\":\"Raffy Ben\u00edtez\",\"@id\":\"https:\/\/conexion23.com\/#\/schema\/person\/03e36043331117e97a373299bbcd30a6\"},\"headline\":\"Comandante de la PN realiza recorrido de supervisi\u00f3n por el malec\u00f3n de SPM.\",\"datePublished\":\"2023-08-23T15:34:13+00:00\",\"dateModified\":\"2023-08-23T15:34:15+00:00\",\"mainEntityOfPage\":{\"@id\":\"https:\/\/conexion23.com\/?p=20255\"},\"wordCount\":115,\"commentCount\":0,\"publisher\":{\"@id\":\"https:\/\/conexion23.com\/#organization\"},\"image\":{\"@id\":\"https:\/\/conexion23.com\/?p=20255#primaryimage\"},\"thumbnailUrl\":\"https:\/\/conexion23.com\/wp-content\/uploads\/2023\/08\/IMG-20230823-WA00181.jpg\",\"articleSection\":[\"SPM\"],\"inLanguage\":\"es\",\"potentialAction\":[{\"@type\":\"CommentAction\",\"name\":\"Comment\",\"target\":[\"https:\/\/conexion23.com\/?p=20255#respond\"]}]},{\"@type\":\"WebPage\",\"@id\":\"https:\/\/conexion23.com\/?p=20255\",\"url\":\"https:\/\/conexion23.com\/?p=20255\",\"name\":\"Comandante de la PN realiza recorrido de supervisi\u00f3n por el malec\u00f3n de SPM. - Conexi\u00f3n 23\",\"isPartOf\":{\"@id\":\"https:\/\/conexion23.com\/#website\"},\"primaryImageOfPage\":{\"@id\":\"https:\/\/conexion23.com\/?p=20255#primaryimage\"},\"image\":{\"@id\":\"https:\/\/conexion23.com\/?p=20255#primaryimage\"},\"thumbnailUrl\":\"https:\/\/conexion23.com\/wp-content\/uploads\/2023\/08\/IMG-20230823-WA00181.jpg\",\"datePublished\":\"2023-08-23T15:34:13+00:00\",\"dateModified\":\"2023-08-23T15:34:15+00:00\",\"breadcrumb\":{\"@id\":\"https:\/\/conexion23.com\/?p=20255#breadcrumb\"},\"inLanguage\":\"es\",\"potentialAction\":[{\"@type\":\"ReadAction\",\"target\":[\"https:\/\/conexion23.com\/?p=20255\"]}]},{\"@type\":\"ImageObject\",\"inLanguage\":\"es\",\"@id\":\"https:\/\/conexion23.com\/?p=20255#primaryimage\",\"url\":\"https:\/\/conexion23.com\/wp-content\/uploads\/2023\/08\/IMG-20230823-WA00181.jpg\",\"contentUrl\":\"https:\/\/conexion23.com\/wp-content\/uploads\/2023\/08\/IMG-20230823-WA00181.jpg\",\"width\":320,\"height\":240},{\"@type\":\"BreadcrumbList\",\"@id\":\"https:\/\/conexion23.com\/?p=20255#breadcrumb\",\"itemListElement\":[{\"@type\":\"ListItem\",\"position\":1,\"name\":\"Portada\",\"item\":\"https:\/\/conexion23.com\/\"},{\"@type\":\"ListItem\",\"position\":2,\"name\":\"Comandante de la PN realiza recorrido de supervisi\u00f3n por el malec\u00f3n de SPM.\"}]},{\"@type\":\"WebSite\",\"@id\":\"https:\/\/conexion23.com\/#website\",\"url\":\"https:\/\/conexion23.com\/\",\"name\":\"Conexi\u00f3n 23\",\"description\":\"Peri\u00f3dico 100% Petromacorisano\",\"publisher\":{\"@id\":\"https:\/\/conexion23.com\/#organization\"},\"potentialAction\":[{\"@type\":\"SearchAction\",\"target\":{\"@type\":\"EntryPoint\",\"urlTemplate\":\"https:\/\/conexion23.com\/?s={search_term_string}\"},\"query-input\":{\"@type\":\"PropertyValueSpecification\",\"valueRequired\":true,\"valueName\":\"search_term_string\"}}],\"inLanguage\":\"es\"},{\"@type\":\"Organization\",\"@id\":\"https:\/\/conexion23.com\/#organization\",\"name\":\"Conexion 23\",\"url\":\"https:\/\/conexion23.com\/\",\"logo\":{\"@type\":\"ImageObject\",\"inLanguage\":\"es\",\"@id\":\"https:\/\/conexion23.com\/#\/schema\/logo\/image\/\",\"url\":\"https:\/\/conexion23.com\/wp-content\/uploads\/2021\/11\/Diseno-sin-titulo-2.png\",\"contentUrl\":\"https:\/\/conexion23.com\/wp-content\/uploads\/2021\/11\/Diseno-sin-titulo-2.png\",\"width\":541,\"height\":90,\"caption\":\"Conexion 23\"},\"image\":{\"@id\":\"https:\/\/conexion23.com\/#\/schema\/logo\/image\/\"},\"sameAs\":[\"https:\/\/www.facebook.com\/conexion23com\",\"https:\/\/www.instagram.com\/conexion23com\/\",\"https:\/\/www.youtube.com\/channel\/UCYc7vxxFZMYLIHNsHHxPZ3Q\"]},{\"@type\":\"Person\",\"@id\":\"https:\/\/conexion23.com\/#\/schema\/person\/03e36043331117e97a373299bbcd30a6\",\"name\":\"Raffy Ben\u00edtez\",\"image\":{\"@type\":\"ImageObject\",\"inLanguage\":\"es\",\"@id\":\"https:\/\/conexion23.com\/#\/schema\/person\/image\/\",\"url\":\"https:\/\/secure.gravatar.com\/avatar\/3190a6a6c5e1b0327500f7d6c56b6242472ee6cb974cf09b401ee6b3b0798f23?s=96&d=mm&r=g\",\"contentUrl\":\"https:\/\/secure.gravatar.com\/avatar\/3190a6a6c5e1b0327500f7d6c56b6242472ee6cb974cf09b401ee6b3b0798f23?s=96&d=mm&r=g\",\"caption\":\"Raffy Ben\u00edtez\"},\"url\":\"https:\/\/conexion23.com\/?author=15\"}]}<\/script>\n<!-- \/ Yoast SEO plugin. -->","yoast_head_json":{"title":"Comandante de la PN realiza recorrido de supervisi\u00f3n por el malec\u00f3n de SPM. - Conexi\u00f3n 23","robots":{"index":"index","follow":"follow","max-snippet":"max-snippet:-1","max-image-preview":"max-image-preview:large","max-video-preview":"max-video-preview:-1"},"canonical":"https:\/\/conexion23.com\/?p=20255","og_locale":"es_ES","og_type":"article","og_title":"Comandante de la PN realiza recorrido de supervisi\u00f3n por el malec\u00f3n de SPM. - Conexi\u00f3n 23","og_description":"El comandante departamento San Pedro uno de la regional sureste de la polic\u00eda, Coronel Melvin A. Polanco Lebr\u00f3n, realiz\u00f3 un extenso recorrido por todos los alrededores del Malec\u00f3n de esta ciudad. Una nota del departamento de comunicaci\u00f3n de esa regional indica que el recorrido tuvo como objetivo mantener el orden y verificar de que todo [&hellip;]","og_url":"https:\/\/conexion23.com\/?p=20255","og_site_name":"Conexi\u00f3n 23","article_publisher":"https:\/\/www.facebook.com\/conexion23com","article_published_time":"2023-08-23T15:34:13+00:00","article_modified_time":"2023-08-23T15:34:15+00:00","og_image":[{"width":320,"height":240,"url":"https:\/\/conexion23.com\/wp-content\/uploads\/2023\/08\/IMG-20230823-WA00181.jpg","type":"image\/jpeg"}],"author":"Raffy Ben\u00edtez","twitter_card":"summary_large_image","twitter_misc":{"Escrito por":"Raffy Ben\u00edtez","Tiempo de lectura":"1 minuto"},"schema":{"@context":"https:\/\/schema.org","@graph":[{"@type":"Article","@id":"https:\/\/conexion23.com\/?p=20255#article","isPartOf":{"@id":"https:\/\/conexion23.com\/?p=20255"},"author":{"name":"Raffy Ben\u00edtez","@id":"https:\/\/conexion23.com\/#\/schema\/person\/03e36043331117e97a373299bbcd30a6"},"headline":"Comandante de la PN realiza recorrido de supervisi\u00f3n por el malec\u00f3n de SPM.","datePublished":"2023-08-23T15:34:13+00:00","dateModified":"2023-08-23T15:34:15+00:00","mainEntityOfPage":{"@id":"https:\/\/conexion23.com\/?p=20255"},"wordCount":115,"commentCount":0,"publisher":{"@id":"https:\/\/conexion23.com\/#organization"},"image":{"@id":"https:\/\/conexion23.com\/?p=20255#primaryimage"},"thumbnailUrl":"https:\/\/conexion23.com\/wp-content\/uploads\/2023\/08\/IMG-20230823-WA00181.jpg","articleSection":["SPM"],"inLanguage":"es","potentialAction":[{"@type":"CommentAction","name":"Comment","target":["https:\/\/conexion23.com\/?p=20255#respond"]}]},{"@type":"WebPage","@id":"https:\/\/conexion23.com\/?p=20255","url":"https:\/\/conexion23.com\/?p=20255","name":"Comandante de la PN realiza recorrido de supervisi\u00f3n por el malec\u00f3n de SPM. - Conexi\u00f3n 23","isPartOf":{"@id":"https:\/\/conexion23.com\/#website"},"primaryImageOfPage":{"@id":"https:\/\/conexion23.com\/?p=20255#primaryimage"},"image":{"@id":"https:\/\/conexion23.com\/?p=20255#primaryimage"},"thumbnailUrl":"https:\/\/conexion23.com\/wp-content\/uploads\/2023\/08\/IMG-20230823-WA00181.jpg","datePublished":"2023-08-23T15:34:13+00:00","dateModified":"2023-08-23T15:34:15+00:00","breadcrumb":{"@id":"https:\/\/conexion23.com\/?p=20255#breadcrumb"},"inLanguage":"es","potentialAction":[{"@type":"ReadAction","target":["https:\/\/conexion23.com\/?p=20255"]}]},{"@type":"ImageObject","inLanguage":"es","@id":"https:\/\/conexion23.com\/?p=20255#primaryimage","url":"https:\/\/conexion23.com\/wp-content\/uploads\/2023\/08\/IMG-20230823-WA00181.jpg","contentUrl":"https:\/\/conexion23.com\/wp-content\/uploads\/2023\/08\/IMG-20230823-WA00181.jpg","width":320,"height":240},{"@type":"BreadcrumbList","@id":"https:\/\/conexion23.com\/?p=20255#breadcrumb","itemListElement":[{"@type":"ListItem","position":1,"name":"Portada","item":"https:\/\/conexion23.com\/"},{"@type":"ListItem","position":2,"name":"Comandante de la PN realiza recorrido de supervisi\u00f3n por el malec\u00f3n de SPM."}]},{"@type":"WebSite","@id":"https:\/\/conexion23.com\/#website","url":"https:\/\/conexion23.com\/","name":"Conexi\u00f3n 23","description":"Peri\u00f3dico 100% Petromacorisano","publisher":{"@id":"https:\/\/conexion23.com\/#organization"},"potentialAction":[{"@type":"SearchAction","target":{"@type":"EntryPoint","urlTemplate":"https:\/\/conexion23.com\/?s={search_term_string}"},"query-input":{"@type":"PropertyValueSpecification","valueRequired":true,"valueName":"search_term_string"}}],"inLanguage":"es"},{"@type":"Organization","@id":"https:\/\/conexion23.com\/#organization","name":"Conexion 23","url":"https:\/\/conexion23.com\/","logo":{"@type":"ImageObject","inLanguage":"es","@id":"https:\/\/conexion23.com\/#\/schema\/logo\/image\/","url":"https:\/\/conexion23.com\/wp-content\/uploads\/2021\/11\/Diseno-sin-titulo-2.png","contentUrl":"https:\/\/conexion23.com\/wp-content\/uploads\/2021\/11\/Diseno-sin-titulo-2.png","width":541,"height":90,"caption":"Conexion 23"},"image":{"@id":"https:\/\/conexion23.com\/#\/schema\/logo\/image\/"},"sameAs":["https:\/\/www.facebook.com\/conexion23com","https:\/\/www.instagram.com\/conexion23com\/","https:\/\/www.youtube.com\/channel\/UCYc7vxxFZMYLIHNsHHxPZ3Q"]},{"@type":"Person","@id":"https:\/\/conexion23.com\/#\/schema\/person\/03e36043331117e97a373299bbcd30a6","name":"Raffy Ben\u00edtez","image":{"@type":"ImageObject","inLanguage":"es","@id":"https:\/\/conexion23.com\/#\/schema\/person\/image\/","url":"https:\/\/secure.gravatar.com\/avatar\/3190a6a6c5e1b0327500f7d6c56b6242472ee6cb974cf09b401ee6b3b0798f23?s=96&d=mm&r=g","contentUrl":"https:\/\/secure.gravatar.com\/avatar\/3190a6a6c5e1b0327500f7d6c56b6242472ee6cb974cf09b401ee6b3b0798f23?s=96&d=mm&r=g","caption":"Raffy Ben\u00edtez"},"url":"https:\/\/conexion23.com\/?author=15"}]}},"_links":{"self":[{"href":"https:\/\/conexion23.com\/index.php?rest_route=\/wp\/v2\/posts\/20255","targetHints":{"allow":["GET"]}}],"collection":[{"href":"https:\/\/conexion23.com\/index.php?rest_route=\/wp\/v2\/posts"}],"about":[{"href":"https:\/\/conexion23.com\/index.php?rest_route=\/wp\/v2\/types\/post"}],"author":[{"embeddable":true,"href":"https:\/\/conexion23.com\/index.php?rest_route=\/wp\/v2\/users\/15"}],"replies":[{"embeddable":true,"href":"https:\/\/conexion23.com\/index.php?rest_route=%2Fwp%2Fv2%2Fcomments&post=20255"}],"version-history":[{"count":1,"href":"https:\/\/conexion23.com\/index.php?rest_route=\/wp\/v2\/posts\/20255\/revisions"}],"predecessor-version":[{"id":20257,"href":"https:\/\/conexion23.com\/index.php?rest_route=\/wp\/v2\/posts\/20255\/revisions\/20257"}],"wp:featuredmedia":[{"embeddable":true,"href":"https:\/\/conexion23.com\/index.php?rest_route=\/wp\/v2\/media\/20256"}],"wp:attachment":[{"href":"https:\/\/conexion23.com\/index.php?rest_route=%2Fwp%2Fv2%2Fmedia&parent=20255"}],"wp:term":[{"taxonomy":"category","embeddable":true,"href":"https:\/\/conexion23.com\/index.php?rest_route=%2Fwp%2Fv2%2Fcategories&post=20255"},{"taxonomy":"post_tag","embeddable":true,"href":"https:\/\/conexion23.com\/index.php?rest_route=%2Fwp%2Fv2%2Ftags&post=20255"}],"curies":[{"name":"wp","href":"https:\/\/api.w.org\/{rel}","templated":true}]}}