{"id":20264,"date":"2023-08-23T17:56:40","date_gmt":"2023-08-23T21:56:40","guid":{"rendered":"https:\/\/conexion23.com\/?p=20264"},"modified":"2023-08-23T17:56:43","modified_gmt":"2023-08-23T21:56:43","slug":"muere-hombre-arrastrado-por-canada-en-san-cristobal","status":"publish","type":"post","link":"https:\/\/conexion23.com\/?p=20264","title":{"rendered":"Muere hombre arrastrado por ca\u00f1ada en San Cristobal."},"content":{"rendered":"\n<p><strong>Carlos Marino Mart\u00ednez de 32 a\u00f1os fue la persona que<\/strong>&nbsp;<strong>se ahog\u00f3<\/strong>&nbsp;al intentar cruzar una&nbsp;<strong>ca\u00f1ada<\/strong>&nbsp;la ma\u00f1ana de este mi\u00e9rcoles 23 de agosto en la comunidad Banda\u00f1o, provincia de&nbsp;<strong>San Crist\u00f3bal<\/strong>.<\/p>\n\n\n\n<p>La&nbsp;<strong>ca\u00f1ada<\/strong>&nbsp;se&nbsp;<strong>hab\u00eda desbordado en horas de<\/strong>&nbsp;la madrugada de este mi\u00e9rcoles. Sin embargo, los residentes la atraviesan para cortar camino hacia el municipio cabecera.<\/p>\n\n\n\n<p>A pesar de las&nbsp;<strong>advertencias<\/strong>&nbsp;de algunos miembros de la comunidad para que&nbsp;<strong>Carlos Marino&nbsp;<\/strong>no tomara ese camino, decidi\u00f3 hacerlo de todos modos, seg\u00fan&nbsp;<strong>confirm\u00f3<\/strong>&nbsp;su hermana.<\/p>\n\n\n\n<p>Marino se dedicaba a trabajos de&nbsp;<strong>electricidad<\/strong>. Hab\u00eda conseguido dinero para entreg\u00e1rselo a su hermana y fue despu\u00e9s de hacer la entrega cuando ocurri\u00f3 la&nbsp;<strong>tragedia<\/strong>.<\/p>\n\n\n\n<p>\u00ab\u00c9l ven\u00eda de&nbsp;<strong>trabajar<\/strong>&nbsp;y fue a mi casa a entregarme dinero y luego se fue por el corte y por ah\u00ed hay una&nbsp;<strong>ca\u00f1ada<\/strong>. Se fue por ah\u00ed porque es m\u00e1s cerca de&nbsp;<strong>San Crist\u00f3bal<\/strong>&nbsp;y la&nbsp;<strong>ca\u00f1ada<\/strong>&nbsp;estaba muy alta y \u00e9l la cruz\u00f3, le dijeron que no lo hiciera pero \u00e9l decidi\u00f3 hacerlo y la corriente lo arrastr\u00f3\u00bb, expres\u00f3 Madelin Mart\u00ednez, hermana del fallecido.<\/p>\n","protected":false},"excerpt":{"rendered":"<p>Carlos Marino Mart\u00ednez de 32 a\u00f1os fue la persona que&nbsp;se ahog\u00f3&nbsp;al intentar cruzar una&nbsp;ca\u00f1ada&nbsp;la ma\u00f1ana de este mi\u00e9rcoles 23 de agosto en la comunidad Banda\u00f1o, provincia de&nbsp;San Crist\u00f3bal. La&nbsp;ca\u00f1ada&nbsp;se&nbsp;hab\u00eda desbordado en horas de&nbsp;la madrugada de este mi\u00e9rcoles. Sin embargo, los residentes la atraviesan para cortar camino hacia el municipio cabecera. A pesar de las&nbsp;advertencias&nbsp;de algunos [&hellip;]<\/p>\n","protected":false},"author":15,"featured_media":20265,"comment_status":"open","ping_status":"open","sticky":false,"template":"","format":"standard","meta":{"footnotes":""},"categories":[1],"tags":[],"class_list":{"0":"post-20264","1":"post","2":"type-post","3":"status-publish","4":"format-standard","5":"has-post-thumbnail","7":"category-uncategorized"},"yoast_head":"<!-- This site is optimized with the Yoast SEO plugin v27.1.1 - https:\/\/yoast.com\/product\/yoast-seo-wordpress\/ -->\n<title>Muere hombre arrastrado por ca\u00f1ada en San Cristobal. - Conexi\u00f3n 23<\/title>\n<meta name=\"robots\" content=\"index, follow, max-snippet:-1, max-image-preview:large, max-video-preview:-1\" \/>\n<link rel=\"canonical\" href=\"https:\/\/conexion23.com\/?p=20264\" \/>\n<meta property=\"og:locale\" content=\"es_ES\" \/>\n<meta property=\"og:type\" content=\"article\" \/>\n<meta property=\"og:title\" content=\"Muere hombre arrastrado por ca\u00f1ada en San Cristobal. - Conexi\u00f3n 23\" \/>\n<meta property=\"og:description\" content=\"Carlos Marino Mart\u00ednez de 32 a\u00f1os fue la persona que&nbsp;se ahog\u00f3&nbsp;al intentar cruzar una&nbsp;ca\u00f1ada&nbsp;la ma\u00f1ana de este mi\u00e9rcoles 23 de agosto en la comunidad Banda\u00f1o, provincia de&nbsp;San Crist\u00f3bal. La&nbsp;ca\u00f1ada&nbsp;se&nbsp;hab\u00eda desbordado en horas de&nbsp;la madrugada de este mi\u00e9rcoles. Sin embargo, los residentes la atraviesan para cortar camino hacia el municipio cabecera. A pesar de las&nbsp;advertencias&nbsp;de algunos [&hellip;]\" \/>\n<meta property=\"og:url\" content=\"https:\/\/conexion23.com\/?p=20264\" \/>\n<meta property=\"og:site_name\" content=\"Conexi\u00f3n 23\" \/>\n<meta property=\"article:publisher\" content=\"https:\/\/www.facebook.com\/conexion23com\" \/>\n<meta property=\"article:published_time\" content=\"2023-08-23T21:56:40+00:00\" \/>\n<meta property=\"article:modified_time\" content=\"2023-08-23T21:56:43+00:00\" \/>\n<meta property=\"og:image\" content=\"https:\/\/conexion23.com\/wp-content\/uploads\/2023\/08\/whatsapp-image-2023-08-23-at-15506-pm-1-20d09854-focus-min0.19-0.72-896-504.jpg\" \/>\n\t<meta property=\"og:image:width\" content=\"896\" \/>\n\t<meta property=\"og:image:height\" content=\"504\" \/>\n\t<meta property=\"og:image:type\" content=\"image\/jpeg\" \/>\n<meta name=\"author\" content=\"Raffy Ben\u00edtez\" \/>\n<meta name=\"twitter:card\" content=\"summary_large_image\" \/>\n<meta name=\"twitter:label1\" content=\"Escrito por\" \/>\n\t<meta name=\"twitter:data1\" content=\"Raffy Ben\u00edtez\" \/>\n\t<meta name=\"twitter:label2\" content=\"Tiempo de lectura\" \/>\n\t<meta name=\"twitter:data2\" content=\"1 minuto\" \/>\n<script type=\"application\/ld+json\" class=\"yoast-schema-graph\">{\"@context\":\"https:\/\/schema.org\",\"@graph\":[{\"@type\":\"Article\",\"@id\":\"https:\/\/conexion23.com\/?p=20264#article\",\"isPartOf\":{\"@id\":\"https:\/\/conexion23.com\/?p=20264\"},\"author\":{\"name\":\"Raffy Ben\u00edtez\",\"@id\":\"https:\/\/conexion23.com\/#\/schema\/person\/03e36043331117e97a373299bbcd30a6\"},\"headline\":\"Muere hombre arrastrado por ca\u00f1ada en San Cristobal.\",\"datePublished\":\"2023-08-23T21:56:40+00:00\",\"dateModified\":\"2023-08-23T21:56:43+00:00\",\"mainEntityOfPage\":{\"@id\":\"https:\/\/conexion23.com\/?p=20264\"},\"wordCount\":231,\"commentCount\":0,\"publisher\":{\"@id\":\"https:\/\/conexion23.com\/#organization\"},\"image\":{\"@id\":\"https:\/\/conexion23.com\/?p=20264#primaryimage\"},\"thumbnailUrl\":\"https:\/\/conexion23.com\/wp-content\/uploads\/2023\/08\/whatsapp-image-2023-08-23-at-15506-pm-1-20d09854-focus-min0.19-0.72-896-504.jpg\",\"articleSection\":[\"Uncategorized\"],\"inLanguage\":\"es\",\"potentialAction\":[{\"@type\":\"CommentAction\",\"name\":\"Comment\",\"target\":[\"https:\/\/conexion23.com\/?p=20264#respond\"]}]},{\"@type\":\"WebPage\",\"@id\":\"https:\/\/conexion23.com\/?p=20264\",\"url\":\"https:\/\/conexion23.com\/?p=20264\",\"name\":\"Muere hombre arrastrado por ca\u00f1ada en San Cristobal. - Conexi\u00f3n 23\",\"isPartOf\":{\"@id\":\"https:\/\/conexion23.com\/#website\"},\"primaryImageOfPage\":{\"@id\":\"https:\/\/conexion23.com\/?p=20264#primaryimage\"},\"image\":{\"@id\":\"https:\/\/conexion23.com\/?p=20264#primaryimage\"},\"thumbnailUrl\":\"https:\/\/conexion23.com\/wp-content\/uploads\/2023\/08\/whatsapp-image-2023-08-23-at-15506-pm-1-20d09854-focus-min0.19-0.72-896-504.jpg\",\"datePublished\":\"2023-08-23T21:56:40+00:00\",\"dateModified\":\"2023-08-23T21:56:43+00:00\",\"breadcrumb\":{\"@id\":\"https:\/\/conexion23.com\/?p=20264#breadcrumb\"},\"inLanguage\":\"es\",\"potentialAction\":[{\"@type\":\"ReadAction\",\"target\":[\"https:\/\/conexion23.com\/?p=20264\"]}]},{\"@type\":\"ImageObject\",\"inLanguage\":\"es\",\"@id\":\"https:\/\/conexion23.com\/?p=20264#primaryimage\",\"url\":\"https:\/\/conexion23.com\/wp-content\/uploads\/2023\/08\/whatsapp-image-2023-08-23-at-15506-pm-1-20d09854-focus-min0.19-0.72-896-504.jpg\",\"contentUrl\":\"https:\/\/conexion23.com\/wp-content\/uploads\/2023\/08\/whatsapp-image-2023-08-23-at-15506-pm-1-20d09854-focus-min0.19-0.72-896-504.jpg\",\"width\":896,\"height\":504},{\"@type\":\"BreadcrumbList\",\"@id\":\"https:\/\/conexion23.com\/?p=20264#breadcrumb\",\"itemListElement\":[{\"@type\":\"ListItem\",\"position\":1,\"name\":\"Portada\",\"item\":\"https:\/\/conexion23.com\/\"},{\"@type\":\"ListItem\",\"position\":2,\"name\":\"Muere hombre arrastrado por ca\u00f1ada en San Cristobal.\"}]},{\"@type\":\"WebSite\",\"@id\":\"https:\/\/conexion23.com\/#website\",\"url\":\"https:\/\/conexion23.com\/\",\"name\":\"Conexi\u00f3n 23\",\"description\":\"Peri\u00f3dico 100% Petromacorisano\",\"publisher\":{\"@id\":\"https:\/\/conexion23.com\/#organization\"},\"potentialAction\":[{\"@type\":\"SearchAction\",\"target\":{\"@type\":\"EntryPoint\",\"urlTemplate\":\"https:\/\/conexion23.com\/?s={search_term_string}\"},\"query-input\":{\"@type\":\"PropertyValueSpecification\",\"valueRequired\":true,\"valueName\":\"search_term_string\"}}],\"inLanguage\":\"es\"},{\"@type\":\"Organization\",\"@id\":\"https:\/\/conexion23.com\/#organization\",\"name\":\"Conexion 23\",\"url\":\"https:\/\/conexion23.com\/\",\"logo\":{\"@type\":\"ImageObject\",\"inLanguage\":\"es\",\"@id\":\"https:\/\/conexion23.com\/#\/schema\/logo\/image\/\",\"url\":\"https:\/\/conexion23.com\/wp-content\/uploads\/2021\/11\/Diseno-sin-titulo-2.png\",\"contentUrl\":\"https:\/\/conexion23.com\/wp-content\/uploads\/2021\/11\/Diseno-sin-titulo-2.png\",\"width\":541,\"height\":90,\"caption\":\"Conexion 23\"},\"image\":{\"@id\":\"https:\/\/conexion23.com\/#\/schema\/logo\/image\/\"},\"sameAs\":[\"https:\/\/www.facebook.com\/conexion23com\",\"https:\/\/www.instagram.com\/conexion23com\/\",\"https:\/\/www.youtube.com\/channel\/UCYc7vxxFZMYLIHNsHHxPZ3Q\"]},{\"@type\":\"Person\",\"@id\":\"https:\/\/conexion23.com\/#\/schema\/person\/03e36043331117e97a373299bbcd30a6\",\"name\":\"Raffy Ben\u00edtez\",\"image\":{\"@type\":\"ImageObject\",\"inLanguage\":\"es\",\"@id\":\"https:\/\/conexion23.com\/#\/schema\/person\/image\/\",\"url\":\"https:\/\/secure.gravatar.com\/avatar\/3190a6a6c5e1b0327500f7d6c56b6242472ee6cb974cf09b401ee6b3b0798f23?s=96&d=mm&r=g\",\"contentUrl\":\"https:\/\/secure.gravatar.com\/avatar\/3190a6a6c5e1b0327500f7d6c56b6242472ee6cb974cf09b401ee6b3b0798f23?s=96&d=mm&r=g\",\"caption\":\"Raffy Ben\u00edtez\"},\"url\":\"https:\/\/conexion23.com\/?author=15\"}]}<\/script>\n<!-- \/ Yoast SEO plugin. -->","yoast_head_json":{"title":"Muere hombre arrastrado por ca\u00f1ada en San Cristobal. - Conexi\u00f3n 23","robots":{"index":"index","follow":"follow","max-snippet":"max-snippet:-1","max-image-preview":"max-image-preview:large","max-video-preview":"max-video-preview:-1"},"canonical":"https:\/\/conexion23.com\/?p=20264","og_locale":"es_ES","og_type":"article","og_title":"Muere hombre arrastrado por ca\u00f1ada en San Cristobal. - Conexi\u00f3n 23","og_description":"Carlos Marino Mart\u00ednez de 32 a\u00f1os fue la persona que&nbsp;se ahog\u00f3&nbsp;al intentar cruzar una&nbsp;ca\u00f1ada&nbsp;la ma\u00f1ana de este mi\u00e9rcoles 23 de agosto en la comunidad Banda\u00f1o, provincia de&nbsp;San Crist\u00f3bal. La&nbsp;ca\u00f1ada&nbsp;se&nbsp;hab\u00eda desbordado en horas de&nbsp;la madrugada de este mi\u00e9rcoles. Sin embargo, los residentes la atraviesan para cortar camino hacia el municipio cabecera. A pesar de las&nbsp;advertencias&nbsp;de algunos [&hellip;]","og_url":"https:\/\/conexion23.com\/?p=20264","og_site_name":"Conexi\u00f3n 23","article_publisher":"https:\/\/www.facebook.com\/conexion23com","article_published_time":"2023-08-23T21:56:40+00:00","article_modified_time":"2023-08-23T21:56:43+00:00","og_image":[{"width":896,"height":504,"url":"https:\/\/conexion23.com\/wp-content\/uploads\/2023\/08\/whatsapp-image-2023-08-23-at-15506-pm-1-20d09854-focus-min0.19-0.72-896-504.jpg","type":"image\/jpeg"}],"author":"Raffy Ben\u00edtez","twitter_card":"summary_large_image","twitter_misc":{"Escrito por":"Raffy Ben\u00edtez","Tiempo de lectura":"1 minuto"},"schema":{"@context":"https:\/\/schema.org","@graph":[{"@type":"Article","@id":"https:\/\/conexion23.com\/?p=20264#article","isPartOf":{"@id":"https:\/\/conexion23.com\/?p=20264"},"author":{"name":"Raffy Ben\u00edtez","@id":"https:\/\/conexion23.com\/#\/schema\/person\/03e36043331117e97a373299bbcd30a6"},"headline":"Muere hombre arrastrado por ca\u00f1ada en San Cristobal.","datePublished":"2023-08-23T21:56:40+00:00","dateModified":"2023-08-23T21:56:43+00:00","mainEntityOfPage":{"@id":"https:\/\/conexion23.com\/?p=20264"},"wordCount":231,"commentCount":0,"publisher":{"@id":"https:\/\/conexion23.com\/#organization"},"image":{"@id":"https:\/\/conexion23.com\/?p=20264#primaryimage"},"thumbnailUrl":"https:\/\/conexion23.com\/wp-content\/uploads\/2023\/08\/whatsapp-image-2023-08-23-at-15506-pm-1-20d09854-focus-min0.19-0.72-896-504.jpg","articleSection":["Uncategorized"],"inLanguage":"es","potentialAction":[{"@type":"CommentAction","name":"Comment","target":["https:\/\/conexion23.com\/?p=20264#respond"]}]},{"@type":"WebPage","@id":"https:\/\/conexion23.com\/?p=20264","url":"https:\/\/conexion23.com\/?p=20264","name":"Muere hombre arrastrado por ca\u00f1ada en San Cristobal. - Conexi\u00f3n 23","isPartOf":{"@id":"https:\/\/conexion23.com\/#website"},"primaryImageOfPage":{"@id":"https:\/\/conexion23.com\/?p=20264#primaryimage"},"image":{"@id":"https:\/\/conexion23.com\/?p=20264#primaryimage"},"thumbnailUrl":"https:\/\/conexion23.com\/wp-content\/uploads\/2023\/08\/whatsapp-image-2023-08-23-at-15506-pm-1-20d09854-focus-min0.19-0.72-896-504.jpg","datePublished":"2023-08-23T21:56:40+00:00","dateModified":"2023-08-23T21:56:43+00:00","breadcrumb":{"@id":"https:\/\/conexion23.com\/?p=20264#breadcrumb"},"inLanguage":"es","potentialAction":[{"@type":"ReadAction","target":["https:\/\/conexion23.com\/?p=20264"]}]},{"@type":"ImageObject","inLanguage":"es","@id":"https:\/\/conexion23.com\/?p=20264#primaryimage","url":"https:\/\/conexion23.com\/wp-content\/uploads\/2023\/08\/whatsapp-image-2023-08-23-at-15506-pm-1-20d09854-focus-min0.19-0.72-896-504.jpg","contentUrl":"https:\/\/conexion23.com\/wp-content\/uploads\/2023\/08\/whatsapp-image-2023-08-23-at-15506-pm-1-20d09854-focus-min0.19-0.72-896-504.jpg","width":896,"height":504},{"@type":"BreadcrumbList","@id":"https:\/\/conexion23.com\/?p=20264#breadcrumb","itemListElement":[{"@type":"ListItem","position":1,"name":"Portada","item":"https:\/\/conexion23.com\/"},{"@type":"ListItem","position":2,"name":"Muere hombre arrastrado por ca\u00f1ada en San Cristobal."}]},{"@type":"WebSite","@id":"https:\/\/conexion23.com\/#website","url":"https:\/\/conexion23.com\/","name":"Conexi\u00f3n 23","description":"Peri\u00f3dico 100% Petromacorisano","publisher":{"@id":"https:\/\/conexion23.com\/#organization"},"potentialAction":[{"@type":"SearchAction","target":{"@type":"EntryPoint","urlTemplate":"https:\/\/conexion23.com\/?s={search_term_string}"},"query-input":{"@type":"PropertyValueSpecification","valueRequired":true,"valueName":"search_term_string"}}],"inLanguage":"es"},{"@type":"Organization","@id":"https:\/\/conexion23.com\/#organization","name":"Conexion 23","url":"https:\/\/conexion23.com\/","logo":{"@type":"ImageObject","inLanguage":"es","@id":"https:\/\/conexion23.com\/#\/schema\/logo\/image\/","url":"https:\/\/conexion23.com\/wp-content\/uploads\/2021\/11\/Diseno-sin-titulo-2.png","contentUrl":"https:\/\/conexion23.com\/wp-content\/uploads\/2021\/11\/Diseno-sin-titulo-2.png","width":541,"height":90,"caption":"Conexion 23"},"image":{"@id":"https:\/\/conexion23.com\/#\/schema\/logo\/image\/"},"sameAs":["https:\/\/www.facebook.com\/conexion23com","https:\/\/www.instagram.com\/conexion23com\/","https:\/\/www.youtube.com\/channel\/UCYc7vxxFZMYLIHNsHHxPZ3Q"]},{"@type":"Person","@id":"https:\/\/conexion23.com\/#\/schema\/person\/03e36043331117e97a373299bbcd30a6","name":"Raffy Ben\u00edtez","image":{"@type":"ImageObject","inLanguage":"es","@id":"https:\/\/conexion23.com\/#\/schema\/person\/image\/","url":"https:\/\/secure.gravatar.com\/avatar\/3190a6a6c5e1b0327500f7d6c56b6242472ee6cb974cf09b401ee6b3b0798f23?s=96&d=mm&r=g","contentUrl":"https:\/\/secure.gravatar.com\/avatar\/3190a6a6c5e1b0327500f7d6c56b6242472ee6cb974cf09b401ee6b3b0798f23?s=96&d=mm&r=g","caption":"Raffy Ben\u00edtez"},"url":"https:\/\/conexion23.com\/?author=15"}]}},"_links":{"self":[{"href":"https:\/\/conexion23.com\/index.php?rest_route=\/wp\/v2\/posts\/20264","targetHints":{"allow":["GET"]}}],"collection":[{"href":"https:\/\/conexion23.com\/index.php?rest_route=\/wp\/v2\/posts"}],"about":[{"href":"https:\/\/conexion23.com\/index.php?rest_route=\/wp\/v2\/types\/post"}],"author":[{"embeddable":true,"href":"https:\/\/conexion23.com\/index.php?rest_route=\/wp\/v2\/users\/15"}],"replies":[{"embeddable":true,"href":"https:\/\/conexion23.com\/index.php?rest_route=%2Fwp%2Fv2%2Fcomments&post=20264"}],"version-history":[{"count":1,"href":"https:\/\/conexion23.com\/index.php?rest_route=\/wp\/v2\/posts\/20264\/revisions"}],"predecessor-version":[{"id":20266,"href":"https:\/\/conexion23.com\/index.php?rest_route=\/wp\/v2\/posts\/20264\/revisions\/20266"}],"wp:featuredmedia":[{"embeddable":true,"href":"https:\/\/conexion23.com\/index.php?rest_route=\/wp\/v2\/media\/20265"}],"wp:attachment":[{"href":"https:\/\/conexion23.com\/index.php?rest_route=%2Fwp%2Fv2%2Fmedia&parent=20264"}],"wp:term":[{"taxonomy":"category","embeddable":true,"href":"https:\/\/conexion23.com\/index.php?rest_route=%2Fwp%2Fv2%2Fcategories&post=20264"},{"taxonomy":"post_tag","embeddable":true,"href":"https:\/\/conexion23.com\/index.php?rest_route=%2Fwp%2Fv2%2Ftags&post=20264"}],"curies":[{"name":"wp","href":"https:\/\/api.w.org\/{rel}","templated":true}]}}