{"id":20306,"date":"2023-08-24T08:57:48","date_gmt":"2023-08-24T12:57:48","guid":{"rendered":"https:\/\/conexion23.com\/?p=20306"},"modified":"2023-08-24T08:57:50","modified_gmt":"2023-08-24T12:57:50","slug":"roberto-reyes-primer-elegido-para-clase-inmortal-2023-salon-de-la-fama-san-pedro-macoris","status":"publish","type":"post","link":"https:\/\/conexion23.com\/?p=20306","title":{"rendered":"Roberto Reyes primer elegido para Clase Inmortal 2023 Sal\u00f3n de la Fama San Pedro Macor\u00eds"},"content":{"rendered":"\n<p>El Sal\u00f3n de la Fama de Deportistas Petromacorisano eligi\u00f3 a su primer atleta que ser\u00e1 inmortalizado durante el XIII Ceremonial programado para realizarse el domingo 10 de septiembre.<br><br>Se trata del ex pesista Roberto -Robert- Reyes, uno de los mejores exponentes masculinos que ha tenido el pa\u00eds en la disciplina de levantamiento de pesas.<br>Reyes es la primera escogencia de un total de siete deportistas ser\u00e1n introducidos al nicho de la inmortalidad, durante el Ceremonial de la Clase 2023, inform\u00f3 hoy el presidente del Sal\u00f3n de la Fama de esta provincia, arquitecto Reymundo Gantier.<br><br>Record\u00f3 que el acto de exaltaci\u00f3n tendr\u00e1 lugar en el auditorio Francisco Comarazamy, de la Alcald\u00eda de San Pedro de Macor\u00eds, ubicada frente al malec\u00f3n de la Sultana del Este. Iniciar\u00e1 a las 10:00 de la ma\u00f1ana.<br><br>Gantier dijo que el Comit\u00e9 de Selecci\u00f3n ha iniciado bien al elegir a un destacado deportista que puso en alto el nombre de su provincia y del pa\u00eds en eventos nacionales e internacionales.<br>&nbsp; &nbsp;<br>Familia de pesistas<br><br>Roberto Benito Reyes Ram\u00edrez naci\u00f3 el 21 de marzo de 1961. Es el segundo hijo de Marcelino Reyes y Mar\u00eda Ram\u00edrez.<\/p>\n\n\n\n<p>Robert, como es conocido, desde ni\u00f1o se destac\u00f3 por la pr\u00e1ctica de diversas disciplinas deportivas, como voleibol, baloncesto, atletismo, ajedrez, softbol y no pod\u00eda faltar como serie 23, el b\u00e9isbol.<\/p>\n\n\n\n<p>Pero el destino le ten\u00eda deparado un lugar en la disciplina de la halterofilia, donde tendr\u00eda sus m\u00e1s destacadas actuaciones a nivel local, regional, nacional e internacional.<\/p>\n\n\n\n<p>No obstante, tuvo destacadas actuaciones en eventos de b\u00e9isbol en su juventud. En la etapa escolar logr\u00f3 obtener medalla de bronce en los Juegos Juveniles Escolares, en la disciplina de atletismo.<\/p>\n\n\n\n<p>Inici\u00f3 la halterofilia en 1978 e ingres\u00f3 al equipo de la Polic\u00eda Nacional en 1979, logrando implantar marcas en los Juegos Deportivos Militares.<\/p>\n\n\n\n<p>Forma parte de la selecci\u00f3n juvenil que participa en los Juegos Panamericanos de Montreal, Canad\u00e1 (1980), donde obtiene 2 medallas de plata en los 56Kg.<br>En 1981 tambi\u00e9n gan\u00f3 plata en los Panamericanos Juveniles de Denver, Colorado, Estados Unidos.<\/p>\n\n\n\n<p>En el 1982 ingresa a la selecci\u00f3n superior y participa en el Campeonato Clasificatorio Panamericano de Pesas y clasifica para los Juegos del 1983 a efectuarse en Venezuela., donde conquista medalla de plata, siendo la primera de un dominicano en dicha cita.<\/p>\n\n\n\n<p>En los Juegos Centroamericanos y del Caribe de 1986, en Santiago de los Caballeros, vuelve a obtener medalla de plata.<\/p>\n\n\n\n<p>En total Roberto Reyes obtuvo un total de 15 medallas en eventos internacionales.<\/p>\n\n\n\n<p>Reyes Ram\u00edrez se retira de las competencias siendo a\u00fan muy joven debido a lesiones que le afectan durante su carrera, pero inmediatamente asume las funciones de entrenador, donde maneja y ayuda al \u00e9xito a destacadas figuras de las pesas de San Pedro y la regi\u00f3n este.<\/p>\n\n\n\n<p>Por sus manos han pasado medallistas mundiales, panamericanos y centroamericanos, como &nbsp;Juan Carlos Quiterio, Mar\u00eda Carvajal, Santo Rivera, Natividad Dom\u00ednguez y Yuderquis Contreras.<\/p>\n\n\n\n<p>Otro de sus logros como entrenador fue dirigir la Selecci\u00f3n de Hait\u00ed en la disciplina de halterofilia. Es esposo de Wendy Santana, otra inmortal del deporte provincial que dio gloria al pa\u00eds en Juegos Centroamericanos y Panamericanos.<\/p>\n","protected":false},"excerpt":{"rendered":"<p>El Sal\u00f3n de la Fama de Deportistas Petromacorisano eligi\u00f3 a su primer atleta que ser\u00e1 inmortalizado durante el XIII Ceremonial programado para realizarse el domingo 10 de septiembre. Se trata del ex pesista Roberto -Robert- Reyes, uno de los mejores exponentes masculinos que ha tenido el pa\u00eds en la disciplina de levantamiento de pesas.Reyes es [&hellip;]<\/p>\n","protected":false},"author":15,"featured_media":20307,"comment_status":"open","ping_status":"open","sticky":false,"template":"","format":"standard","meta":{"footnotes":""},"categories":[6],"tags":[],"class_list":{"0":"post-20306","1":"post","2":"type-post","3":"status-publish","4":"format-standard","5":"has-post-thumbnail","7":"category-deportes"},"yoast_head":"<!-- This site is optimized with the Yoast SEO plugin v27.1.1 - https:\/\/yoast.com\/product\/yoast-seo-wordpress\/ -->\n<title>Roberto Reyes primer elegido para Clase Inmortal 2023 Sal\u00f3n de la Fama San Pedro Macor\u00eds - Conexi\u00f3n 23<\/title>\n<meta name=\"robots\" content=\"index, follow, max-snippet:-1, max-image-preview:large, max-video-preview:-1\" \/>\n<link rel=\"canonical\" href=\"https:\/\/conexion23.com\/?p=20306\" \/>\n<meta property=\"og:locale\" content=\"es_ES\" \/>\n<meta property=\"og:type\" content=\"article\" \/>\n<meta property=\"og:title\" content=\"Roberto Reyes primer elegido para Clase Inmortal 2023 Sal\u00f3n de la Fama San Pedro Macor\u00eds - Conexi\u00f3n 23\" \/>\n<meta property=\"og:description\" content=\"El Sal\u00f3n de la Fama de Deportistas Petromacorisano eligi\u00f3 a su primer atleta que ser\u00e1 inmortalizado durante el XIII Ceremonial programado para realizarse el domingo 10 de septiembre. Se trata del ex pesista Roberto -Robert- Reyes, uno de los mejores exponentes masculinos que ha tenido el pa\u00eds en la disciplina de levantamiento de pesas.Reyes es [&hellip;]\" \/>\n<meta property=\"og:url\" content=\"https:\/\/conexion23.com\/?p=20306\" \/>\n<meta property=\"og:site_name\" content=\"Conexi\u00f3n 23\" \/>\n<meta property=\"article:publisher\" content=\"https:\/\/www.facebook.com\/conexion23com\" \/>\n<meta property=\"article:published_time\" content=\"2023-08-24T12:57:48+00:00\" \/>\n<meta property=\"article:modified_time\" content=\"2023-08-24T12:57:50+00:00\" \/>\n<meta property=\"og:image\" content=\"https:\/\/conexion23.com\/wp-content\/uploads\/2023\/08\/Reymundo-Gantier-1.jpg\" \/>\n\t<meta property=\"og:image:width\" content=\"800\" \/>\n\t<meta property=\"og:image:height\" content=\"533\" \/>\n\t<meta property=\"og:image:type\" content=\"image\/jpeg\" \/>\n<meta name=\"author\" content=\"Raffy Ben\u00edtez\" \/>\n<meta name=\"twitter:card\" content=\"summary_large_image\" \/>\n<meta name=\"twitter:label1\" content=\"Escrito por\" \/>\n\t<meta name=\"twitter:data1\" content=\"Raffy Ben\u00edtez\" \/>\n\t<meta name=\"twitter:label2\" content=\"Tiempo de lectura\" \/>\n\t<meta name=\"twitter:data2\" content=\"3 minutos\" \/>\n<script type=\"application\/ld+json\" class=\"yoast-schema-graph\">{\"@context\":\"https:\/\/schema.org\",\"@graph\":[{\"@type\":\"Article\",\"@id\":\"https:\/\/conexion23.com\/?p=20306#article\",\"isPartOf\":{\"@id\":\"https:\/\/conexion23.com\/?p=20306\"},\"author\":{\"name\":\"Raffy Ben\u00edtez\",\"@id\":\"https:\/\/conexion23.com\/#\/schema\/person\/03e36043331117e97a373299bbcd30a6\"},\"headline\":\"Roberto Reyes primer elegido para Clase Inmortal 2023 Sal\u00f3n de la Fama San Pedro Macor\u00eds\",\"datePublished\":\"2023-08-24T12:57:48+00:00\",\"dateModified\":\"2023-08-24T12:57:50+00:00\",\"mainEntityOfPage\":{\"@id\":\"https:\/\/conexion23.com\/?p=20306\"},\"wordCount\":556,\"commentCount\":0,\"publisher\":{\"@id\":\"https:\/\/conexion23.com\/#organization\"},\"image\":{\"@id\":\"https:\/\/conexion23.com\/?p=20306#primaryimage\"},\"thumbnailUrl\":\"https:\/\/conexion23.com\/wp-content\/uploads\/2023\/08\/Reymundo-Gantier-1.jpg\",\"articleSection\":[\"Deportes\"],\"inLanguage\":\"es\",\"potentialAction\":[{\"@type\":\"CommentAction\",\"name\":\"Comment\",\"target\":[\"https:\/\/conexion23.com\/?p=20306#respond\"]}]},{\"@type\":\"WebPage\",\"@id\":\"https:\/\/conexion23.com\/?p=20306\",\"url\":\"https:\/\/conexion23.com\/?p=20306\",\"name\":\"Roberto Reyes primer elegido para Clase Inmortal 2023 Sal\u00f3n de la Fama San Pedro Macor\u00eds - Conexi\u00f3n 23\",\"isPartOf\":{\"@id\":\"https:\/\/conexion23.com\/#website\"},\"primaryImageOfPage\":{\"@id\":\"https:\/\/conexion23.com\/?p=20306#primaryimage\"},\"image\":{\"@id\":\"https:\/\/conexion23.com\/?p=20306#primaryimage\"},\"thumbnailUrl\":\"https:\/\/conexion23.com\/wp-content\/uploads\/2023\/08\/Reymundo-Gantier-1.jpg\",\"datePublished\":\"2023-08-24T12:57:48+00:00\",\"dateModified\":\"2023-08-24T12:57:50+00:00\",\"breadcrumb\":{\"@id\":\"https:\/\/conexion23.com\/?p=20306#breadcrumb\"},\"inLanguage\":\"es\",\"potentialAction\":[{\"@type\":\"ReadAction\",\"target\":[\"https:\/\/conexion23.com\/?p=20306\"]}]},{\"@type\":\"ImageObject\",\"inLanguage\":\"es\",\"@id\":\"https:\/\/conexion23.com\/?p=20306#primaryimage\",\"url\":\"https:\/\/conexion23.com\/wp-content\/uploads\/2023\/08\/Reymundo-Gantier-1.jpg\",\"contentUrl\":\"https:\/\/conexion23.com\/wp-content\/uploads\/2023\/08\/Reymundo-Gantier-1.jpg\",\"width\":800,\"height\":533},{\"@type\":\"BreadcrumbList\",\"@id\":\"https:\/\/conexion23.com\/?p=20306#breadcrumb\",\"itemListElement\":[{\"@type\":\"ListItem\",\"position\":1,\"name\":\"Portada\",\"item\":\"https:\/\/conexion23.com\/\"},{\"@type\":\"ListItem\",\"position\":2,\"name\":\"Roberto Reyes primer elegido para Clase Inmortal 2023 Sal\u00f3n de la Fama San Pedro Macor\u00eds\"}]},{\"@type\":\"WebSite\",\"@id\":\"https:\/\/conexion23.com\/#website\",\"url\":\"https:\/\/conexion23.com\/\",\"name\":\"Conexi\u00f3n 23\",\"description\":\"Peri\u00f3dico 100% Petromacorisano\",\"publisher\":{\"@id\":\"https:\/\/conexion23.com\/#organization\"},\"potentialAction\":[{\"@type\":\"SearchAction\",\"target\":{\"@type\":\"EntryPoint\",\"urlTemplate\":\"https:\/\/conexion23.com\/?s={search_term_string}\"},\"query-input\":{\"@type\":\"PropertyValueSpecification\",\"valueRequired\":true,\"valueName\":\"search_term_string\"}}],\"inLanguage\":\"es\"},{\"@type\":\"Organization\",\"@id\":\"https:\/\/conexion23.com\/#organization\",\"name\":\"Conexion 23\",\"url\":\"https:\/\/conexion23.com\/\",\"logo\":{\"@type\":\"ImageObject\",\"inLanguage\":\"es\",\"@id\":\"https:\/\/conexion23.com\/#\/schema\/logo\/image\/\",\"url\":\"https:\/\/conexion23.com\/wp-content\/uploads\/2021\/11\/Diseno-sin-titulo-2.png\",\"contentUrl\":\"https:\/\/conexion23.com\/wp-content\/uploads\/2021\/11\/Diseno-sin-titulo-2.png\",\"width\":541,\"height\":90,\"caption\":\"Conexion 23\"},\"image\":{\"@id\":\"https:\/\/conexion23.com\/#\/schema\/logo\/image\/\"},\"sameAs\":[\"https:\/\/www.facebook.com\/conexion23com\",\"https:\/\/www.instagram.com\/conexion23com\/\",\"https:\/\/www.youtube.com\/channel\/UCYc7vxxFZMYLIHNsHHxPZ3Q\"]},{\"@type\":\"Person\",\"@id\":\"https:\/\/conexion23.com\/#\/schema\/person\/03e36043331117e97a373299bbcd30a6\",\"name\":\"Raffy Ben\u00edtez\",\"image\":{\"@type\":\"ImageObject\",\"inLanguage\":\"es\",\"@id\":\"https:\/\/conexion23.com\/#\/schema\/person\/image\/\",\"url\":\"https:\/\/secure.gravatar.com\/avatar\/3190a6a6c5e1b0327500f7d6c56b6242472ee6cb974cf09b401ee6b3b0798f23?s=96&d=mm&r=g\",\"contentUrl\":\"https:\/\/secure.gravatar.com\/avatar\/3190a6a6c5e1b0327500f7d6c56b6242472ee6cb974cf09b401ee6b3b0798f23?s=96&d=mm&r=g\",\"caption\":\"Raffy Ben\u00edtez\"},\"url\":\"https:\/\/conexion23.com\/?author=15\"}]}<\/script>\n<!-- \/ Yoast SEO plugin. -->","yoast_head_json":{"title":"Roberto Reyes primer elegido para Clase Inmortal 2023 Sal\u00f3n de la Fama San Pedro Macor\u00eds - Conexi\u00f3n 23","robots":{"index":"index","follow":"follow","max-snippet":"max-snippet:-1","max-image-preview":"max-image-preview:large","max-video-preview":"max-video-preview:-1"},"canonical":"https:\/\/conexion23.com\/?p=20306","og_locale":"es_ES","og_type":"article","og_title":"Roberto Reyes primer elegido para Clase Inmortal 2023 Sal\u00f3n de la Fama San Pedro Macor\u00eds - Conexi\u00f3n 23","og_description":"El Sal\u00f3n de la Fama de Deportistas Petromacorisano eligi\u00f3 a su primer atleta que ser\u00e1 inmortalizado durante el XIII Ceremonial programado para realizarse el domingo 10 de septiembre. Se trata del ex pesista Roberto -Robert- Reyes, uno de los mejores exponentes masculinos que ha tenido el pa\u00eds en la disciplina de levantamiento de pesas.Reyes es [&hellip;]","og_url":"https:\/\/conexion23.com\/?p=20306","og_site_name":"Conexi\u00f3n 23","article_publisher":"https:\/\/www.facebook.com\/conexion23com","article_published_time":"2023-08-24T12:57:48+00:00","article_modified_time":"2023-08-24T12:57:50+00:00","og_image":[{"width":800,"height":533,"url":"https:\/\/conexion23.com\/wp-content\/uploads\/2023\/08\/Reymundo-Gantier-1.jpg","type":"image\/jpeg"}],"author":"Raffy Ben\u00edtez","twitter_card":"summary_large_image","twitter_misc":{"Escrito por":"Raffy Ben\u00edtez","Tiempo de lectura":"3 minutos"},"schema":{"@context":"https:\/\/schema.org","@graph":[{"@type":"Article","@id":"https:\/\/conexion23.com\/?p=20306#article","isPartOf":{"@id":"https:\/\/conexion23.com\/?p=20306"},"author":{"name":"Raffy Ben\u00edtez","@id":"https:\/\/conexion23.com\/#\/schema\/person\/03e36043331117e97a373299bbcd30a6"},"headline":"Roberto Reyes primer elegido para Clase Inmortal 2023 Sal\u00f3n de la Fama San Pedro Macor\u00eds","datePublished":"2023-08-24T12:57:48+00:00","dateModified":"2023-08-24T12:57:50+00:00","mainEntityOfPage":{"@id":"https:\/\/conexion23.com\/?p=20306"},"wordCount":556,"commentCount":0,"publisher":{"@id":"https:\/\/conexion23.com\/#organization"},"image":{"@id":"https:\/\/conexion23.com\/?p=20306#primaryimage"},"thumbnailUrl":"https:\/\/conexion23.com\/wp-content\/uploads\/2023\/08\/Reymundo-Gantier-1.jpg","articleSection":["Deportes"],"inLanguage":"es","potentialAction":[{"@type":"CommentAction","name":"Comment","target":["https:\/\/conexion23.com\/?p=20306#respond"]}]},{"@type":"WebPage","@id":"https:\/\/conexion23.com\/?p=20306","url":"https:\/\/conexion23.com\/?p=20306","name":"Roberto Reyes primer elegido para Clase Inmortal 2023 Sal\u00f3n de la Fama San Pedro Macor\u00eds - Conexi\u00f3n 23","isPartOf":{"@id":"https:\/\/conexion23.com\/#website"},"primaryImageOfPage":{"@id":"https:\/\/conexion23.com\/?p=20306#primaryimage"},"image":{"@id":"https:\/\/conexion23.com\/?p=20306#primaryimage"},"thumbnailUrl":"https:\/\/conexion23.com\/wp-content\/uploads\/2023\/08\/Reymundo-Gantier-1.jpg","datePublished":"2023-08-24T12:57:48+00:00","dateModified":"2023-08-24T12:57:50+00:00","breadcrumb":{"@id":"https:\/\/conexion23.com\/?p=20306#breadcrumb"},"inLanguage":"es","potentialAction":[{"@type":"ReadAction","target":["https:\/\/conexion23.com\/?p=20306"]}]},{"@type":"ImageObject","inLanguage":"es","@id":"https:\/\/conexion23.com\/?p=20306#primaryimage","url":"https:\/\/conexion23.com\/wp-content\/uploads\/2023\/08\/Reymundo-Gantier-1.jpg","contentUrl":"https:\/\/conexion23.com\/wp-content\/uploads\/2023\/08\/Reymundo-Gantier-1.jpg","width":800,"height":533},{"@type":"BreadcrumbList","@id":"https:\/\/conexion23.com\/?p=20306#breadcrumb","itemListElement":[{"@type":"ListItem","position":1,"name":"Portada","item":"https:\/\/conexion23.com\/"},{"@type":"ListItem","position":2,"name":"Roberto Reyes primer elegido para Clase Inmortal 2023 Sal\u00f3n de la Fama San Pedro Macor\u00eds"}]},{"@type":"WebSite","@id":"https:\/\/conexion23.com\/#website","url":"https:\/\/conexion23.com\/","name":"Conexi\u00f3n 23","description":"Peri\u00f3dico 100% Petromacorisano","publisher":{"@id":"https:\/\/conexion23.com\/#organization"},"potentialAction":[{"@type":"SearchAction","target":{"@type":"EntryPoint","urlTemplate":"https:\/\/conexion23.com\/?s={search_term_string}"},"query-input":{"@type":"PropertyValueSpecification","valueRequired":true,"valueName":"search_term_string"}}],"inLanguage":"es"},{"@type":"Organization","@id":"https:\/\/conexion23.com\/#organization","name":"Conexion 23","url":"https:\/\/conexion23.com\/","logo":{"@type":"ImageObject","inLanguage":"es","@id":"https:\/\/conexion23.com\/#\/schema\/logo\/image\/","url":"https:\/\/conexion23.com\/wp-content\/uploads\/2021\/11\/Diseno-sin-titulo-2.png","contentUrl":"https:\/\/conexion23.com\/wp-content\/uploads\/2021\/11\/Diseno-sin-titulo-2.png","width":541,"height":90,"caption":"Conexion 23"},"image":{"@id":"https:\/\/conexion23.com\/#\/schema\/logo\/image\/"},"sameAs":["https:\/\/www.facebook.com\/conexion23com","https:\/\/www.instagram.com\/conexion23com\/","https:\/\/www.youtube.com\/channel\/UCYc7vxxFZMYLIHNsHHxPZ3Q"]},{"@type":"Person","@id":"https:\/\/conexion23.com\/#\/schema\/person\/03e36043331117e97a373299bbcd30a6","name":"Raffy Ben\u00edtez","image":{"@type":"ImageObject","inLanguage":"es","@id":"https:\/\/conexion23.com\/#\/schema\/person\/image\/","url":"https:\/\/secure.gravatar.com\/avatar\/3190a6a6c5e1b0327500f7d6c56b6242472ee6cb974cf09b401ee6b3b0798f23?s=96&d=mm&r=g","contentUrl":"https:\/\/secure.gravatar.com\/avatar\/3190a6a6c5e1b0327500f7d6c56b6242472ee6cb974cf09b401ee6b3b0798f23?s=96&d=mm&r=g","caption":"Raffy Ben\u00edtez"},"url":"https:\/\/conexion23.com\/?author=15"}]}},"_links":{"self":[{"href":"https:\/\/conexion23.com\/index.php?rest_route=\/wp\/v2\/posts\/20306","targetHints":{"allow":["GET"]}}],"collection":[{"href":"https:\/\/conexion23.com\/index.php?rest_route=\/wp\/v2\/posts"}],"about":[{"href":"https:\/\/conexion23.com\/index.php?rest_route=\/wp\/v2\/types\/post"}],"author":[{"embeddable":true,"href":"https:\/\/conexion23.com\/index.php?rest_route=\/wp\/v2\/users\/15"}],"replies":[{"embeddable":true,"href":"https:\/\/conexion23.com\/index.php?rest_route=%2Fwp%2Fv2%2Fcomments&post=20306"}],"version-history":[{"count":1,"href":"https:\/\/conexion23.com\/index.php?rest_route=\/wp\/v2\/posts\/20306\/revisions"}],"predecessor-version":[{"id":20308,"href":"https:\/\/conexion23.com\/index.php?rest_route=\/wp\/v2\/posts\/20306\/revisions\/20308"}],"wp:featuredmedia":[{"embeddable":true,"href":"https:\/\/conexion23.com\/index.php?rest_route=\/wp\/v2\/media\/20307"}],"wp:attachment":[{"href":"https:\/\/conexion23.com\/index.php?rest_route=%2Fwp%2Fv2%2Fmedia&parent=20306"}],"wp:term":[{"taxonomy":"category","embeddable":true,"href":"https:\/\/conexion23.com\/index.php?rest_route=%2Fwp%2Fv2%2Fcategories&post=20306"},{"taxonomy":"post_tag","embeddable":true,"href":"https:\/\/conexion23.com\/index.php?rest_route=%2Fwp%2Fv2%2Ftags&post=20306"}],"curies":[{"name":"wp","href":"https:\/\/api.w.org\/{rel}","templated":true}]}}