{"id":20464,"date":"2023-08-29T07:51:24","date_gmt":"2023-08-29T11:51:24","guid":{"rendered":"https:\/\/conexion23.com\/?p=20464"},"modified":"2023-08-29T07:51:26","modified_gmt":"2023-08-29T11:51:26","slug":"anuncian-plan-eliminar-contaminacion-visual-de-cables-en-el-dn","status":"publish","type":"post","link":"https:\/\/conexion23.com\/?p=20464","title":{"rendered":"Anuncian plan eliminar contaminaci\u00f3n visual de cables en el DN."},"content":{"rendered":"\n<h4 class=\"wp-block-heading\">El Instituto Dominicano de las Telecomunicaciones (Indotel) anunci\u00f3 la puesta en marcha de un plan para eliminar la contaminaci\u00f3n visual por cableado en gran Santo Domingo, Distrito Nacional, que conllevar\u00e1 la ejecuci\u00f3n de acciones conjuntas para el retiro de los cables propiedad de las empresas de telecomunicaciones que se encuentran haciendo uso del dominio p\u00fablico, o sea postes, en condiciones no adecuadas.<\/h4>\n\n\n\n<p>A su vez, llam\u00f3 a las concesionarias de servicios p\u00fablicos de telecomunicaciones o empresas propietarias de cables que se encuentren haciendo uso no autorizado de postes propiedad de la Empresa Distribuidora de Electricidad del Sur Dominicana, S. A., (EDESUR) y la Empresa Distribuidora de Electricidad del Este, S.A., (EDEESTE) a que, a m\u00e1s tardar el viernes primero de septiembre de 2023, procedan a ponerse en contacto con estas instituciones a trav\u00e9s de los correos electr\u00f3nicos: egarciag@edesur.com.do y pfeliz@edeeste.com.do.<\/p>\n\n\n\n<p>De igual manera, est\u00e1n participando en las acciones la Corporaci\u00f3n del Acueducto y Alcantarillado de Santo Domingo CAASD), la Direcci\u00f3n Nacional de Tr\u00e1nsito y Transporte Terrestre, (INTRANT), Direcci\u00f3n General de Seguridad de Tr\u00e1nsito y Transporte Terrestre (DIGESETT) y las empresas prestadoras de servicios de telecomunicaciones, que que trabajar\u00e1n en coordinaci\u00f3n con el Indotel y el Ayuntamiento del Distrito Nacional, para que desarrollen con eficacia este importante proyecto, que es del inter\u00e9s del presidente de la Rep\u00fablica, Luis Abinader.<\/p>\n\n\n\n<p>Leer:&nbsp;<a href=\"https:\/\/elnacional.com.do\/maranas-de-cables-contaminacion-y-peligro\/\">Mara\u00f1as de cables: contaminaci\u00f3n y peligro<\/a><\/p>\n\n\n\n<p>Esto forma parte de los trabajos que vienen realizando las entidades mencionadas para lograr la descontaminaci\u00f3n visual de la ciudad, las cuales continuar\u00e1n dando seguimiento a trav\u00e9s de mesas t\u00e9cnicas.<\/p>\n","protected":false},"excerpt":{"rendered":"<p>El Instituto Dominicano de las Telecomunicaciones (Indotel) anunci\u00f3 la puesta en marcha de un plan para eliminar la contaminaci\u00f3n visual por cableado en gran Santo Domingo, Distrito Nacional, que conllevar\u00e1 la ejecuci\u00f3n de acciones conjuntas para el retiro de los cables propiedad de las empresas de telecomunicaciones que se encuentran haciendo uso del dominio p\u00fablico, [&hellip;]<\/p>\n","protected":false},"author":15,"featured_media":20465,"comment_status":"open","ping_status":"open","sticky":false,"template":"","format":"standard","meta":{"footnotes":""},"categories":[1],"tags":[],"class_list":{"0":"post-20464","1":"post","2":"type-post","3":"status-publish","4":"format-standard","5":"has-post-thumbnail","7":"category-uncategorized"},"yoast_head":"<!-- This site is optimized with the Yoast SEO plugin v27.1.1 - https:\/\/yoast.com\/product\/yoast-seo-wordpress\/ -->\n<title>Anuncian plan eliminar contaminaci\u00f3n visual de cables en el DN. - Conexi\u00f3n 23<\/title>\n<meta name=\"robots\" content=\"index, follow, max-snippet:-1, max-image-preview:large, max-video-preview:-1\" \/>\n<link rel=\"canonical\" href=\"https:\/\/conexion23.com\/?p=20464\" \/>\n<meta property=\"og:locale\" content=\"es_ES\" \/>\n<meta property=\"og:type\" content=\"article\" \/>\n<meta property=\"og:title\" content=\"Anuncian plan eliminar contaminaci\u00f3n visual de cables en el DN. - Conexi\u00f3n 23\" \/>\n<meta property=\"og:description\" content=\"El Instituto Dominicano de las Telecomunicaciones (Indotel) anunci\u00f3 la puesta en marcha de un plan para eliminar la contaminaci\u00f3n visual por cableado en gran Santo Domingo, Distrito Nacional, que conllevar\u00e1 la ejecuci\u00f3n de acciones conjuntas para el retiro de los cables propiedad de las empresas de telecomunicaciones que se encuentran haciendo uso del dominio p\u00fablico, [&hellip;]\" \/>\n<meta property=\"og:url\" content=\"https:\/\/conexion23.com\/?p=20464\" \/>\n<meta property=\"og:site_name\" content=\"Conexi\u00f3n 23\" \/>\n<meta property=\"article:publisher\" content=\"https:\/\/www.facebook.com\/conexion23com\" \/>\n<meta property=\"article:published_time\" content=\"2023-08-29T11:51:24+00:00\" \/>\n<meta property=\"article:modified_time\" content=\"2023-08-29T11:51:26+00:00\" \/>\n<meta property=\"og:image\" content=\"https:\/\/conexion23.com\/wp-content\/uploads\/2023\/08\/MASACA.webp\" \/>\n\t<meta property=\"og:image:width\" content=\"750\" \/>\n\t<meta property=\"og:image:height\" content=\"420\" \/>\n\t<meta property=\"og:image:type\" content=\"image\/webp\" \/>\n<meta name=\"author\" content=\"Raffy Ben\u00edtez\" \/>\n<meta name=\"twitter:card\" content=\"summary_large_image\" \/>\n<meta name=\"twitter:label1\" content=\"Escrito por\" \/>\n\t<meta name=\"twitter:data1\" content=\"Raffy Ben\u00edtez\" \/>\n\t<meta name=\"twitter:label2\" content=\"Tiempo de lectura\" \/>\n\t<meta name=\"twitter:data2\" content=\"2 minutos\" \/>\n<script type=\"application\/ld+json\" class=\"yoast-schema-graph\">{\"@context\":\"https:\/\/schema.org\",\"@graph\":[{\"@type\":\"Article\",\"@id\":\"https:\/\/conexion23.com\/?p=20464#article\",\"isPartOf\":{\"@id\":\"https:\/\/conexion23.com\/?p=20464\"},\"author\":{\"name\":\"Raffy Ben\u00edtez\",\"@id\":\"https:\/\/conexion23.com\/#\/schema\/person\/03e36043331117e97a373299bbcd30a6\"},\"headline\":\"Anuncian plan eliminar contaminaci\u00f3n visual de cables en el DN.\",\"datePublished\":\"2023-08-29T11:51:24+00:00\",\"dateModified\":\"2023-08-29T11:51:26+00:00\",\"mainEntityOfPage\":{\"@id\":\"https:\/\/conexion23.com\/?p=20464\"},\"wordCount\":296,\"commentCount\":0,\"publisher\":{\"@id\":\"https:\/\/conexion23.com\/#organization\"},\"image\":{\"@id\":\"https:\/\/conexion23.com\/?p=20464#primaryimage\"},\"thumbnailUrl\":\"https:\/\/conexion23.com\/wp-content\/uploads\/2023\/08\/MASACA.webp\",\"articleSection\":[\"Uncategorized\"],\"inLanguage\":\"es\",\"potentialAction\":[{\"@type\":\"CommentAction\",\"name\":\"Comment\",\"target\":[\"https:\/\/conexion23.com\/?p=20464#respond\"]}]},{\"@type\":\"WebPage\",\"@id\":\"https:\/\/conexion23.com\/?p=20464\",\"url\":\"https:\/\/conexion23.com\/?p=20464\",\"name\":\"Anuncian plan eliminar contaminaci\u00f3n visual de cables en el DN. - Conexi\u00f3n 23\",\"isPartOf\":{\"@id\":\"https:\/\/conexion23.com\/#website\"},\"primaryImageOfPage\":{\"@id\":\"https:\/\/conexion23.com\/?p=20464#primaryimage\"},\"image\":{\"@id\":\"https:\/\/conexion23.com\/?p=20464#primaryimage\"},\"thumbnailUrl\":\"https:\/\/conexion23.com\/wp-content\/uploads\/2023\/08\/MASACA.webp\",\"datePublished\":\"2023-08-29T11:51:24+00:00\",\"dateModified\":\"2023-08-29T11:51:26+00:00\",\"breadcrumb\":{\"@id\":\"https:\/\/conexion23.com\/?p=20464#breadcrumb\"},\"inLanguage\":\"es\",\"potentialAction\":[{\"@type\":\"ReadAction\",\"target\":[\"https:\/\/conexion23.com\/?p=20464\"]}]},{\"@type\":\"ImageObject\",\"inLanguage\":\"es\",\"@id\":\"https:\/\/conexion23.com\/?p=20464#primaryimage\",\"url\":\"https:\/\/conexion23.com\/wp-content\/uploads\/2023\/08\/MASACA.webp\",\"contentUrl\":\"https:\/\/conexion23.com\/wp-content\/uploads\/2023\/08\/MASACA.webp\",\"width\":750,\"height\":420},{\"@type\":\"BreadcrumbList\",\"@id\":\"https:\/\/conexion23.com\/?p=20464#breadcrumb\",\"itemListElement\":[{\"@type\":\"ListItem\",\"position\":1,\"name\":\"Portada\",\"item\":\"https:\/\/conexion23.com\/\"},{\"@type\":\"ListItem\",\"position\":2,\"name\":\"Anuncian plan eliminar contaminaci\u00f3n visual de cables en el DN.\"}]},{\"@type\":\"WebSite\",\"@id\":\"https:\/\/conexion23.com\/#website\",\"url\":\"https:\/\/conexion23.com\/\",\"name\":\"Conexi\u00f3n 23\",\"description\":\"Peri\u00f3dico 100% Petromacorisano\",\"publisher\":{\"@id\":\"https:\/\/conexion23.com\/#organization\"},\"potentialAction\":[{\"@type\":\"SearchAction\",\"target\":{\"@type\":\"EntryPoint\",\"urlTemplate\":\"https:\/\/conexion23.com\/?s={search_term_string}\"},\"query-input\":{\"@type\":\"PropertyValueSpecification\",\"valueRequired\":true,\"valueName\":\"search_term_string\"}}],\"inLanguage\":\"es\"},{\"@type\":\"Organization\",\"@id\":\"https:\/\/conexion23.com\/#organization\",\"name\":\"Conexion 23\",\"url\":\"https:\/\/conexion23.com\/\",\"logo\":{\"@type\":\"ImageObject\",\"inLanguage\":\"es\",\"@id\":\"https:\/\/conexion23.com\/#\/schema\/logo\/image\/\",\"url\":\"https:\/\/conexion23.com\/wp-content\/uploads\/2021\/11\/Diseno-sin-titulo-2.png\",\"contentUrl\":\"https:\/\/conexion23.com\/wp-content\/uploads\/2021\/11\/Diseno-sin-titulo-2.png\",\"width\":541,\"height\":90,\"caption\":\"Conexion 23\"},\"image\":{\"@id\":\"https:\/\/conexion23.com\/#\/schema\/logo\/image\/\"},\"sameAs\":[\"https:\/\/www.facebook.com\/conexion23com\",\"https:\/\/www.instagram.com\/conexion23com\/\",\"https:\/\/www.youtube.com\/channel\/UCYc7vxxFZMYLIHNsHHxPZ3Q\"]},{\"@type\":\"Person\",\"@id\":\"https:\/\/conexion23.com\/#\/schema\/person\/03e36043331117e97a373299bbcd30a6\",\"name\":\"Raffy Ben\u00edtez\",\"image\":{\"@type\":\"ImageObject\",\"inLanguage\":\"es\",\"@id\":\"https:\/\/conexion23.com\/#\/schema\/person\/image\/\",\"url\":\"https:\/\/secure.gravatar.com\/avatar\/3190a6a6c5e1b0327500f7d6c56b6242472ee6cb974cf09b401ee6b3b0798f23?s=96&d=mm&r=g\",\"contentUrl\":\"https:\/\/secure.gravatar.com\/avatar\/3190a6a6c5e1b0327500f7d6c56b6242472ee6cb974cf09b401ee6b3b0798f23?s=96&d=mm&r=g\",\"caption\":\"Raffy Ben\u00edtez\"},\"url\":\"https:\/\/conexion23.com\/?author=15\"}]}<\/script>\n<!-- \/ Yoast SEO plugin. -->","yoast_head_json":{"title":"Anuncian plan eliminar contaminaci\u00f3n visual de cables en el DN. - Conexi\u00f3n 23","robots":{"index":"index","follow":"follow","max-snippet":"max-snippet:-1","max-image-preview":"max-image-preview:large","max-video-preview":"max-video-preview:-1"},"canonical":"https:\/\/conexion23.com\/?p=20464","og_locale":"es_ES","og_type":"article","og_title":"Anuncian plan eliminar contaminaci\u00f3n visual de cables en el DN. - Conexi\u00f3n 23","og_description":"El Instituto Dominicano de las Telecomunicaciones (Indotel) anunci\u00f3 la puesta en marcha de un plan para eliminar la contaminaci\u00f3n visual por cableado en gran Santo Domingo, Distrito Nacional, que conllevar\u00e1 la ejecuci\u00f3n de acciones conjuntas para el retiro de los cables propiedad de las empresas de telecomunicaciones que se encuentran haciendo uso del dominio p\u00fablico, [&hellip;]","og_url":"https:\/\/conexion23.com\/?p=20464","og_site_name":"Conexi\u00f3n 23","article_publisher":"https:\/\/www.facebook.com\/conexion23com","article_published_time":"2023-08-29T11:51:24+00:00","article_modified_time":"2023-08-29T11:51:26+00:00","og_image":[{"width":750,"height":420,"url":"https:\/\/conexion23.com\/wp-content\/uploads\/2023\/08\/MASACA.webp","type":"image\/webp"}],"author":"Raffy Ben\u00edtez","twitter_card":"summary_large_image","twitter_misc":{"Escrito por":"Raffy Ben\u00edtez","Tiempo de lectura":"2 minutos"},"schema":{"@context":"https:\/\/schema.org","@graph":[{"@type":"Article","@id":"https:\/\/conexion23.com\/?p=20464#article","isPartOf":{"@id":"https:\/\/conexion23.com\/?p=20464"},"author":{"name":"Raffy Ben\u00edtez","@id":"https:\/\/conexion23.com\/#\/schema\/person\/03e36043331117e97a373299bbcd30a6"},"headline":"Anuncian plan eliminar contaminaci\u00f3n visual de cables en el DN.","datePublished":"2023-08-29T11:51:24+00:00","dateModified":"2023-08-29T11:51:26+00:00","mainEntityOfPage":{"@id":"https:\/\/conexion23.com\/?p=20464"},"wordCount":296,"commentCount":0,"publisher":{"@id":"https:\/\/conexion23.com\/#organization"},"image":{"@id":"https:\/\/conexion23.com\/?p=20464#primaryimage"},"thumbnailUrl":"https:\/\/conexion23.com\/wp-content\/uploads\/2023\/08\/MASACA.webp","articleSection":["Uncategorized"],"inLanguage":"es","potentialAction":[{"@type":"CommentAction","name":"Comment","target":["https:\/\/conexion23.com\/?p=20464#respond"]}]},{"@type":"WebPage","@id":"https:\/\/conexion23.com\/?p=20464","url":"https:\/\/conexion23.com\/?p=20464","name":"Anuncian plan eliminar contaminaci\u00f3n visual de cables en el DN. - Conexi\u00f3n 23","isPartOf":{"@id":"https:\/\/conexion23.com\/#website"},"primaryImageOfPage":{"@id":"https:\/\/conexion23.com\/?p=20464#primaryimage"},"image":{"@id":"https:\/\/conexion23.com\/?p=20464#primaryimage"},"thumbnailUrl":"https:\/\/conexion23.com\/wp-content\/uploads\/2023\/08\/MASACA.webp","datePublished":"2023-08-29T11:51:24+00:00","dateModified":"2023-08-29T11:51:26+00:00","breadcrumb":{"@id":"https:\/\/conexion23.com\/?p=20464#breadcrumb"},"inLanguage":"es","potentialAction":[{"@type":"ReadAction","target":["https:\/\/conexion23.com\/?p=20464"]}]},{"@type":"ImageObject","inLanguage":"es","@id":"https:\/\/conexion23.com\/?p=20464#primaryimage","url":"https:\/\/conexion23.com\/wp-content\/uploads\/2023\/08\/MASACA.webp","contentUrl":"https:\/\/conexion23.com\/wp-content\/uploads\/2023\/08\/MASACA.webp","width":750,"height":420},{"@type":"BreadcrumbList","@id":"https:\/\/conexion23.com\/?p=20464#breadcrumb","itemListElement":[{"@type":"ListItem","position":1,"name":"Portada","item":"https:\/\/conexion23.com\/"},{"@type":"ListItem","position":2,"name":"Anuncian plan eliminar contaminaci\u00f3n visual de cables en el DN."}]},{"@type":"WebSite","@id":"https:\/\/conexion23.com\/#website","url":"https:\/\/conexion23.com\/","name":"Conexi\u00f3n 23","description":"Peri\u00f3dico 100% Petromacorisano","publisher":{"@id":"https:\/\/conexion23.com\/#organization"},"potentialAction":[{"@type":"SearchAction","target":{"@type":"EntryPoint","urlTemplate":"https:\/\/conexion23.com\/?s={search_term_string}"},"query-input":{"@type":"PropertyValueSpecification","valueRequired":true,"valueName":"search_term_string"}}],"inLanguage":"es"},{"@type":"Organization","@id":"https:\/\/conexion23.com\/#organization","name":"Conexion 23","url":"https:\/\/conexion23.com\/","logo":{"@type":"ImageObject","inLanguage":"es","@id":"https:\/\/conexion23.com\/#\/schema\/logo\/image\/","url":"https:\/\/conexion23.com\/wp-content\/uploads\/2021\/11\/Diseno-sin-titulo-2.png","contentUrl":"https:\/\/conexion23.com\/wp-content\/uploads\/2021\/11\/Diseno-sin-titulo-2.png","width":541,"height":90,"caption":"Conexion 23"},"image":{"@id":"https:\/\/conexion23.com\/#\/schema\/logo\/image\/"},"sameAs":["https:\/\/www.facebook.com\/conexion23com","https:\/\/www.instagram.com\/conexion23com\/","https:\/\/www.youtube.com\/channel\/UCYc7vxxFZMYLIHNsHHxPZ3Q"]},{"@type":"Person","@id":"https:\/\/conexion23.com\/#\/schema\/person\/03e36043331117e97a373299bbcd30a6","name":"Raffy Ben\u00edtez","image":{"@type":"ImageObject","inLanguage":"es","@id":"https:\/\/conexion23.com\/#\/schema\/person\/image\/","url":"https:\/\/secure.gravatar.com\/avatar\/3190a6a6c5e1b0327500f7d6c56b6242472ee6cb974cf09b401ee6b3b0798f23?s=96&d=mm&r=g","contentUrl":"https:\/\/secure.gravatar.com\/avatar\/3190a6a6c5e1b0327500f7d6c56b6242472ee6cb974cf09b401ee6b3b0798f23?s=96&d=mm&r=g","caption":"Raffy Ben\u00edtez"},"url":"https:\/\/conexion23.com\/?author=15"}]}},"_links":{"self":[{"href":"https:\/\/conexion23.com\/index.php?rest_route=\/wp\/v2\/posts\/20464","targetHints":{"allow":["GET"]}}],"collection":[{"href":"https:\/\/conexion23.com\/index.php?rest_route=\/wp\/v2\/posts"}],"about":[{"href":"https:\/\/conexion23.com\/index.php?rest_route=\/wp\/v2\/types\/post"}],"author":[{"embeddable":true,"href":"https:\/\/conexion23.com\/index.php?rest_route=\/wp\/v2\/users\/15"}],"replies":[{"embeddable":true,"href":"https:\/\/conexion23.com\/index.php?rest_route=%2Fwp%2Fv2%2Fcomments&post=20464"}],"version-history":[{"count":1,"href":"https:\/\/conexion23.com\/index.php?rest_route=\/wp\/v2\/posts\/20464\/revisions"}],"predecessor-version":[{"id":20466,"href":"https:\/\/conexion23.com\/index.php?rest_route=\/wp\/v2\/posts\/20464\/revisions\/20466"}],"wp:featuredmedia":[{"embeddable":true,"href":"https:\/\/conexion23.com\/index.php?rest_route=\/wp\/v2\/media\/20465"}],"wp:attachment":[{"href":"https:\/\/conexion23.com\/index.php?rest_route=%2Fwp%2Fv2%2Fmedia&parent=20464"}],"wp:term":[{"taxonomy":"category","embeddable":true,"href":"https:\/\/conexion23.com\/index.php?rest_route=%2Fwp%2Fv2%2Fcategories&post=20464"},{"taxonomy":"post_tag","embeddable":true,"href":"https:\/\/conexion23.com\/index.php?rest_route=%2Fwp%2Fv2%2Ftags&post=20464"}],"curies":[{"name":"wp","href":"https:\/\/api.w.org\/{rel}","templated":true}]}}