{"id":20575,"date":"2023-09-01T08:31:10","date_gmt":"2023-09-01T12:31:10","guid":{"rendered":"https:\/\/conexion23.com\/?p=20575"},"modified":"2023-09-01T08:31:13","modified_gmt":"2023-09-01T12:31:13","slug":"embajadora-de-ee-uu-en-guyana-expresa-preocupacion-por-presencia-de-china-en-el-caribe","status":"publish","type":"post","link":"https:\/\/conexion23.com\/?p=20575","title":{"rendered":"Embajadora de EE.UU. en Guyana expresa preocupaci\u00f3n por presencia de China en el Caribe."},"content":{"rendered":"\n<p>La embajadora de Estados Unidos en Guyana, Sarah-Ann Lynch, afirm\u00f3 este jueves que la administraci\u00f3n Biden est\u00e1 preocupada por la creciente presencia financiera de China en Guyana y el resto del Caribe.<\/p>\n\n\n\n<p>\u00abClaramente,&nbsp;<strong>la huella de China est\u00e1 creciendo en Guyana<\/strong>, as\u00ed como en el resto del Caribe\u00bb, afirm\u00f3 Lynch en una rueda de prensa.<\/p>\n\n\n\n<p>En este contexto, explic\u00f3 que Estados Unidos triplic\u00f3 el comercio bilateral en los \u00faltimos a\u00f1os, \u00abas\u00ed que creo que estamos aqu\u00ed,&nbsp;<strong>somos fuertes, y seguiremos aqu\u00ed<\/strong>\u00ab, declar\u00f3 la funcionaria estadounidense.<\/p>\n\n\n\n<p>Asimismo, inst\u00f3 a las empresas guyanesas a que aprovecharan las oportunidades de negocio con compa\u00f1\u00edas estadounidenses.<\/p>\n\n\n\n<p>\u00abLas empresas estadounidenses aportan algunas cosas \u00fanicas a cualquier pa\u00eds en el que inviertan, como calidad, excelencia, puntualidad en los proyectos presupuestados y altos niveles de seguridad, por lo que creo que todas estas cosas son importantes para las&nbsp;<strong>empresas locales guyanesas a la hora de considerar con qu\u00e9 empresas de EE.UU.<\/strong>&nbsp;quieren asociarse\u00bb, subray\u00f3 Lynch.<\/p>\n\n\n\n<p>El secretario de Estado estadounidense, Antony Blinken, asegur\u00f3 el pasado 6 de julio que las empresas de su pa\u00eds pueden ayudar al crecimiento de Guyana y a la seguridad energ\u00e9tica en el Caribe, durante su visita a la naci\u00f3n suramericana.<\/p>\n","protected":false},"excerpt":{"rendered":"<p>La embajadora de Estados Unidos en Guyana, Sarah-Ann Lynch, afirm\u00f3 este jueves que la administraci\u00f3n Biden est\u00e1 preocupada por la creciente presencia financiera de China en Guyana y el resto del Caribe. \u00abClaramente,&nbsp;la huella de China est\u00e1 creciendo en Guyana, as\u00ed como en el resto del Caribe\u00bb, afirm\u00f3 Lynch en una rueda de prensa. En [&hellip;]<\/p>\n","protected":false},"author":15,"featured_media":20576,"comment_status":"open","ping_status":"open","sticky":false,"template":"","format":"standard","meta":{"footnotes":""},"categories":[1],"tags":[],"class_list":{"0":"post-20575","1":"post","2":"type-post","3":"status-publish","4":"format-standard","5":"has-post-thumbnail","7":"category-uncategorized"},"yoast_head":"<!-- This site is optimized with the Yoast SEO plugin v27.1.1 - https:\/\/yoast.com\/product\/yoast-seo-wordpress\/ -->\n<title>Embajadora de EE.UU. en Guyana expresa preocupaci\u00f3n por presencia de China en el Caribe. - Conexi\u00f3n 23<\/title>\n<meta name=\"robots\" content=\"index, follow, max-snippet:-1, max-image-preview:large, max-video-preview:-1\" \/>\n<link rel=\"canonical\" href=\"https:\/\/conexion23.com\/?p=20575\" \/>\n<meta property=\"og:locale\" content=\"es_ES\" \/>\n<meta property=\"og:type\" content=\"article\" \/>\n<meta property=\"og:title\" content=\"Embajadora de EE.UU. en Guyana expresa preocupaci\u00f3n por presencia de China en el Caribe. - Conexi\u00f3n 23\" \/>\n<meta property=\"og:description\" content=\"La embajadora de Estados Unidos en Guyana, Sarah-Ann Lynch, afirm\u00f3 este jueves que la administraci\u00f3n Biden est\u00e1 preocupada por la creciente presencia financiera de China en Guyana y el resto del Caribe. \u00abClaramente,&nbsp;la huella de China est\u00e1 creciendo en Guyana, as\u00ed como en el resto del Caribe\u00bb, afirm\u00f3 Lynch en una rueda de prensa. En [&hellip;]\" \/>\n<meta property=\"og:url\" content=\"https:\/\/conexion23.com\/?p=20575\" \/>\n<meta property=\"og:site_name\" content=\"Conexi\u00f3n 23\" \/>\n<meta property=\"article:publisher\" content=\"https:\/\/www.facebook.com\/conexion23com\" \/>\n<meta property=\"article:published_time\" content=\"2023-09-01T12:31:10+00:00\" \/>\n<meta property=\"article:modified_time\" content=\"2023-09-01T12:31:13+00:00\" \/>\n<meta property=\"og:image\" content=\"https:\/\/conexion23.com\/wp-content\/uploads\/2023\/09\/64f13d80485fb.jpeg\" \/>\n\t<meta property=\"og:image:width\" content=\"800\" \/>\n\t<meta property=\"og:image:height\" content=\"533\" \/>\n\t<meta property=\"og:image:type\" content=\"image\/jpeg\" \/>\n<meta name=\"author\" content=\"Raffy Ben\u00edtez\" \/>\n<meta name=\"twitter:card\" content=\"summary_large_image\" \/>\n<meta name=\"twitter:label1\" content=\"Escrito por\" \/>\n\t<meta name=\"twitter:data1\" content=\"Raffy Ben\u00edtez\" \/>\n\t<meta name=\"twitter:label2\" content=\"Tiempo de lectura\" \/>\n\t<meta name=\"twitter:data2\" content=\"1 minuto\" \/>\n<script type=\"application\/ld+json\" class=\"yoast-schema-graph\">{\"@context\":\"https:\/\/schema.org\",\"@graph\":[{\"@type\":\"Article\",\"@id\":\"https:\/\/conexion23.com\/?p=20575#article\",\"isPartOf\":{\"@id\":\"https:\/\/conexion23.com\/?p=20575\"},\"author\":{\"name\":\"Raffy Ben\u00edtez\",\"@id\":\"https:\/\/conexion23.com\/#\/schema\/person\/03e36043331117e97a373299bbcd30a6\"},\"headline\":\"Embajadora de EE.UU. en Guyana expresa preocupaci\u00f3n por presencia de China en el Caribe.\",\"datePublished\":\"2023-09-01T12:31:10+00:00\",\"dateModified\":\"2023-09-01T12:31:13+00:00\",\"mainEntityOfPage\":{\"@id\":\"https:\/\/conexion23.com\/?p=20575\"},\"wordCount\":224,\"commentCount\":0,\"publisher\":{\"@id\":\"https:\/\/conexion23.com\/#organization\"},\"image\":{\"@id\":\"https:\/\/conexion23.com\/?p=20575#primaryimage\"},\"thumbnailUrl\":\"https:\/\/conexion23.com\/wp-content\/uploads\/2023\/09\/64f13d80485fb.jpeg\",\"articleSection\":[\"Uncategorized\"],\"inLanguage\":\"es\",\"potentialAction\":[{\"@type\":\"CommentAction\",\"name\":\"Comment\",\"target\":[\"https:\/\/conexion23.com\/?p=20575#respond\"]}]},{\"@type\":\"WebPage\",\"@id\":\"https:\/\/conexion23.com\/?p=20575\",\"url\":\"https:\/\/conexion23.com\/?p=20575\",\"name\":\"Embajadora de EE.UU. en Guyana expresa preocupaci\u00f3n por presencia de China en el Caribe. - Conexi\u00f3n 23\",\"isPartOf\":{\"@id\":\"https:\/\/conexion23.com\/#website\"},\"primaryImageOfPage\":{\"@id\":\"https:\/\/conexion23.com\/?p=20575#primaryimage\"},\"image\":{\"@id\":\"https:\/\/conexion23.com\/?p=20575#primaryimage\"},\"thumbnailUrl\":\"https:\/\/conexion23.com\/wp-content\/uploads\/2023\/09\/64f13d80485fb.jpeg\",\"datePublished\":\"2023-09-01T12:31:10+00:00\",\"dateModified\":\"2023-09-01T12:31:13+00:00\",\"breadcrumb\":{\"@id\":\"https:\/\/conexion23.com\/?p=20575#breadcrumb\"},\"inLanguage\":\"es\",\"potentialAction\":[{\"@type\":\"ReadAction\",\"target\":[\"https:\/\/conexion23.com\/?p=20575\"]}]},{\"@type\":\"ImageObject\",\"inLanguage\":\"es\",\"@id\":\"https:\/\/conexion23.com\/?p=20575#primaryimage\",\"url\":\"https:\/\/conexion23.com\/wp-content\/uploads\/2023\/09\/64f13d80485fb.jpeg\",\"contentUrl\":\"https:\/\/conexion23.com\/wp-content\/uploads\/2023\/09\/64f13d80485fb.jpeg\",\"width\":800,\"height\":533},{\"@type\":\"BreadcrumbList\",\"@id\":\"https:\/\/conexion23.com\/?p=20575#breadcrumb\",\"itemListElement\":[{\"@type\":\"ListItem\",\"position\":1,\"name\":\"Portada\",\"item\":\"https:\/\/conexion23.com\/\"},{\"@type\":\"ListItem\",\"position\":2,\"name\":\"Embajadora de EE.UU. en Guyana expresa preocupaci\u00f3n por presencia de China en el Caribe.\"}]},{\"@type\":\"WebSite\",\"@id\":\"https:\/\/conexion23.com\/#website\",\"url\":\"https:\/\/conexion23.com\/\",\"name\":\"Conexi\u00f3n 23\",\"description\":\"Peri\u00f3dico 100% Petromacorisano\",\"publisher\":{\"@id\":\"https:\/\/conexion23.com\/#organization\"},\"potentialAction\":[{\"@type\":\"SearchAction\",\"target\":{\"@type\":\"EntryPoint\",\"urlTemplate\":\"https:\/\/conexion23.com\/?s={search_term_string}\"},\"query-input\":{\"@type\":\"PropertyValueSpecification\",\"valueRequired\":true,\"valueName\":\"search_term_string\"}}],\"inLanguage\":\"es\"},{\"@type\":\"Organization\",\"@id\":\"https:\/\/conexion23.com\/#organization\",\"name\":\"Conexion 23\",\"url\":\"https:\/\/conexion23.com\/\",\"logo\":{\"@type\":\"ImageObject\",\"inLanguage\":\"es\",\"@id\":\"https:\/\/conexion23.com\/#\/schema\/logo\/image\/\",\"url\":\"https:\/\/conexion23.com\/wp-content\/uploads\/2021\/11\/Diseno-sin-titulo-2.png\",\"contentUrl\":\"https:\/\/conexion23.com\/wp-content\/uploads\/2021\/11\/Diseno-sin-titulo-2.png\",\"width\":541,\"height\":90,\"caption\":\"Conexion 23\"},\"image\":{\"@id\":\"https:\/\/conexion23.com\/#\/schema\/logo\/image\/\"},\"sameAs\":[\"https:\/\/www.facebook.com\/conexion23com\",\"https:\/\/www.instagram.com\/conexion23com\/\",\"https:\/\/www.youtube.com\/channel\/UCYc7vxxFZMYLIHNsHHxPZ3Q\"]},{\"@type\":\"Person\",\"@id\":\"https:\/\/conexion23.com\/#\/schema\/person\/03e36043331117e97a373299bbcd30a6\",\"name\":\"Raffy Ben\u00edtez\",\"image\":{\"@type\":\"ImageObject\",\"inLanguage\":\"es\",\"@id\":\"https:\/\/conexion23.com\/#\/schema\/person\/image\/\",\"url\":\"https:\/\/secure.gravatar.com\/avatar\/3190a6a6c5e1b0327500f7d6c56b6242472ee6cb974cf09b401ee6b3b0798f23?s=96&d=mm&r=g\",\"contentUrl\":\"https:\/\/secure.gravatar.com\/avatar\/3190a6a6c5e1b0327500f7d6c56b6242472ee6cb974cf09b401ee6b3b0798f23?s=96&d=mm&r=g\",\"caption\":\"Raffy Ben\u00edtez\"},\"url\":\"https:\/\/conexion23.com\/?author=15\"}]}<\/script>\n<!-- \/ Yoast SEO plugin. -->","yoast_head_json":{"title":"Embajadora de EE.UU. en Guyana expresa preocupaci\u00f3n por presencia de China en el Caribe. - Conexi\u00f3n 23","robots":{"index":"index","follow":"follow","max-snippet":"max-snippet:-1","max-image-preview":"max-image-preview:large","max-video-preview":"max-video-preview:-1"},"canonical":"https:\/\/conexion23.com\/?p=20575","og_locale":"es_ES","og_type":"article","og_title":"Embajadora de EE.UU. en Guyana expresa preocupaci\u00f3n por presencia de China en el Caribe. - Conexi\u00f3n 23","og_description":"La embajadora de Estados Unidos en Guyana, Sarah-Ann Lynch, afirm\u00f3 este jueves que la administraci\u00f3n Biden est\u00e1 preocupada por la creciente presencia financiera de China en Guyana y el resto del Caribe. \u00abClaramente,&nbsp;la huella de China est\u00e1 creciendo en Guyana, as\u00ed como en el resto del Caribe\u00bb, afirm\u00f3 Lynch en una rueda de prensa. En [&hellip;]","og_url":"https:\/\/conexion23.com\/?p=20575","og_site_name":"Conexi\u00f3n 23","article_publisher":"https:\/\/www.facebook.com\/conexion23com","article_published_time":"2023-09-01T12:31:10+00:00","article_modified_time":"2023-09-01T12:31:13+00:00","og_image":[{"width":800,"height":533,"url":"https:\/\/conexion23.com\/wp-content\/uploads\/2023\/09\/64f13d80485fb.jpeg","type":"image\/jpeg"}],"author":"Raffy Ben\u00edtez","twitter_card":"summary_large_image","twitter_misc":{"Escrito por":"Raffy Ben\u00edtez","Tiempo de lectura":"1 minuto"},"schema":{"@context":"https:\/\/schema.org","@graph":[{"@type":"Article","@id":"https:\/\/conexion23.com\/?p=20575#article","isPartOf":{"@id":"https:\/\/conexion23.com\/?p=20575"},"author":{"name":"Raffy Ben\u00edtez","@id":"https:\/\/conexion23.com\/#\/schema\/person\/03e36043331117e97a373299bbcd30a6"},"headline":"Embajadora de EE.UU. en Guyana expresa preocupaci\u00f3n por presencia de China en el Caribe.","datePublished":"2023-09-01T12:31:10+00:00","dateModified":"2023-09-01T12:31:13+00:00","mainEntityOfPage":{"@id":"https:\/\/conexion23.com\/?p=20575"},"wordCount":224,"commentCount":0,"publisher":{"@id":"https:\/\/conexion23.com\/#organization"},"image":{"@id":"https:\/\/conexion23.com\/?p=20575#primaryimage"},"thumbnailUrl":"https:\/\/conexion23.com\/wp-content\/uploads\/2023\/09\/64f13d80485fb.jpeg","articleSection":["Uncategorized"],"inLanguage":"es","potentialAction":[{"@type":"CommentAction","name":"Comment","target":["https:\/\/conexion23.com\/?p=20575#respond"]}]},{"@type":"WebPage","@id":"https:\/\/conexion23.com\/?p=20575","url":"https:\/\/conexion23.com\/?p=20575","name":"Embajadora de EE.UU. en Guyana expresa preocupaci\u00f3n por presencia de China en el Caribe. - Conexi\u00f3n 23","isPartOf":{"@id":"https:\/\/conexion23.com\/#website"},"primaryImageOfPage":{"@id":"https:\/\/conexion23.com\/?p=20575#primaryimage"},"image":{"@id":"https:\/\/conexion23.com\/?p=20575#primaryimage"},"thumbnailUrl":"https:\/\/conexion23.com\/wp-content\/uploads\/2023\/09\/64f13d80485fb.jpeg","datePublished":"2023-09-01T12:31:10+00:00","dateModified":"2023-09-01T12:31:13+00:00","breadcrumb":{"@id":"https:\/\/conexion23.com\/?p=20575#breadcrumb"},"inLanguage":"es","potentialAction":[{"@type":"ReadAction","target":["https:\/\/conexion23.com\/?p=20575"]}]},{"@type":"ImageObject","inLanguage":"es","@id":"https:\/\/conexion23.com\/?p=20575#primaryimage","url":"https:\/\/conexion23.com\/wp-content\/uploads\/2023\/09\/64f13d80485fb.jpeg","contentUrl":"https:\/\/conexion23.com\/wp-content\/uploads\/2023\/09\/64f13d80485fb.jpeg","width":800,"height":533},{"@type":"BreadcrumbList","@id":"https:\/\/conexion23.com\/?p=20575#breadcrumb","itemListElement":[{"@type":"ListItem","position":1,"name":"Portada","item":"https:\/\/conexion23.com\/"},{"@type":"ListItem","position":2,"name":"Embajadora de EE.UU. en Guyana expresa preocupaci\u00f3n por presencia de China en el Caribe."}]},{"@type":"WebSite","@id":"https:\/\/conexion23.com\/#website","url":"https:\/\/conexion23.com\/","name":"Conexi\u00f3n 23","description":"Peri\u00f3dico 100% Petromacorisano","publisher":{"@id":"https:\/\/conexion23.com\/#organization"},"potentialAction":[{"@type":"SearchAction","target":{"@type":"EntryPoint","urlTemplate":"https:\/\/conexion23.com\/?s={search_term_string}"},"query-input":{"@type":"PropertyValueSpecification","valueRequired":true,"valueName":"search_term_string"}}],"inLanguage":"es"},{"@type":"Organization","@id":"https:\/\/conexion23.com\/#organization","name":"Conexion 23","url":"https:\/\/conexion23.com\/","logo":{"@type":"ImageObject","inLanguage":"es","@id":"https:\/\/conexion23.com\/#\/schema\/logo\/image\/","url":"https:\/\/conexion23.com\/wp-content\/uploads\/2021\/11\/Diseno-sin-titulo-2.png","contentUrl":"https:\/\/conexion23.com\/wp-content\/uploads\/2021\/11\/Diseno-sin-titulo-2.png","width":541,"height":90,"caption":"Conexion 23"},"image":{"@id":"https:\/\/conexion23.com\/#\/schema\/logo\/image\/"},"sameAs":["https:\/\/www.facebook.com\/conexion23com","https:\/\/www.instagram.com\/conexion23com\/","https:\/\/www.youtube.com\/channel\/UCYc7vxxFZMYLIHNsHHxPZ3Q"]},{"@type":"Person","@id":"https:\/\/conexion23.com\/#\/schema\/person\/03e36043331117e97a373299bbcd30a6","name":"Raffy Ben\u00edtez","image":{"@type":"ImageObject","inLanguage":"es","@id":"https:\/\/conexion23.com\/#\/schema\/person\/image\/","url":"https:\/\/secure.gravatar.com\/avatar\/3190a6a6c5e1b0327500f7d6c56b6242472ee6cb974cf09b401ee6b3b0798f23?s=96&d=mm&r=g","contentUrl":"https:\/\/secure.gravatar.com\/avatar\/3190a6a6c5e1b0327500f7d6c56b6242472ee6cb974cf09b401ee6b3b0798f23?s=96&d=mm&r=g","caption":"Raffy Ben\u00edtez"},"url":"https:\/\/conexion23.com\/?author=15"}]}},"_links":{"self":[{"href":"https:\/\/conexion23.com\/index.php?rest_route=\/wp\/v2\/posts\/20575","targetHints":{"allow":["GET"]}}],"collection":[{"href":"https:\/\/conexion23.com\/index.php?rest_route=\/wp\/v2\/posts"}],"about":[{"href":"https:\/\/conexion23.com\/index.php?rest_route=\/wp\/v2\/types\/post"}],"author":[{"embeddable":true,"href":"https:\/\/conexion23.com\/index.php?rest_route=\/wp\/v2\/users\/15"}],"replies":[{"embeddable":true,"href":"https:\/\/conexion23.com\/index.php?rest_route=%2Fwp%2Fv2%2Fcomments&post=20575"}],"version-history":[{"count":1,"href":"https:\/\/conexion23.com\/index.php?rest_route=\/wp\/v2\/posts\/20575\/revisions"}],"predecessor-version":[{"id":20577,"href":"https:\/\/conexion23.com\/index.php?rest_route=\/wp\/v2\/posts\/20575\/revisions\/20577"}],"wp:featuredmedia":[{"embeddable":true,"href":"https:\/\/conexion23.com\/index.php?rest_route=\/wp\/v2\/media\/20576"}],"wp:attachment":[{"href":"https:\/\/conexion23.com\/index.php?rest_route=%2Fwp%2Fv2%2Fmedia&parent=20575"}],"wp:term":[{"taxonomy":"category","embeddable":true,"href":"https:\/\/conexion23.com\/index.php?rest_route=%2Fwp%2Fv2%2Fcategories&post=20575"},{"taxonomy":"post_tag","embeddable":true,"href":"https:\/\/conexion23.com\/index.php?rest_route=%2Fwp%2Fv2%2Ftags&post=20575"}],"curies":[{"name":"wp","href":"https:\/\/api.w.org\/{rel}","templated":true}]}}