{"id":20601,"date":"2023-09-04T07:54:52","date_gmt":"2023-09-04T11:54:52","guid":{"rendered":"https:\/\/conexion23.com\/?p=20601"},"modified":"2023-09-04T07:55:00","modified_gmt":"2023-09-04T11:55:00","slug":"ruta-escolar-del-senador-franklin-pena-llega-a-los-llanos-guayacanes-y-otras-comunidades","status":"publish","type":"post","link":"https:\/\/conexion23.com\/?p=20601","title":{"rendered":"RUTA ESCOLAR DEL SENADOR FRANKLIN PE\u00d1A LLEGA A LOS LLANOS, GUAYACANES Y OTRAS COMUNIDADES."},"content":{"rendered":"\n<p>El senador Franklin Pe\u00f1a continu\u00f3 este s\u00e1bado con la entrega de \u00fatiles escolares en algunos municipios y diferentes comunidades de San Pedro de Macor\u00eds.<\/p>\n\n\n\n<p>En compa\u00f1\u00eda de los diferentes precandidatos a Diputados, s\u00edndicos y regidores el Seguro senador de la Fuerza del Pueblo llev\u00f3 esperanza y tranquilidad a esos ni\u00f1os y padres de familia que recibieron con benepl\u00e1cito los tan necesitados \u00fatiles escolares.<\/p>\n\n\n\n<p>Los municipios y comunidades fueron: Los Llanos, El Puerto, Guayacanes, Los Conucos de Juan Dolio, Ulloa, Los Montones, entre otros.<\/p>\n\n\n\n<p>En cada uno de ellos los moradores se manifestaban con alegr\u00eda, y agradecieron al Dr. Franklin Pe\u00f1a por siempre tomarlos en cuenta.<\/p>\n\n\n\n<p>Desde inicio de semana el congresista ha estado distribuyendo miles de \u00fatiles escolares, iniciando con un media tours en los diferentes medios de comunicaci\u00f3n de la Sultana del este, organizaciones e instituciones sin fines de lucro.<\/p>\n","protected":false},"excerpt":{"rendered":"<p>El senador Franklin Pe\u00f1a continu\u00f3 este s\u00e1bado con la entrega de \u00fatiles escolares en algunos municipios y diferentes comunidades de San Pedro de Macor\u00eds. En compa\u00f1\u00eda de los diferentes precandidatos a Diputados, s\u00edndicos y regidores el Seguro senador de la Fuerza del Pueblo llev\u00f3 esperanza y tranquilidad a esos ni\u00f1os y padres de familia que [&hellip;]<\/p>\n","protected":false},"author":15,"featured_media":20602,"comment_status":"open","ping_status":"open","sticky":false,"template":"","format":"standard","meta":{"footnotes":""},"categories":[35],"tags":[],"class_list":{"0":"post-20601","1":"post","2":"type-post","3":"status-publish","4":"format-standard","5":"has-post-thumbnail","7":"category-spm"},"yoast_head":"<!-- This site is optimized with the Yoast SEO plugin v27.1.1 - https:\/\/yoast.com\/product\/yoast-seo-wordpress\/ -->\n<title>RUTA ESCOLAR DEL SENADOR FRANKLIN PE\u00d1A LLEGA A LOS LLANOS, GUAYACANES Y OTRAS COMUNIDADES. - Conexi\u00f3n 23<\/title>\n<meta name=\"robots\" content=\"index, follow, max-snippet:-1, max-image-preview:large, max-video-preview:-1\" \/>\n<link rel=\"canonical\" href=\"https:\/\/conexion23.com\/?p=20601\" \/>\n<meta property=\"og:locale\" content=\"es_ES\" \/>\n<meta property=\"og:type\" content=\"article\" \/>\n<meta property=\"og:title\" content=\"RUTA ESCOLAR DEL SENADOR FRANKLIN PE\u00d1A LLEGA A LOS LLANOS, GUAYACANES Y OTRAS COMUNIDADES. - Conexi\u00f3n 23\" \/>\n<meta property=\"og:description\" content=\"El senador Franklin Pe\u00f1a continu\u00f3 este s\u00e1bado con la entrega de \u00fatiles escolares en algunos municipios y diferentes comunidades de San Pedro de Macor\u00eds. En compa\u00f1\u00eda de los diferentes precandidatos a Diputados, s\u00edndicos y regidores el Seguro senador de la Fuerza del Pueblo llev\u00f3 esperanza y tranquilidad a esos ni\u00f1os y padres de familia que [&hellip;]\" \/>\n<meta property=\"og:url\" content=\"https:\/\/conexion23.com\/?p=20601\" \/>\n<meta property=\"og:site_name\" content=\"Conexi\u00f3n 23\" \/>\n<meta property=\"article:publisher\" content=\"https:\/\/www.facebook.com\/conexion23com\" \/>\n<meta property=\"article:published_time\" content=\"2023-09-04T11:54:52+00:00\" \/>\n<meta property=\"article:modified_time\" content=\"2023-09-04T11:55:00+00:00\" \/>\n<meta property=\"og:image\" content=\"https:\/\/conexion23.com\/wp-content\/uploads\/2023\/09\/12ff80c0-745c-498a-aee4-72e2701f492b.jpg\" \/>\n\t<meta property=\"og:image:width\" content=\"1280\" \/>\n\t<meta property=\"og:image:height\" content=\"906\" \/>\n\t<meta property=\"og:image:type\" content=\"image\/jpeg\" \/>\n<meta name=\"author\" content=\"Raffy Ben\u00edtez\" \/>\n<meta name=\"twitter:card\" content=\"summary_large_image\" \/>\n<meta name=\"twitter:label1\" content=\"Escrito por\" \/>\n\t<meta name=\"twitter:data1\" content=\"Raffy Ben\u00edtez\" \/>\n\t<meta name=\"twitter:label2\" content=\"Tiempo de lectura\" \/>\n\t<meta name=\"twitter:data2\" content=\"1 minuto\" \/>\n<script type=\"application\/ld+json\" class=\"yoast-schema-graph\">{\"@context\":\"https:\/\/schema.org\",\"@graph\":[{\"@type\":\"Article\",\"@id\":\"https:\/\/conexion23.com\/?p=20601#article\",\"isPartOf\":{\"@id\":\"https:\/\/conexion23.com\/?p=20601\"},\"author\":{\"name\":\"Raffy Ben\u00edtez\",\"@id\":\"https:\/\/conexion23.com\/#\/schema\/person\/03e36043331117e97a373299bbcd30a6\"},\"headline\":\"RUTA ESCOLAR DEL SENADOR FRANKLIN PE\u00d1A LLEGA A LOS LLANOS, GUAYACANES Y OTRAS COMUNIDADES.\",\"datePublished\":\"2023-09-04T11:54:52+00:00\",\"dateModified\":\"2023-09-04T11:55:00+00:00\",\"mainEntityOfPage\":{\"@id\":\"https:\/\/conexion23.com\/?p=20601\"},\"wordCount\":166,\"commentCount\":0,\"publisher\":{\"@id\":\"https:\/\/conexion23.com\/#organization\"},\"image\":{\"@id\":\"https:\/\/conexion23.com\/?p=20601#primaryimage\"},\"thumbnailUrl\":\"https:\/\/conexion23.com\/wp-content\/uploads\/2023\/09\/12ff80c0-745c-498a-aee4-72e2701f492b.jpg\",\"articleSection\":[\"SPM\"],\"inLanguage\":\"es\",\"potentialAction\":[{\"@type\":\"CommentAction\",\"name\":\"Comment\",\"target\":[\"https:\/\/conexion23.com\/?p=20601#respond\"]}]},{\"@type\":\"WebPage\",\"@id\":\"https:\/\/conexion23.com\/?p=20601\",\"url\":\"https:\/\/conexion23.com\/?p=20601\",\"name\":\"RUTA ESCOLAR DEL SENADOR FRANKLIN PE\u00d1A LLEGA A LOS LLANOS, GUAYACANES Y OTRAS COMUNIDADES. - Conexi\u00f3n 23\",\"isPartOf\":{\"@id\":\"https:\/\/conexion23.com\/#website\"},\"primaryImageOfPage\":{\"@id\":\"https:\/\/conexion23.com\/?p=20601#primaryimage\"},\"image\":{\"@id\":\"https:\/\/conexion23.com\/?p=20601#primaryimage\"},\"thumbnailUrl\":\"https:\/\/conexion23.com\/wp-content\/uploads\/2023\/09\/12ff80c0-745c-498a-aee4-72e2701f492b.jpg\",\"datePublished\":\"2023-09-04T11:54:52+00:00\",\"dateModified\":\"2023-09-04T11:55:00+00:00\",\"breadcrumb\":{\"@id\":\"https:\/\/conexion23.com\/?p=20601#breadcrumb\"},\"inLanguage\":\"es\",\"potentialAction\":[{\"@type\":\"ReadAction\",\"target\":[\"https:\/\/conexion23.com\/?p=20601\"]}]},{\"@type\":\"ImageObject\",\"inLanguage\":\"es\",\"@id\":\"https:\/\/conexion23.com\/?p=20601#primaryimage\",\"url\":\"https:\/\/conexion23.com\/wp-content\/uploads\/2023\/09\/12ff80c0-745c-498a-aee4-72e2701f492b.jpg\",\"contentUrl\":\"https:\/\/conexion23.com\/wp-content\/uploads\/2023\/09\/12ff80c0-745c-498a-aee4-72e2701f492b.jpg\",\"width\":1280,\"height\":906},{\"@type\":\"BreadcrumbList\",\"@id\":\"https:\/\/conexion23.com\/?p=20601#breadcrumb\",\"itemListElement\":[{\"@type\":\"ListItem\",\"position\":1,\"name\":\"Portada\",\"item\":\"https:\/\/conexion23.com\/\"},{\"@type\":\"ListItem\",\"position\":2,\"name\":\"RUTA ESCOLAR DEL SENADOR FRANKLIN PE\u00d1A LLEGA A LOS LLANOS, GUAYACANES Y OTRAS COMUNIDADES.\"}]},{\"@type\":\"WebSite\",\"@id\":\"https:\/\/conexion23.com\/#website\",\"url\":\"https:\/\/conexion23.com\/\",\"name\":\"Conexi\u00f3n 23\",\"description\":\"Peri\u00f3dico 100% Petromacorisano\",\"publisher\":{\"@id\":\"https:\/\/conexion23.com\/#organization\"},\"potentialAction\":[{\"@type\":\"SearchAction\",\"target\":{\"@type\":\"EntryPoint\",\"urlTemplate\":\"https:\/\/conexion23.com\/?s={search_term_string}\"},\"query-input\":{\"@type\":\"PropertyValueSpecification\",\"valueRequired\":true,\"valueName\":\"search_term_string\"}}],\"inLanguage\":\"es\"},{\"@type\":\"Organization\",\"@id\":\"https:\/\/conexion23.com\/#organization\",\"name\":\"Conexion 23\",\"url\":\"https:\/\/conexion23.com\/\",\"logo\":{\"@type\":\"ImageObject\",\"inLanguage\":\"es\",\"@id\":\"https:\/\/conexion23.com\/#\/schema\/logo\/image\/\",\"url\":\"https:\/\/conexion23.com\/wp-content\/uploads\/2021\/11\/Diseno-sin-titulo-2.png\",\"contentUrl\":\"https:\/\/conexion23.com\/wp-content\/uploads\/2021\/11\/Diseno-sin-titulo-2.png\",\"width\":541,\"height\":90,\"caption\":\"Conexion 23\"},\"image\":{\"@id\":\"https:\/\/conexion23.com\/#\/schema\/logo\/image\/\"},\"sameAs\":[\"https:\/\/www.facebook.com\/conexion23com\",\"https:\/\/www.instagram.com\/conexion23com\/\",\"https:\/\/www.youtube.com\/channel\/UCYc7vxxFZMYLIHNsHHxPZ3Q\"]},{\"@type\":\"Person\",\"@id\":\"https:\/\/conexion23.com\/#\/schema\/person\/03e36043331117e97a373299bbcd30a6\",\"name\":\"Raffy Ben\u00edtez\",\"image\":{\"@type\":\"ImageObject\",\"inLanguage\":\"es\",\"@id\":\"https:\/\/conexion23.com\/#\/schema\/person\/image\/\",\"url\":\"https:\/\/secure.gravatar.com\/avatar\/3190a6a6c5e1b0327500f7d6c56b6242472ee6cb974cf09b401ee6b3b0798f23?s=96&d=mm&r=g\",\"contentUrl\":\"https:\/\/secure.gravatar.com\/avatar\/3190a6a6c5e1b0327500f7d6c56b6242472ee6cb974cf09b401ee6b3b0798f23?s=96&d=mm&r=g\",\"caption\":\"Raffy Ben\u00edtez\"},\"url\":\"https:\/\/conexion23.com\/?author=15\"}]}<\/script>\n<!-- \/ Yoast SEO plugin. -->","yoast_head_json":{"title":"RUTA ESCOLAR DEL SENADOR FRANKLIN PE\u00d1A LLEGA A LOS LLANOS, GUAYACANES Y OTRAS COMUNIDADES. - Conexi\u00f3n 23","robots":{"index":"index","follow":"follow","max-snippet":"max-snippet:-1","max-image-preview":"max-image-preview:large","max-video-preview":"max-video-preview:-1"},"canonical":"https:\/\/conexion23.com\/?p=20601","og_locale":"es_ES","og_type":"article","og_title":"RUTA ESCOLAR DEL SENADOR FRANKLIN PE\u00d1A LLEGA A LOS LLANOS, GUAYACANES Y OTRAS COMUNIDADES. - Conexi\u00f3n 23","og_description":"El senador Franklin Pe\u00f1a continu\u00f3 este s\u00e1bado con la entrega de \u00fatiles escolares en algunos municipios y diferentes comunidades de San Pedro de Macor\u00eds. En compa\u00f1\u00eda de los diferentes precandidatos a Diputados, s\u00edndicos y regidores el Seguro senador de la Fuerza del Pueblo llev\u00f3 esperanza y tranquilidad a esos ni\u00f1os y padres de familia que [&hellip;]","og_url":"https:\/\/conexion23.com\/?p=20601","og_site_name":"Conexi\u00f3n 23","article_publisher":"https:\/\/www.facebook.com\/conexion23com","article_published_time":"2023-09-04T11:54:52+00:00","article_modified_time":"2023-09-04T11:55:00+00:00","og_image":[{"width":1280,"height":906,"url":"https:\/\/conexion23.com\/wp-content\/uploads\/2023\/09\/12ff80c0-745c-498a-aee4-72e2701f492b.jpg","type":"image\/jpeg"}],"author":"Raffy Ben\u00edtez","twitter_card":"summary_large_image","twitter_misc":{"Escrito por":"Raffy Ben\u00edtez","Tiempo de lectura":"1 minuto"},"schema":{"@context":"https:\/\/schema.org","@graph":[{"@type":"Article","@id":"https:\/\/conexion23.com\/?p=20601#article","isPartOf":{"@id":"https:\/\/conexion23.com\/?p=20601"},"author":{"name":"Raffy Ben\u00edtez","@id":"https:\/\/conexion23.com\/#\/schema\/person\/03e36043331117e97a373299bbcd30a6"},"headline":"RUTA ESCOLAR DEL SENADOR FRANKLIN PE\u00d1A LLEGA A LOS LLANOS, GUAYACANES Y OTRAS COMUNIDADES.","datePublished":"2023-09-04T11:54:52+00:00","dateModified":"2023-09-04T11:55:00+00:00","mainEntityOfPage":{"@id":"https:\/\/conexion23.com\/?p=20601"},"wordCount":166,"commentCount":0,"publisher":{"@id":"https:\/\/conexion23.com\/#organization"},"image":{"@id":"https:\/\/conexion23.com\/?p=20601#primaryimage"},"thumbnailUrl":"https:\/\/conexion23.com\/wp-content\/uploads\/2023\/09\/12ff80c0-745c-498a-aee4-72e2701f492b.jpg","articleSection":["SPM"],"inLanguage":"es","potentialAction":[{"@type":"CommentAction","name":"Comment","target":["https:\/\/conexion23.com\/?p=20601#respond"]}]},{"@type":"WebPage","@id":"https:\/\/conexion23.com\/?p=20601","url":"https:\/\/conexion23.com\/?p=20601","name":"RUTA ESCOLAR DEL SENADOR FRANKLIN PE\u00d1A LLEGA A LOS LLANOS, GUAYACANES Y OTRAS COMUNIDADES. - Conexi\u00f3n 23","isPartOf":{"@id":"https:\/\/conexion23.com\/#website"},"primaryImageOfPage":{"@id":"https:\/\/conexion23.com\/?p=20601#primaryimage"},"image":{"@id":"https:\/\/conexion23.com\/?p=20601#primaryimage"},"thumbnailUrl":"https:\/\/conexion23.com\/wp-content\/uploads\/2023\/09\/12ff80c0-745c-498a-aee4-72e2701f492b.jpg","datePublished":"2023-09-04T11:54:52+00:00","dateModified":"2023-09-04T11:55:00+00:00","breadcrumb":{"@id":"https:\/\/conexion23.com\/?p=20601#breadcrumb"},"inLanguage":"es","potentialAction":[{"@type":"ReadAction","target":["https:\/\/conexion23.com\/?p=20601"]}]},{"@type":"ImageObject","inLanguage":"es","@id":"https:\/\/conexion23.com\/?p=20601#primaryimage","url":"https:\/\/conexion23.com\/wp-content\/uploads\/2023\/09\/12ff80c0-745c-498a-aee4-72e2701f492b.jpg","contentUrl":"https:\/\/conexion23.com\/wp-content\/uploads\/2023\/09\/12ff80c0-745c-498a-aee4-72e2701f492b.jpg","width":1280,"height":906},{"@type":"BreadcrumbList","@id":"https:\/\/conexion23.com\/?p=20601#breadcrumb","itemListElement":[{"@type":"ListItem","position":1,"name":"Portada","item":"https:\/\/conexion23.com\/"},{"@type":"ListItem","position":2,"name":"RUTA ESCOLAR DEL SENADOR FRANKLIN PE\u00d1A LLEGA A LOS LLANOS, GUAYACANES Y OTRAS COMUNIDADES."}]},{"@type":"WebSite","@id":"https:\/\/conexion23.com\/#website","url":"https:\/\/conexion23.com\/","name":"Conexi\u00f3n 23","description":"Peri\u00f3dico 100% Petromacorisano","publisher":{"@id":"https:\/\/conexion23.com\/#organization"},"potentialAction":[{"@type":"SearchAction","target":{"@type":"EntryPoint","urlTemplate":"https:\/\/conexion23.com\/?s={search_term_string}"},"query-input":{"@type":"PropertyValueSpecification","valueRequired":true,"valueName":"search_term_string"}}],"inLanguage":"es"},{"@type":"Organization","@id":"https:\/\/conexion23.com\/#organization","name":"Conexion 23","url":"https:\/\/conexion23.com\/","logo":{"@type":"ImageObject","inLanguage":"es","@id":"https:\/\/conexion23.com\/#\/schema\/logo\/image\/","url":"https:\/\/conexion23.com\/wp-content\/uploads\/2021\/11\/Diseno-sin-titulo-2.png","contentUrl":"https:\/\/conexion23.com\/wp-content\/uploads\/2021\/11\/Diseno-sin-titulo-2.png","width":541,"height":90,"caption":"Conexion 23"},"image":{"@id":"https:\/\/conexion23.com\/#\/schema\/logo\/image\/"},"sameAs":["https:\/\/www.facebook.com\/conexion23com","https:\/\/www.instagram.com\/conexion23com\/","https:\/\/www.youtube.com\/channel\/UCYc7vxxFZMYLIHNsHHxPZ3Q"]},{"@type":"Person","@id":"https:\/\/conexion23.com\/#\/schema\/person\/03e36043331117e97a373299bbcd30a6","name":"Raffy Ben\u00edtez","image":{"@type":"ImageObject","inLanguage":"es","@id":"https:\/\/conexion23.com\/#\/schema\/person\/image\/","url":"https:\/\/secure.gravatar.com\/avatar\/3190a6a6c5e1b0327500f7d6c56b6242472ee6cb974cf09b401ee6b3b0798f23?s=96&d=mm&r=g","contentUrl":"https:\/\/secure.gravatar.com\/avatar\/3190a6a6c5e1b0327500f7d6c56b6242472ee6cb974cf09b401ee6b3b0798f23?s=96&d=mm&r=g","caption":"Raffy Ben\u00edtez"},"url":"https:\/\/conexion23.com\/?author=15"}]}},"_links":{"self":[{"href":"https:\/\/conexion23.com\/index.php?rest_route=\/wp\/v2\/posts\/20601","targetHints":{"allow":["GET"]}}],"collection":[{"href":"https:\/\/conexion23.com\/index.php?rest_route=\/wp\/v2\/posts"}],"about":[{"href":"https:\/\/conexion23.com\/index.php?rest_route=\/wp\/v2\/types\/post"}],"author":[{"embeddable":true,"href":"https:\/\/conexion23.com\/index.php?rest_route=\/wp\/v2\/users\/15"}],"replies":[{"embeddable":true,"href":"https:\/\/conexion23.com\/index.php?rest_route=%2Fwp%2Fv2%2Fcomments&post=20601"}],"version-history":[{"count":1,"href":"https:\/\/conexion23.com\/index.php?rest_route=\/wp\/v2\/posts\/20601\/revisions"}],"predecessor-version":[{"id":20603,"href":"https:\/\/conexion23.com\/index.php?rest_route=\/wp\/v2\/posts\/20601\/revisions\/20603"}],"wp:featuredmedia":[{"embeddable":true,"href":"https:\/\/conexion23.com\/index.php?rest_route=\/wp\/v2\/media\/20602"}],"wp:attachment":[{"href":"https:\/\/conexion23.com\/index.php?rest_route=%2Fwp%2Fv2%2Fmedia&parent=20601"}],"wp:term":[{"taxonomy":"category","embeddable":true,"href":"https:\/\/conexion23.com\/index.php?rest_route=%2Fwp%2Fv2%2Fcategories&post=20601"},{"taxonomy":"post_tag","embeddable":true,"href":"https:\/\/conexion23.com\/index.php?rest_route=%2Fwp%2Fv2%2Ftags&post=20601"}],"curies":[{"name":"wp","href":"https:\/\/api.w.org\/{rel}","templated":true}]}}