{"id":20607,"date":"2023-09-04T08:10:05","date_gmt":"2023-09-04T12:10:05","guid":{"rendered":"https:\/\/conexion23.com\/?p=20607"},"modified":"2023-09-04T08:10:07","modified_gmt":"2023-09-04T12:10:07","slug":"medicos-no-atenderan-hoy-a-pacientes-de-las-ars-privadas-en-los-hospitales","status":"publish","type":"post","link":"https:\/\/conexion23.com\/?p=20607","title":{"rendered":"M\u00e9dicos no atender\u00e1n hoy a pacientes de las ARS privadas en los hospitales."},"content":{"rendered":"\n<p>El Colegio M\u00e9dico Dominicano no atender\u00e1 este lunes en los hospitales p\u00fablicos a los pacientes del r\u00e9gimen contributivo, o sea, los que tengan seguros con las ARS privadas.<\/p>\n\n\n\n<p>Rufino Sen\u00e9n Caba, presidente del gremio, dijo que solo asistir\u00e1n los casos de emergencia, entre los que se incluye a los afectados por dengue.<\/p>\n\n\n\n<p>\u201cNo vamos atender pacientes del sector privado en el sector p\u00fablico, salvo que sea una emergencia, porque las situaciones cr\u00edticas hay que atenderlas siempre\u201d indic\u00f3.<\/p>\n\n\n\n<p>Asimismo, Caba ratific\u00f3 tambi\u00e9n el paro a nivel nacional convocado por 48 horas, jueves y viernes pr\u00f3ximo, para el sector p\u00fablico y privado, cuando solo se atender\u00e1n las emergencias y los pacientes cr\u00edticos.<\/p>\n\n\n\n<p>Deplor\u00f3 que las autoridades no le han dado respuesta al reclamo de que sean revisados las tarifas y honorarios que se les paga a los m\u00e9dicos por los servicios prestados a los pacientes afiliados a ARS privadas.<\/p>\n\n\n\n<p>El CMD y sus sociedades m\u00e9dicas especializadas anunciaron el pasado mi\u00e9rcoles el retorno del plan de lucha que hab\u00edan suspendido d\u00edas atr\u00e1s, con la convocatoria a un paro nacional por 48 horas en cl\u00ednicas y hospitales, as\u00ed como la suspensi\u00f3n de servicios electivos a pacientes contributivos que van a los hospitales.<\/p>\n\n\n\n<p>Caba, junto a los representantes del consejo directivo del gremio y de sociedades m\u00e9dicas especializadas, se\u00f1al\u00f3 entonces que no recibieron respuestas a sus propuestas, a pesar de que pasaron 20 d\u00edas tras la suspensi\u00f3n de las actividades en solidaridad con los habitantes de San Crist\u00f3bal afectados por una explosi\u00f3n y los impactados por el paso de la tormenta tropical Franklin.<\/p>\n\n\n\n<p>El CMD autoriz\u00f3 tambi\u00e9n a las sociedades especializadas quir\u00fargicas y afines (incluyendo Anestesiolog\u00eda) a impulsar las iniciativas que entiendan pertinentes para lograr que sean atendidos otros reclamos pendientes con las Administradoras de Riesgo de Salud (ARS).<\/p>\n\n\n\n<p>\u201cHan pasado pues, m\u00e1s de 20 d\u00edas en los cuales el Consejo de Seguridad Social (CNSS) y el Gobierno tuvieron tiempo para elaborar una propuesta viable y decente para beneficio de los afiliados a la seguridad social, incorporando al Plan de Servicios de Salud atenciones y f\u00e1rmacos por especialidades que generan cambios ostensibles en el cat\u00e1logo de los diferentes reg\u00edmenes y al mismo tiempo mejorar los honorarios para los prestadores\u201d, se\u00f1al\u00f3 Caba.<\/p>\n","protected":false},"excerpt":{"rendered":"<p>El Colegio M\u00e9dico Dominicano no atender\u00e1 este lunes en los hospitales p\u00fablicos a los pacientes del r\u00e9gimen contributivo, o sea, los que tengan seguros con las ARS privadas. Rufino Sen\u00e9n Caba, presidente del gremio, dijo que solo asistir\u00e1n los casos de emergencia, entre los que se incluye a los afectados por dengue. \u201cNo vamos atender [&hellip;]<\/p>\n","protected":false},"author":15,"featured_media":20608,"comment_status":"open","ping_status":"open","sticky":false,"template":"","format":"standard","meta":{"footnotes":""},"categories":[1],"tags":[],"class_list":{"0":"post-20607","1":"post","2":"type-post","3":"status-publish","4":"format-standard","5":"has-post-thumbnail","7":"category-uncategorized"},"yoast_head":"<!-- This site is optimized with the Yoast SEO plugin v27.1.1 - https:\/\/yoast.com\/product\/yoast-seo-wordpress\/ -->\n<title>M\u00e9dicos no atender\u00e1n hoy a pacientes de las ARS privadas en los hospitales. - Conexi\u00f3n 23<\/title>\n<meta name=\"robots\" content=\"index, follow, max-snippet:-1, max-image-preview:large, max-video-preview:-1\" \/>\n<link rel=\"canonical\" href=\"https:\/\/conexion23.com\/?p=20607\" \/>\n<meta property=\"og:locale\" content=\"es_ES\" \/>\n<meta property=\"og:type\" content=\"article\" \/>\n<meta property=\"og:title\" content=\"M\u00e9dicos no atender\u00e1n hoy a pacientes de las ARS privadas en los hospitales. - Conexi\u00f3n 23\" \/>\n<meta property=\"og:description\" content=\"El Colegio M\u00e9dico Dominicano no atender\u00e1 este lunes en los hospitales p\u00fablicos a los pacientes del r\u00e9gimen contributivo, o sea, los que tengan seguros con las ARS privadas. Rufino Sen\u00e9n Caba, presidente del gremio, dijo que solo asistir\u00e1n los casos de emergencia, entre los que se incluye a los afectados por dengue. \u201cNo vamos atender [&hellip;]\" \/>\n<meta property=\"og:url\" content=\"https:\/\/conexion23.com\/?p=20607\" \/>\n<meta property=\"og:site_name\" content=\"Conexi\u00f3n 23\" \/>\n<meta property=\"article:publisher\" content=\"https:\/\/www.facebook.com\/conexion23com\" \/>\n<meta property=\"article:published_time\" content=\"2023-09-04T12:10:05+00:00\" \/>\n<meta property=\"article:modified_time\" content=\"2023-09-04T12:10:07+00:00\" \/>\n<meta property=\"og:image\" content=\"https:\/\/conexion23.com\/wp-content\/uploads\/2023\/09\/64f52557ce400.jpeg\" \/>\n\t<meta property=\"og:image:width\" content=\"800\" \/>\n\t<meta property=\"og:image:height\" content=\"533\" \/>\n\t<meta property=\"og:image:type\" content=\"image\/jpeg\" \/>\n<meta name=\"author\" content=\"Raffy Ben\u00edtez\" \/>\n<meta name=\"twitter:card\" content=\"summary_large_image\" \/>\n<meta name=\"twitter:label1\" content=\"Escrito por\" \/>\n\t<meta name=\"twitter:data1\" content=\"Raffy Ben\u00edtez\" \/>\n\t<meta name=\"twitter:label2\" content=\"Tiempo de lectura\" \/>\n\t<meta name=\"twitter:data2\" content=\"2 minutos\" \/>\n<script type=\"application\/ld+json\" class=\"yoast-schema-graph\">{\"@context\":\"https:\/\/schema.org\",\"@graph\":[{\"@type\":\"Article\",\"@id\":\"https:\/\/conexion23.com\/?p=20607#article\",\"isPartOf\":{\"@id\":\"https:\/\/conexion23.com\/?p=20607\"},\"author\":{\"name\":\"Raffy Ben\u00edtez\",\"@id\":\"https:\/\/conexion23.com\/#\/schema\/person\/03e36043331117e97a373299bbcd30a6\"},\"headline\":\"M\u00e9dicos no atender\u00e1n hoy a pacientes de las ARS privadas en los hospitales.\",\"datePublished\":\"2023-09-04T12:10:05+00:00\",\"dateModified\":\"2023-09-04T12:10:07+00:00\",\"mainEntityOfPage\":{\"@id\":\"https:\/\/conexion23.com\/?p=20607\"},\"wordCount\":412,\"commentCount\":0,\"publisher\":{\"@id\":\"https:\/\/conexion23.com\/#organization\"},\"image\":{\"@id\":\"https:\/\/conexion23.com\/?p=20607#primaryimage\"},\"thumbnailUrl\":\"https:\/\/conexion23.com\/wp-content\/uploads\/2023\/09\/64f52557ce400.jpeg\",\"articleSection\":[\"Uncategorized\"],\"inLanguage\":\"es\",\"potentialAction\":[{\"@type\":\"CommentAction\",\"name\":\"Comment\",\"target\":[\"https:\/\/conexion23.com\/?p=20607#respond\"]}]},{\"@type\":\"WebPage\",\"@id\":\"https:\/\/conexion23.com\/?p=20607\",\"url\":\"https:\/\/conexion23.com\/?p=20607\",\"name\":\"M\u00e9dicos no atender\u00e1n hoy a pacientes de las ARS privadas en los hospitales. - Conexi\u00f3n 23\",\"isPartOf\":{\"@id\":\"https:\/\/conexion23.com\/#website\"},\"primaryImageOfPage\":{\"@id\":\"https:\/\/conexion23.com\/?p=20607#primaryimage\"},\"image\":{\"@id\":\"https:\/\/conexion23.com\/?p=20607#primaryimage\"},\"thumbnailUrl\":\"https:\/\/conexion23.com\/wp-content\/uploads\/2023\/09\/64f52557ce400.jpeg\",\"datePublished\":\"2023-09-04T12:10:05+00:00\",\"dateModified\":\"2023-09-04T12:10:07+00:00\",\"breadcrumb\":{\"@id\":\"https:\/\/conexion23.com\/?p=20607#breadcrumb\"},\"inLanguage\":\"es\",\"potentialAction\":[{\"@type\":\"ReadAction\",\"target\":[\"https:\/\/conexion23.com\/?p=20607\"]}]},{\"@type\":\"ImageObject\",\"inLanguage\":\"es\",\"@id\":\"https:\/\/conexion23.com\/?p=20607#primaryimage\",\"url\":\"https:\/\/conexion23.com\/wp-content\/uploads\/2023\/09\/64f52557ce400.jpeg\",\"contentUrl\":\"https:\/\/conexion23.com\/wp-content\/uploads\/2023\/09\/64f52557ce400.jpeg\",\"width\":800,\"height\":533},{\"@type\":\"BreadcrumbList\",\"@id\":\"https:\/\/conexion23.com\/?p=20607#breadcrumb\",\"itemListElement\":[{\"@type\":\"ListItem\",\"position\":1,\"name\":\"Portada\",\"item\":\"https:\/\/conexion23.com\/\"},{\"@type\":\"ListItem\",\"position\":2,\"name\":\"M\u00e9dicos no atender\u00e1n hoy a pacientes de las ARS privadas en los hospitales.\"}]},{\"@type\":\"WebSite\",\"@id\":\"https:\/\/conexion23.com\/#website\",\"url\":\"https:\/\/conexion23.com\/\",\"name\":\"Conexi\u00f3n 23\",\"description\":\"Peri\u00f3dico 100% Petromacorisano\",\"publisher\":{\"@id\":\"https:\/\/conexion23.com\/#organization\"},\"potentialAction\":[{\"@type\":\"SearchAction\",\"target\":{\"@type\":\"EntryPoint\",\"urlTemplate\":\"https:\/\/conexion23.com\/?s={search_term_string}\"},\"query-input\":{\"@type\":\"PropertyValueSpecification\",\"valueRequired\":true,\"valueName\":\"search_term_string\"}}],\"inLanguage\":\"es\"},{\"@type\":\"Organization\",\"@id\":\"https:\/\/conexion23.com\/#organization\",\"name\":\"Conexion 23\",\"url\":\"https:\/\/conexion23.com\/\",\"logo\":{\"@type\":\"ImageObject\",\"inLanguage\":\"es\",\"@id\":\"https:\/\/conexion23.com\/#\/schema\/logo\/image\/\",\"url\":\"https:\/\/conexion23.com\/wp-content\/uploads\/2021\/11\/Diseno-sin-titulo-2.png\",\"contentUrl\":\"https:\/\/conexion23.com\/wp-content\/uploads\/2021\/11\/Diseno-sin-titulo-2.png\",\"width\":541,\"height\":90,\"caption\":\"Conexion 23\"},\"image\":{\"@id\":\"https:\/\/conexion23.com\/#\/schema\/logo\/image\/\"},\"sameAs\":[\"https:\/\/www.facebook.com\/conexion23com\",\"https:\/\/www.instagram.com\/conexion23com\/\",\"https:\/\/www.youtube.com\/channel\/UCYc7vxxFZMYLIHNsHHxPZ3Q\"]},{\"@type\":\"Person\",\"@id\":\"https:\/\/conexion23.com\/#\/schema\/person\/03e36043331117e97a373299bbcd30a6\",\"name\":\"Raffy Ben\u00edtez\",\"image\":{\"@type\":\"ImageObject\",\"inLanguage\":\"es\",\"@id\":\"https:\/\/conexion23.com\/#\/schema\/person\/image\/\",\"url\":\"https:\/\/secure.gravatar.com\/avatar\/3190a6a6c5e1b0327500f7d6c56b6242472ee6cb974cf09b401ee6b3b0798f23?s=96&d=mm&r=g\",\"contentUrl\":\"https:\/\/secure.gravatar.com\/avatar\/3190a6a6c5e1b0327500f7d6c56b6242472ee6cb974cf09b401ee6b3b0798f23?s=96&d=mm&r=g\",\"caption\":\"Raffy Ben\u00edtez\"},\"url\":\"https:\/\/conexion23.com\/?author=15\"}]}<\/script>\n<!-- \/ Yoast SEO plugin. -->","yoast_head_json":{"title":"M\u00e9dicos no atender\u00e1n hoy a pacientes de las ARS privadas en los hospitales. - Conexi\u00f3n 23","robots":{"index":"index","follow":"follow","max-snippet":"max-snippet:-1","max-image-preview":"max-image-preview:large","max-video-preview":"max-video-preview:-1"},"canonical":"https:\/\/conexion23.com\/?p=20607","og_locale":"es_ES","og_type":"article","og_title":"M\u00e9dicos no atender\u00e1n hoy a pacientes de las ARS privadas en los hospitales. - Conexi\u00f3n 23","og_description":"El Colegio M\u00e9dico Dominicano no atender\u00e1 este lunes en los hospitales p\u00fablicos a los pacientes del r\u00e9gimen contributivo, o sea, los que tengan seguros con las ARS privadas. Rufino Sen\u00e9n Caba, presidente del gremio, dijo que solo asistir\u00e1n los casos de emergencia, entre los que se incluye a los afectados por dengue. \u201cNo vamos atender [&hellip;]","og_url":"https:\/\/conexion23.com\/?p=20607","og_site_name":"Conexi\u00f3n 23","article_publisher":"https:\/\/www.facebook.com\/conexion23com","article_published_time":"2023-09-04T12:10:05+00:00","article_modified_time":"2023-09-04T12:10:07+00:00","og_image":[{"width":800,"height":533,"url":"https:\/\/conexion23.com\/wp-content\/uploads\/2023\/09\/64f52557ce400.jpeg","type":"image\/jpeg"}],"author":"Raffy Ben\u00edtez","twitter_card":"summary_large_image","twitter_misc":{"Escrito por":"Raffy Ben\u00edtez","Tiempo de lectura":"2 minutos"},"schema":{"@context":"https:\/\/schema.org","@graph":[{"@type":"Article","@id":"https:\/\/conexion23.com\/?p=20607#article","isPartOf":{"@id":"https:\/\/conexion23.com\/?p=20607"},"author":{"name":"Raffy Ben\u00edtez","@id":"https:\/\/conexion23.com\/#\/schema\/person\/03e36043331117e97a373299bbcd30a6"},"headline":"M\u00e9dicos no atender\u00e1n hoy a pacientes de las ARS privadas en los hospitales.","datePublished":"2023-09-04T12:10:05+00:00","dateModified":"2023-09-04T12:10:07+00:00","mainEntityOfPage":{"@id":"https:\/\/conexion23.com\/?p=20607"},"wordCount":412,"commentCount":0,"publisher":{"@id":"https:\/\/conexion23.com\/#organization"},"image":{"@id":"https:\/\/conexion23.com\/?p=20607#primaryimage"},"thumbnailUrl":"https:\/\/conexion23.com\/wp-content\/uploads\/2023\/09\/64f52557ce400.jpeg","articleSection":["Uncategorized"],"inLanguage":"es","potentialAction":[{"@type":"CommentAction","name":"Comment","target":["https:\/\/conexion23.com\/?p=20607#respond"]}]},{"@type":"WebPage","@id":"https:\/\/conexion23.com\/?p=20607","url":"https:\/\/conexion23.com\/?p=20607","name":"M\u00e9dicos no atender\u00e1n hoy a pacientes de las ARS privadas en los hospitales. - Conexi\u00f3n 23","isPartOf":{"@id":"https:\/\/conexion23.com\/#website"},"primaryImageOfPage":{"@id":"https:\/\/conexion23.com\/?p=20607#primaryimage"},"image":{"@id":"https:\/\/conexion23.com\/?p=20607#primaryimage"},"thumbnailUrl":"https:\/\/conexion23.com\/wp-content\/uploads\/2023\/09\/64f52557ce400.jpeg","datePublished":"2023-09-04T12:10:05+00:00","dateModified":"2023-09-04T12:10:07+00:00","breadcrumb":{"@id":"https:\/\/conexion23.com\/?p=20607#breadcrumb"},"inLanguage":"es","potentialAction":[{"@type":"ReadAction","target":["https:\/\/conexion23.com\/?p=20607"]}]},{"@type":"ImageObject","inLanguage":"es","@id":"https:\/\/conexion23.com\/?p=20607#primaryimage","url":"https:\/\/conexion23.com\/wp-content\/uploads\/2023\/09\/64f52557ce400.jpeg","contentUrl":"https:\/\/conexion23.com\/wp-content\/uploads\/2023\/09\/64f52557ce400.jpeg","width":800,"height":533},{"@type":"BreadcrumbList","@id":"https:\/\/conexion23.com\/?p=20607#breadcrumb","itemListElement":[{"@type":"ListItem","position":1,"name":"Portada","item":"https:\/\/conexion23.com\/"},{"@type":"ListItem","position":2,"name":"M\u00e9dicos no atender\u00e1n hoy a pacientes de las ARS privadas en los hospitales."}]},{"@type":"WebSite","@id":"https:\/\/conexion23.com\/#website","url":"https:\/\/conexion23.com\/","name":"Conexi\u00f3n 23","description":"Peri\u00f3dico 100% Petromacorisano","publisher":{"@id":"https:\/\/conexion23.com\/#organization"},"potentialAction":[{"@type":"SearchAction","target":{"@type":"EntryPoint","urlTemplate":"https:\/\/conexion23.com\/?s={search_term_string}"},"query-input":{"@type":"PropertyValueSpecification","valueRequired":true,"valueName":"search_term_string"}}],"inLanguage":"es"},{"@type":"Organization","@id":"https:\/\/conexion23.com\/#organization","name":"Conexion 23","url":"https:\/\/conexion23.com\/","logo":{"@type":"ImageObject","inLanguage":"es","@id":"https:\/\/conexion23.com\/#\/schema\/logo\/image\/","url":"https:\/\/conexion23.com\/wp-content\/uploads\/2021\/11\/Diseno-sin-titulo-2.png","contentUrl":"https:\/\/conexion23.com\/wp-content\/uploads\/2021\/11\/Diseno-sin-titulo-2.png","width":541,"height":90,"caption":"Conexion 23"},"image":{"@id":"https:\/\/conexion23.com\/#\/schema\/logo\/image\/"},"sameAs":["https:\/\/www.facebook.com\/conexion23com","https:\/\/www.instagram.com\/conexion23com\/","https:\/\/www.youtube.com\/channel\/UCYc7vxxFZMYLIHNsHHxPZ3Q"]},{"@type":"Person","@id":"https:\/\/conexion23.com\/#\/schema\/person\/03e36043331117e97a373299bbcd30a6","name":"Raffy Ben\u00edtez","image":{"@type":"ImageObject","inLanguage":"es","@id":"https:\/\/conexion23.com\/#\/schema\/person\/image\/","url":"https:\/\/secure.gravatar.com\/avatar\/3190a6a6c5e1b0327500f7d6c56b6242472ee6cb974cf09b401ee6b3b0798f23?s=96&d=mm&r=g","contentUrl":"https:\/\/secure.gravatar.com\/avatar\/3190a6a6c5e1b0327500f7d6c56b6242472ee6cb974cf09b401ee6b3b0798f23?s=96&d=mm&r=g","caption":"Raffy Ben\u00edtez"},"url":"https:\/\/conexion23.com\/?author=15"}]}},"_links":{"self":[{"href":"https:\/\/conexion23.com\/index.php?rest_route=\/wp\/v2\/posts\/20607","targetHints":{"allow":["GET"]}}],"collection":[{"href":"https:\/\/conexion23.com\/index.php?rest_route=\/wp\/v2\/posts"}],"about":[{"href":"https:\/\/conexion23.com\/index.php?rest_route=\/wp\/v2\/types\/post"}],"author":[{"embeddable":true,"href":"https:\/\/conexion23.com\/index.php?rest_route=\/wp\/v2\/users\/15"}],"replies":[{"embeddable":true,"href":"https:\/\/conexion23.com\/index.php?rest_route=%2Fwp%2Fv2%2Fcomments&post=20607"}],"version-history":[{"count":1,"href":"https:\/\/conexion23.com\/index.php?rest_route=\/wp\/v2\/posts\/20607\/revisions"}],"predecessor-version":[{"id":20609,"href":"https:\/\/conexion23.com\/index.php?rest_route=\/wp\/v2\/posts\/20607\/revisions\/20609"}],"wp:featuredmedia":[{"embeddable":true,"href":"https:\/\/conexion23.com\/index.php?rest_route=\/wp\/v2\/media\/20608"}],"wp:attachment":[{"href":"https:\/\/conexion23.com\/index.php?rest_route=%2Fwp%2Fv2%2Fmedia&parent=20607"}],"wp:term":[{"taxonomy":"category","embeddable":true,"href":"https:\/\/conexion23.com\/index.php?rest_route=%2Fwp%2Fv2%2Fcategories&post=20607"},{"taxonomy":"post_tag","embeddable":true,"href":"https:\/\/conexion23.com\/index.php?rest_route=%2Fwp%2Fv2%2Ftags&post=20607"}],"curies":[{"name":"wp","href":"https:\/\/api.w.org\/{rel}","templated":true}]}}