{"id":20686,"date":"2023-09-06T08:05:29","date_gmt":"2023-09-06T12:05:29","guid":{"rendered":"https:\/\/conexion23.com\/?p=20686"},"modified":"2023-09-06T08:05:35","modified_gmt":"2023-09-06T12:05:35","slug":"cesar-puello-dice-miriam-ortiz-coloca-candado-en-el-porton-de-la-institucion","status":"publish","type":"post","link":"https:\/\/conexion23.com\/?p=20686","title":{"rendered":"Cesar Puello dice Miriam Ortiz coloca candado en el porton de la institucion."},"content":{"rendered":"\n<p>Las declaraciones fueron ofrecidas por Cesar Puello, presidente&nbsp;de la citada compa\u00f1\u00eda&nbsp;y algunos miembros de la misma, luego de salir de la sede del&nbsp;<strong>Comando Regional Sureste de la&nbsp;<\/strong><strong>Polic\u00eda,<\/strong>&nbsp;lugar donde acudieron a poner en conocimiento de las autoridades policiales la situaci\u00f3n.<\/p>\n\n\n\n<p>Expresaron que la ex miembro de la vieja asociaci\u00f3n de transporte Astraur, que en la actualidad nada tiene que ver con ellos, penetro a las instalaciones de\u00a0<strong>Comtraursapem<\/strong>\u00a0haci\u00e9ndose\u00a0acompa\u00f1ar\u00a0de varios hombres y crearon una ca\u00f3tica\u00a0situaci\u00f3n\u00a0en su local.<\/p>\n\n\n\n<p>Puello manifiesta que luego de ingresar ilegalmente a sus instalaciones le quitaron la manguera al\u00a0<strong>Sr. Luis\u00a0Cruz,<\/strong>\u00a0quien se desempe\u00f1a\u00a0como encargado de despacho de combustible, cerraron\u00a0el port\u00f3n\u00a0de acceso coloc\u00e1ndole\u00a0un candado al mismo e impidiendo de esta manera el ingreso de las unidades que pertenecen a la institucion\u00a0<\/p>\n\n\n\n<p>Manifiesta que ante esa situaci\u00f3n\u00a0se vieron obligados a llamar a los miembros de la polic\u00eda\u00a0nacional y que ante la presencia de estos algunos choferes debieron subirse por el port\u00f3n\u00a0para luego poder romper el candado que hab\u00eda\u00a0colocado Miriam\u00a0Ortiz, seg\u00fan\u00a0expresaron.<\/p>\n\n\n\n<p>Se recuerda que desde hace mucho tiempo se vienen presentando conflictos entre la\u00a0 se\u00f1ora Ortiz y algunos directivos de la citada entidad del transporte ante la insistencia de esta, d\u00e9 pertenecer a los transportistas urbanos situaci\u00f3n\u00a0que le ha sido impedida.<\/p>\n","protected":false},"excerpt":{"rendered":"<p>Las declaraciones fueron ofrecidas por Cesar Puello, presidente&nbsp;de la citada compa\u00f1\u00eda&nbsp;y algunos miembros de la misma, luego de salir de la sede del&nbsp;Comando Regional Sureste de la&nbsp;Polic\u00eda,&nbsp;lugar donde acudieron a poner en conocimiento de las autoridades policiales la situaci\u00f3n. Expresaron que la ex miembro de la vieja asociaci\u00f3n de transporte Astraur, que en la actualidad [&hellip;]<\/p>\n","protected":false},"author":15,"featured_media":20687,"comment_status":"open","ping_status":"open","sticky":false,"template":"","format":"standard","meta":{"footnotes":""},"categories":[35],"tags":[],"class_list":{"0":"post-20686","1":"post","2":"type-post","3":"status-publish","4":"format-standard","5":"has-post-thumbnail","7":"category-spm"},"yoast_head":"<!-- This site is optimized with the Yoast SEO plugin v27.1.1 - https:\/\/yoast.com\/product\/yoast-seo-wordpress\/ -->\n<title>Cesar Puello dice Miriam Ortiz coloca candado en el porton de la institucion. - Conexi\u00f3n 23<\/title>\n<meta name=\"robots\" content=\"index, follow, max-snippet:-1, max-image-preview:large, max-video-preview:-1\" \/>\n<link rel=\"canonical\" href=\"https:\/\/conexion23.com\/?p=20686\" \/>\n<meta property=\"og:locale\" content=\"es_ES\" \/>\n<meta property=\"og:type\" content=\"article\" \/>\n<meta property=\"og:title\" content=\"Cesar Puello dice Miriam Ortiz coloca candado en el porton de la institucion. - Conexi\u00f3n 23\" \/>\n<meta property=\"og:description\" content=\"Las declaraciones fueron ofrecidas por Cesar Puello, presidente&nbsp;de la citada compa\u00f1\u00eda&nbsp;y algunos miembros de la misma, luego de salir de la sede del&nbsp;Comando Regional Sureste de la&nbsp;Polic\u00eda,&nbsp;lugar donde acudieron a poner en conocimiento de las autoridades policiales la situaci\u00f3n. Expresaron que la ex miembro de la vieja asociaci\u00f3n de transporte Astraur, que en la actualidad [&hellip;]\" \/>\n<meta property=\"og:url\" content=\"https:\/\/conexion23.com\/?p=20686\" \/>\n<meta property=\"og:site_name\" content=\"Conexi\u00f3n 23\" \/>\n<meta property=\"article:publisher\" content=\"https:\/\/www.facebook.com\/conexion23com\" \/>\n<meta property=\"article:published_time\" content=\"2023-09-06T12:05:29+00:00\" \/>\n<meta property=\"article:modified_time\" content=\"2023-09-06T12:05:35+00:00\" \/>\n<meta property=\"og:image\" content=\"https:\/\/conexion23.com\/wp-content\/uploads\/2023\/09\/Imagen-de-WhatsApp-2023-09-05-a-las-15.57.13.jpg\" \/>\n\t<meta property=\"og:image:width\" content=\"640\" \/>\n\t<meta property=\"og:image:height\" content=\"284\" \/>\n\t<meta property=\"og:image:type\" content=\"image\/jpeg\" \/>\n<meta name=\"author\" content=\"Raffy Ben\u00edtez\" \/>\n<meta name=\"twitter:card\" content=\"summary_large_image\" \/>\n<meta name=\"twitter:label1\" content=\"Escrito por\" \/>\n\t<meta name=\"twitter:data1\" content=\"Raffy Ben\u00edtez\" \/>\n\t<meta name=\"twitter:label2\" content=\"Tiempo de lectura\" \/>\n\t<meta name=\"twitter:data2\" content=\"2 minutos\" \/>\n<script type=\"application\/ld+json\" class=\"yoast-schema-graph\">{\"@context\":\"https:\/\/schema.org\",\"@graph\":[{\"@type\":\"Article\",\"@id\":\"https:\/\/conexion23.com\/?p=20686#article\",\"isPartOf\":{\"@id\":\"https:\/\/conexion23.com\/?p=20686\"},\"author\":{\"name\":\"Raffy Ben\u00edtez\",\"@id\":\"https:\/\/conexion23.com\/#\/schema\/person\/03e36043331117e97a373299bbcd30a6\"},\"headline\":\"Cesar Puello dice Miriam Ortiz coloca candado en el porton de la institucion.\",\"datePublished\":\"2023-09-06T12:05:29+00:00\",\"dateModified\":\"2023-09-06T12:05:35+00:00\",\"mainEntityOfPage\":{\"@id\":\"https:\/\/conexion23.com\/?p=20686\"},\"wordCount\":258,\"commentCount\":0,\"publisher\":{\"@id\":\"https:\/\/conexion23.com\/#organization\"},\"image\":{\"@id\":\"https:\/\/conexion23.com\/?p=20686#primaryimage\"},\"thumbnailUrl\":\"https:\/\/conexion23.com\/wp-content\/uploads\/2023\/09\/Imagen-de-WhatsApp-2023-09-05-a-las-15.57.13.jpg\",\"articleSection\":[\"SPM\"],\"inLanguage\":\"es\",\"potentialAction\":[{\"@type\":\"CommentAction\",\"name\":\"Comment\",\"target\":[\"https:\/\/conexion23.com\/?p=20686#respond\"]}]},{\"@type\":\"WebPage\",\"@id\":\"https:\/\/conexion23.com\/?p=20686\",\"url\":\"https:\/\/conexion23.com\/?p=20686\",\"name\":\"Cesar Puello dice Miriam Ortiz coloca candado en el porton de la institucion. - Conexi\u00f3n 23\",\"isPartOf\":{\"@id\":\"https:\/\/conexion23.com\/#website\"},\"primaryImageOfPage\":{\"@id\":\"https:\/\/conexion23.com\/?p=20686#primaryimage\"},\"image\":{\"@id\":\"https:\/\/conexion23.com\/?p=20686#primaryimage\"},\"thumbnailUrl\":\"https:\/\/conexion23.com\/wp-content\/uploads\/2023\/09\/Imagen-de-WhatsApp-2023-09-05-a-las-15.57.13.jpg\",\"datePublished\":\"2023-09-06T12:05:29+00:00\",\"dateModified\":\"2023-09-06T12:05:35+00:00\",\"breadcrumb\":{\"@id\":\"https:\/\/conexion23.com\/?p=20686#breadcrumb\"},\"inLanguage\":\"es\",\"potentialAction\":[{\"@type\":\"ReadAction\",\"target\":[\"https:\/\/conexion23.com\/?p=20686\"]}]},{\"@type\":\"ImageObject\",\"inLanguage\":\"es\",\"@id\":\"https:\/\/conexion23.com\/?p=20686#primaryimage\",\"url\":\"https:\/\/conexion23.com\/wp-content\/uploads\/2023\/09\/Imagen-de-WhatsApp-2023-09-05-a-las-15.57.13.jpg\",\"contentUrl\":\"https:\/\/conexion23.com\/wp-content\/uploads\/2023\/09\/Imagen-de-WhatsApp-2023-09-05-a-las-15.57.13.jpg\",\"width\":640,\"height\":284},{\"@type\":\"BreadcrumbList\",\"@id\":\"https:\/\/conexion23.com\/?p=20686#breadcrumb\",\"itemListElement\":[{\"@type\":\"ListItem\",\"position\":1,\"name\":\"Portada\",\"item\":\"https:\/\/conexion23.com\/\"},{\"@type\":\"ListItem\",\"position\":2,\"name\":\"Cesar Puello dice Miriam Ortiz coloca candado en el porton de la institucion.\"}]},{\"@type\":\"WebSite\",\"@id\":\"https:\/\/conexion23.com\/#website\",\"url\":\"https:\/\/conexion23.com\/\",\"name\":\"Conexi\u00f3n 23\",\"description\":\"Peri\u00f3dico 100% Petromacorisano\",\"publisher\":{\"@id\":\"https:\/\/conexion23.com\/#organization\"},\"potentialAction\":[{\"@type\":\"SearchAction\",\"target\":{\"@type\":\"EntryPoint\",\"urlTemplate\":\"https:\/\/conexion23.com\/?s={search_term_string}\"},\"query-input\":{\"@type\":\"PropertyValueSpecification\",\"valueRequired\":true,\"valueName\":\"search_term_string\"}}],\"inLanguage\":\"es\"},{\"@type\":\"Organization\",\"@id\":\"https:\/\/conexion23.com\/#organization\",\"name\":\"Conexion 23\",\"url\":\"https:\/\/conexion23.com\/\",\"logo\":{\"@type\":\"ImageObject\",\"inLanguage\":\"es\",\"@id\":\"https:\/\/conexion23.com\/#\/schema\/logo\/image\/\",\"url\":\"https:\/\/conexion23.com\/wp-content\/uploads\/2021\/11\/Diseno-sin-titulo-2.png\",\"contentUrl\":\"https:\/\/conexion23.com\/wp-content\/uploads\/2021\/11\/Diseno-sin-titulo-2.png\",\"width\":541,\"height\":90,\"caption\":\"Conexion 23\"},\"image\":{\"@id\":\"https:\/\/conexion23.com\/#\/schema\/logo\/image\/\"},\"sameAs\":[\"https:\/\/www.facebook.com\/conexion23com\",\"https:\/\/www.instagram.com\/conexion23com\/\",\"https:\/\/www.youtube.com\/channel\/UCYc7vxxFZMYLIHNsHHxPZ3Q\"]},{\"@type\":\"Person\",\"@id\":\"https:\/\/conexion23.com\/#\/schema\/person\/03e36043331117e97a373299bbcd30a6\",\"name\":\"Raffy Ben\u00edtez\",\"image\":{\"@type\":\"ImageObject\",\"inLanguage\":\"es\",\"@id\":\"https:\/\/conexion23.com\/#\/schema\/person\/image\/\",\"url\":\"https:\/\/secure.gravatar.com\/avatar\/3190a6a6c5e1b0327500f7d6c56b6242472ee6cb974cf09b401ee6b3b0798f23?s=96&d=mm&r=g\",\"contentUrl\":\"https:\/\/secure.gravatar.com\/avatar\/3190a6a6c5e1b0327500f7d6c56b6242472ee6cb974cf09b401ee6b3b0798f23?s=96&d=mm&r=g\",\"caption\":\"Raffy Ben\u00edtez\"},\"url\":\"https:\/\/conexion23.com\/?author=15\"}]}<\/script>\n<!-- \/ Yoast SEO plugin. -->","yoast_head_json":{"title":"Cesar Puello dice Miriam Ortiz coloca candado en el porton de la institucion. - Conexi\u00f3n 23","robots":{"index":"index","follow":"follow","max-snippet":"max-snippet:-1","max-image-preview":"max-image-preview:large","max-video-preview":"max-video-preview:-1"},"canonical":"https:\/\/conexion23.com\/?p=20686","og_locale":"es_ES","og_type":"article","og_title":"Cesar Puello dice Miriam Ortiz coloca candado en el porton de la institucion. - Conexi\u00f3n 23","og_description":"Las declaraciones fueron ofrecidas por Cesar Puello, presidente&nbsp;de la citada compa\u00f1\u00eda&nbsp;y algunos miembros de la misma, luego de salir de la sede del&nbsp;Comando Regional Sureste de la&nbsp;Polic\u00eda,&nbsp;lugar donde acudieron a poner en conocimiento de las autoridades policiales la situaci\u00f3n. Expresaron que la ex miembro de la vieja asociaci\u00f3n de transporte Astraur, que en la actualidad [&hellip;]","og_url":"https:\/\/conexion23.com\/?p=20686","og_site_name":"Conexi\u00f3n 23","article_publisher":"https:\/\/www.facebook.com\/conexion23com","article_published_time":"2023-09-06T12:05:29+00:00","article_modified_time":"2023-09-06T12:05:35+00:00","og_image":[{"width":640,"height":284,"url":"https:\/\/conexion23.com\/wp-content\/uploads\/2023\/09\/Imagen-de-WhatsApp-2023-09-05-a-las-15.57.13.jpg","type":"image\/jpeg"}],"author":"Raffy Ben\u00edtez","twitter_card":"summary_large_image","twitter_misc":{"Escrito por":"Raffy Ben\u00edtez","Tiempo de lectura":"2 minutos"},"schema":{"@context":"https:\/\/schema.org","@graph":[{"@type":"Article","@id":"https:\/\/conexion23.com\/?p=20686#article","isPartOf":{"@id":"https:\/\/conexion23.com\/?p=20686"},"author":{"name":"Raffy Ben\u00edtez","@id":"https:\/\/conexion23.com\/#\/schema\/person\/03e36043331117e97a373299bbcd30a6"},"headline":"Cesar Puello dice Miriam Ortiz coloca candado en el porton de la institucion.","datePublished":"2023-09-06T12:05:29+00:00","dateModified":"2023-09-06T12:05:35+00:00","mainEntityOfPage":{"@id":"https:\/\/conexion23.com\/?p=20686"},"wordCount":258,"commentCount":0,"publisher":{"@id":"https:\/\/conexion23.com\/#organization"},"image":{"@id":"https:\/\/conexion23.com\/?p=20686#primaryimage"},"thumbnailUrl":"https:\/\/conexion23.com\/wp-content\/uploads\/2023\/09\/Imagen-de-WhatsApp-2023-09-05-a-las-15.57.13.jpg","articleSection":["SPM"],"inLanguage":"es","potentialAction":[{"@type":"CommentAction","name":"Comment","target":["https:\/\/conexion23.com\/?p=20686#respond"]}]},{"@type":"WebPage","@id":"https:\/\/conexion23.com\/?p=20686","url":"https:\/\/conexion23.com\/?p=20686","name":"Cesar Puello dice Miriam Ortiz coloca candado en el porton de la institucion. - Conexi\u00f3n 23","isPartOf":{"@id":"https:\/\/conexion23.com\/#website"},"primaryImageOfPage":{"@id":"https:\/\/conexion23.com\/?p=20686#primaryimage"},"image":{"@id":"https:\/\/conexion23.com\/?p=20686#primaryimage"},"thumbnailUrl":"https:\/\/conexion23.com\/wp-content\/uploads\/2023\/09\/Imagen-de-WhatsApp-2023-09-05-a-las-15.57.13.jpg","datePublished":"2023-09-06T12:05:29+00:00","dateModified":"2023-09-06T12:05:35+00:00","breadcrumb":{"@id":"https:\/\/conexion23.com\/?p=20686#breadcrumb"},"inLanguage":"es","potentialAction":[{"@type":"ReadAction","target":["https:\/\/conexion23.com\/?p=20686"]}]},{"@type":"ImageObject","inLanguage":"es","@id":"https:\/\/conexion23.com\/?p=20686#primaryimage","url":"https:\/\/conexion23.com\/wp-content\/uploads\/2023\/09\/Imagen-de-WhatsApp-2023-09-05-a-las-15.57.13.jpg","contentUrl":"https:\/\/conexion23.com\/wp-content\/uploads\/2023\/09\/Imagen-de-WhatsApp-2023-09-05-a-las-15.57.13.jpg","width":640,"height":284},{"@type":"BreadcrumbList","@id":"https:\/\/conexion23.com\/?p=20686#breadcrumb","itemListElement":[{"@type":"ListItem","position":1,"name":"Portada","item":"https:\/\/conexion23.com\/"},{"@type":"ListItem","position":2,"name":"Cesar Puello dice Miriam Ortiz coloca candado en el porton de la institucion."}]},{"@type":"WebSite","@id":"https:\/\/conexion23.com\/#website","url":"https:\/\/conexion23.com\/","name":"Conexi\u00f3n 23","description":"Peri\u00f3dico 100% Petromacorisano","publisher":{"@id":"https:\/\/conexion23.com\/#organization"},"potentialAction":[{"@type":"SearchAction","target":{"@type":"EntryPoint","urlTemplate":"https:\/\/conexion23.com\/?s={search_term_string}"},"query-input":{"@type":"PropertyValueSpecification","valueRequired":true,"valueName":"search_term_string"}}],"inLanguage":"es"},{"@type":"Organization","@id":"https:\/\/conexion23.com\/#organization","name":"Conexion 23","url":"https:\/\/conexion23.com\/","logo":{"@type":"ImageObject","inLanguage":"es","@id":"https:\/\/conexion23.com\/#\/schema\/logo\/image\/","url":"https:\/\/conexion23.com\/wp-content\/uploads\/2021\/11\/Diseno-sin-titulo-2.png","contentUrl":"https:\/\/conexion23.com\/wp-content\/uploads\/2021\/11\/Diseno-sin-titulo-2.png","width":541,"height":90,"caption":"Conexion 23"},"image":{"@id":"https:\/\/conexion23.com\/#\/schema\/logo\/image\/"},"sameAs":["https:\/\/www.facebook.com\/conexion23com","https:\/\/www.instagram.com\/conexion23com\/","https:\/\/www.youtube.com\/channel\/UCYc7vxxFZMYLIHNsHHxPZ3Q"]},{"@type":"Person","@id":"https:\/\/conexion23.com\/#\/schema\/person\/03e36043331117e97a373299bbcd30a6","name":"Raffy Ben\u00edtez","image":{"@type":"ImageObject","inLanguage":"es","@id":"https:\/\/conexion23.com\/#\/schema\/person\/image\/","url":"https:\/\/secure.gravatar.com\/avatar\/3190a6a6c5e1b0327500f7d6c56b6242472ee6cb974cf09b401ee6b3b0798f23?s=96&d=mm&r=g","contentUrl":"https:\/\/secure.gravatar.com\/avatar\/3190a6a6c5e1b0327500f7d6c56b6242472ee6cb974cf09b401ee6b3b0798f23?s=96&d=mm&r=g","caption":"Raffy Ben\u00edtez"},"url":"https:\/\/conexion23.com\/?author=15"}]}},"_links":{"self":[{"href":"https:\/\/conexion23.com\/index.php?rest_route=\/wp\/v2\/posts\/20686","targetHints":{"allow":["GET"]}}],"collection":[{"href":"https:\/\/conexion23.com\/index.php?rest_route=\/wp\/v2\/posts"}],"about":[{"href":"https:\/\/conexion23.com\/index.php?rest_route=\/wp\/v2\/types\/post"}],"author":[{"embeddable":true,"href":"https:\/\/conexion23.com\/index.php?rest_route=\/wp\/v2\/users\/15"}],"replies":[{"embeddable":true,"href":"https:\/\/conexion23.com\/index.php?rest_route=%2Fwp%2Fv2%2Fcomments&post=20686"}],"version-history":[{"count":1,"href":"https:\/\/conexion23.com\/index.php?rest_route=\/wp\/v2\/posts\/20686\/revisions"}],"predecessor-version":[{"id":20688,"href":"https:\/\/conexion23.com\/index.php?rest_route=\/wp\/v2\/posts\/20686\/revisions\/20688"}],"wp:featuredmedia":[{"embeddable":true,"href":"https:\/\/conexion23.com\/index.php?rest_route=\/wp\/v2\/media\/20687"}],"wp:attachment":[{"href":"https:\/\/conexion23.com\/index.php?rest_route=%2Fwp%2Fv2%2Fmedia&parent=20686"}],"wp:term":[{"taxonomy":"category","embeddable":true,"href":"https:\/\/conexion23.com\/index.php?rest_route=%2Fwp%2Fv2%2Fcategories&post=20686"},{"taxonomy":"post_tag","embeddable":true,"href":"https:\/\/conexion23.com\/index.php?rest_route=%2Fwp%2Fv2%2Ftags&post=20686"}],"curies":[{"name":"wp","href":"https:\/\/api.w.org\/{rel}","templated":true}]}}