{"id":20690,"date":"2023-09-06T08:25:59","date_gmt":"2023-09-06T12:25:59","guid":{"rendered":"https:\/\/conexion23.com\/?p=20690"},"modified":"2023-09-06T08:26:02","modified_gmt":"2023-09-06T12:26:02","slug":"raptan-empleado-dominicano-de-empresa-coreana-en-haiti","status":"publish","type":"post","link":"https:\/\/conexion23.com\/?p=20690","title":{"rendered":"Raptan empleado dominicano de empresa coreana en Hait\u00ed."},"content":{"rendered":"\n<p>Un dominicano oriundo del municipio de Esperanza fue raptado en este pa\u00eds, por personas hasta el momento desconocidas.<\/p>\n\n\n\n<p>El ciudadano dominicano responde al nombre de Jon\u00e1i Misael Luciano, de 51 a\u00f1os de edad, empleado de la empresa corena Caribbean Island Apparel S.A; quien se desempe\u00f1a como gerente general de mec\u00e1nica.<\/p>\n\n\n\n<p>Angustia y momentos de perturbaci\u00f3n viven miembros de esta familia por lo ocurrido, ya que desde hace cuatro a\u00f1os resid\u00eda en el lugar y nunca hab\u00eda tenido este tipo de percance.<\/p>\n\n\n\n<p>Manifestaron que pese a que han hecho contacto con la empresa, los mismos dijeron desconocer sobre su paradero.<\/p>\n\n\n\n<p>Seg\u00fan versiones recabadas por este medio, desde el pasado viernes los secuestradores se han comunicado en diversas ocasiones con ellos, pero no le ofrecen la seguridad de que el mismo se encuentra con vida.<\/p>\n\n\n\n<p>Por el rapto de Luciano, sus captores han llegado a pedir sumas que oscilan entre cincuenta mil y doscientos mil d\u00f3lares para su liberaci\u00f3n, por lo que sus familiares hacen un llamado a las autoridades de la canciller\u00eda a los fines de disponer de sus buenos oficios que su pariente regrese sano y salvo a territorio Dominicano.<\/p>\n","protected":false},"excerpt":{"rendered":"<p>Un dominicano oriundo del municipio de Esperanza fue raptado en este pa\u00eds, por personas hasta el momento desconocidas. El ciudadano dominicano responde al nombre de Jon\u00e1i Misael Luciano, de 51 a\u00f1os de edad, empleado de la empresa corena Caribbean Island Apparel S.A; quien se desempe\u00f1a como gerente general de mec\u00e1nica. Angustia y momentos de perturbaci\u00f3n [&hellip;]<\/p>\n","protected":false},"author":15,"featured_media":20691,"comment_status":"open","ping_status":"open","sticky":false,"template":"","format":"standard","meta":{"footnotes":""},"categories":[1],"tags":[],"class_list":{"0":"post-20690","1":"post","2":"type-post","3":"status-publish","4":"format-standard","5":"has-post-thumbnail","7":"category-uncategorized"},"yoast_head":"<!-- This site is optimized with the Yoast SEO plugin v27.1.1 - https:\/\/yoast.com\/product\/yoast-seo-wordpress\/ -->\n<title>Raptan empleado dominicano de empresa coreana en Hait\u00ed. - Conexi\u00f3n 23<\/title>\n<meta name=\"robots\" content=\"index, follow, max-snippet:-1, max-image-preview:large, max-video-preview:-1\" \/>\n<link rel=\"canonical\" href=\"https:\/\/conexion23.com\/?p=20690\" \/>\n<meta property=\"og:locale\" content=\"es_ES\" \/>\n<meta property=\"og:type\" content=\"article\" \/>\n<meta property=\"og:title\" content=\"Raptan empleado dominicano de empresa coreana en Hait\u00ed. - Conexi\u00f3n 23\" \/>\n<meta property=\"og:description\" content=\"Un dominicano oriundo del municipio de Esperanza fue raptado en este pa\u00eds, por personas hasta el momento desconocidas. El ciudadano dominicano responde al nombre de Jon\u00e1i Misael Luciano, de 51 a\u00f1os de edad, empleado de la empresa corena Caribbean Island Apparel S.A; quien se desempe\u00f1a como gerente general de mec\u00e1nica. Angustia y momentos de perturbaci\u00f3n [&hellip;]\" \/>\n<meta property=\"og:url\" content=\"https:\/\/conexion23.com\/?p=20690\" \/>\n<meta property=\"og:site_name\" content=\"Conexi\u00f3n 23\" \/>\n<meta property=\"article:publisher\" content=\"https:\/\/www.facebook.com\/conexion23com\" \/>\n<meta property=\"article:published_time\" content=\"2023-09-06T12:25:59+00:00\" \/>\n<meta property=\"article:modified_time\" content=\"2023-09-06T12:26:02+00:00\" \/>\n<meta property=\"og:image\" content=\"https:\/\/conexion23.com\/wp-content\/uploads\/2023\/09\/374530178_6806583829378120_4674823162270974171_n.jpg\" \/>\n\t<meta property=\"og:image:width\" content=\"280\" \/>\n\t<meta property=\"og:image:height\" content=\"158\" \/>\n\t<meta property=\"og:image:type\" content=\"image\/jpeg\" \/>\n<meta name=\"author\" content=\"Raffy Ben\u00edtez\" \/>\n<meta name=\"twitter:card\" content=\"summary_large_image\" \/>\n<meta name=\"twitter:label1\" content=\"Escrito por\" \/>\n\t<meta name=\"twitter:data1\" content=\"Raffy Ben\u00edtez\" \/>\n\t<meta name=\"twitter:label2\" content=\"Tiempo de lectura\" \/>\n\t<meta name=\"twitter:data2\" content=\"1 minuto\" \/>\n<script type=\"application\/ld+json\" class=\"yoast-schema-graph\">{\"@context\":\"https:\/\/schema.org\",\"@graph\":[{\"@type\":\"Article\",\"@id\":\"https:\/\/conexion23.com\/?p=20690#article\",\"isPartOf\":{\"@id\":\"https:\/\/conexion23.com\/?p=20690\"},\"author\":{\"name\":\"Raffy Ben\u00edtez\",\"@id\":\"https:\/\/conexion23.com\/#\/schema\/person\/03e36043331117e97a373299bbcd30a6\"},\"headline\":\"Raptan empleado dominicano de empresa coreana en Hait\u00ed.\",\"datePublished\":\"2023-09-06T12:25:59+00:00\",\"dateModified\":\"2023-09-06T12:26:02+00:00\",\"mainEntityOfPage\":{\"@id\":\"https:\/\/conexion23.com\/?p=20690\"},\"wordCount\":211,\"commentCount\":0,\"publisher\":{\"@id\":\"https:\/\/conexion23.com\/#organization\"},\"image\":{\"@id\":\"https:\/\/conexion23.com\/?p=20690#primaryimage\"},\"thumbnailUrl\":\"https:\/\/conexion23.com\/wp-content\/uploads\/2023\/09\/374530178_6806583829378120_4674823162270974171_n.jpg\",\"articleSection\":[\"Uncategorized\"],\"inLanguage\":\"es\",\"potentialAction\":[{\"@type\":\"CommentAction\",\"name\":\"Comment\",\"target\":[\"https:\/\/conexion23.com\/?p=20690#respond\"]}]},{\"@type\":\"WebPage\",\"@id\":\"https:\/\/conexion23.com\/?p=20690\",\"url\":\"https:\/\/conexion23.com\/?p=20690\",\"name\":\"Raptan empleado dominicano de empresa coreana en Hait\u00ed. - Conexi\u00f3n 23\",\"isPartOf\":{\"@id\":\"https:\/\/conexion23.com\/#website\"},\"primaryImageOfPage\":{\"@id\":\"https:\/\/conexion23.com\/?p=20690#primaryimage\"},\"image\":{\"@id\":\"https:\/\/conexion23.com\/?p=20690#primaryimage\"},\"thumbnailUrl\":\"https:\/\/conexion23.com\/wp-content\/uploads\/2023\/09\/374530178_6806583829378120_4674823162270974171_n.jpg\",\"datePublished\":\"2023-09-06T12:25:59+00:00\",\"dateModified\":\"2023-09-06T12:26:02+00:00\",\"breadcrumb\":{\"@id\":\"https:\/\/conexion23.com\/?p=20690#breadcrumb\"},\"inLanguage\":\"es\",\"potentialAction\":[{\"@type\":\"ReadAction\",\"target\":[\"https:\/\/conexion23.com\/?p=20690\"]}]},{\"@type\":\"ImageObject\",\"inLanguage\":\"es\",\"@id\":\"https:\/\/conexion23.com\/?p=20690#primaryimage\",\"url\":\"https:\/\/conexion23.com\/wp-content\/uploads\/2023\/09\/374530178_6806583829378120_4674823162270974171_n.jpg\",\"contentUrl\":\"https:\/\/conexion23.com\/wp-content\/uploads\/2023\/09\/374530178_6806583829378120_4674823162270974171_n.jpg\",\"width\":280,\"height\":158},{\"@type\":\"BreadcrumbList\",\"@id\":\"https:\/\/conexion23.com\/?p=20690#breadcrumb\",\"itemListElement\":[{\"@type\":\"ListItem\",\"position\":1,\"name\":\"Portada\",\"item\":\"https:\/\/conexion23.com\/\"},{\"@type\":\"ListItem\",\"position\":2,\"name\":\"Raptan empleado dominicano de empresa coreana en Hait\u00ed.\"}]},{\"@type\":\"WebSite\",\"@id\":\"https:\/\/conexion23.com\/#website\",\"url\":\"https:\/\/conexion23.com\/\",\"name\":\"Conexi\u00f3n 23\",\"description\":\"Peri\u00f3dico 100% Petromacorisano\",\"publisher\":{\"@id\":\"https:\/\/conexion23.com\/#organization\"},\"potentialAction\":[{\"@type\":\"SearchAction\",\"target\":{\"@type\":\"EntryPoint\",\"urlTemplate\":\"https:\/\/conexion23.com\/?s={search_term_string}\"},\"query-input\":{\"@type\":\"PropertyValueSpecification\",\"valueRequired\":true,\"valueName\":\"search_term_string\"}}],\"inLanguage\":\"es\"},{\"@type\":\"Organization\",\"@id\":\"https:\/\/conexion23.com\/#organization\",\"name\":\"Conexion 23\",\"url\":\"https:\/\/conexion23.com\/\",\"logo\":{\"@type\":\"ImageObject\",\"inLanguage\":\"es\",\"@id\":\"https:\/\/conexion23.com\/#\/schema\/logo\/image\/\",\"url\":\"https:\/\/conexion23.com\/wp-content\/uploads\/2021\/11\/Diseno-sin-titulo-2.png\",\"contentUrl\":\"https:\/\/conexion23.com\/wp-content\/uploads\/2021\/11\/Diseno-sin-titulo-2.png\",\"width\":541,\"height\":90,\"caption\":\"Conexion 23\"},\"image\":{\"@id\":\"https:\/\/conexion23.com\/#\/schema\/logo\/image\/\"},\"sameAs\":[\"https:\/\/www.facebook.com\/conexion23com\",\"https:\/\/www.instagram.com\/conexion23com\/\",\"https:\/\/www.youtube.com\/channel\/UCYc7vxxFZMYLIHNsHHxPZ3Q\"]},{\"@type\":\"Person\",\"@id\":\"https:\/\/conexion23.com\/#\/schema\/person\/03e36043331117e97a373299bbcd30a6\",\"name\":\"Raffy Ben\u00edtez\",\"image\":{\"@type\":\"ImageObject\",\"inLanguage\":\"es\",\"@id\":\"https:\/\/conexion23.com\/#\/schema\/person\/image\/\",\"url\":\"https:\/\/secure.gravatar.com\/avatar\/3190a6a6c5e1b0327500f7d6c56b6242472ee6cb974cf09b401ee6b3b0798f23?s=96&d=mm&r=g\",\"contentUrl\":\"https:\/\/secure.gravatar.com\/avatar\/3190a6a6c5e1b0327500f7d6c56b6242472ee6cb974cf09b401ee6b3b0798f23?s=96&d=mm&r=g\",\"caption\":\"Raffy Ben\u00edtez\"},\"url\":\"https:\/\/conexion23.com\/?author=15\"}]}<\/script>\n<!-- \/ Yoast SEO plugin. -->","yoast_head_json":{"title":"Raptan empleado dominicano de empresa coreana en Hait\u00ed. - Conexi\u00f3n 23","robots":{"index":"index","follow":"follow","max-snippet":"max-snippet:-1","max-image-preview":"max-image-preview:large","max-video-preview":"max-video-preview:-1"},"canonical":"https:\/\/conexion23.com\/?p=20690","og_locale":"es_ES","og_type":"article","og_title":"Raptan empleado dominicano de empresa coreana en Hait\u00ed. - Conexi\u00f3n 23","og_description":"Un dominicano oriundo del municipio de Esperanza fue raptado en este pa\u00eds, por personas hasta el momento desconocidas. El ciudadano dominicano responde al nombre de Jon\u00e1i Misael Luciano, de 51 a\u00f1os de edad, empleado de la empresa corena Caribbean Island Apparel S.A; quien se desempe\u00f1a como gerente general de mec\u00e1nica. Angustia y momentos de perturbaci\u00f3n [&hellip;]","og_url":"https:\/\/conexion23.com\/?p=20690","og_site_name":"Conexi\u00f3n 23","article_publisher":"https:\/\/www.facebook.com\/conexion23com","article_published_time":"2023-09-06T12:25:59+00:00","article_modified_time":"2023-09-06T12:26:02+00:00","og_image":[{"width":280,"height":158,"url":"https:\/\/conexion23.com\/wp-content\/uploads\/2023\/09\/374530178_6806583829378120_4674823162270974171_n.jpg","type":"image\/jpeg"}],"author":"Raffy Ben\u00edtez","twitter_card":"summary_large_image","twitter_misc":{"Escrito por":"Raffy Ben\u00edtez","Tiempo de lectura":"1 minuto"},"schema":{"@context":"https:\/\/schema.org","@graph":[{"@type":"Article","@id":"https:\/\/conexion23.com\/?p=20690#article","isPartOf":{"@id":"https:\/\/conexion23.com\/?p=20690"},"author":{"name":"Raffy Ben\u00edtez","@id":"https:\/\/conexion23.com\/#\/schema\/person\/03e36043331117e97a373299bbcd30a6"},"headline":"Raptan empleado dominicano de empresa coreana en Hait\u00ed.","datePublished":"2023-09-06T12:25:59+00:00","dateModified":"2023-09-06T12:26:02+00:00","mainEntityOfPage":{"@id":"https:\/\/conexion23.com\/?p=20690"},"wordCount":211,"commentCount":0,"publisher":{"@id":"https:\/\/conexion23.com\/#organization"},"image":{"@id":"https:\/\/conexion23.com\/?p=20690#primaryimage"},"thumbnailUrl":"https:\/\/conexion23.com\/wp-content\/uploads\/2023\/09\/374530178_6806583829378120_4674823162270974171_n.jpg","articleSection":["Uncategorized"],"inLanguage":"es","potentialAction":[{"@type":"CommentAction","name":"Comment","target":["https:\/\/conexion23.com\/?p=20690#respond"]}]},{"@type":"WebPage","@id":"https:\/\/conexion23.com\/?p=20690","url":"https:\/\/conexion23.com\/?p=20690","name":"Raptan empleado dominicano de empresa coreana en Hait\u00ed. - Conexi\u00f3n 23","isPartOf":{"@id":"https:\/\/conexion23.com\/#website"},"primaryImageOfPage":{"@id":"https:\/\/conexion23.com\/?p=20690#primaryimage"},"image":{"@id":"https:\/\/conexion23.com\/?p=20690#primaryimage"},"thumbnailUrl":"https:\/\/conexion23.com\/wp-content\/uploads\/2023\/09\/374530178_6806583829378120_4674823162270974171_n.jpg","datePublished":"2023-09-06T12:25:59+00:00","dateModified":"2023-09-06T12:26:02+00:00","breadcrumb":{"@id":"https:\/\/conexion23.com\/?p=20690#breadcrumb"},"inLanguage":"es","potentialAction":[{"@type":"ReadAction","target":["https:\/\/conexion23.com\/?p=20690"]}]},{"@type":"ImageObject","inLanguage":"es","@id":"https:\/\/conexion23.com\/?p=20690#primaryimage","url":"https:\/\/conexion23.com\/wp-content\/uploads\/2023\/09\/374530178_6806583829378120_4674823162270974171_n.jpg","contentUrl":"https:\/\/conexion23.com\/wp-content\/uploads\/2023\/09\/374530178_6806583829378120_4674823162270974171_n.jpg","width":280,"height":158},{"@type":"BreadcrumbList","@id":"https:\/\/conexion23.com\/?p=20690#breadcrumb","itemListElement":[{"@type":"ListItem","position":1,"name":"Portada","item":"https:\/\/conexion23.com\/"},{"@type":"ListItem","position":2,"name":"Raptan empleado dominicano de empresa coreana en Hait\u00ed."}]},{"@type":"WebSite","@id":"https:\/\/conexion23.com\/#website","url":"https:\/\/conexion23.com\/","name":"Conexi\u00f3n 23","description":"Peri\u00f3dico 100% Petromacorisano","publisher":{"@id":"https:\/\/conexion23.com\/#organization"},"potentialAction":[{"@type":"SearchAction","target":{"@type":"EntryPoint","urlTemplate":"https:\/\/conexion23.com\/?s={search_term_string}"},"query-input":{"@type":"PropertyValueSpecification","valueRequired":true,"valueName":"search_term_string"}}],"inLanguage":"es"},{"@type":"Organization","@id":"https:\/\/conexion23.com\/#organization","name":"Conexion 23","url":"https:\/\/conexion23.com\/","logo":{"@type":"ImageObject","inLanguage":"es","@id":"https:\/\/conexion23.com\/#\/schema\/logo\/image\/","url":"https:\/\/conexion23.com\/wp-content\/uploads\/2021\/11\/Diseno-sin-titulo-2.png","contentUrl":"https:\/\/conexion23.com\/wp-content\/uploads\/2021\/11\/Diseno-sin-titulo-2.png","width":541,"height":90,"caption":"Conexion 23"},"image":{"@id":"https:\/\/conexion23.com\/#\/schema\/logo\/image\/"},"sameAs":["https:\/\/www.facebook.com\/conexion23com","https:\/\/www.instagram.com\/conexion23com\/","https:\/\/www.youtube.com\/channel\/UCYc7vxxFZMYLIHNsHHxPZ3Q"]},{"@type":"Person","@id":"https:\/\/conexion23.com\/#\/schema\/person\/03e36043331117e97a373299bbcd30a6","name":"Raffy Ben\u00edtez","image":{"@type":"ImageObject","inLanguage":"es","@id":"https:\/\/conexion23.com\/#\/schema\/person\/image\/","url":"https:\/\/secure.gravatar.com\/avatar\/3190a6a6c5e1b0327500f7d6c56b6242472ee6cb974cf09b401ee6b3b0798f23?s=96&d=mm&r=g","contentUrl":"https:\/\/secure.gravatar.com\/avatar\/3190a6a6c5e1b0327500f7d6c56b6242472ee6cb974cf09b401ee6b3b0798f23?s=96&d=mm&r=g","caption":"Raffy Ben\u00edtez"},"url":"https:\/\/conexion23.com\/?author=15"}]}},"_links":{"self":[{"href":"https:\/\/conexion23.com\/index.php?rest_route=\/wp\/v2\/posts\/20690","targetHints":{"allow":["GET"]}}],"collection":[{"href":"https:\/\/conexion23.com\/index.php?rest_route=\/wp\/v2\/posts"}],"about":[{"href":"https:\/\/conexion23.com\/index.php?rest_route=\/wp\/v2\/types\/post"}],"author":[{"embeddable":true,"href":"https:\/\/conexion23.com\/index.php?rest_route=\/wp\/v2\/users\/15"}],"replies":[{"embeddable":true,"href":"https:\/\/conexion23.com\/index.php?rest_route=%2Fwp%2Fv2%2Fcomments&post=20690"}],"version-history":[{"count":1,"href":"https:\/\/conexion23.com\/index.php?rest_route=\/wp\/v2\/posts\/20690\/revisions"}],"predecessor-version":[{"id":20692,"href":"https:\/\/conexion23.com\/index.php?rest_route=\/wp\/v2\/posts\/20690\/revisions\/20692"}],"wp:featuredmedia":[{"embeddable":true,"href":"https:\/\/conexion23.com\/index.php?rest_route=\/wp\/v2\/media\/20691"}],"wp:attachment":[{"href":"https:\/\/conexion23.com\/index.php?rest_route=%2Fwp%2Fv2%2Fmedia&parent=20690"}],"wp:term":[{"taxonomy":"category","embeddable":true,"href":"https:\/\/conexion23.com\/index.php?rest_route=%2Fwp%2Fv2%2Fcategories&post=20690"},{"taxonomy":"post_tag","embeddable":true,"href":"https:\/\/conexion23.com\/index.php?rest_route=%2Fwp%2Fv2%2Ftags&post=20690"}],"curies":[{"name":"wp","href":"https:\/\/api.w.org\/{rel}","templated":true}]}}