{"id":20737,"date":"2023-09-08T07:39:16","date_gmt":"2023-09-08T11:39:16","guid":{"rendered":"https:\/\/conexion23.com\/?p=20737"},"modified":"2023-09-08T07:39:21","modified_gmt":"2023-09-08T11:39:21","slug":"representantes-de-los-derechos-humanos-en-s-p-m-condenan-represion-de-la-policia-en-sus-operativos","status":"publish","type":"post","link":"https:\/\/conexion23.com\/?p=20737","title":{"rendered":"Representantes de los Derechos Humanos en S.P.M condenan represi\u00f3n de la polic\u00eda en sus operativos."},"content":{"rendered":"\n<p>Representantes de instituciones que trabajan en defensa de los Derechos Humanos en San Pedro de Macor\u00eds, criticaron la forma en que la Polic\u00eda Nacional est\u00e1 llevando a cabo los operativos preventivos en los distintos sectores de esta provincia.<\/p>\n\n\n\n<p>Expresaron que hasta ellos llegan a diario denuncias de maltratos f\u00edsicos y apresamientos ilegales. Eddy la Cerda, presidente Provincial del Comit\u00e9 Dominicano de los Derechos Humanos, sostuvo que hasta la instituci\u00f3n que dirige se han acercado varias personas que han sido v\u00edctima de los supuestos abusos que comete la instituci\u00f3n del orden.<\/p>\n\n\n\n<figure class=\"wp-block-image\"><a href=\"https:\/\/blogger.googleusercontent.com\/img\/b\/R29vZ2xl\/AVvXsEh4pU2-XXVnOaRGvgAiGhvc3OQ1Fdl6lVcastqxXN9uvgfe0HLT4wFFOXlvDx8b61actkQlSWZRJl5BEdFg8S7hkywlpgHdFVCqVIvDy2HxGg8q44nch-FVTniC8RFSkAb8VZPXbo_-9MYDFGjjmM2806unFqIVqKJ8j7A20mA0f1AvcD6HS3fZJV25QV4\/s1080\/eddy.jpeg\"><img decoding=\"async\" src=\"https:\/\/blogger.googleusercontent.com\/img\/b\/R29vZ2xl\/AVvXsEh4pU2-XXVnOaRGvgAiGhvc3OQ1Fdl6lVcastqxXN9uvgfe0HLT4wFFOXlvDx8b61actkQlSWZRJl5BEdFg8S7hkywlpgHdFVCqVIvDy2HxGg8q44nch-FVTniC8RFSkAb8VZPXbo_-9MYDFGjjmM2806unFqIVqKJ8j7A20mA0f1AvcD6HS3fZJV25QV4\/w400-h226\/eddy.jpeg\" alt=\"\"\/><\/a><\/figure>\n\n\n\n<p>&nbsp; &nbsp; &nbsp; &nbsp;El primer caso que vamos a presentar, es el de un joven que se dirig\u00eda a un colmado en la calle Bernardino Castillo de barrio M\u00e9xico, y al ver el aparataje policial decidi\u00f3 devolverse para su residencia, en ese momento varios polic\u00edas lo persiguen y penetran a la casa donde vive con su madre, entraron en la vivienda sin una orden de un fiscal\u00a8 sostuvo Eddy la Cerda.&nbsp;<\/p>\n\n\n\n<p>&nbsp; &nbsp; Dijo adem\u00e1s que, durante el fin de semana, le lleg\u00f3 la denuncia con videos que sirven como evidencia de los golpes que recibi\u00f3 un joven del municipio de Consuelo, cundo ya estaba montado en la camioneta de la uniformada.<\/p>\n\n\n\n<p>En tanto que, Fernando Aponte, presidente de la Sociedad Unida de los Derechos Humanos, calific\u00f3 las intervenciones de abusivas y que no se pueden permitir.&nbsp;<\/p>\n\n\n\n<p>&nbsp; &nbsp; &nbsp; &nbsp; A\u00f1adi\u00f3 que los polic\u00edas andan encapuchados en motocicletas que cuando llegan a un sector la gente sale corriendo porque llegan montando a todo el mundo en un camion mi\u00f3n, sin ni siquiera pedir la identificaci\u00f3n personal.&nbsp;<\/p>\n\n\n\n<p>&nbsp; &nbsp; &nbsp;Dijo, adem\u00e1s, que est\u00e1n elaborando un comunicado para envi\u00e1rselo al ministro de Interior y Polic\u00eda, Jes\u00fas V\u00e1squez Mart\u00ednez y al director de la Polic\u00eda Nacional, Alberto Then.<\/p>\n\n\n\n<p>&nbsp; &nbsp; &nbsp;Ante las cr\u00edticas, el departamento de Relaciones P\u00fablicas de la Direcci\u00f3n Regional Sureste de la Polic\u00eda Nacional, inform\u00f3 que en los operativos que se est\u00e1n llevando a cabo en conjunto con miembros del Ejercito Dominicano, se han apresado a personas con cuenta pendiente con la justicia.<\/p>\n\n\n\n<p>&nbsp; &nbsp; &nbsp; &nbsp; Adem\u00e1s, que han sido recuperadas varias motocicletas, han decomisado armas blancas y han intervenido en varios puntos de venta de droga. Estas acciones por parte de la Polic\u00eda Nacional se producen ya que, en un encuentro con los integrantes de la Mesa de Seguridad Ciudadana, se inform\u00f3 que San Pedro de Macor\u00eds, marcaba en varios indicadores niveles por delictivos por encima de otras demarcaciones del pa\u00eds.<\/p>\n","protected":false},"excerpt":{"rendered":"<p>Representantes de instituciones que trabajan en defensa de los Derechos Humanos en San Pedro de Macor\u00eds, criticaron la forma en que la Polic\u00eda Nacional est\u00e1 llevando a cabo los operativos preventivos en los distintos sectores de esta provincia. Expresaron que hasta ellos llegan a diario denuncias de maltratos f\u00edsicos y apresamientos ilegales. Eddy la Cerda, [&hellip;]<\/p>\n","protected":false},"author":15,"featured_media":20738,"comment_status":"open","ping_status":"open","sticky":false,"template":"","format":"standard","meta":{"footnotes":""},"categories":[35],"tags":[],"class_list":{"0":"post-20737","1":"post","2":"type-post","3":"status-publish","4":"format-standard","5":"has-post-thumbnail","7":"category-spm"},"yoast_head":"<!-- This site is optimized with the Yoast SEO plugin v27.1.1 - https:\/\/yoast.com\/product\/yoast-seo-wordpress\/ -->\n<title>Representantes de los Derechos Humanos en S.P.M condenan represi\u00f3n de la polic\u00eda en sus operativos. - Conexi\u00f3n 23<\/title>\n<meta name=\"robots\" content=\"index, follow, max-snippet:-1, max-image-preview:large, max-video-preview:-1\" \/>\n<link rel=\"canonical\" href=\"https:\/\/conexion23.com\/?p=20737\" \/>\n<meta property=\"og:locale\" content=\"es_ES\" \/>\n<meta property=\"og:type\" content=\"article\" \/>\n<meta property=\"og:title\" content=\"Representantes de los Derechos Humanos en S.P.M condenan represi\u00f3n de la polic\u00eda en sus operativos. - Conexi\u00f3n 23\" \/>\n<meta property=\"og:description\" content=\"Representantes de instituciones que trabajan en defensa de los Derechos Humanos en San Pedro de Macor\u00eds, criticaron la forma en que la Polic\u00eda Nacional est\u00e1 llevando a cabo los operativos preventivos en los distintos sectores de esta provincia. Expresaron que hasta ellos llegan a diario denuncias de maltratos f\u00edsicos y apresamientos ilegales. Eddy la Cerda, [&hellip;]\" \/>\n<meta property=\"og:url\" content=\"https:\/\/conexion23.com\/?p=20737\" \/>\n<meta property=\"og:site_name\" content=\"Conexi\u00f3n 23\" \/>\n<meta property=\"article:publisher\" content=\"https:\/\/www.facebook.com\/conexion23com\" \/>\n<meta property=\"article:published_time\" content=\"2023-09-08T11:39:16+00:00\" \/>\n<meta property=\"article:modified_time\" content=\"2023-09-08T11:39:21+00:00\" \/>\n<meta property=\"og:image\" content=\"https:\/\/conexion23.com\/wp-content\/uploads\/2023\/09\/policia.jpg\" \/>\n\t<meta property=\"og:image:width\" content=\"400\" \/>\n\t<meta property=\"og:image:height\" content=\"300\" \/>\n\t<meta property=\"og:image:type\" content=\"image\/jpeg\" \/>\n<meta name=\"author\" content=\"Raffy Ben\u00edtez\" \/>\n<meta name=\"twitter:card\" content=\"summary_large_image\" \/>\n<meta name=\"twitter:label1\" content=\"Escrito por\" \/>\n\t<meta name=\"twitter:data1\" content=\"Raffy Ben\u00edtez\" \/>\n\t<meta name=\"twitter:label2\" content=\"Tiempo de lectura\" \/>\n\t<meta name=\"twitter:data2\" content=\"3 minutos\" \/>\n<script type=\"application\/ld+json\" class=\"yoast-schema-graph\">{\"@context\":\"https:\/\/schema.org\",\"@graph\":[{\"@type\":\"Article\",\"@id\":\"https:\/\/conexion23.com\/?p=20737#article\",\"isPartOf\":{\"@id\":\"https:\/\/conexion23.com\/?p=20737\"},\"author\":{\"name\":\"Raffy Ben\u00edtez\",\"@id\":\"https:\/\/conexion23.com\/#\/schema\/person\/03e36043331117e97a373299bbcd30a6\"},\"headline\":\"Representantes de los Derechos Humanos en S.P.M condenan represi\u00f3n de la polic\u00eda en sus operativos.\",\"datePublished\":\"2023-09-08T11:39:16+00:00\",\"dateModified\":\"2023-09-08T11:39:21+00:00\",\"mainEntityOfPage\":{\"@id\":\"https:\/\/conexion23.com\/?p=20737\"},\"wordCount\":470,\"commentCount\":0,\"publisher\":{\"@id\":\"https:\/\/conexion23.com\/#organization\"},\"image\":{\"@id\":\"https:\/\/conexion23.com\/?p=20737#primaryimage\"},\"thumbnailUrl\":\"https:\/\/conexion23.com\/wp-content\/uploads\/2023\/09\/policia.jpg\",\"articleSection\":[\"SPM\"],\"inLanguage\":\"es\",\"potentialAction\":[{\"@type\":\"CommentAction\",\"name\":\"Comment\",\"target\":[\"https:\/\/conexion23.com\/?p=20737#respond\"]}]},{\"@type\":\"WebPage\",\"@id\":\"https:\/\/conexion23.com\/?p=20737\",\"url\":\"https:\/\/conexion23.com\/?p=20737\",\"name\":\"Representantes de los Derechos Humanos en S.P.M condenan represi\u00f3n de la polic\u00eda en sus operativos. - Conexi\u00f3n 23\",\"isPartOf\":{\"@id\":\"https:\/\/conexion23.com\/#website\"},\"primaryImageOfPage\":{\"@id\":\"https:\/\/conexion23.com\/?p=20737#primaryimage\"},\"image\":{\"@id\":\"https:\/\/conexion23.com\/?p=20737#primaryimage\"},\"thumbnailUrl\":\"https:\/\/conexion23.com\/wp-content\/uploads\/2023\/09\/policia.jpg\",\"datePublished\":\"2023-09-08T11:39:16+00:00\",\"dateModified\":\"2023-09-08T11:39:21+00:00\",\"breadcrumb\":{\"@id\":\"https:\/\/conexion23.com\/?p=20737#breadcrumb\"},\"inLanguage\":\"es\",\"potentialAction\":[{\"@type\":\"ReadAction\",\"target\":[\"https:\/\/conexion23.com\/?p=20737\"]}]},{\"@type\":\"ImageObject\",\"inLanguage\":\"es\",\"@id\":\"https:\/\/conexion23.com\/?p=20737#primaryimage\",\"url\":\"https:\/\/conexion23.com\/wp-content\/uploads\/2023\/09\/policia.jpg\",\"contentUrl\":\"https:\/\/conexion23.com\/wp-content\/uploads\/2023\/09\/policia.jpg\",\"width\":400,\"height\":300},{\"@type\":\"BreadcrumbList\",\"@id\":\"https:\/\/conexion23.com\/?p=20737#breadcrumb\",\"itemListElement\":[{\"@type\":\"ListItem\",\"position\":1,\"name\":\"Portada\",\"item\":\"https:\/\/conexion23.com\/\"},{\"@type\":\"ListItem\",\"position\":2,\"name\":\"Representantes de los Derechos Humanos en S.P.M condenan represi\u00f3n de la polic\u00eda en sus operativos.\"}]},{\"@type\":\"WebSite\",\"@id\":\"https:\/\/conexion23.com\/#website\",\"url\":\"https:\/\/conexion23.com\/\",\"name\":\"Conexi\u00f3n 23\",\"description\":\"Peri\u00f3dico 100% Petromacorisano\",\"publisher\":{\"@id\":\"https:\/\/conexion23.com\/#organization\"},\"potentialAction\":[{\"@type\":\"SearchAction\",\"target\":{\"@type\":\"EntryPoint\",\"urlTemplate\":\"https:\/\/conexion23.com\/?s={search_term_string}\"},\"query-input\":{\"@type\":\"PropertyValueSpecification\",\"valueRequired\":true,\"valueName\":\"search_term_string\"}}],\"inLanguage\":\"es\"},{\"@type\":\"Organization\",\"@id\":\"https:\/\/conexion23.com\/#organization\",\"name\":\"Conexion 23\",\"url\":\"https:\/\/conexion23.com\/\",\"logo\":{\"@type\":\"ImageObject\",\"inLanguage\":\"es\",\"@id\":\"https:\/\/conexion23.com\/#\/schema\/logo\/image\/\",\"url\":\"https:\/\/conexion23.com\/wp-content\/uploads\/2021\/11\/Diseno-sin-titulo-2.png\",\"contentUrl\":\"https:\/\/conexion23.com\/wp-content\/uploads\/2021\/11\/Diseno-sin-titulo-2.png\",\"width\":541,\"height\":90,\"caption\":\"Conexion 23\"},\"image\":{\"@id\":\"https:\/\/conexion23.com\/#\/schema\/logo\/image\/\"},\"sameAs\":[\"https:\/\/www.facebook.com\/conexion23com\",\"https:\/\/www.instagram.com\/conexion23com\/\",\"https:\/\/www.youtube.com\/channel\/UCYc7vxxFZMYLIHNsHHxPZ3Q\"]},{\"@type\":\"Person\",\"@id\":\"https:\/\/conexion23.com\/#\/schema\/person\/03e36043331117e97a373299bbcd30a6\",\"name\":\"Raffy Ben\u00edtez\",\"image\":{\"@type\":\"ImageObject\",\"inLanguage\":\"es\",\"@id\":\"https:\/\/conexion23.com\/#\/schema\/person\/image\/\",\"url\":\"https:\/\/secure.gravatar.com\/avatar\/3190a6a6c5e1b0327500f7d6c56b6242472ee6cb974cf09b401ee6b3b0798f23?s=96&d=mm&r=g\",\"contentUrl\":\"https:\/\/secure.gravatar.com\/avatar\/3190a6a6c5e1b0327500f7d6c56b6242472ee6cb974cf09b401ee6b3b0798f23?s=96&d=mm&r=g\",\"caption\":\"Raffy Ben\u00edtez\"},\"url\":\"https:\/\/conexion23.com\/?author=15\"}]}<\/script>\n<!-- \/ Yoast SEO plugin. -->","yoast_head_json":{"title":"Representantes de los Derechos Humanos en S.P.M condenan represi\u00f3n de la polic\u00eda en sus operativos. - Conexi\u00f3n 23","robots":{"index":"index","follow":"follow","max-snippet":"max-snippet:-1","max-image-preview":"max-image-preview:large","max-video-preview":"max-video-preview:-1"},"canonical":"https:\/\/conexion23.com\/?p=20737","og_locale":"es_ES","og_type":"article","og_title":"Representantes de los Derechos Humanos en S.P.M condenan represi\u00f3n de la polic\u00eda en sus operativos. - Conexi\u00f3n 23","og_description":"Representantes de instituciones que trabajan en defensa de los Derechos Humanos en San Pedro de Macor\u00eds, criticaron la forma en que la Polic\u00eda Nacional est\u00e1 llevando a cabo los operativos preventivos en los distintos sectores de esta provincia. Expresaron que hasta ellos llegan a diario denuncias de maltratos f\u00edsicos y apresamientos ilegales. Eddy la Cerda, [&hellip;]","og_url":"https:\/\/conexion23.com\/?p=20737","og_site_name":"Conexi\u00f3n 23","article_publisher":"https:\/\/www.facebook.com\/conexion23com","article_published_time":"2023-09-08T11:39:16+00:00","article_modified_time":"2023-09-08T11:39:21+00:00","og_image":[{"width":400,"height":300,"url":"https:\/\/conexion23.com\/wp-content\/uploads\/2023\/09\/policia.jpg","type":"image\/jpeg"}],"author":"Raffy Ben\u00edtez","twitter_card":"summary_large_image","twitter_misc":{"Escrito por":"Raffy Ben\u00edtez","Tiempo de lectura":"3 minutos"},"schema":{"@context":"https:\/\/schema.org","@graph":[{"@type":"Article","@id":"https:\/\/conexion23.com\/?p=20737#article","isPartOf":{"@id":"https:\/\/conexion23.com\/?p=20737"},"author":{"name":"Raffy Ben\u00edtez","@id":"https:\/\/conexion23.com\/#\/schema\/person\/03e36043331117e97a373299bbcd30a6"},"headline":"Representantes de los Derechos Humanos en S.P.M condenan represi\u00f3n de la polic\u00eda en sus operativos.","datePublished":"2023-09-08T11:39:16+00:00","dateModified":"2023-09-08T11:39:21+00:00","mainEntityOfPage":{"@id":"https:\/\/conexion23.com\/?p=20737"},"wordCount":470,"commentCount":0,"publisher":{"@id":"https:\/\/conexion23.com\/#organization"},"image":{"@id":"https:\/\/conexion23.com\/?p=20737#primaryimage"},"thumbnailUrl":"https:\/\/conexion23.com\/wp-content\/uploads\/2023\/09\/policia.jpg","articleSection":["SPM"],"inLanguage":"es","potentialAction":[{"@type":"CommentAction","name":"Comment","target":["https:\/\/conexion23.com\/?p=20737#respond"]}]},{"@type":"WebPage","@id":"https:\/\/conexion23.com\/?p=20737","url":"https:\/\/conexion23.com\/?p=20737","name":"Representantes de los Derechos Humanos en S.P.M condenan represi\u00f3n de la polic\u00eda en sus operativos. - Conexi\u00f3n 23","isPartOf":{"@id":"https:\/\/conexion23.com\/#website"},"primaryImageOfPage":{"@id":"https:\/\/conexion23.com\/?p=20737#primaryimage"},"image":{"@id":"https:\/\/conexion23.com\/?p=20737#primaryimage"},"thumbnailUrl":"https:\/\/conexion23.com\/wp-content\/uploads\/2023\/09\/policia.jpg","datePublished":"2023-09-08T11:39:16+00:00","dateModified":"2023-09-08T11:39:21+00:00","breadcrumb":{"@id":"https:\/\/conexion23.com\/?p=20737#breadcrumb"},"inLanguage":"es","potentialAction":[{"@type":"ReadAction","target":["https:\/\/conexion23.com\/?p=20737"]}]},{"@type":"ImageObject","inLanguage":"es","@id":"https:\/\/conexion23.com\/?p=20737#primaryimage","url":"https:\/\/conexion23.com\/wp-content\/uploads\/2023\/09\/policia.jpg","contentUrl":"https:\/\/conexion23.com\/wp-content\/uploads\/2023\/09\/policia.jpg","width":400,"height":300},{"@type":"BreadcrumbList","@id":"https:\/\/conexion23.com\/?p=20737#breadcrumb","itemListElement":[{"@type":"ListItem","position":1,"name":"Portada","item":"https:\/\/conexion23.com\/"},{"@type":"ListItem","position":2,"name":"Representantes de los Derechos Humanos en S.P.M condenan represi\u00f3n de la polic\u00eda en sus operativos."}]},{"@type":"WebSite","@id":"https:\/\/conexion23.com\/#website","url":"https:\/\/conexion23.com\/","name":"Conexi\u00f3n 23","description":"Peri\u00f3dico 100% Petromacorisano","publisher":{"@id":"https:\/\/conexion23.com\/#organization"},"potentialAction":[{"@type":"SearchAction","target":{"@type":"EntryPoint","urlTemplate":"https:\/\/conexion23.com\/?s={search_term_string}"},"query-input":{"@type":"PropertyValueSpecification","valueRequired":true,"valueName":"search_term_string"}}],"inLanguage":"es"},{"@type":"Organization","@id":"https:\/\/conexion23.com\/#organization","name":"Conexion 23","url":"https:\/\/conexion23.com\/","logo":{"@type":"ImageObject","inLanguage":"es","@id":"https:\/\/conexion23.com\/#\/schema\/logo\/image\/","url":"https:\/\/conexion23.com\/wp-content\/uploads\/2021\/11\/Diseno-sin-titulo-2.png","contentUrl":"https:\/\/conexion23.com\/wp-content\/uploads\/2021\/11\/Diseno-sin-titulo-2.png","width":541,"height":90,"caption":"Conexion 23"},"image":{"@id":"https:\/\/conexion23.com\/#\/schema\/logo\/image\/"},"sameAs":["https:\/\/www.facebook.com\/conexion23com","https:\/\/www.instagram.com\/conexion23com\/","https:\/\/www.youtube.com\/channel\/UCYc7vxxFZMYLIHNsHHxPZ3Q"]},{"@type":"Person","@id":"https:\/\/conexion23.com\/#\/schema\/person\/03e36043331117e97a373299bbcd30a6","name":"Raffy Ben\u00edtez","image":{"@type":"ImageObject","inLanguage":"es","@id":"https:\/\/conexion23.com\/#\/schema\/person\/image\/","url":"https:\/\/secure.gravatar.com\/avatar\/3190a6a6c5e1b0327500f7d6c56b6242472ee6cb974cf09b401ee6b3b0798f23?s=96&d=mm&r=g","contentUrl":"https:\/\/secure.gravatar.com\/avatar\/3190a6a6c5e1b0327500f7d6c56b6242472ee6cb974cf09b401ee6b3b0798f23?s=96&d=mm&r=g","caption":"Raffy Ben\u00edtez"},"url":"https:\/\/conexion23.com\/?author=15"}]}},"_links":{"self":[{"href":"https:\/\/conexion23.com\/index.php?rest_route=\/wp\/v2\/posts\/20737","targetHints":{"allow":["GET"]}}],"collection":[{"href":"https:\/\/conexion23.com\/index.php?rest_route=\/wp\/v2\/posts"}],"about":[{"href":"https:\/\/conexion23.com\/index.php?rest_route=\/wp\/v2\/types\/post"}],"author":[{"embeddable":true,"href":"https:\/\/conexion23.com\/index.php?rest_route=\/wp\/v2\/users\/15"}],"replies":[{"embeddable":true,"href":"https:\/\/conexion23.com\/index.php?rest_route=%2Fwp%2Fv2%2Fcomments&post=20737"}],"version-history":[{"count":1,"href":"https:\/\/conexion23.com\/index.php?rest_route=\/wp\/v2\/posts\/20737\/revisions"}],"predecessor-version":[{"id":20739,"href":"https:\/\/conexion23.com\/index.php?rest_route=\/wp\/v2\/posts\/20737\/revisions\/20739"}],"wp:featuredmedia":[{"embeddable":true,"href":"https:\/\/conexion23.com\/index.php?rest_route=\/wp\/v2\/media\/20738"}],"wp:attachment":[{"href":"https:\/\/conexion23.com\/index.php?rest_route=%2Fwp%2Fv2%2Fmedia&parent=20737"}],"wp:term":[{"taxonomy":"category","embeddable":true,"href":"https:\/\/conexion23.com\/index.php?rest_route=%2Fwp%2Fv2%2Fcategories&post=20737"},{"taxonomy":"post_tag","embeddable":true,"href":"https:\/\/conexion23.com\/index.php?rest_route=%2Fwp%2Fv2%2Ftags&post=20737"}],"curies":[{"name":"wp","href":"https:\/\/api.w.org\/{rel}","templated":true}]}}