{"id":20749,"date":"2023-09-08T08:10:58","date_gmt":"2023-09-08T12:10:58","guid":{"rendered":"https:\/\/conexion23.com\/?p=20749"},"modified":"2023-09-08T08:11:05","modified_gmt":"2023-09-08T12:11:05","slug":"asociacion-sindrome-de-down-critica-a-javier-milei-por-usar-mogolico-como-insulto","status":"publish","type":"post","link":"https:\/\/conexion23.com\/?p=20749","title":{"rendered":"Asociaci\u00f3n S\u00edndrome de Down critica a Javier Milei por usar \u00abmog\u00f3lico\u00bb como insulto."},"content":{"rendered":"\n<p>El candidato presidencial ultraderechista Javier Milei, favorito para las elecciones de octubre en Argentina, sigue sumando cr\u00edticas por sus agresiones dirigidas a aquellos con quienes no coincide.<\/p>\n\n\n\n<p>Esta vez fue la Asociaci\u00f3n S\u00edndrome de Down de Argentina (ASDRA) la que repudi\u00f3 que empleara la palabra \u201cmog\u00f3lico\u201d en t\u00e9rminos peyorativos para calificar a un economista.<\/p>\n\n\n\n<p>ASDRA dijo que esa palabra \u201csuele usarse para insultar haciendo referencia a la falta de inteligencia de la persona a la cual se dirige\u201d, entendiendo la discapacidad intelectual \u201ccomo algo fuera de lo normal, incorrecto u objeto de burla\u201d.<\/p>\n\n\n\n<p>Tambi\u00e9n sostuvo que el t\u00e9rmino que emple\u00f3 el candidato presidencial es discriminatorio por tener su origen en las primeras descripciones m\u00e9dicas que se hicieron acerca de las personas con S\u00edndrome de Down \u201cpor la forma habitual de sus ojos\u201d, similar a las de origen mongol.<\/p>\n\n\n\n<p>Un video difundido la v\u00edspera en un canal de televisi\u00f3n mostr\u00f3 a Milei refiri\u00e9ndose a un economista a los gritos como \u201cmog\u00f3lico, imb\u00e9cil, tarado\u201d. En la grabaci\u00f3n realizada y difundida hace cuatro a\u00f1os por el entonces medi\u00e1tico economista -cuando todav\u00eda no hab\u00eda saltado a la arena pol\u00edtica- rechazaba los cuestionamientos a sus ideas realizados por el colega.<\/p>\n\n\n\n<p>Los improperios del candidato de La Libertad Avanza han sido desenterrados en plena campa\u00f1a para las elecciones del 22 de octubre en las que aparece como mejor posicionado luego de haber cosechado la mayor cantidad de votos en las primarias abiertas y obligatorias de agosto.<\/p>\n\n\n\n<p>El video con las declaraciones del populista de derecha, que circul\u00f3 ampliamente por las redes sociales, tambi\u00e9n sum\u00f3 el rechazo de Clara Muzzio, ministra de Espacio P\u00fablico e Higiene Urbana de Buenos Aires y candidata a vicejefa capitalina por Juntos por el Cambio \u2014una fuerza opositora a nivel nacional\u2014, que tiene un hijo con S\u00edndrome de Down.<\/p>\n\n\n\n<p>\u201cUn verdadero l\u00edder siembra paz. Un verdadero l\u00edder abraza las diferencias y aprecia y aprende de lo distinto. Un verdadero l\u00edder no estigmatiza y predica con el ejemplo un valor que necesitamos m\u00e1s que nunca: la humildad\u201d, dijo Muzzio en sus redes sociales.<\/p>\n\n\n\n<p>Por el momento, Milei no hizo referencia a las cr\u00edticas recibidas.<\/p>\n\n\n\n<p>Al referirse a la repercusi\u00f3n de los dichos del candidato en el electorado, Mariel Fornoni, directora de la consultora y encuestadora Management &amp; Fit, dijo a The Associated Press que la mayor parte de los agravios son viejos, \u00abpero tambi\u00e9n hay nuevos&#8230; y la gente lo sigue eligiendo igual\u201d.<\/p>\n\n\n\n<p>La analista apunt\u00f3 que la decepci\u00f3n que sienten muchos argentinos por el peronismo gobernante y la mayor fuerza opositora Juntos por el Cambio los ha llevado a respaldar a este candidato disruptivo que desprecia a la dirigencia pol\u00edtica tradicional, a la que califica de incapaz de resolver problemas como la inflaci\u00f3n.<\/p>\n\n\n\n<h3 class=\"wp-block-heading\"><\/h3>\n","protected":false},"excerpt":{"rendered":"<p>El candidato presidencial ultraderechista Javier Milei, favorito para las elecciones de octubre en Argentina, sigue sumando cr\u00edticas por sus agresiones dirigidas a aquellos con quienes no coincide. Esta vez fue la Asociaci\u00f3n S\u00edndrome de Down de Argentina (ASDRA) la que repudi\u00f3 que empleara la palabra \u201cmog\u00f3lico\u201d en t\u00e9rminos peyorativos para calificar a un economista. ASDRA [&hellip;]<\/p>\n","protected":false},"author":15,"featured_media":20750,"comment_status":"open","ping_status":"open","sticky":false,"template":"","format":"standard","meta":{"footnotes":""},"categories":[1],"tags":[],"class_list":{"0":"post-20749","1":"post","2":"type-post","3":"status-publish","4":"format-standard","5":"has-post-thumbnail","7":"category-uncategorized"},"yoast_head":"<!-- This site is optimized with the Yoast SEO plugin v27.1.1 - https:\/\/yoast.com\/product\/yoast-seo-wordpress\/ -->\n<title>Asociaci\u00f3n S\u00edndrome de Down critica a Javier Milei por usar &quot;mog\u00f3lico&quot; como insulto. - Conexi\u00f3n 23<\/title>\n<meta name=\"robots\" content=\"index, follow, max-snippet:-1, max-image-preview:large, max-video-preview:-1\" \/>\n<link rel=\"canonical\" href=\"https:\/\/conexion23.com\/?p=20749\" \/>\n<meta property=\"og:locale\" content=\"es_ES\" \/>\n<meta property=\"og:type\" content=\"article\" \/>\n<meta property=\"og:title\" content=\"Asociaci\u00f3n S\u00edndrome de Down critica a Javier Milei por usar &quot;mog\u00f3lico&quot; como insulto. - Conexi\u00f3n 23\" \/>\n<meta property=\"og:description\" content=\"El candidato presidencial ultraderechista Javier Milei, favorito para las elecciones de octubre en Argentina, sigue sumando cr\u00edticas por sus agresiones dirigidas a aquellos con quienes no coincide. Esta vez fue la Asociaci\u00f3n S\u00edndrome de Down de Argentina (ASDRA) la que repudi\u00f3 que empleara la palabra \u201cmog\u00f3lico\u201d en t\u00e9rminos peyorativos para calificar a un economista. ASDRA [&hellip;]\" \/>\n<meta property=\"og:url\" content=\"https:\/\/conexion23.com\/?p=20749\" \/>\n<meta property=\"og:site_name\" content=\"Conexi\u00f3n 23\" \/>\n<meta property=\"article:publisher\" content=\"https:\/\/www.facebook.com\/conexion23com\" \/>\n<meta property=\"article:published_time\" content=\"2023-09-08T12:10:58+00:00\" \/>\n<meta property=\"article:modified_time\" content=\"2023-09-08T12:11:05+00:00\" \/>\n<meta property=\"og:image\" content=\"https:\/\/conexion23.com\/wp-content\/uploads\/2023\/09\/64fa8fe8d812b.jpeg\" \/>\n\t<meta property=\"og:image:width\" content=\"800\" \/>\n\t<meta property=\"og:image:height\" content=\"533\" \/>\n\t<meta property=\"og:image:type\" content=\"image\/jpeg\" \/>\n<meta name=\"author\" content=\"Raffy Ben\u00edtez\" \/>\n<meta name=\"twitter:card\" content=\"summary_large_image\" \/>\n<meta name=\"twitter:label1\" content=\"Escrito por\" \/>\n\t<meta name=\"twitter:data1\" content=\"Raffy Ben\u00edtez\" \/>\n\t<meta name=\"twitter:label2\" content=\"Tiempo de lectura\" \/>\n\t<meta name=\"twitter:data2\" content=\"3 minutos\" \/>\n<script type=\"application\/ld+json\" class=\"yoast-schema-graph\">{\"@context\":\"https:\/\/schema.org\",\"@graph\":[{\"@type\":\"Article\",\"@id\":\"https:\/\/conexion23.com\/?p=20749#article\",\"isPartOf\":{\"@id\":\"https:\/\/conexion23.com\/?p=20749\"},\"author\":{\"name\":\"Raffy Ben\u00edtez\",\"@id\":\"https:\/\/conexion23.com\/#\/schema\/person\/03e36043331117e97a373299bbcd30a6\"},\"headline\":\"Asociaci\u00f3n S\u00edndrome de Down critica a Javier Milei por usar \u00abmog\u00f3lico\u00bb como insulto.\",\"datePublished\":\"2023-09-08T12:10:58+00:00\",\"dateModified\":\"2023-09-08T12:11:05+00:00\",\"mainEntityOfPage\":{\"@id\":\"https:\/\/conexion23.com\/?p=20749\"},\"wordCount\":500,\"commentCount\":0,\"publisher\":{\"@id\":\"https:\/\/conexion23.com\/#organization\"},\"image\":{\"@id\":\"https:\/\/conexion23.com\/?p=20749#primaryimage\"},\"thumbnailUrl\":\"https:\/\/conexion23.com\/wp-content\/uploads\/2023\/09\/64fa8fe8d812b.jpeg\",\"articleSection\":[\"Uncategorized\"],\"inLanguage\":\"es\",\"potentialAction\":[{\"@type\":\"CommentAction\",\"name\":\"Comment\",\"target\":[\"https:\/\/conexion23.com\/?p=20749#respond\"]}]},{\"@type\":\"WebPage\",\"@id\":\"https:\/\/conexion23.com\/?p=20749\",\"url\":\"https:\/\/conexion23.com\/?p=20749\",\"name\":\"Asociaci\u00f3n S\u00edndrome de Down critica a Javier Milei por usar \\\"mog\u00f3lico\\\" como insulto. - Conexi\u00f3n 23\",\"isPartOf\":{\"@id\":\"https:\/\/conexion23.com\/#website\"},\"primaryImageOfPage\":{\"@id\":\"https:\/\/conexion23.com\/?p=20749#primaryimage\"},\"image\":{\"@id\":\"https:\/\/conexion23.com\/?p=20749#primaryimage\"},\"thumbnailUrl\":\"https:\/\/conexion23.com\/wp-content\/uploads\/2023\/09\/64fa8fe8d812b.jpeg\",\"datePublished\":\"2023-09-08T12:10:58+00:00\",\"dateModified\":\"2023-09-08T12:11:05+00:00\",\"breadcrumb\":{\"@id\":\"https:\/\/conexion23.com\/?p=20749#breadcrumb\"},\"inLanguage\":\"es\",\"potentialAction\":[{\"@type\":\"ReadAction\",\"target\":[\"https:\/\/conexion23.com\/?p=20749\"]}]},{\"@type\":\"ImageObject\",\"inLanguage\":\"es\",\"@id\":\"https:\/\/conexion23.com\/?p=20749#primaryimage\",\"url\":\"https:\/\/conexion23.com\/wp-content\/uploads\/2023\/09\/64fa8fe8d812b.jpeg\",\"contentUrl\":\"https:\/\/conexion23.com\/wp-content\/uploads\/2023\/09\/64fa8fe8d812b.jpeg\",\"width\":800,\"height\":533},{\"@type\":\"BreadcrumbList\",\"@id\":\"https:\/\/conexion23.com\/?p=20749#breadcrumb\",\"itemListElement\":[{\"@type\":\"ListItem\",\"position\":1,\"name\":\"Portada\",\"item\":\"https:\/\/conexion23.com\/\"},{\"@type\":\"ListItem\",\"position\":2,\"name\":\"Asociaci\u00f3n S\u00edndrome de Down critica a Javier Milei por usar \u00abmog\u00f3lico\u00bb como insulto.\"}]},{\"@type\":\"WebSite\",\"@id\":\"https:\/\/conexion23.com\/#website\",\"url\":\"https:\/\/conexion23.com\/\",\"name\":\"Conexi\u00f3n 23\",\"description\":\"Peri\u00f3dico 100% Petromacorisano\",\"publisher\":{\"@id\":\"https:\/\/conexion23.com\/#organization\"},\"potentialAction\":[{\"@type\":\"SearchAction\",\"target\":{\"@type\":\"EntryPoint\",\"urlTemplate\":\"https:\/\/conexion23.com\/?s={search_term_string}\"},\"query-input\":{\"@type\":\"PropertyValueSpecification\",\"valueRequired\":true,\"valueName\":\"search_term_string\"}}],\"inLanguage\":\"es\"},{\"@type\":\"Organization\",\"@id\":\"https:\/\/conexion23.com\/#organization\",\"name\":\"Conexion 23\",\"url\":\"https:\/\/conexion23.com\/\",\"logo\":{\"@type\":\"ImageObject\",\"inLanguage\":\"es\",\"@id\":\"https:\/\/conexion23.com\/#\/schema\/logo\/image\/\",\"url\":\"https:\/\/conexion23.com\/wp-content\/uploads\/2021\/11\/Diseno-sin-titulo-2.png\",\"contentUrl\":\"https:\/\/conexion23.com\/wp-content\/uploads\/2021\/11\/Diseno-sin-titulo-2.png\",\"width\":541,\"height\":90,\"caption\":\"Conexion 23\"},\"image\":{\"@id\":\"https:\/\/conexion23.com\/#\/schema\/logo\/image\/\"},\"sameAs\":[\"https:\/\/www.facebook.com\/conexion23com\",\"https:\/\/www.instagram.com\/conexion23com\/\",\"https:\/\/www.youtube.com\/channel\/UCYc7vxxFZMYLIHNsHHxPZ3Q\"]},{\"@type\":\"Person\",\"@id\":\"https:\/\/conexion23.com\/#\/schema\/person\/03e36043331117e97a373299bbcd30a6\",\"name\":\"Raffy Ben\u00edtez\",\"image\":{\"@type\":\"ImageObject\",\"inLanguage\":\"es\",\"@id\":\"https:\/\/conexion23.com\/#\/schema\/person\/image\/\",\"url\":\"https:\/\/secure.gravatar.com\/avatar\/3190a6a6c5e1b0327500f7d6c56b6242472ee6cb974cf09b401ee6b3b0798f23?s=96&d=mm&r=g\",\"contentUrl\":\"https:\/\/secure.gravatar.com\/avatar\/3190a6a6c5e1b0327500f7d6c56b6242472ee6cb974cf09b401ee6b3b0798f23?s=96&d=mm&r=g\",\"caption\":\"Raffy Ben\u00edtez\"},\"url\":\"https:\/\/conexion23.com\/?author=15\"}]}<\/script>\n<!-- \/ Yoast SEO plugin. -->","yoast_head_json":{"title":"Asociaci\u00f3n S\u00edndrome de Down critica a Javier Milei por usar \"mog\u00f3lico\" como insulto. - Conexi\u00f3n 23","robots":{"index":"index","follow":"follow","max-snippet":"max-snippet:-1","max-image-preview":"max-image-preview:large","max-video-preview":"max-video-preview:-1"},"canonical":"https:\/\/conexion23.com\/?p=20749","og_locale":"es_ES","og_type":"article","og_title":"Asociaci\u00f3n S\u00edndrome de Down critica a Javier Milei por usar \"mog\u00f3lico\" como insulto. - Conexi\u00f3n 23","og_description":"El candidato presidencial ultraderechista Javier Milei, favorito para las elecciones de octubre en Argentina, sigue sumando cr\u00edticas por sus agresiones dirigidas a aquellos con quienes no coincide. Esta vez fue la Asociaci\u00f3n S\u00edndrome de Down de Argentina (ASDRA) la que repudi\u00f3 que empleara la palabra \u201cmog\u00f3lico\u201d en t\u00e9rminos peyorativos para calificar a un economista. ASDRA [&hellip;]","og_url":"https:\/\/conexion23.com\/?p=20749","og_site_name":"Conexi\u00f3n 23","article_publisher":"https:\/\/www.facebook.com\/conexion23com","article_published_time":"2023-09-08T12:10:58+00:00","article_modified_time":"2023-09-08T12:11:05+00:00","og_image":[{"width":800,"height":533,"url":"https:\/\/conexion23.com\/wp-content\/uploads\/2023\/09\/64fa8fe8d812b.jpeg","type":"image\/jpeg"}],"author":"Raffy Ben\u00edtez","twitter_card":"summary_large_image","twitter_misc":{"Escrito por":"Raffy Ben\u00edtez","Tiempo de lectura":"3 minutos"},"schema":{"@context":"https:\/\/schema.org","@graph":[{"@type":"Article","@id":"https:\/\/conexion23.com\/?p=20749#article","isPartOf":{"@id":"https:\/\/conexion23.com\/?p=20749"},"author":{"name":"Raffy Ben\u00edtez","@id":"https:\/\/conexion23.com\/#\/schema\/person\/03e36043331117e97a373299bbcd30a6"},"headline":"Asociaci\u00f3n S\u00edndrome de Down critica a Javier Milei por usar \u00abmog\u00f3lico\u00bb como insulto.","datePublished":"2023-09-08T12:10:58+00:00","dateModified":"2023-09-08T12:11:05+00:00","mainEntityOfPage":{"@id":"https:\/\/conexion23.com\/?p=20749"},"wordCount":500,"commentCount":0,"publisher":{"@id":"https:\/\/conexion23.com\/#organization"},"image":{"@id":"https:\/\/conexion23.com\/?p=20749#primaryimage"},"thumbnailUrl":"https:\/\/conexion23.com\/wp-content\/uploads\/2023\/09\/64fa8fe8d812b.jpeg","articleSection":["Uncategorized"],"inLanguage":"es","potentialAction":[{"@type":"CommentAction","name":"Comment","target":["https:\/\/conexion23.com\/?p=20749#respond"]}]},{"@type":"WebPage","@id":"https:\/\/conexion23.com\/?p=20749","url":"https:\/\/conexion23.com\/?p=20749","name":"Asociaci\u00f3n S\u00edndrome de Down critica a Javier Milei por usar \"mog\u00f3lico\" como insulto. - Conexi\u00f3n 23","isPartOf":{"@id":"https:\/\/conexion23.com\/#website"},"primaryImageOfPage":{"@id":"https:\/\/conexion23.com\/?p=20749#primaryimage"},"image":{"@id":"https:\/\/conexion23.com\/?p=20749#primaryimage"},"thumbnailUrl":"https:\/\/conexion23.com\/wp-content\/uploads\/2023\/09\/64fa8fe8d812b.jpeg","datePublished":"2023-09-08T12:10:58+00:00","dateModified":"2023-09-08T12:11:05+00:00","breadcrumb":{"@id":"https:\/\/conexion23.com\/?p=20749#breadcrumb"},"inLanguage":"es","potentialAction":[{"@type":"ReadAction","target":["https:\/\/conexion23.com\/?p=20749"]}]},{"@type":"ImageObject","inLanguage":"es","@id":"https:\/\/conexion23.com\/?p=20749#primaryimage","url":"https:\/\/conexion23.com\/wp-content\/uploads\/2023\/09\/64fa8fe8d812b.jpeg","contentUrl":"https:\/\/conexion23.com\/wp-content\/uploads\/2023\/09\/64fa8fe8d812b.jpeg","width":800,"height":533},{"@type":"BreadcrumbList","@id":"https:\/\/conexion23.com\/?p=20749#breadcrumb","itemListElement":[{"@type":"ListItem","position":1,"name":"Portada","item":"https:\/\/conexion23.com\/"},{"@type":"ListItem","position":2,"name":"Asociaci\u00f3n S\u00edndrome de Down critica a Javier Milei por usar \u00abmog\u00f3lico\u00bb como insulto."}]},{"@type":"WebSite","@id":"https:\/\/conexion23.com\/#website","url":"https:\/\/conexion23.com\/","name":"Conexi\u00f3n 23","description":"Peri\u00f3dico 100% Petromacorisano","publisher":{"@id":"https:\/\/conexion23.com\/#organization"},"potentialAction":[{"@type":"SearchAction","target":{"@type":"EntryPoint","urlTemplate":"https:\/\/conexion23.com\/?s={search_term_string}"},"query-input":{"@type":"PropertyValueSpecification","valueRequired":true,"valueName":"search_term_string"}}],"inLanguage":"es"},{"@type":"Organization","@id":"https:\/\/conexion23.com\/#organization","name":"Conexion 23","url":"https:\/\/conexion23.com\/","logo":{"@type":"ImageObject","inLanguage":"es","@id":"https:\/\/conexion23.com\/#\/schema\/logo\/image\/","url":"https:\/\/conexion23.com\/wp-content\/uploads\/2021\/11\/Diseno-sin-titulo-2.png","contentUrl":"https:\/\/conexion23.com\/wp-content\/uploads\/2021\/11\/Diseno-sin-titulo-2.png","width":541,"height":90,"caption":"Conexion 23"},"image":{"@id":"https:\/\/conexion23.com\/#\/schema\/logo\/image\/"},"sameAs":["https:\/\/www.facebook.com\/conexion23com","https:\/\/www.instagram.com\/conexion23com\/","https:\/\/www.youtube.com\/channel\/UCYc7vxxFZMYLIHNsHHxPZ3Q"]},{"@type":"Person","@id":"https:\/\/conexion23.com\/#\/schema\/person\/03e36043331117e97a373299bbcd30a6","name":"Raffy Ben\u00edtez","image":{"@type":"ImageObject","inLanguage":"es","@id":"https:\/\/conexion23.com\/#\/schema\/person\/image\/","url":"https:\/\/secure.gravatar.com\/avatar\/3190a6a6c5e1b0327500f7d6c56b6242472ee6cb974cf09b401ee6b3b0798f23?s=96&d=mm&r=g","contentUrl":"https:\/\/secure.gravatar.com\/avatar\/3190a6a6c5e1b0327500f7d6c56b6242472ee6cb974cf09b401ee6b3b0798f23?s=96&d=mm&r=g","caption":"Raffy Ben\u00edtez"},"url":"https:\/\/conexion23.com\/?author=15"}]}},"_links":{"self":[{"href":"https:\/\/conexion23.com\/index.php?rest_route=\/wp\/v2\/posts\/20749","targetHints":{"allow":["GET"]}}],"collection":[{"href":"https:\/\/conexion23.com\/index.php?rest_route=\/wp\/v2\/posts"}],"about":[{"href":"https:\/\/conexion23.com\/index.php?rest_route=\/wp\/v2\/types\/post"}],"author":[{"embeddable":true,"href":"https:\/\/conexion23.com\/index.php?rest_route=\/wp\/v2\/users\/15"}],"replies":[{"embeddable":true,"href":"https:\/\/conexion23.com\/index.php?rest_route=%2Fwp%2Fv2%2Fcomments&post=20749"}],"version-history":[{"count":1,"href":"https:\/\/conexion23.com\/index.php?rest_route=\/wp\/v2\/posts\/20749\/revisions"}],"predecessor-version":[{"id":20751,"href":"https:\/\/conexion23.com\/index.php?rest_route=\/wp\/v2\/posts\/20749\/revisions\/20751"}],"wp:featuredmedia":[{"embeddable":true,"href":"https:\/\/conexion23.com\/index.php?rest_route=\/wp\/v2\/media\/20750"}],"wp:attachment":[{"href":"https:\/\/conexion23.com\/index.php?rest_route=%2Fwp%2Fv2%2Fmedia&parent=20749"}],"wp:term":[{"taxonomy":"category","embeddable":true,"href":"https:\/\/conexion23.com\/index.php?rest_route=%2Fwp%2Fv2%2Fcategories&post=20749"},{"taxonomy":"post_tag","embeddable":true,"href":"https:\/\/conexion23.com\/index.php?rest_route=%2Fwp%2Fv2%2Ftags&post=20749"}],"curies":[{"name":"wp","href":"https:\/\/api.w.org\/{rel}","templated":true}]}}