{"id":20775,"date":"2023-09-10T15:51:43","date_gmt":"2023-09-10T19:51:43","guid":{"rendered":"https:\/\/conexion23.com\/?p=20775"},"modified":"2023-09-10T15:51:46","modified_gmt":"2023-09-10T19:51:46","slug":"defensa-civil-y-armada-recuperan-cadaver-encontrado-ahogado-en-el-rio-higuamo-de-spm","status":"publish","type":"post","link":"https:\/\/conexion23.com\/?p=20775","title":{"rendered":"Defensa Civil y Armada recuperan cadaver encontrado ahogado en el r\u00edo Higuamo de SPM"},"content":{"rendered":"\n<p>San Pedro de Macor\u00eds.- Miembro de la Defensa Civil recuperaron el cadaver de un hombre que apareci\u00f3 ahogado en las agua del rio Higuamo, en su desembocadura en San Pedro de Macor\u00eds.<\/p>\n\n\n\n<p>El mismo fue recuperado por miembros de la Defensa Civil en coordinaci\u00f3n con la Armada Rep\u00fablica Dominicana y fue entregado a miembro del Dicrim de la Polic\u00eda Nacional.<\/p>\n\n\n\n<p>La <a><\/a>persona encontrada de color de piel moreno, ten\u00eda un abrigo negro y un chaleco verde, no portaba ninguna identificaci\u00f3n.<\/p>\n","protected":false},"excerpt":{"rendered":"<p>San Pedro de Macor\u00eds.- Miembro de la Defensa Civil recuperaron el cadaver de un hombre que apareci\u00f3 ahogado en las agua del rio Higuamo, en su desembocadura en San Pedro de Macor\u00eds. El mismo fue recuperado por miembros de la Defensa Civil en coordinaci\u00f3n con la Armada Rep\u00fablica Dominicana y fue entregado a miembro del [&hellip;]<\/p>\n","protected":false},"author":7,"featured_media":20776,"comment_status":"open","ping_status":"open","sticky":false,"template":"","format":"standard","meta":{"footnotes":""},"categories":[35],"tags":[665,3340,709],"class_list":{"0":"post-20775","1":"post","2":"type-post","3":"status-publish","4":"format-standard","5":"has-post-thumbnail","7":"category-spm","8":"tag-hombre","9":"tag-riohiguamo","10":"tag-sanpedrodemacoris"},"yoast_head":"<!-- This site is optimized with the Yoast SEO plugin v27.1.1 - https:\/\/yoast.com\/product\/yoast-seo-wordpress\/ -->\n<title>Defensa Civil y Armada recuperan cadaver encontrado ahogado en el r\u00edo Higuamo de SPM - Conexi\u00f3n 23<\/title>\n<meta name=\"description\" content=\"San Pedro de Macor\u00eds.- Miembro de la Defensa Civil recuperaron el cadaver de un hombre que apareci\u00f3 ahogado en las agua del rio Higuamo, en su desembocadura en San Pedro de Macor\u00eds.\" \/>\n<meta name=\"robots\" content=\"index, follow, max-snippet:-1, max-image-preview:large, max-video-preview:-1\" \/>\n<link rel=\"canonical\" href=\"https:\/\/conexion23.com\/?p=20775\" \/>\n<meta property=\"og:locale\" content=\"es_ES\" \/>\n<meta property=\"og:type\" content=\"article\" \/>\n<meta property=\"og:title\" content=\"Defensa Civil y Armada recuperan cadaver encontrado ahogado en el r\u00edo Higuamo de SPM - Conexi\u00f3n 23\" \/>\n<meta property=\"og:description\" content=\"San Pedro de Macor\u00eds.- Miembro de la Defensa Civil recuperaron el cadaver de un hombre que apareci\u00f3 ahogado en las agua del rio Higuamo, en su desembocadura en San Pedro de Macor\u00eds.\" \/>\n<meta property=\"og:url\" content=\"https:\/\/conexion23.com\/?p=20775\" \/>\n<meta property=\"og:site_name\" content=\"Conexi\u00f3n 23\" \/>\n<meta property=\"article:publisher\" content=\"https:\/\/www.facebook.com\/conexion23com\" \/>\n<meta property=\"article:published_time\" content=\"2023-09-10T19:51:43+00:00\" \/>\n<meta property=\"article:modified_time\" content=\"2023-09-10T19:51:46+00:00\" \/>\n<meta property=\"og:image\" content=\"https:\/\/conexion23.com\/wp-content\/uploads\/2023\/09\/377420624_272775102241923_6545287050465418137_n.jpg\" \/>\n\t<meta property=\"og:image:width\" content=\"1032\" \/>\n\t<meta property=\"og:image:height\" content=\"774\" \/>\n\t<meta property=\"og:image:type\" content=\"image\/jpeg\" \/>\n<meta name=\"author\" content=\"Benjam\u00edn Rosario\" \/>\n<meta name=\"twitter:card\" content=\"summary_large_image\" \/>\n<meta name=\"twitter:label1\" content=\"Escrito por\" \/>\n\t<meta name=\"twitter:data1\" content=\"Benjam\u00edn Rosario\" \/>\n\t<meta name=\"twitter:label2\" content=\"Tiempo de lectura\" \/>\n\t<meta name=\"twitter:data2\" content=\"1 minuto\" \/>\n<script type=\"application\/ld+json\" class=\"yoast-schema-graph\">{\"@context\":\"https:\/\/schema.org\",\"@graph\":[{\"@type\":\"Article\",\"@id\":\"https:\/\/conexion23.com\/?p=20775#article\",\"isPartOf\":{\"@id\":\"https:\/\/conexion23.com\/?p=20775\"},\"author\":{\"name\":\"Benjam\u00edn Rosario\",\"@id\":\"https:\/\/conexion23.com\/#\/schema\/person\/c0b7ce1f0e7a915d08fa289072b8353a\"},\"headline\":\"Defensa Civil y Armada recuperan cadaver encontrado ahogado en el r\u00edo Higuamo de SPM\",\"datePublished\":\"2023-09-10T19:51:43+00:00\",\"dateModified\":\"2023-09-10T19:51:46+00:00\",\"mainEntityOfPage\":{\"@id\":\"https:\/\/conexion23.com\/?p=20775\"},\"wordCount\":103,\"commentCount\":0,\"publisher\":{\"@id\":\"https:\/\/conexion23.com\/#organization\"},\"image\":{\"@id\":\"https:\/\/conexion23.com\/?p=20775#primaryimage\"},\"thumbnailUrl\":\"https:\/\/conexion23.com\/wp-content\/uploads\/2023\/09\/377420624_272775102241923_6545287050465418137_n.jpg\",\"keywords\":[\"hombre\",\"riohiguamo\",\"Sanpedrodemacoris\"],\"articleSection\":[\"SPM\"],\"inLanguage\":\"es\",\"potentialAction\":[{\"@type\":\"CommentAction\",\"name\":\"Comment\",\"target\":[\"https:\/\/conexion23.com\/?p=20775#respond\"]}]},{\"@type\":\"WebPage\",\"@id\":\"https:\/\/conexion23.com\/?p=20775\",\"url\":\"https:\/\/conexion23.com\/?p=20775\",\"name\":\"Defensa Civil y Armada recuperan cadaver encontrado ahogado en el r\u00edo Higuamo de SPM - Conexi\u00f3n 23\",\"isPartOf\":{\"@id\":\"https:\/\/conexion23.com\/#website\"},\"primaryImageOfPage\":{\"@id\":\"https:\/\/conexion23.com\/?p=20775#primaryimage\"},\"image\":{\"@id\":\"https:\/\/conexion23.com\/?p=20775#primaryimage\"},\"thumbnailUrl\":\"https:\/\/conexion23.com\/wp-content\/uploads\/2023\/09\/377420624_272775102241923_6545287050465418137_n.jpg\",\"datePublished\":\"2023-09-10T19:51:43+00:00\",\"dateModified\":\"2023-09-10T19:51:46+00:00\",\"description\":\"San Pedro de Macor\u00eds.- Miembro de la Defensa Civil recuperaron el cadaver de un hombre que apareci\u00f3 ahogado en las agua del rio Higuamo, en su desembocadura en San Pedro de Macor\u00eds.\",\"breadcrumb\":{\"@id\":\"https:\/\/conexion23.com\/?p=20775#breadcrumb\"},\"inLanguage\":\"es\",\"potentialAction\":[{\"@type\":\"ReadAction\",\"target\":[\"https:\/\/conexion23.com\/?p=20775\"]}]},{\"@type\":\"ImageObject\",\"inLanguage\":\"es\",\"@id\":\"https:\/\/conexion23.com\/?p=20775#primaryimage\",\"url\":\"https:\/\/conexion23.com\/wp-content\/uploads\/2023\/09\/377420624_272775102241923_6545287050465418137_n.jpg\",\"contentUrl\":\"https:\/\/conexion23.com\/wp-content\/uploads\/2023\/09\/377420624_272775102241923_6545287050465418137_n.jpg\",\"width\":1032,\"height\":774},{\"@type\":\"BreadcrumbList\",\"@id\":\"https:\/\/conexion23.com\/?p=20775#breadcrumb\",\"itemListElement\":[{\"@type\":\"ListItem\",\"position\":1,\"name\":\"Portada\",\"item\":\"https:\/\/conexion23.com\/\"},{\"@type\":\"ListItem\",\"position\":2,\"name\":\"Defensa Civil y Armada recuperan cadaver encontrado ahogado en el r\u00edo Higuamo de SPM\"}]},{\"@type\":\"WebSite\",\"@id\":\"https:\/\/conexion23.com\/#website\",\"url\":\"https:\/\/conexion23.com\/\",\"name\":\"Conexi\u00f3n 23\",\"description\":\"Peri\u00f3dico 100% Petromacorisano\",\"publisher\":{\"@id\":\"https:\/\/conexion23.com\/#organization\"},\"potentialAction\":[{\"@type\":\"SearchAction\",\"target\":{\"@type\":\"EntryPoint\",\"urlTemplate\":\"https:\/\/conexion23.com\/?s={search_term_string}\"},\"query-input\":{\"@type\":\"PropertyValueSpecification\",\"valueRequired\":true,\"valueName\":\"search_term_string\"}}],\"inLanguage\":\"es\"},{\"@type\":\"Organization\",\"@id\":\"https:\/\/conexion23.com\/#organization\",\"name\":\"Conexion 23\",\"url\":\"https:\/\/conexion23.com\/\",\"logo\":{\"@type\":\"ImageObject\",\"inLanguage\":\"es\",\"@id\":\"https:\/\/conexion23.com\/#\/schema\/logo\/image\/\",\"url\":\"https:\/\/conexion23.com\/wp-content\/uploads\/2021\/11\/Diseno-sin-titulo-2.png\",\"contentUrl\":\"https:\/\/conexion23.com\/wp-content\/uploads\/2021\/11\/Diseno-sin-titulo-2.png\",\"width\":541,\"height\":90,\"caption\":\"Conexion 23\"},\"image\":{\"@id\":\"https:\/\/conexion23.com\/#\/schema\/logo\/image\/\"},\"sameAs\":[\"https:\/\/www.facebook.com\/conexion23com\",\"https:\/\/www.instagram.com\/conexion23com\/\",\"https:\/\/www.youtube.com\/channel\/UCYc7vxxFZMYLIHNsHHxPZ3Q\"]},{\"@type\":\"Person\",\"@id\":\"https:\/\/conexion23.com\/#\/schema\/person\/c0b7ce1f0e7a915d08fa289072b8353a\",\"name\":\"Benjam\u00edn Rosario\",\"image\":{\"@type\":\"ImageObject\",\"inLanguage\":\"es\",\"@id\":\"https:\/\/conexion23.com\/#\/schema\/person\/image\/\",\"url\":\"https:\/\/secure.gravatar.com\/avatar\/62e1b2539b49cdeb50ee302e2a5f2bd31dc7fdba412bbac67e2a2a6e0c89bb2a?s=96&d=mm&r=g\",\"contentUrl\":\"https:\/\/secure.gravatar.com\/avatar\/62e1b2539b49cdeb50ee302e2a5f2bd31dc7fdba412bbac67e2a2a6e0c89bb2a?s=96&d=mm&r=g\",\"caption\":\"Benjam\u00edn Rosario\"},\"url\":\"https:\/\/conexion23.com\/?author=7\"}]}<\/script>\n<!-- \/ Yoast SEO plugin. -->","yoast_head_json":{"title":"Defensa Civil y Armada recuperan cadaver encontrado ahogado en el r\u00edo Higuamo de SPM - Conexi\u00f3n 23","description":"San Pedro de Macor\u00eds.- Miembro de la Defensa Civil recuperaron el cadaver de un hombre que apareci\u00f3 ahogado en las agua del rio Higuamo, en su desembocadura en San Pedro de Macor\u00eds.","robots":{"index":"index","follow":"follow","max-snippet":"max-snippet:-1","max-image-preview":"max-image-preview:large","max-video-preview":"max-video-preview:-1"},"canonical":"https:\/\/conexion23.com\/?p=20775","og_locale":"es_ES","og_type":"article","og_title":"Defensa Civil y Armada recuperan cadaver encontrado ahogado en el r\u00edo Higuamo de SPM - Conexi\u00f3n 23","og_description":"San Pedro de Macor\u00eds.- Miembro de la Defensa Civil recuperaron el cadaver de un hombre que apareci\u00f3 ahogado en las agua del rio Higuamo, en su desembocadura en San Pedro de Macor\u00eds.","og_url":"https:\/\/conexion23.com\/?p=20775","og_site_name":"Conexi\u00f3n 23","article_publisher":"https:\/\/www.facebook.com\/conexion23com","article_published_time":"2023-09-10T19:51:43+00:00","article_modified_time":"2023-09-10T19:51:46+00:00","og_image":[{"width":1032,"height":774,"url":"https:\/\/conexion23.com\/wp-content\/uploads\/2023\/09\/377420624_272775102241923_6545287050465418137_n.jpg","type":"image\/jpeg"}],"author":"Benjam\u00edn Rosario","twitter_card":"summary_large_image","twitter_misc":{"Escrito por":"Benjam\u00edn Rosario","Tiempo de lectura":"1 minuto"},"schema":{"@context":"https:\/\/schema.org","@graph":[{"@type":"Article","@id":"https:\/\/conexion23.com\/?p=20775#article","isPartOf":{"@id":"https:\/\/conexion23.com\/?p=20775"},"author":{"name":"Benjam\u00edn Rosario","@id":"https:\/\/conexion23.com\/#\/schema\/person\/c0b7ce1f0e7a915d08fa289072b8353a"},"headline":"Defensa Civil y Armada recuperan cadaver encontrado ahogado en el r\u00edo Higuamo de SPM","datePublished":"2023-09-10T19:51:43+00:00","dateModified":"2023-09-10T19:51:46+00:00","mainEntityOfPage":{"@id":"https:\/\/conexion23.com\/?p=20775"},"wordCount":103,"commentCount":0,"publisher":{"@id":"https:\/\/conexion23.com\/#organization"},"image":{"@id":"https:\/\/conexion23.com\/?p=20775#primaryimage"},"thumbnailUrl":"https:\/\/conexion23.com\/wp-content\/uploads\/2023\/09\/377420624_272775102241923_6545287050465418137_n.jpg","keywords":["hombre","riohiguamo","Sanpedrodemacoris"],"articleSection":["SPM"],"inLanguage":"es","potentialAction":[{"@type":"CommentAction","name":"Comment","target":["https:\/\/conexion23.com\/?p=20775#respond"]}]},{"@type":"WebPage","@id":"https:\/\/conexion23.com\/?p=20775","url":"https:\/\/conexion23.com\/?p=20775","name":"Defensa Civil y Armada recuperan cadaver encontrado ahogado en el r\u00edo Higuamo de SPM - Conexi\u00f3n 23","isPartOf":{"@id":"https:\/\/conexion23.com\/#website"},"primaryImageOfPage":{"@id":"https:\/\/conexion23.com\/?p=20775#primaryimage"},"image":{"@id":"https:\/\/conexion23.com\/?p=20775#primaryimage"},"thumbnailUrl":"https:\/\/conexion23.com\/wp-content\/uploads\/2023\/09\/377420624_272775102241923_6545287050465418137_n.jpg","datePublished":"2023-09-10T19:51:43+00:00","dateModified":"2023-09-10T19:51:46+00:00","description":"San Pedro de Macor\u00eds.- Miembro de la Defensa Civil recuperaron el cadaver de un hombre que apareci\u00f3 ahogado en las agua del rio Higuamo, en su desembocadura en San Pedro de Macor\u00eds.","breadcrumb":{"@id":"https:\/\/conexion23.com\/?p=20775#breadcrumb"},"inLanguage":"es","potentialAction":[{"@type":"ReadAction","target":["https:\/\/conexion23.com\/?p=20775"]}]},{"@type":"ImageObject","inLanguage":"es","@id":"https:\/\/conexion23.com\/?p=20775#primaryimage","url":"https:\/\/conexion23.com\/wp-content\/uploads\/2023\/09\/377420624_272775102241923_6545287050465418137_n.jpg","contentUrl":"https:\/\/conexion23.com\/wp-content\/uploads\/2023\/09\/377420624_272775102241923_6545287050465418137_n.jpg","width":1032,"height":774},{"@type":"BreadcrumbList","@id":"https:\/\/conexion23.com\/?p=20775#breadcrumb","itemListElement":[{"@type":"ListItem","position":1,"name":"Portada","item":"https:\/\/conexion23.com\/"},{"@type":"ListItem","position":2,"name":"Defensa Civil y Armada recuperan cadaver encontrado ahogado en el r\u00edo Higuamo de SPM"}]},{"@type":"WebSite","@id":"https:\/\/conexion23.com\/#website","url":"https:\/\/conexion23.com\/","name":"Conexi\u00f3n 23","description":"Peri\u00f3dico 100% Petromacorisano","publisher":{"@id":"https:\/\/conexion23.com\/#organization"},"potentialAction":[{"@type":"SearchAction","target":{"@type":"EntryPoint","urlTemplate":"https:\/\/conexion23.com\/?s={search_term_string}"},"query-input":{"@type":"PropertyValueSpecification","valueRequired":true,"valueName":"search_term_string"}}],"inLanguage":"es"},{"@type":"Organization","@id":"https:\/\/conexion23.com\/#organization","name":"Conexion 23","url":"https:\/\/conexion23.com\/","logo":{"@type":"ImageObject","inLanguage":"es","@id":"https:\/\/conexion23.com\/#\/schema\/logo\/image\/","url":"https:\/\/conexion23.com\/wp-content\/uploads\/2021\/11\/Diseno-sin-titulo-2.png","contentUrl":"https:\/\/conexion23.com\/wp-content\/uploads\/2021\/11\/Diseno-sin-titulo-2.png","width":541,"height":90,"caption":"Conexion 23"},"image":{"@id":"https:\/\/conexion23.com\/#\/schema\/logo\/image\/"},"sameAs":["https:\/\/www.facebook.com\/conexion23com","https:\/\/www.instagram.com\/conexion23com\/","https:\/\/www.youtube.com\/channel\/UCYc7vxxFZMYLIHNsHHxPZ3Q"]},{"@type":"Person","@id":"https:\/\/conexion23.com\/#\/schema\/person\/c0b7ce1f0e7a915d08fa289072b8353a","name":"Benjam\u00edn Rosario","image":{"@type":"ImageObject","inLanguage":"es","@id":"https:\/\/conexion23.com\/#\/schema\/person\/image\/","url":"https:\/\/secure.gravatar.com\/avatar\/62e1b2539b49cdeb50ee302e2a5f2bd31dc7fdba412bbac67e2a2a6e0c89bb2a?s=96&d=mm&r=g","contentUrl":"https:\/\/secure.gravatar.com\/avatar\/62e1b2539b49cdeb50ee302e2a5f2bd31dc7fdba412bbac67e2a2a6e0c89bb2a?s=96&d=mm&r=g","caption":"Benjam\u00edn Rosario"},"url":"https:\/\/conexion23.com\/?author=7"}]}},"_links":{"self":[{"href":"https:\/\/conexion23.com\/index.php?rest_route=\/wp\/v2\/posts\/20775","targetHints":{"allow":["GET"]}}],"collection":[{"href":"https:\/\/conexion23.com\/index.php?rest_route=\/wp\/v2\/posts"}],"about":[{"href":"https:\/\/conexion23.com\/index.php?rest_route=\/wp\/v2\/types\/post"}],"author":[{"embeddable":true,"href":"https:\/\/conexion23.com\/index.php?rest_route=\/wp\/v2\/users\/7"}],"replies":[{"embeddable":true,"href":"https:\/\/conexion23.com\/index.php?rest_route=%2Fwp%2Fv2%2Fcomments&post=20775"}],"version-history":[{"count":1,"href":"https:\/\/conexion23.com\/index.php?rest_route=\/wp\/v2\/posts\/20775\/revisions"}],"predecessor-version":[{"id":20777,"href":"https:\/\/conexion23.com\/index.php?rest_route=\/wp\/v2\/posts\/20775\/revisions\/20777"}],"wp:featuredmedia":[{"embeddable":true,"href":"https:\/\/conexion23.com\/index.php?rest_route=\/wp\/v2\/media\/20776"}],"wp:attachment":[{"href":"https:\/\/conexion23.com\/index.php?rest_route=%2Fwp%2Fv2%2Fmedia&parent=20775"}],"wp:term":[{"taxonomy":"category","embeddable":true,"href":"https:\/\/conexion23.com\/index.php?rest_route=%2Fwp%2Fv2%2Fcategories&post=20775"},{"taxonomy":"post_tag","embeddable":true,"href":"https:\/\/conexion23.com\/index.php?rest_route=%2Fwp%2Fv2%2Ftags&post=20775"}],"curies":[{"name":"wp","href":"https:\/\/api.w.org\/{rel}","templated":true}]}}