{"id":20778,"date":"2023-09-10T16:00:04","date_gmt":"2023-09-10T20:00:04","guid":{"rendered":"https:\/\/conexion23.com\/?p=20778"},"modified":"2023-09-10T16:00:08","modified_gmt":"2023-09-10T20:00:08","slug":"muere-reconocido-municipe-de-la-ciudad-de-san-pedro-de-macoris","status":"publish","type":"post","link":"https:\/\/conexion23.com\/?p=20778","title":{"rendered":"Muere reconocido mun\u00edcipe de la ciudad de San Pedro de Macor\u00eds"},"content":{"rendered":"\n<p>Un reconocido mun\u00edcipe de la ciudad de San Pedro de Macor\u00eds, falleci\u00f3 la madrugada de este domingo en un centro m\u00e9dico de Santo Domingo.<\/p>\n\n\n\n<p>Cesarin Ubiera, que tambi\u00e9n es hijo de un reconocido pol\u00edtico de la ciudad, muri\u00f3 luego de que recib\u00eda atenciones m\u00e9dicas luego de sufrir un ACV, Accidente Cardiovascular, el mismo se encontraba en cuidados intensivos por complicaciones de salud.<\/p>\n\n\n\n<p>Ubiera, que es reconocido por su incidencia en los motores y la mec\u00e1nica deja un gran vac\u00edo en sus familiares y seres queridos por su muerte a destiempo, cientos de personas han expresado a trav\u00e9s de las redes sociales y grupos de WhatsApp, su gran tristeza por la noticia del fallecimiento.<\/p>\n\n\n\n<p>Su cad\u00e1ver ser\u00e1 velado en la Funeraria del Pueblo de la avenida Independencia, a partir de esta tarde; el sepelio ser\u00e1 ma\u00f1ana. Paz a su alma.<\/p>\n\n\n\n<p><\/p>\n","protected":false},"excerpt":{"rendered":"<p>Un reconocido mun\u00edcipe de la ciudad de San Pedro de Macor\u00eds, falleci\u00f3 la madrugada de este domingo en un centro m\u00e9dico de Santo Domingo. Cesarin Ubiera, que tambi\u00e9n es hijo de un reconocido pol\u00edtico de la ciudad, muri\u00f3 luego de que recib\u00eda atenciones m\u00e9dicas luego de sufrir un ACV, Accidente Cardiovascular, el mismo se encontraba [&hellip;]<\/p>\n","protected":false},"author":7,"featured_media":20779,"comment_status":"open","ping_status":"open","sticky":false,"template":"","format":"standard","meta":{"footnotes":""},"categories":[35],"tags":[3342,3341,668,638,709],"class_list":{"0":"post-20778","1":"post","2":"type-post","3":"status-publish","4":"format-standard","5":"has-post-thumbnail","7":"category-spm","8":"tag-cesarinubiera","9":"tag-complicacionesdesalud","10":"tag-joven","11":"tag-muere","12":"tag-sanpedrodemacoris"},"yoast_head":"<!-- This site is optimized with the Yoast SEO plugin v27.1.1 - https:\/\/yoast.com\/product\/yoast-seo-wordpress\/ -->\n<title>Muere reconocido mun\u00edcipe de la ciudad de San Pedro de Macor\u00eds - Conexi\u00f3n 23<\/title>\n<meta name=\"description\" content=\"Un reconocido mun\u00edcipe de la ciudad de San Pedro de Macor\u00eds, falleci\u00f3 la madrugada de este domingo en un centro m\u00e9dico de Santo Domingo.\" \/>\n<meta name=\"robots\" content=\"index, follow, max-snippet:-1, max-image-preview:large, max-video-preview:-1\" \/>\n<link rel=\"canonical\" href=\"https:\/\/conexion23.com\/?p=20778\" \/>\n<meta property=\"og:locale\" content=\"es_ES\" \/>\n<meta property=\"og:type\" content=\"article\" \/>\n<meta property=\"og:title\" content=\"Muere reconocido mun\u00edcipe de la ciudad de San Pedro de Macor\u00eds - Conexi\u00f3n 23\" \/>\n<meta property=\"og:description\" content=\"Un reconocido mun\u00edcipe de la ciudad de San Pedro de Macor\u00eds, falleci\u00f3 la madrugada de este domingo en un centro m\u00e9dico de Santo Domingo.\" \/>\n<meta property=\"og:url\" content=\"https:\/\/conexion23.com\/?p=20778\" \/>\n<meta property=\"og:site_name\" content=\"Conexi\u00f3n 23\" \/>\n<meta property=\"article:publisher\" content=\"https:\/\/www.facebook.com\/conexion23com\" \/>\n<meta property=\"article:published_time\" content=\"2023-09-10T20:00:04+00:00\" \/>\n<meta property=\"article:modified_time\" content=\"2023-09-10T20:00:08+00:00\" \/>\n<meta property=\"og:image\" content=\"https:\/\/conexion23.com\/wp-content\/uploads\/2023\/09\/2ffccc1b-63e4-4d89-bade-951005114cb0.jpg\" \/>\n\t<meta property=\"og:image:width\" content=\"1080\" \/>\n\t<meta property=\"og:image:height\" content=\"1749\" \/>\n\t<meta property=\"og:image:type\" content=\"image\/jpeg\" \/>\n<meta name=\"author\" content=\"Benjam\u00edn Rosario\" \/>\n<meta name=\"twitter:card\" content=\"summary_large_image\" \/>\n<meta name=\"twitter:label1\" content=\"Escrito por\" \/>\n\t<meta name=\"twitter:data1\" content=\"Benjam\u00edn Rosario\" \/>\n\t<meta name=\"twitter:label2\" content=\"Tiempo de lectura\" \/>\n\t<meta name=\"twitter:data2\" content=\"1 minuto\" \/>\n<script type=\"application\/ld+json\" class=\"yoast-schema-graph\">{\"@context\":\"https:\/\/schema.org\",\"@graph\":[{\"@type\":\"Article\",\"@id\":\"https:\/\/conexion23.com\/?p=20778#article\",\"isPartOf\":{\"@id\":\"https:\/\/conexion23.com\/?p=20778\"},\"author\":{\"name\":\"Benjam\u00edn Rosario\",\"@id\":\"https:\/\/conexion23.com\/#\/schema\/person\/c0b7ce1f0e7a915d08fa289072b8353a\"},\"headline\":\"Muere reconocido mun\u00edcipe de la ciudad de San Pedro de Macor\u00eds\",\"datePublished\":\"2023-09-10T20:00:04+00:00\",\"dateModified\":\"2023-09-10T20:00:08+00:00\",\"mainEntityOfPage\":{\"@id\":\"https:\/\/conexion23.com\/?p=20778\"},\"wordCount\":164,\"commentCount\":0,\"publisher\":{\"@id\":\"https:\/\/conexion23.com\/#organization\"},\"image\":{\"@id\":\"https:\/\/conexion23.com\/?p=20778#primaryimage\"},\"thumbnailUrl\":\"https:\/\/conexion23.com\/wp-content\/uploads\/2023\/09\/2ffccc1b-63e4-4d89-bade-951005114cb0.jpg\",\"keywords\":[\"cesarinubiera\",\"complicacionesdesalud\",\"Joven\",\"Muere\",\"Sanpedrodemacoris\"],\"articleSection\":[\"SPM\"],\"inLanguage\":\"es\",\"potentialAction\":[{\"@type\":\"CommentAction\",\"name\":\"Comment\",\"target\":[\"https:\/\/conexion23.com\/?p=20778#respond\"]}]},{\"@type\":\"WebPage\",\"@id\":\"https:\/\/conexion23.com\/?p=20778\",\"url\":\"https:\/\/conexion23.com\/?p=20778\",\"name\":\"Muere reconocido mun\u00edcipe de la ciudad de San Pedro de Macor\u00eds - Conexi\u00f3n 23\",\"isPartOf\":{\"@id\":\"https:\/\/conexion23.com\/#website\"},\"primaryImageOfPage\":{\"@id\":\"https:\/\/conexion23.com\/?p=20778#primaryimage\"},\"image\":{\"@id\":\"https:\/\/conexion23.com\/?p=20778#primaryimage\"},\"thumbnailUrl\":\"https:\/\/conexion23.com\/wp-content\/uploads\/2023\/09\/2ffccc1b-63e4-4d89-bade-951005114cb0.jpg\",\"datePublished\":\"2023-09-10T20:00:04+00:00\",\"dateModified\":\"2023-09-10T20:00:08+00:00\",\"description\":\"Un reconocido mun\u00edcipe de la ciudad de San Pedro de Macor\u00eds, falleci\u00f3 la madrugada de este domingo en un centro m\u00e9dico de Santo Domingo.\",\"breadcrumb\":{\"@id\":\"https:\/\/conexion23.com\/?p=20778#breadcrumb\"},\"inLanguage\":\"es\",\"potentialAction\":[{\"@type\":\"ReadAction\",\"target\":[\"https:\/\/conexion23.com\/?p=20778\"]}]},{\"@type\":\"ImageObject\",\"inLanguage\":\"es\",\"@id\":\"https:\/\/conexion23.com\/?p=20778#primaryimage\",\"url\":\"https:\/\/conexion23.com\/wp-content\/uploads\/2023\/09\/2ffccc1b-63e4-4d89-bade-951005114cb0.jpg\",\"contentUrl\":\"https:\/\/conexion23.com\/wp-content\/uploads\/2023\/09\/2ffccc1b-63e4-4d89-bade-951005114cb0.jpg\",\"width\":1080,\"height\":1749},{\"@type\":\"BreadcrumbList\",\"@id\":\"https:\/\/conexion23.com\/?p=20778#breadcrumb\",\"itemListElement\":[{\"@type\":\"ListItem\",\"position\":1,\"name\":\"Portada\",\"item\":\"https:\/\/conexion23.com\/\"},{\"@type\":\"ListItem\",\"position\":2,\"name\":\"Muere reconocido mun\u00edcipe de la ciudad de San Pedro de Macor\u00eds\"}]},{\"@type\":\"WebSite\",\"@id\":\"https:\/\/conexion23.com\/#website\",\"url\":\"https:\/\/conexion23.com\/\",\"name\":\"Conexi\u00f3n 23\",\"description\":\"Peri\u00f3dico 100% Petromacorisano\",\"publisher\":{\"@id\":\"https:\/\/conexion23.com\/#organization\"},\"potentialAction\":[{\"@type\":\"SearchAction\",\"target\":{\"@type\":\"EntryPoint\",\"urlTemplate\":\"https:\/\/conexion23.com\/?s={search_term_string}\"},\"query-input\":{\"@type\":\"PropertyValueSpecification\",\"valueRequired\":true,\"valueName\":\"search_term_string\"}}],\"inLanguage\":\"es\"},{\"@type\":\"Organization\",\"@id\":\"https:\/\/conexion23.com\/#organization\",\"name\":\"Conexion 23\",\"url\":\"https:\/\/conexion23.com\/\",\"logo\":{\"@type\":\"ImageObject\",\"inLanguage\":\"es\",\"@id\":\"https:\/\/conexion23.com\/#\/schema\/logo\/image\/\",\"url\":\"https:\/\/conexion23.com\/wp-content\/uploads\/2021\/11\/Diseno-sin-titulo-2.png\",\"contentUrl\":\"https:\/\/conexion23.com\/wp-content\/uploads\/2021\/11\/Diseno-sin-titulo-2.png\",\"width\":541,\"height\":90,\"caption\":\"Conexion 23\"},\"image\":{\"@id\":\"https:\/\/conexion23.com\/#\/schema\/logo\/image\/\"},\"sameAs\":[\"https:\/\/www.facebook.com\/conexion23com\",\"https:\/\/www.instagram.com\/conexion23com\/\",\"https:\/\/www.youtube.com\/channel\/UCYc7vxxFZMYLIHNsHHxPZ3Q\"]},{\"@type\":\"Person\",\"@id\":\"https:\/\/conexion23.com\/#\/schema\/person\/c0b7ce1f0e7a915d08fa289072b8353a\",\"name\":\"Benjam\u00edn Rosario\",\"image\":{\"@type\":\"ImageObject\",\"inLanguage\":\"es\",\"@id\":\"https:\/\/conexion23.com\/#\/schema\/person\/image\/\",\"url\":\"https:\/\/secure.gravatar.com\/avatar\/62e1b2539b49cdeb50ee302e2a5f2bd31dc7fdba412bbac67e2a2a6e0c89bb2a?s=96&d=mm&r=g\",\"contentUrl\":\"https:\/\/secure.gravatar.com\/avatar\/62e1b2539b49cdeb50ee302e2a5f2bd31dc7fdba412bbac67e2a2a6e0c89bb2a?s=96&d=mm&r=g\",\"caption\":\"Benjam\u00edn Rosario\"},\"url\":\"https:\/\/conexion23.com\/?author=7\"}]}<\/script>\n<!-- \/ Yoast SEO plugin. -->","yoast_head_json":{"title":"Muere reconocido mun\u00edcipe de la ciudad de San Pedro de Macor\u00eds - Conexi\u00f3n 23","description":"Un reconocido mun\u00edcipe de la ciudad de San Pedro de Macor\u00eds, falleci\u00f3 la madrugada de este domingo en un centro m\u00e9dico de Santo Domingo.","robots":{"index":"index","follow":"follow","max-snippet":"max-snippet:-1","max-image-preview":"max-image-preview:large","max-video-preview":"max-video-preview:-1"},"canonical":"https:\/\/conexion23.com\/?p=20778","og_locale":"es_ES","og_type":"article","og_title":"Muere reconocido mun\u00edcipe de la ciudad de San Pedro de Macor\u00eds - Conexi\u00f3n 23","og_description":"Un reconocido mun\u00edcipe de la ciudad de San Pedro de Macor\u00eds, falleci\u00f3 la madrugada de este domingo en un centro m\u00e9dico de Santo Domingo.","og_url":"https:\/\/conexion23.com\/?p=20778","og_site_name":"Conexi\u00f3n 23","article_publisher":"https:\/\/www.facebook.com\/conexion23com","article_published_time":"2023-09-10T20:00:04+00:00","article_modified_time":"2023-09-10T20:00:08+00:00","og_image":[{"width":1080,"height":1749,"url":"https:\/\/conexion23.com\/wp-content\/uploads\/2023\/09\/2ffccc1b-63e4-4d89-bade-951005114cb0.jpg","type":"image\/jpeg"}],"author":"Benjam\u00edn Rosario","twitter_card":"summary_large_image","twitter_misc":{"Escrito por":"Benjam\u00edn Rosario","Tiempo de lectura":"1 minuto"},"schema":{"@context":"https:\/\/schema.org","@graph":[{"@type":"Article","@id":"https:\/\/conexion23.com\/?p=20778#article","isPartOf":{"@id":"https:\/\/conexion23.com\/?p=20778"},"author":{"name":"Benjam\u00edn Rosario","@id":"https:\/\/conexion23.com\/#\/schema\/person\/c0b7ce1f0e7a915d08fa289072b8353a"},"headline":"Muere reconocido mun\u00edcipe de la ciudad de San Pedro de Macor\u00eds","datePublished":"2023-09-10T20:00:04+00:00","dateModified":"2023-09-10T20:00:08+00:00","mainEntityOfPage":{"@id":"https:\/\/conexion23.com\/?p=20778"},"wordCount":164,"commentCount":0,"publisher":{"@id":"https:\/\/conexion23.com\/#organization"},"image":{"@id":"https:\/\/conexion23.com\/?p=20778#primaryimage"},"thumbnailUrl":"https:\/\/conexion23.com\/wp-content\/uploads\/2023\/09\/2ffccc1b-63e4-4d89-bade-951005114cb0.jpg","keywords":["cesarinubiera","complicacionesdesalud","Joven","Muere","Sanpedrodemacoris"],"articleSection":["SPM"],"inLanguage":"es","potentialAction":[{"@type":"CommentAction","name":"Comment","target":["https:\/\/conexion23.com\/?p=20778#respond"]}]},{"@type":"WebPage","@id":"https:\/\/conexion23.com\/?p=20778","url":"https:\/\/conexion23.com\/?p=20778","name":"Muere reconocido mun\u00edcipe de la ciudad de San Pedro de Macor\u00eds - Conexi\u00f3n 23","isPartOf":{"@id":"https:\/\/conexion23.com\/#website"},"primaryImageOfPage":{"@id":"https:\/\/conexion23.com\/?p=20778#primaryimage"},"image":{"@id":"https:\/\/conexion23.com\/?p=20778#primaryimage"},"thumbnailUrl":"https:\/\/conexion23.com\/wp-content\/uploads\/2023\/09\/2ffccc1b-63e4-4d89-bade-951005114cb0.jpg","datePublished":"2023-09-10T20:00:04+00:00","dateModified":"2023-09-10T20:00:08+00:00","description":"Un reconocido mun\u00edcipe de la ciudad de San Pedro de Macor\u00eds, falleci\u00f3 la madrugada de este domingo en un centro m\u00e9dico de Santo Domingo.","breadcrumb":{"@id":"https:\/\/conexion23.com\/?p=20778#breadcrumb"},"inLanguage":"es","potentialAction":[{"@type":"ReadAction","target":["https:\/\/conexion23.com\/?p=20778"]}]},{"@type":"ImageObject","inLanguage":"es","@id":"https:\/\/conexion23.com\/?p=20778#primaryimage","url":"https:\/\/conexion23.com\/wp-content\/uploads\/2023\/09\/2ffccc1b-63e4-4d89-bade-951005114cb0.jpg","contentUrl":"https:\/\/conexion23.com\/wp-content\/uploads\/2023\/09\/2ffccc1b-63e4-4d89-bade-951005114cb0.jpg","width":1080,"height":1749},{"@type":"BreadcrumbList","@id":"https:\/\/conexion23.com\/?p=20778#breadcrumb","itemListElement":[{"@type":"ListItem","position":1,"name":"Portada","item":"https:\/\/conexion23.com\/"},{"@type":"ListItem","position":2,"name":"Muere reconocido mun\u00edcipe de la ciudad de San Pedro de Macor\u00eds"}]},{"@type":"WebSite","@id":"https:\/\/conexion23.com\/#website","url":"https:\/\/conexion23.com\/","name":"Conexi\u00f3n 23","description":"Peri\u00f3dico 100% Petromacorisano","publisher":{"@id":"https:\/\/conexion23.com\/#organization"},"potentialAction":[{"@type":"SearchAction","target":{"@type":"EntryPoint","urlTemplate":"https:\/\/conexion23.com\/?s={search_term_string}"},"query-input":{"@type":"PropertyValueSpecification","valueRequired":true,"valueName":"search_term_string"}}],"inLanguage":"es"},{"@type":"Organization","@id":"https:\/\/conexion23.com\/#organization","name":"Conexion 23","url":"https:\/\/conexion23.com\/","logo":{"@type":"ImageObject","inLanguage":"es","@id":"https:\/\/conexion23.com\/#\/schema\/logo\/image\/","url":"https:\/\/conexion23.com\/wp-content\/uploads\/2021\/11\/Diseno-sin-titulo-2.png","contentUrl":"https:\/\/conexion23.com\/wp-content\/uploads\/2021\/11\/Diseno-sin-titulo-2.png","width":541,"height":90,"caption":"Conexion 23"},"image":{"@id":"https:\/\/conexion23.com\/#\/schema\/logo\/image\/"},"sameAs":["https:\/\/www.facebook.com\/conexion23com","https:\/\/www.instagram.com\/conexion23com\/","https:\/\/www.youtube.com\/channel\/UCYc7vxxFZMYLIHNsHHxPZ3Q"]},{"@type":"Person","@id":"https:\/\/conexion23.com\/#\/schema\/person\/c0b7ce1f0e7a915d08fa289072b8353a","name":"Benjam\u00edn Rosario","image":{"@type":"ImageObject","inLanguage":"es","@id":"https:\/\/conexion23.com\/#\/schema\/person\/image\/","url":"https:\/\/secure.gravatar.com\/avatar\/62e1b2539b49cdeb50ee302e2a5f2bd31dc7fdba412bbac67e2a2a6e0c89bb2a?s=96&d=mm&r=g","contentUrl":"https:\/\/secure.gravatar.com\/avatar\/62e1b2539b49cdeb50ee302e2a5f2bd31dc7fdba412bbac67e2a2a6e0c89bb2a?s=96&d=mm&r=g","caption":"Benjam\u00edn Rosario"},"url":"https:\/\/conexion23.com\/?author=7"}]}},"_links":{"self":[{"href":"https:\/\/conexion23.com\/index.php?rest_route=\/wp\/v2\/posts\/20778","targetHints":{"allow":["GET"]}}],"collection":[{"href":"https:\/\/conexion23.com\/index.php?rest_route=\/wp\/v2\/posts"}],"about":[{"href":"https:\/\/conexion23.com\/index.php?rest_route=\/wp\/v2\/types\/post"}],"author":[{"embeddable":true,"href":"https:\/\/conexion23.com\/index.php?rest_route=\/wp\/v2\/users\/7"}],"replies":[{"embeddable":true,"href":"https:\/\/conexion23.com\/index.php?rest_route=%2Fwp%2Fv2%2Fcomments&post=20778"}],"version-history":[{"count":1,"href":"https:\/\/conexion23.com\/index.php?rest_route=\/wp\/v2\/posts\/20778\/revisions"}],"predecessor-version":[{"id":20780,"href":"https:\/\/conexion23.com\/index.php?rest_route=\/wp\/v2\/posts\/20778\/revisions\/20780"}],"wp:featuredmedia":[{"embeddable":true,"href":"https:\/\/conexion23.com\/index.php?rest_route=\/wp\/v2\/media\/20779"}],"wp:attachment":[{"href":"https:\/\/conexion23.com\/index.php?rest_route=%2Fwp%2Fv2%2Fmedia&parent=20778"}],"wp:term":[{"taxonomy":"category","embeddable":true,"href":"https:\/\/conexion23.com\/index.php?rest_route=%2Fwp%2Fv2%2Fcategories&post=20778"},{"taxonomy":"post_tag","embeddable":true,"href":"https:\/\/conexion23.com\/index.php?rest_route=%2Fwp%2Fv2%2Ftags&post=20778"}],"curies":[{"name":"wp","href":"https:\/\/api.w.org\/{rel}","templated":true}]}}