{"id":20787,"date":"2023-09-11T07:01:48","date_gmt":"2023-09-11T11:01:48","guid":{"rendered":"https:\/\/conexion23.com\/?p=20787"},"modified":"2023-09-11T07:01:51","modified_gmt":"2023-09-11T11:01:51","slug":"el-senador-franklin-pena-expresa-condolencias-a-familiares-de-personas-fallecidas-en-accidente-de-la-otra-banda-provincia-la-altagracia","status":"publish","type":"post","link":"https:\/\/conexion23.com\/?p=20787","title":{"rendered":"EL SENADOR FRANKLIN PE\u00d1A EXPRESA CONDOLENCIAS A FAMILIARES DE PERSONAS FALLECIDAS EN ACCIDENTE DE LA OTRA BANDA PROVINCIA LA ALTAGRACIA."},"content":{"rendered":"\n<p>El senador Franklin Pe\u00f1a miembro de la Direcci\u00f3n Pol\u00edtica del partido La Fuerza del Pueblo, expres\u00f3 su pesar este s\u00e1bado por la tragedia ocurrida en horas tempranas de ese mismo d\u00eda en la comunidad La Otra Banda perteneciente a la provincia La Altagracia.<\/p>\n\n\n\n<p>A trav\u00e9s de un mensaje el senador expres\u00f3 que se un\u00eda al dolor que embarga a los familiares, amigos y relacionados de los fallecidos, as\u00ed como de los heridos, en este lamentable accidente, rese\u00f1ando que en el mismo perdi\u00f3 la vida un hijo de la sultana del este de nombre Gregorio Yan Mart\u00ednez, de 29 a\u00f1os<\/p>\n\n\n\n<p>El aparatoso accidente entre los dos autobuses del sector hotelero ocurri\u00f3 alrededor de las 7:20 am de este s\u00e1bado, en un tramo de la carretera que conecta los municipios La Otra Banda con Ver\u00f3n-B\u00e1varo.<\/p>\n","protected":false},"excerpt":{"rendered":"<p>El senador Franklin Pe\u00f1a miembro de la Direcci\u00f3n Pol\u00edtica del partido La Fuerza del Pueblo, expres\u00f3 su pesar este s\u00e1bado por la tragedia ocurrida en horas tempranas de ese mismo d\u00eda en la comunidad La Otra Banda perteneciente a la provincia La Altagracia. A trav\u00e9s de un mensaje el senador expres\u00f3 que se un\u00eda al [&hellip;]<\/p>\n","protected":false},"author":15,"featured_media":20788,"comment_status":"open","ping_status":"open","sticky":false,"template":"","format":"standard","meta":{"footnotes":""},"categories":[35],"tags":[],"class_list":{"0":"post-20787","1":"post","2":"type-post","3":"status-publish","4":"format-standard","5":"has-post-thumbnail","7":"category-spm"},"yoast_head":"<!-- This site is optimized with the Yoast SEO plugin v27.1.1 - https:\/\/yoast.com\/product\/yoast-seo-wordpress\/ -->\n<title>EL SENADOR FRANKLIN PE\u00d1A EXPRESA CONDOLENCIAS A FAMILIARES DE PERSONAS FALLECIDAS EN ACCIDENTE DE LA OTRA BANDA PROVINCIA LA ALTAGRACIA. - Conexi\u00f3n 23<\/title>\n<meta name=\"robots\" content=\"index, follow, max-snippet:-1, max-image-preview:large, max-video-preview:-1\" \/>\n<link rel=\"canonical\" href=\"https:\/\/conexion23.com\/?p=20787\" \/>\n<meta property=\"og:locale\" content=\"es_ES\" \/>\n<meta property=\"og:type\" content=\"article\" \/>\n<meta property=\"og:title\" content=\"EL SENADOR FRANKLIN PE\u00d1A EXPRESA CONDOLENCIAS A FAMILIARES DE PERSONAS FALLECIDAS EN ACCIDENTE DE LA OTRA BANDA PROVINCIA LA ALTAGRACIA. - Conexi\u00f3n 23\" \/>\n<meta property=\"og:description\" content=\"El senador Franklin Pe\u00f1a miembro de la Direcci\u00f3n Pol\u00edtica del partido La Fuerza del Pueblo, expres\u00f3 su pesar este s\u00e1bado por la tragedia ocurrida en horas tempranas de ese mismo d\u00eda en la comunidad La Otra Banda perteneciente a la provincia La Altagracia. A trav\u00e9s de un mensaje el senador expres\u00f3 que se un\u00eda al [&hellip;]\" \/>\n<meta property=\"og:url\" content=\"https:\/\/conexion23.com\/?p=20787\" \/>\n<meta property=\"og:site_name\" content=\"Conexi\u00f3n 23\" \/>\n<meta property=\"article:publisher\" content=\"https:\/\/www.facebook.com\/conexion23com\" \/>\n<meta property=\"article:published_time\" content=\"2023-09-11T11:01:48+00:00\" \/>\n<meta property=\"article:modified_time\" content=\"2023-09-11T11:01:51+00:00\" \/>\n<meta property=\"og:image\" content=\"https:\/\/conexion23.com\/wp-content\/uploads\/2023\/09\/513a8b13-d07d-4284-a072-a79e71894264.jpg\" \/>\n\t<meta property=\"og:image:width\" content=\"860\" \/>\n\t<meta property=\"og:image:height\" content=\"842\" \/>\n\t<meta property=\"og:image:type\" content=\"image\/jpeg\" \/>\n<meta name=\"author\" content=\"Raffy Ben\u00edtez\" \/>\n<meta name=\"twitter:card\" content=\"summary_large_image\" \/>\n<meta name=\"twitter:label1\" content=\"Escrito por\" \/>\n\t<meta name=\"twitter:data1\" content=\"Raffy Ben\u00edtez\" \/>\n\t<meta name=\"twitter:label2\" content=\"Tiempo de lectura\" \/>\n\t<meta name=\"twitter:data2\" content=\"1 minuto\" \/>\n<script type=\"application\/ld+json\" class=\"yoast-schema-graph\">{\"@context\":\"https:\/\/schema.org\",\"@graph\":[{\"@type\":\"Article\",\"@id\":\"https:\/\/conexion23.com\/?p=20787#article\",\"isPartOf\":{\"@id\":\"https:\/\/conexion23.com\/?p=20787\"},\"author\":{\"name\":\"Raffy Ben\u00edtez\",\"@id\":\"https:\/\/conexion23.com\/#\/schema\/person\/03e36043331117e97a373299bbcd30a6\"},\"headline\":\"EL SENADOR FRANKLIN PE\u00d1A EXPRESA CONDOLENCIAS A FAMILIARES DE PERSONAS FALLECIDAS EN ACCIDENTE DE LA OTRA BANDA PROVINCIA LA ALTAGRACIA.\",\"datePublished\":\"2023-09-11T11:01:48+00:00\",\"dateModified\":\"2023-09-11T11:01:51+00:00\",\"mainEntityOfPage\":{\"@id\":\"https:\/\/conexion23.com\/?p=20787\"},\"wordCount\":165,\"commentCount\":0,\"publisher\":{\"@id\":\"https:\/\/conexion23.com\/#organization\"},\"image\":{\"@id\":\"https:\/\/conexion23.com\/?p=20787#primaryimage\"},\"thumbnailUrl\":\"https:\/\/conexion23.com\/wp-content\/uploads\/2023\/09\/513a8b13-d07d-4284-a072-a79e71894264.jpg\",\"articleSection\":[\"SPM\"],\"inLanguage\":\"es\",\"potentialAction\":[{\"@type\":\"CommentAction\",\"name\":\"Comment\",\"target\":[\"https:\/\/conexion23.com\/?p=20787#respond\"]}]},{\"@type\":\"WebPage\",\"@id\":\"https:\/\/conexion23.com\/?p=20787\",\"url\":\"https:\/\/conexion23.com\/?p=20787\",\"name\":\"EL SENADOR FRANKLIN PE\u00d1A EXPRESA CONDOLENCIAS A FAMILIARES DE PERSONAS FALLECIDAS EN ACCIDENTE DE LA OTRA BANDA PROVINCIA LA ALTAGRACIA. - Conexi\u00f3n 23\",\"isPartOf\":{\"@id\":\"https:\/\/conexion23.com\/#website\"},\"primaryImageOfPage\":{\"@id\":\"https:\/\/conexion23.com\/?p=20787#primaryimage\"},\"image\":{\"@id\":\"https:\/\/conexion23.com\/?p=20787#primaryimage\"},\"thumbnailUrl\":\"https:\/\/conexion23.com\/wp-content\/uploads\/2023\/09\/513a8b13-d07d-4284-a072-a79e71894264.jpg\",\"datePublished\":\"2023-09-11T11:01:48+00:00\",\"dateModified\":\"2023-09-11T11:01:51+00:00\",\"breadcrumb\":{\"@id\":\"https:\/\/conexion23.com\/?p=20787#breadcrumb\"},\"inLanguage\":\"es\",\"potentialAction\":[{\"@type\":\"ReadAction\",\"target\":[\"https:\/\/conexion23.com\/?p=20787\"]}]},{\"@type\":\"ImageObject\",\"inLanguage\":\"es\",\"@id\":\"https:\/\/conexion23.com\/?p=20787#primaryimage\",\"url\":\"https:\/\/conexion23.com\/wp-content\/uploads\/2023\/09\/513a8b13-d07d-4284-a072-a79e71894264.jpg\",\"contentUrl\":\"https:\/\/conexion23.com\/wp-content\/uploads\/2023\/09\/513a8b13-d07d-4284-a072-a79e71894264.jpg\",\"width\":860,\"height\":842},{\"@type\":\"BreadcrumbList\",\"@id\":\"https:\/\/conexion23.com\/?p=20787#breadcrumb\",\"itemListElement\":[{\"@type\":\"ListItem\",\"position\":1,\"name\":\"Portada\",\"item\":\"https:\/\/conexion23.com\/\"},{\"@type\":\"ListItem\",\"position\":2,\"name\":\"EL SENADOR FRANKLIN PE\u00d1A EXPRESA CONDOLENCIAS A FAMILIARES DE PERSONAS FALLECIDAS EN ACCIDENTE DE LA OTRA BANDA PROVINCIA LA ALTAGRACIA.\"}]},{\"@type\":\"WebSite\",\"@id\":\"https:\/\/conexion23.com\/#website\",\"url\":\"https:\/\/conexion23.com\/\",\"name\":\"Conexi\u00f3n 23\",\"description\":\"Peri\u00f3dico 100% Petromacorisano\",\"publisher\":{\"@id\":\"https:\/\/conexion23.com\/#organization\"},\"potentialAction\":[{\"@type\":\"SearchAction\",\"target\":{\"@type\":\"EntryPoint\",\"urlTemplate\":\"https:\/\/conexion23.com\/?s={search_term_string}\"},\"query-input\":{\"@type\":\"PropertyValueSpecification\",\"valueRequired\":true,\"valueName\":\"search_term_string\"}}],\"inLanguage\":\"es\"},{\"@type\":\"Organization\",\"@id\":\"https:\/\/conexion23.com\/#organization\",\"name\":\"Conexion 23\",\"url\":\"https:\/\/conexion23.com\/\",\"logo\":{\"@type\":\"ImageObject\",\"inLanguage\":\"es\",\"@id\":\"https:\/\/conexion23.com\/#\/schema\/logo\/image\/\",\"url\":\"https:\/\/conexion23.com\/wp-content\/uploads\/2021\/11\/Diseno-sin-titulo-2.png\",\"contentUrl\":\"https:\/\/conexion23.com\/wp-content\/uploads\/2021\/11\/Diseno-sin-titulo-2.png\",\"width\":541,\"height\":90,\"caption\":\"Conexion 23\"},\"image\":{\"@id\":\"https:\/\/conexion23.com\/#\/schema\/logo\/image\/\"},\"sameAs\":[\"https:\/\/www.facebook.com\/conexion23com\",\"https:\/\/www.instagram.com\/conexion23com\/\",\"https:\/\/www.youtube.com\/channel\/UCYc7vxxFZMYLIHNsHHxPZ3Q\"]},{\"@type\":\"Person\",\"@id\":\"https:\/\/conexion23.com\/#\/schema\/person\/03e36043331117e97a373299bbcd30a6\",\"name\":\"Raffy Ben\u00edtez\",\"image\":{\"@type\":\"ImageObject\",\"inLanguage\":\"es\",\"@id\":\"https:\/\/conexion23.com\/#\/schema\/person\/image\/\",\"url\":\"https:\/\/secure.gravatar.com\/avatar\/3190a6a6c5e1b0327500f7d6c56b6242472ee6cb974cf09b401ee6b3b0798f23?s=96&d=mm&r=g\",\"contentUrl\":\"https:\/\/secure.gravatar.com\/avatar\/3190a6a6c5e1b0327500f7d6c56b6242472ee6cb974cf09b401ee6b3b0798f23?s=96&d=mm&r=g\",\"caption\":\"Raffy Ben\u00edtez\"},\"url\":\"https:\/\/conexion23.com\/?author=15\"}]}<\/script>\n<!-- \/ Yoast SEO plugin. -->","yoast_head_json":{"title":"EL SENADOR FRANKLIN PE\u00d1A EXPRESA CONDOLENCIAS A FAMILIARES DE PERSONAS FALLECIDAS EN ACCIDENTE DE LA OTRA BANDA PROVINCIA LA ALTAGRACIA. - Conexi\u00f3n 23","robots":{"index":"index","follow":"follow","max-snippet":"max-snippet:-1","max-image-preview":"max-image-preview:large","max-video-preview":"max-video-preview:-1"},"canonical":"https:\/\/conexion23.com\/?p=20787","og_locale":"es_ES","og_type":"article","og_title":"EL SENADOR FRANKLIN PE\u00d1A EXPRESA CONDOLENCIAS A FAMILIARES DE PERSONAS FALLECIDAS EN ACCIDENTE DE LA OTRA BANDA PROVINCIA LA ALTAGRACIA. - Conexi\u00f3n 23","og_description":"El senador Franklin Pe\u00f1a miembro de la Direcci\u00f3n Pol\u00edtica del partido La Fuerza del Pueblo, expres\u00f3 su pesar este s\u00e1bado por la tragedia ocurrida en horas tempranas de ese mismo d\u00eda en la comunidad La Otra Banda perteneciente a la provincia La Altagracia. A trav\u00e9s de un mensaje el senador expres\u00f3 que se un\u00eda al [&hellip;]","og_url":"https:\/\/conexion23.com\/?p=20787","og_site_name":"Conexi\u00f3n 23","article_publisher":"https:\/\/www.facebook.com\/conexion23com","article_published_time":"2023-09-11T11:01:48+00:00","article_modified_time":"2023-09-11T11:01:51+00:00","og_image":[{"width":860,"height":842,"url":"https:\/\/conexion23.com\/wp-content\/uploads\/2023\/09\/513a8b13-d07d-4284-a072-a79e71894264.jpg","type":"image\/jpeg"}],"author":"Raffy Ben\u00edtez","twitter_card":"summary_large_image","twitter_misc":{"Escrito por":"Raffy Ben\u00edtez","Tiempo de lectura":"1 minuto"},"schema":{"@context":"https:\/\/schema.org","@graph":[{"@type":"Article","@id":"https:\/\/conexion23.com\/?p=20787#article","isPartOf":{"@id":"https:\/\/conexion23.com\/?p=20787"},"author":{"name":"Raffy Ben\u00edtez","@id":"https:\/\/conexion23.com\/#\/schema\/person\/03e36043331117e97a373299bbcd30a6"},"headline":"EL SENADOR FRANKLIN PE\u00d1A EXPRESA CONDOLENCIAS A FAMILIARES DE PERSONAS FALLECIDAS EN ACCIDENTE DE LA OTRA BANDA PROVINCIA LA ALTAGRACIA.","datePublished":"2023-09-11T11:01:48+00:00","dateModified":"2023-09-11T11:01:51+00:00","mainEntityOfPage":{"@id":"https:\/\/conexion23.com\/?p=20787"},"wordCount":165,"commentCount":0,"publisher":{"@id":"https:\/\/conexion23.com\/#organization"},"image":{"@id":"https:\/\/conexion23.com\/?p=20787#primaryimage"},"thumbnailUrl":"https:\/\/conexion23.com\/wp-content\/uploads\/2023\/09\/513a8b13-d07d-4284-a072-a79e71894264.jpg","articleSection":["SPM"],"inLanguage":"es","potentialAction":[{"@type":"CommentAction","name":"Comment","target":["https:\/\/conexion23.com\/?p=20787#respond"]}]},{"@type":"WebPage","@id":"https:\/\/conexion23.com\/?p=20787","url":"https:\/\/conexion23.com\/?p=20787","name":"EL SENADOR FRANKLIN PE\u00d1A EXPRESA CONDOLENCIAS A FAMILIARES DE PERSONAS FALLECIDAS EN ACCIDENTE DE LA OTRA BANDA PROVINCIA LA ALTAGRACIA. - Conexi\u00f3n 23","isPartOf":{"@id":"https:\/\/conexion23.com\/#website"},"primaryImageOfPage":{"@id":"https:\/\/conexion23.com\/?p=20787#primaryimage"},"image":{"@id":"https:\/\/conexion23.com\/?p=20787#primaryimage"},"thumbnailUrl":"https:\/\/conexion23.com\/wp-content\/uploads\/2023\/09\/513a8b13-d07d-4284-a072-a79e71894264.jpg","datePublished":"2023-09-11T11:01:48+00:00","dateModified":"2023-09-11T11:01:51+00:00","breadcrumb":{"@id":"https:\/\/conexion23.com\/?p=20787#breadcrumb"},"inLanguage":"es","potentialAction":[{"@type":"ReadAction","target":["https:\/\/conexion23.com\/?p=20787"]}]},{"@type":"ImageObject","inLanguage":"es","@id":"https:\/\/conexion23.com\/?p=20787#primaryimage","url":"https:\/\/conexion23.com\/wp-content\/uploads\/2023\/09\/513a8b13-d07d-4284-a072-a79e71894264.jpg","contentUrl":"https:\/\/conexion23.com\/wp-content\/uploads\/2023\/09\/513a8b13-d07d-4284-a072-a79e71894264.jpg","width":860,"height":842},{"@type":"BreadcrumbList","@id":"https:\/\/conexion23.com\/?p=20787#breadcrumb","itemListElement":[{"@type":"ListItem","position":1,"name":"Portada","item":"https:\/\/conexion23.com\/"},{"@type":"ListItem","position":2,"name":"EL SENADOR FRANKLIN PE\u00d1A EXPRESA CONDOLENCIAS A FAMILIARES DE PERSONAS FALLECIDAS EN ACCIDENTE DE LA OTRA BANDA PROVINCIA LA ALTAGRACIA."}]},{"@type":"WebSite","@id":"https:\/\/conexion23.com\/#website","url":"https:\/\/conexion23.com\/","name":"Conexi\u00f3n 23","description":"Peri\u00f3dico 100% Petromacorisano","publisher":{"@id":"https:\/\/conexion23.com\/#organization"},"potentialAction":[{"@type":"SearchAction","target":{"@type":"EntryPoint","urlTemplate":"https:\/\/conexion23.com\/?s={search_term_string}"},"query-input":{"@type":"PropertyValueSpecification","valueRequired":true,"valueName":"search_term_string"}}],"inLanguage":"es"},{"@type":"Organization","@id":"https:\/\/conexion23.com\/#organization","name":"Conexion 23","url":"https:\/\/conexion23.com\/","logo":{"@type":"ImageObject","inLanguage":"es","@id":"https:\/\/conexion23.com\/#\/schema\/logo\/image\/","url":"https:\/\/conexion23.com\/wp-content\/uploads\/2021\/11\/Diseno-sin-titulo-2.png","contentUrl":"https:\/\/conexion23.com\/wp-content\/uploads\/2021\/11\/Diseno-sin-titulo-2.png","width":541,"height":90,"caption":"Conexion 23"},"image":{"@id":"https:\/\/conexion23.com\/#\/schema\/logo\/image\/"},"sameAs":["https:\/\/www.facebook.com\/conexion23com","https:\/\/www.instagram.com\/conexion23com\/","https:\/\/www.youtube.com\/channel\/UCYc7vxxFZMYLIHNsHHxPZ3Q"]},{"@type":"Person","@id":"https:\/\/conexion23.com\/#\/schema\/person\/03e36043331117e97a373299bbcd30a6","name":"Raffy Ben\u00edtez","image":{"@type":"ImageObject","inLanguage":"es","@id":"https:\/\/conexion23.com\/#\/schema\/person\/image\/","url":"https:\/\/secure.gravatar.com\/avatar\/3190a6a6c5e1b0327500f7d6c56b6242472ee6cb974cf09b401ee6b3b0798f23?s=96&d=mm&r=g","contentUrl":"https:\/\/secure.gravatar.com\/avatar\/3190a6a6c5e1b0327500f7d6c56b6242472ee6cb974cf09b401ee6b3b0798f23?s=96&d=mm&r=g","caption":"Raffy Ben\u00edtez"},"url":"https:\/\/conexion23.com\/?author=15"}]}},"_links":{"self":[{"href":"https:\/\/conexion23.com\/index.php?rest_route=\/wp\/v2\/posts\/20787","targetHints":{"allow":["GET"]}}],"collection":[{"href":"https:\/\/conexion23.com\/index.php?rest_route=\/wp\/v2\/posts"}],"about":[{"href":"https:\/\/conexion23.com\/index.php?rest_route=\/wp\/v2\/types\/post"}],"author":[{"embeddable":true,"href":"https:\/\/conexion23.com\/index.php?rest_route=\/wp\/v2\/users\/15"}],"replies":[{"embeddable":true,"href":"https:\/\/conexion23.com\/index.php?rest_route=%2Fwp%2Fv2%2Fcomments&post=20787"}],"version-history":[{"count":1,"href":"https:\/\/conexion23.com\/index.php?rest_route=\/wp\/v2\/posts\/20787\/revisions"}],"predecessor-version":[{"id":20789,"href":"https:\/\/conexion23.com\/index.php?rest_route=\/wp\/v2\/posts\/20787\/revisions\/20789"}],"wp:featuredmedia":[{"embeddable":true,"href":"https:\/\/conexion23.com\/index.php?rest_route=\/wp\/v2\/media\/20788"}],"wp:attachment":[{"href":"https:\/\/conexion23.com\/index.php?rest_route=%2Fwp%2Fv2%2Fmedia&parent=20787"}],"wp:term":[{"taxonomy":"category","embeddable":true,"href":"https:\/\/conexion23.com\/index.php?rest_route=%2Fwp%2Fv2%2Fcategories&post=20787"},{"taxonomy":"post_tag","embeddable":true,"href":"https:\/\/conexion23.com\/index.php?rest_route=%2Fwp%2Fv2%2Ftags&post=20787"}],"curies":[{"name":"wp","href":"https:\/\/api.w.org\/{rel}","templated":true}]}}