{"id":20796,"date":"2023-09-11T07:42:48","date_gmt":"2023-09-11T11:42:48","guid":{"rendered":"https:\/\/conexion23.com\/?p=20796"},"modified":"2023-09-11T07:42:51","modified_gmt":"2023-09-11T11:42:51","slug":"sergio-cedeno-es-proclamado-como-candidato-alcalde-del-prd-en-la-alianza-del-bloque-opositor-pld-prd-fp","status":"publish","type":"post","link":"https:\/\/conexion23.com\/?p=20796","title":{"rendered":"SERGIO CEDE\u00d1O ES PROCLAMADO COMO CANDIDATO ALCALDE DEL PRD EN LA ALIANZA DEL BLOQUE OPOSITOR (PLD-PRD-FP)"},"content":{"rendered":"\n<p>Sergio Cede\u00f1o ha sido proclamado como candidato a la alcald\u00eda por el municipio de San pedro de Macor\u00eds, por el presidente del Partido Revolucionario Dominicano, Miguel Vargas Maldonado.<\/p>\n\n\n\n<p>El hecho tuvo lugar la tarde de ayer en un acto a casa llena realizado en la cancha del club centro, frente a la Catedral San Pedro.<\/p>\n\n\n\n<p>Est\u00e1 pendiente la proclamaci\u00f3n del candidato presidencial por la Fuerza del pueblo, Doctor Leonel Fern\u00e1ndez, quien tambi\u00e9n en su momento har\u00e1 la proclamaci\u00f3n del candidato del bloque opositor, con lo cual sumarian tres los partidos oficialmente proclamar\u00edan y apoyan la candidatura de Sergio Cede\u00f1o.<\/p>\n\n\n\n<p>Nunca antes hab\u00eda ocurrido en la historia electoral del pa\u00eds un fen\u00f3meno electoral tan trascendental en donde un candidato a alcalde haya recibido tal apoyo electoral, lo cual demuestra la fortaleza con que cuenta esta candidatura que adem\u00e1s es apoyada firmemente por el exsenador doctor Jos\u00e9 Hazim y su esposa do\u00f1a Vilma Torres, recibe tambi\u00e9n el apoyo del actual senador de la provincia doctor Franklin Pe\u00f1a, as\u00ed como adem\u00e1s de los diputados Pedro Mota y Fior Daliza Peguero (Hillary).<\/p>\n\n\n\n<p>Si a este amplio y diverso apoyo pol\u00edtico con que cuenta la candidatura de Sergio Cede\u00f1o le sumamos adem\u00e1s su natural liderazgo electoral con que cuenta su figura, su capacidad para consensuar y sumar apoyo electoral y popular, es evidente entonces y m\u00e1s que evidente seguro, que Sergio Cede\u00f1o ganar\u00e1 c\u00f3modamente las elecciones municipales de febrero 24, para dar inicio a lo que el denomin\u00f3 en la tarde de ayer la revoluci\u00f3n cultural, que traer\u00e1 los grandes cambios y transformaciones sociales y econ\u00f3micas que demanda la sociedad Macorisano.<\/p>\n","protected":false},"excerpt":{"rendered":"<p>Sergio Cede\u00f1o ha sido proclamado como candidato a la alcald\u00eda por el municipio de San pedro de Macor\u00eds, por el presidente del Partido Revolucionario Dominicano, Miguel Vargas Maldonado. El hecho tuvo lugar la tarde de ayer en un acto a casa llena realizado en la cancha del club centro, frente a la Catedral San Pedro. [&hellip;]<\/p>\n","protected":false},"author":15,"featured_media":20797,"comment_status":"open","ping_status":"open","sticky":false,"template":"","format":"standard","meta":{"footnotes":""},"categories":[35],"tags":[],"class_list":{"0":"post-20796","1":"post","2":"type-post","3":"status-publish","4":"format-standard","5":"has-post-thumbnail","7":"category-spm"},"yoast_head":"<!-- This site is optimized with the Yoast SEO plugin v27.1.1 - https:\/\/yoast.com\/product\/yoast-seo-wordpress\/ -->\n<title>SERGIO CEDE\u00d1O ES PROCLAMADO COMO CANDIDATO ALCALDE DEL PRD EN LA ALIANZA DEL BLOQUE OPOSITOR (PLD-PRD-FP) - Conexi\u00f3n 23<\/title>\n<meta name=\"robots\" content=\"index, follow, max-snippet:-1, max-image-preview:large, max-video-preview:-1\" \/>\n<link rel=\"canonical\" href=\"https:\/\/conexion23.com\/?p=20796\" \/>\n<meta property=\"og:locale\" content=\"es_ES\" \/>\n<meta property=\"og:type\" content=\"article\" \/>\n<meta property=\"og:title\" content=\"SERGIO CEDE\u00d1O ES PROCLAMADO COMO CANDIDATO ALCALDE DEL PRD EN LA ALIANZA DEL BLOQUE OPOSITOR (PLD-PRD-FP) - Conexi\u00f3n 23\" \/>\n<meta property=\"og:description\" content=\"Sergio Cede\u00f1o ha sido proclamado como candidato a la alcald\u00eda por el municipio de San pedro de Macor\u00eds, por el presidente del Partido Revolucionario Dominicano, Miguel Vargas Maldonado. El hecho tuvo lugar la tarde de ayer en un acto a casa llena realizado en la cancha del club centro, frente a la Catedral San Pedro. [&hellip;]\" \/>\n<meta property=\"og:url\" content=\"https:\/\/conexion23.com\/?p=20796\" \/>\n<meta property=\"og:site_name\" content=\"Conexi\u00f3n 23\" \/>\n<meta property=\"article:publisher\" content=\"https:\/\/www.facebook.com\/conexion23com\" \/>\n<meta property=\"article:published_time\" content=\"2023-09-11T11:42:48+00:00\" \/>\n<meta property=\"article:modified_time\" content=\"2023-09-11T11:42:51+00:00\" \/>\n<meta property=\"og:image\" content=\"https:\/\/conexion23.com\/wp-content\/uploads\/2023\/09\/download-10.jpg\" \/>\n\t<meta property=\"og:image:width\" content=\"300\" \/>\n\t<meta property=\"og:image:height\" content=\"168\" \/>\n\t<meta property=\"og:image:type\" content=\"image\/jpeg\" \/>\n<meta name=\"author\" content=\"Raffy Ben\u00edtez\" \/>\n<meta name=\"twitter:card\" content=\"summary_large_image\" \/>\n<meta name=\"twitter:label1\" content=\"Escrito por\" \/>\n\t<meta name=\"twitter:data1\" content=\"Raffy Ben\u00edtez\" \/>\n\t<meta name=\"twitter:label2\" content=\"Tiempo de lectura\" \/>\n\t<meta name=\"twitter:data2\" content=\"2 minutos\" \/>\n<script type=\"application\/ld+json\" class=\"yoast-schema-graph\">{\"@context\":\"https:\/\/schema.org\",\"@graph\":[{\"@type\":\"Article\",\"@id\":\"https:\/\/conexion23.com\/?p=20796#article\",\"isPartOf\":{\"@id\":\"https:\/\/conexion23.com\/?p=20796\"},\"author\":{\"name\":\"Raffy Ben\u00edtez\",\"@id\":\"https:\/\/conexion23.com\/#\/schema\/person\/03e36043331117e97a373299bbcd30a6\"},\"headline\":\"SERGIO CEDE\u00d1O ES PROCLAMADO COMO CANDIDATO ALCALDE DEL PRD EN LA ALIANZA DEL BLOQUE OPOSITOR (PLD-PRD-FP)\",\"datePublished\":\"2023-09-11T11:42:48+00:00\",\"dateModified\":\"2023-09-11T11:42:51+00:00\",\"mainEntityOfPage\":{\"@id\":\"https:\/\/conexion23.com\/?p=20796\"},\"wordCount\":307,\"commentCount\":0,\"publisher\":{\"@id\":\"https:\/\/conexion23.com\/#organization\"},\"image\":{\"@id\":\"https:\/\/conexion23.com\/?p=20796#primaryimage\"},\"thumbnailUrl\":\"https:\/\/conexion23.com\/wp-content\/uploads\/2023\/09\/download-10.jpg\",\"articleSection\":[\"SPM\"],\"inLanguage\":\"es\",\"potentialAction\":[{\"@type\":\"CommentAction\",\"name\":\"Comment\",\"target\":[\"https:\/\/conexion23.com\/?p=20796#respond\"]}]},{\"@type\":\"WebPage\",\"@id\":\"https:\/\/conexion23.com\/?p=20796\",\"url\":\"https:\/\/conexion23.com\/?p=20796\",\"name\":\"SERGIO CEDE\u00d1O ES PROCLAMADO COMO CANDIDATO ALCALDE DEL PRD EN LA ALIANZA DEL BLOQUE OPOSITOR (PLD-PRD-FP) - Conexi\u00f3n 23\",\"isPartOf\":{\"@id\":\"https:\/\/conexion23.com\/#website\"},\"primaryImageOfPage\":{\"@id\":\"https:\/\/conexion23.com\/?p=20796#primaryimage\"},\"image\":{\"@id\":\"https:\/\/conexion23.com\/?p=20796#primaryimage\"},\"thumbnailUrl\":\"https:\/\/conexion23.com\/wp-content\/uploads\/2023\/09\/download-10.jpg\",\"datePublished\":\"2023-09-11T11:42:48+00:00\",\"dateModified\":\"2023-09-11T11:42:51+00:00\",\"breadcrumb\":{\"@id\":\"https:\/\/conexion23.com\/?p=20796#breadcrumb\"},\"inLanguage\":\"es\",\"potentialAction\":[{\"@type\":\"ReadAction\",\"target\":[\"https:\/\/conexion23.com\/?p=20796\"]}]},{\"@type\":\"ImageObject\",\"inLanguage\":\"es\",\"@id\":\"https:\/\/conexion23.com\/?p=20796#primaryimage\",\"url\":\"https:\/\/conexion23.com\/wp-content\/uploads\/2023\/09\/download-10.jpg\",\"contentUrl\":\"https:\/\/conexion23.com\/wp-content\/uploads\/2023\/09\/download-10.jpg\",\"width\":300,\"height\":168},{\"@type\":\"BreadcrumbList\",\"@id\":\"https:\/\/conexion23.com\/?p=20796#breadcrumb\",\"itemListElement\":[{\"@type\":\"ListItem\",\"position\":1,\"name\":\"Portada\",\"item\":\"https:\/\/conexion23.com\/\"},{\"@type\":\"ListItem\",\"position\":2,\"name\":\"SERGIO CEDE\u00d1O ES PROCLAMADO COMO CANDIDATO ALCALDE DEL PRD EN LA ALIANZA DEL BLOQUE OPOSITOR (PLD-PRD-FP)\"}]},{\"@type\":\"WebSite\",\"@id\":\"https:\/\/conexion23.com\/#website\",\"url\":\"https:\/\/conexion23.com\/\",\"name\":\"Conexi\u00f3n 23\",\"description\":\"Peri\u00f3dico 100% Petromacorisano\",\"publisher\":{\"@id\":\"https:\/\/conexion23.com\/#organization\"},\"potentialAction\":[{\"@type\":\"SearchAction\",\"target\":{\"@type\":\"EntryPoint\",\"urlTemplate\":\"https:\/\/conexion23.com\/?s={search_term_string}\"},\"query-input\":{\"@type\":\"PropertyValueSpecification\",\"valueRequired\":true,\"valueName\":\"search_term_string\"}}],\"inLanguage\":\"es\"},{\"@type\":\"Organization\",\"@id\":\"https:\/\/conexion23.com\/#organization\",\"name\":\"Conexion 23\",\"url\":\"https:\/\/conexion23.com\/\",\"logo\":{\"@type\":\"ImageObject\",\"inLanguage\":\"es\",\"@id\":\"https:\/\/conexion23.com\/#\/schema\/logo\/image\/\",\"url\":\"https:\/\/conexion23.com\/wp-content\/uploads\/2021\/11\/Diseno-sin-titulo-2.png\",\"contentUrl\":\"https:\/\/conexion23.com\/wp-content\/uploads\/2021\/11\/Diseno-sin-titulo-2.png\",\"width\":541,\"height\":90,\"caption\":\"Conexion 23\"},\"image\":{\"@id\":\"https:\/\/conexion23.com\/#\/schema\/logo\/image\/\"},\"sameAs\":[\"https:\/\/www.facebook.com\/conexion23com\",\"https:\/\/www.instagram.com\/conexion23com\/\",\"https:\/\/www.youtube.com\/channel\/UCYc7vxxFZMYLIHNsHHxPZ3Q\"]},{\"@type\":\"Person\",\"@id\":\"https:\/\/conexion23.com\/#\/schema\/person\/03e36043331117e97a373299bbcd30a6\",\"name\":\"Raffy Ben\u00edtez\",\"image\":{\"@type\":\"ImageObject\",\"inLanguage\":\"es\",\"@id\":\"https:\/\/conexion23.com\/#\/schema\/person\/image\/\",\"url\":\"https:\/\/secure.gravatar.com\/avatar\/3190a6a6c5e1b0327500f7d6c56b6242472ee6cb974cf09b401ee6b3b0798f23?s=96&d=mm&r=g\",\"contentUrl\":\"https:\/\/secure.gravatar.com\/avatar\/3190a6a6c5e1b0327500f7d6c56b6242472ee6cb974cf09b401ee6b3b0798f23?s=96&d=mm&r=g\",\"caption\":\"Raffy Ben\u00edtez\"},\"url\":\"https:\/\/conexion23.com\/?author=15\"}]}<\/script>\n<!-- \/ Yoast SEO plugin. -->","yoast_head_json":{"title":"SERGIO CEDE\u00d1O ES PROCLAMADO COMO CANDIDATO ALCALDE DEL PRD EN LA ALIANZA DEL BLOQUE OPOSITOR (PLD-PRD-FP) - Conexi\u00f3n 23","robots":{"index":"index","follow":"follow","max-snippet":"max-snippet:-1","max-image-preview":"max-image-preview:large","max-video-preview":"max-video-preview:-1"},"canonical":"https:\/\/conexion23.com\/?p=20796","og_locale":"es_ES","og_type":"article","og_title":"SERGIO CEDE\u00d1O ES PROCLAMADO COMO CANDIDATO ALCALDE DEL PRD EN LA ALIANZA DEL BLOQUE OPOSITOR (PLD-PRD-FP) - Conexi\u00f3n 23","og_description":"Sergio Cede\u00f1o ha sido proclamado como candidato a la alcald\u00eda por el municipio de San pedro de Macor\u00eds, por el presidente del Partido Revolucionario Dominicano, Miguel Vargas Maldonado. El hecho tuvo lugar la tarde de ayer en un acto a casa llena realizado en la cancha del club centro, frente a la Catedral San Pedro. [&hellip;]","og_url":"https:\/\/conexion23.com\/?p=20796","og_site_name":"Conexi\u00f3n 23","article_publisher":"https:\/\/www.facebook.com\/conexion23com","article_published_time":"2023-09-11T11:42:48+00:00","article_modified_time":"2023-09-11T11:42:51+00:00","og_image":[{"width":300,"height":168,"url":"https:\/\/conexion23.com\/wp-content\/uploads\/2023\/09\/download-10.jpg","type":"image\/jpeg"}],"author":"Raffy Ben\u00edtez","twitter_card":"summary_large_image","twitter_misc":{"Escrito por":"Raffy Ben\u00edtez","Tiempo de lectura":"2 minutos"},"schema":{"@context":"https:\/\/schema.org","@graph":[{"@type":"Article","@id":"https:\/\/conexion23.com\/?p=20796#article","isPartOf":{"@id":"https:\/\/conexion23.com\/?p=20796"},"author":{"name":"Raffy Ben\u00edtez","@id":"https:\/\/conexion23.com\/#\/schema\/person\/03e36043331117e97a373299bbcd30a6"},"headline":"SERGIO CEDE\u00d1O ES PROCLAMADO COMO CANDIDATO ALCALDE DEL PRD EN LA ALIANZA DEL BLOQUE OPOSITOR (PLD-PRD-FP)","datePublished":"2023-09-11T11:42:48+00:00","dateModified":"2023-09-11T11:42:51+00:00","mainEntityOfPage":{"@id":"https:\/\/conexion23.com\/?p=20796"},"wordCount":307,"commentCount":0,"publisher":{"@id":"https:\/\/conexion23.com\/#organization"},"image":{"@id":"https:\/\/conexion23.com\/?p=20796#primaryimage"},"thumbnailUrl":"https:\/\/conexion23.com\/wp-content\/uploads\/2023\/09\/download-10.jpg","articleSection":["SPM"],"inLanguage":"es","potentialAction":[{"@type":"CommentAction","name":"Comment","target":["https:\/\/conexion23.com\/?p=20796#respond"]}]},{"@type":"WebPage","@id":"https:\/\/conexion23.com\/?p=20796","url":"https:\/\/conexion23.com\/?p=20796","name":"SERGIO CEDE\u00d1O ES PROCLAMADO COMO CANDIDATO ALCALDE DEL PRD EN LA ALIANZA DEL BLOQUE OPOSITOR (PLD-PRD-FP) - Conexi\u00f3n 23","isPartOf":{"@id":"https:\/\/conexion23.com\/#website"},"primaryImageOfPage":{"@id":"https:\/\/conexion23.com\/?p=20796#primaryimage"},"image":{"@id":"https:\/\/conexion23.com\/?p=20796#primaryimage"},"thumbnailUrl":"https:\/\/conexion23.com\/wp-content\/uploads\/2023\/09\/download-10.jpg","datePublished":"2023-09-11T11:42:48+00:00","dateModified":"2023-09-11T11:42:51+00:00","breadcrumb":{"@id":"https:\/\/conexion23.com\/?p=20796#breadcrumb"},"inLanguage":"es","potentialAction":[{"@type":"ReadAction","target":["https:\/\/conexion23.com\/?p=20796"]}]},{"@type":"ImageObject","inLanguage":"es","@id":"https:\/\/conexion23.com\/?p=20796#primaryimage","url":"https:\/\/conexion23.com\/wp-content\/uploads\/2023\/09\/download-10.jpg","contentUrl":"https:\/\/conexion23.com\/wp-content\/uploads\/2023\/09\/download-10.jpg","width":300,"height":168},{"@type":"BreadcrumbList","@id":"https:\/\/conexion23.com\/?p=20796#breadcrumb","itemListElement":[{"@type":"ListItem","position":1,"name":"Portada","item":"https:\/\/conexion23.com\/"},{"@type":"ListItem","position":2,"name":"SERGIO CEDE\u00d1O ES PROCLAMADO COMO CANDIDATO ALCALDE DEL PRD EN LA ALIANZA DEL BLOQUE OPOSITOR (PLD-PRD-FP)"}]},{"@type":"WebSite","@id":"https:\/\/conexion23.com\/#website","url":"https:\/\/conexion23.com\/","name":"Conexi\u00f3n 23","description":"Peri\u00f3dico 100% Petromacorisano","publisher":{"@id":"https:\/\/conexion23.com\/#organization"},"potentialAction":[{"@type":"SearchAction","target":{"@type":"EntryPoint","urlTemplate":"https:\/\/conexion23.com\/?s={search_term_string}"},"query-input":{"@type":"PropertyValueSpecification","valueRequired":true,"valueName":"search_term_string"}}],"inLanguage":"es"},{"@type":"Organization","@id":"https:\/\/conexion23.com\/#organization","name":"Conexion 23","url":"https:\/\/conexion23.com\/","logo":{"@type":"ImageObject","inLanguage":"es","@id":"https:\/\/conexion23.com\/#\/schema\/logo\/image\/","url":"https:\/\/conexion23.com\/wp-content\/uploads\/2021\/11\/Diseno-sin-titulo-2.png","contentUrl":"https:\/\/conexion23.com\/wp-content\/uploads\/2021\/11\/Diseno-sin-titulo-2.png","width":541,"height":90,"caption":"Conexion 23"},"image":{"@id":"https:\/\/conexion23.com\/#\/schema\/logo\/image\/"},"sameAs":["https:\/\/www.facebook.com\/conexion23com","https:\/\/www.instagram.com\/conexion23com\/","https:\/\/www.youtube.com\/channel\/UCYc7vxxFZMYLIHNsHHxPZ3Q"]},{"@type":"Person","@id":"https:\/\/conexion23.com\/#\/schema\/person\/03e36043331117e97a373299bbcd30a6","name":"Raffy Ben\u00edtez","image":{"@type":"ImageObject","inLanguage":"es","@id":"https:\/\/conexion23.com\/#\/schema\/person\/image\/","url":"https:\/\/secure.gravatar.com\/avatar\/3190a6a6c5e1b0327500f7d6c56b6242472ee6cb974cf09b401ee6b3b0798f23?s=96&d=mm&r=g","contentUrl":"https:\/\/secure.gravatar.com\/avatar\/3190a6a6c5e1b0327500f7d6c56b6242472ee6cb974cf09b401ee6b3b0798f23?s=96&d=mm&r=g","caption":"Raffy Ben\u00edtez"},"url":"https:\/\/conexion23.com\/?author=15"}]}},"_links":{"self":[{"href":"https:\/\/conexion23.com\/index.php?rest_route=\/wp\/v2\/posts\/20796","targetHints":{"allow":["GET"]}}],"collection":[{"href":"https:\/\/conexion23.com\/index.php?rest_route=\/wp\/v2\/posts"}],"about":[{"href":"https:\/\/conexion23.com\/index.php?rest_route=\/wp\/v2\/types\/post"}],"author":[{"embeddable":true,"href":"https:\/\/conexion23.com\/index.php?rest_route=\/wp\/v2\/users\/15"}],"replies":[{"embeddable":true,"href":"https:\/\/conexion23.com\/index.php?rest_route=%2Fwp%2Fv2%2Fcomments&post=20796"}],"version-history":[{"count":1,"href":"https:\/\/conexion23.com\/index.php?rest_route=\/wp\/v2\/posts\/20796\/revisions"}],"predecessor-version":[{"id":20798,"href":"https:\/\/conexion23.com\/index.php?rest_route=\/wp\/v2\/posts\/20796\/revisions\/20798"}],"wp:featuredmedia":[{"embeddable":true,"href":"https:\/\/conexion23.com\/index.php?rest_route=\/wp\/v2\/media\/20797"}],"wp:attachment":[{"href":"https:\/\/conexion23.com\/index.php?rest_route=%2Fwp%2Fv2%2Fmedia&parent=20796"}],"wp:term":[{"taxonomy":"category","embeddable":true,"href":"https:\/\/conexion23.com\/index.php?rest_route=%2Fwp%2Fv2%2Fcategories&post=20796"},{"taxonomy":"post_tag","embeddable":true,"href":"https:\/\/conexion23.com\/index.php?rest_route=%2Fwp%2Fv2%2Ftags&post=20796"}],"curies":[{"name":"wp","href":"https:\/\/api.w.org\/{rel}","templated":true}]}}