{"id":20825,"date":"2023-09-11T09:08:24","date_gmt":"2023-09-11T13:08:24","guid":{"rendered":"https:\/\/conexion23.com\/?p=20825"},"modified":"2023-09-11T09:08:29","modified_gmt":"2023-09-11T13:08:29","slug":"fallece-sor-sonia-hernandez-en-tragico-accidente-en-autopista-duarte","status":"publish","type":"post","link":"https:\/\/conexion23.com\/?p=20825","title":{"rendered":"Fallece Sor Sonia Hernandez en tr\u00e1gico accidente en autopista Duarte"},"content":{"rendered":"\n<p>En un tr\u00e1gico accidente de tr\u00e1nsito ocurrido frente al Hospital El Pino en La Vega, perdi\u00f3 la vida Sor Sonia Hern\u00e1ndez, una monja que ejerc\u00eda como directora del Centro Educativo Sagrado Coraz\u00f3n de Jes\u00fas en Salcedo. El accidente tambi\u00e9n dej\u00f3 a varias personas religiosas heridas que viajaban en el minib\u00fas junto a Sor Sonia.<\/p>\n\n\n\n<p>El fatal incidente tuvo lugar la tarde de este domingo cuando un veh\u00edculo colision\u00f3 con <a><\/a>el minib\u00fas que transportaba a Sor Sonia Hern\u00e1ndez y otras personas religiosas que hab\u00edan estado en Santo Domingo y se dirig\u00edan a Salcedo. Testigos del accidente informaron que el veh\u00edculo implicado circulaba a alta velocidad y emprendi\u00f3 la huida despu\u00e9s del impacto.<\/p>\n\n\n\n<p>La comunidad religiosa y educativa lamenta profundamente la p\u00e9rdida de Sor Sonia Hern\u00e1ndez y espera que las personas heridas en este triste suceso se recuperen pronto.<\/p>\n\n\n\n<p>El cuerpo de Sor Sonia Hern\u00e1ndez ser\u00e1 expuesto hoy a las 9:30 AM en la capilla del Colegio Sagrado Coraz\u00f3n de Jes\u00fas, s\u00f3lo para las hermanas la comunidad Sanchina, para el p\u00fablico en general, sus restos ser\u00e1n expuestos a partir de las 11:00 AM en la Parroquia San Juan Evangelista de Salcedo, a las 3:00 PM se realizar\u00e1 una Eucarist\u00eda de cuerpo presente en la misma parroquia.<\/p>\n\n\n\n<p>Fuente: <a href=\"https:\/\/l.facebook.com\/l.php?u=http%3A%2F%2FTenares.com%2F%3Ffbclid%3DIwAR0AQx1Cdd4xtMNE5C99ordFpoXN341umquaaHnP7w5oCJGly9UmJmHNS3E&amp;h=AT0jaB7NAJCvX4rxwDkTgWLnYx54GZnPg5coEWzedb6ee9QwpnaK_TN2lpWg0gNJNEY1OUlSeaTaWIqDvuZN54f2f4hIPcYgjzUiwvMysVOmsfnvutAe4lv_qIjqeuWNirzk&amp;__tn__=-UK-R&amp;c[0]=AT3iVaxHEBhRUok0xePWw_rvjw6teF-3dOOImDjykT67sOamfIUzdOpYBMnrTpV_ZEZikkFo_LLTPz-mVLyOSa6U0_BgU5hi4dGhksAvzzXdzTv20rQZDNWO1L3zjsBfQe42HxYgrdVPz6TKXIMCuiCTeUiJ8PK9rhKcodjZJi9YScsJserwaARAZWcVc2GhfXyvy-Q8UM4W\" rel=\"noreferrer noopener\" target=\"_blank\">Tenares.com<\/a><\/p>\n","protected":false},"excerpt":{"rendered":"<p>En un tr\u00e1gico accidente de tr\u00e1nsito ocurrido frente al Hospital El Pino en La Vega, perdi\u00f3 la vida Sor Sonia Hern\u00e1ndez, una monja que ejerc\u00eda como directora del Centro Educativo Sagrado Coraz\u00f3n de Jes\u00fas en Salcedo. El accidente tambi\u00e9n dej\u00f3 a varias personas religiosas heridas que viajaban en el minib\u00fas junto a Sor Sonia. El [&hellip;]<\/p>\n","protected":false},"author":7,"featured_media":20826,"comment_status":"open","ping_status":"open","sticky":false,"template":"","format":"standard","meta":{"footnotes":""},"categories":[1],"tags":[331,620,1396,3348],"class_list":{"0":"post-20825","1":"post","2":"type-post","3":"status-publish","4":"format-standard","5":"has-post-thumbnail","7":"category-uncategorized","8":"tag-accidente","9":"tag-heridos","10":"tag-lavega","11":"tag-monja"},"yoast_head":"<!-- This site is optimized with the Yoast SEO plugin v27.1.1 - https:\/\/yoast.com\/product\/yoast-seo-wordpress\/ -->\n<title>Fallece Sor Sonia Hernandez en tr\u00e1gico accidente en autopista Duarte - Conexi\u00f3n 23<\/title>\n<meta name=\"description\" content=\"En un tr\u00e1gico accidente de tr\u00e1nsito ocurrido frente al Hospital El Pino en La Vega, perdi\u00f3 la vida Sor Sonia Hern\u00e1ndez, una monja que ejerc\u00eda como directora del Centro Educativo Sagrado Coraz\u00f3n de Jes\u00fas en Salcedo. El accidente tambi\u00e9n dej\u00f3 a varias personas religiosas heridas que viajaban en el minib\u00fas junto a Sor Sonia.\" \/>\n<meta name=\"robots\" content=\"index, follow, max-snippet:-1, max-image-preview:large, max-video-preview:-1\" \/>\n<link rel=\"canonical\" href=\"https:\/\/conexion23.com\/?p=20825\" \/>\n<meta property=\"og:locale\" content=\"es_ES\" \/>\n<meta property=\"og:type\" content=\"article\" \/>\n<meta property=\"og:title\" content=\"Fallece Sor Sonia Hernandez en tr\u00e1gico accidente en autopista Duarte - Conexi\u00f3n 23\" \/>\n<meta property=\"og:description\" content=\"En un tr\u00e1gico accidente de tr\u00e1nsito ocurrido frente al Hospital El Pino en La Vega, perdi\u00f3 la vida Sor Sonia Hern\u00e1ndez, una monja que ejerc\u00eda como directora del Centro Educativo Sagrado Coraz\u00f3n de Jes\u00fas en Salcedo. El accidente tambi\u00e9n dej\u00f3 a varias personas religiosas heridas que viajaban en el minib\u00fas junto a Sor Sonia.\" \/>\n<meta property=\"og:url\" content=\"https:\/\/conexion23.com\/?p=20825\" \/>\n<meta property=\"og:site_name\" content=\"Conexi\u00f3n 23\" \/>\n<meta property=\"article:publisher\" content=\"https:\/\/www.facebook.com\/conexion23com\" \/>\n<meta property=\"article:published_time\" content=\"2023-09-11T13:08:24+00:00\" \/>\n<meta property=\"article:modified_time\" content=\"2023-09-11T13:08:29+00:00\" \/>\n<meta property=\"og:image\" content=\"https:\/\/conexion23.com\/wp-content\/uploads\/2023\/09\/377823514_273276172191816_7907033222807867912_n.jpg\" \/>\n\t<meta property=\"og:image:width\" content=\"843\" \/>\n\t<meta property=\"og:image:height\" content=\"836\" \/>\n\t<meta property=\"og:image:type\" content=\"image\/jpeg\" \/>\n<meta name=\"author\" content=\"Benjam\u00edn Rosario\" \/>\n<meta name=\"twitter:card\" content=\"summary_large_image\" \/>\n<meta name=\"twitter:label1\" content=\"Escrito por\" \/>\n\t<meta name=\"twitter:data1\" content=\"Benjam\u00edn Rosario\" \/>\n\t<meta name=\"twitter:label2\" content=\"Tiempo de lectura\" \/>\n\t<meta name=\"twitter:data2\" content=\"1 minuto\" \/>\n<script type=\"application\/ld+json\" class=\"yoast-schema-graph\">{\"@context\":\"https:\/\/schema.org\",\"@graph\":[{\"@type\":\"Article\",\"@id\":\"https:\/\/conexion23.com\/?p=20825#article\",\"isPartOf\":{\"@id\":\"https:\/\/conexion23.com\/?p=20825\"},\"author\":{\"name\":\"Benjam\u00edn Rosario\",\"@id\":\"https:\/\/conexion23.com\/#\/schema\/person\/c0b7ce1f0e7a915d08fa289072b8353a\"},\"headline\":\"Fallece Sor Sonia Hernandez en tr\u00e1gico accidente en autopista Duarte\",\"datePublished\":\"2023-09-11T13:08:24+00:00\",\"dateModified\":\"2023-09-11T13:08:29+00:00\",\"mainEntityOfPage\":{\"@id\":\"https:\/\/conexion23.com\/?p=20825\"},\"wordCount\":239,\"commentCount\":0,\"publisher\":{\"@id\":\"https:\/\/conexion23.com\/#organization\"},\"image\":{\"@id\":\"https:\/\/conexion23.com\/?p=20825#primaryimage\"},\"thumbnailUrl\":\"https:\/\/conexion23.com\/wp-content\/uploads\/2023\/09\/377823514_273276172191816_7907033222807867912_n.jpg\",\"keywords\":[\"accidente\",\"Heridos\",\"lavega\",\"monja\"],\"articleSection\":[\"Uncategorized\"],\"inLanguage\":\"es\",\"potentialAction\":[{\"@type\":\"CommentAction\",\"name\":\"Comment\",\"target\":[\"https:\/\/conexion23.com\/?p=20825#respond\"]}]},{\"@type\":\"WebPage\",\"@id\":\"https:\/\/conexion23.com\/?p=20825\",\"url\":\"https:\/\/conexion23.com\/?p=20825\",\"name\":\"Fallece Sor Sonia Hernandez en tr\u00e1gico accidente en autopista Duarte - Conexi\u00f3n 23\",\"isPartOf\":{\"@id\":\"https:\/\/conexion23.com\/#website\"},\"primaryImageOfPage\":{\"@id\":\"https:\/\/conexion23.com\/?p=20825#primaryimage\"},\"image\":{\"@id\":\"https:\/\/conexion23.com\/?p=20825#primaryimage\"},\"thumbnailUrl\":\"https:\/\/conexion23.com\/wp-content\/uploads\/2023\/09\/377823514_273276172191816_7907033222807867912_n.jpg\",\"datePublished\":\"2023-09-11T13:08:24+00:00\",\"dateModified\":\"2023-09-11T13:08:29+00:00\",\"description\":\"En un tr\u00e1gico accidente de tr\u00e1nsito ocurrido frente al Hospital El Pino en La Vega, perdi\u00f3 la vida Sor Sonia Hern\u00e1ndez, una monja que ejerc\u00eda como directora del Centro Educativo Sagrado Coraz\u00f3n de Jes\u00fas en Salcedo. El accidente tambi\u00e9n dej\u00f3 a varias personas religiosas heridas que viajaban en el minib\u00fas junto a Sor Sonia.\",\"breadcrumb\":{\"@id\":\"https:\/\/conexion23.com\/?p=20825#breadcrumb\"},\"inLanguage\":\"es\",\"potentialAction\":[{\"@type\":\"ReadAction\",\"target\":[\"https:\/\/conexion23.com\/?p=20825\"]}]},{\"@type\":\"ImageObject\",\"inLanguage\":\"es\",\"@id\":\"https:\/\/conexion23.com\/?p=20825#primaryimage\",\"url\":\"https:\/\/conexion23.com\/wp-content\/uploads\/2023\/09\/377823514_273276172191816_7907033222807867912_n.jpg\",\"contentUrl\":\"https:\/\/conexion23.com\/wp-content\/uploads\/2023\/09\/377823514_273276172191816_7907033222807867912_n.jpg\",\"width\":843,\"height\":836},{\"@type\":\"BreadcrumbList\",\"@id\":\"https:\/\/conexion23.com\/?p=20825#breadcrumb\",\"itemListElement\":[{\"@type\":\"ListItem\",\"position\":1,\"name\":\"Portada\",\"item\":\"https:\/\/conexion23.com\/\"},{\"@type\":\"ListItem\",\"position\":2,\"name\":\"Fallece Sor Sonia Hernandez en tr\u00e1gico accidente en autopista Duarte\"}]},{\"@type\":\"WebSite\",\"@id\":\"https:\/\/conexion23.com\/#website\",\"url\":\"https:\/\/conexion23.com\/\",\"name\":\"Conexi\u00f3n 23\",\"description\":\"Peri\u00f3dico 100% Petromacorisano\",\"publisher\":{\"@id\":\"https:\/\/conexion23.com\/#organization\"},\"potentialAction\":[{\"@type\":\"SearchAction\",\"target\":{\"@type\":\"EntryPoint\",\"urlTemplate\":\"https:\/\/conexion23.com\/?s={search_term_string}\"},\"query-input\":{\"@type\":\"PropertyValueSpecification\",\"valueRequired\":true,\"valueName\":\"search_term_string\"}}],\"inLanguage\":\"es\"},{\"@type\":\"Organization\",\"@id\":\"https:\/\/conexion23.com\/#organization\",\"name\":\"Conexion 23\",\"url\":\"https:\/\/conexion23.com\/\",\"logo\":{\"@type\":\"ImageObject\",\"inLanguage\":\"es\",\"@id\":\"https:\/\/conexion23.com\/#\/schema\/logo\/image\/\",\"url\":\"https:\/\/conexion23.com\/wp-content\/uploads\/2021\/11\/Diseno-sin-titulo-2.png\",\"contentUrl\":\"https:\/\/conexion23.com\/wp-content\/uploads\/2021\/11\/Diseno-sin-titulo-2.png\",\"width\":541,\"height\":90,\"caption\":\"Conexion 23\"},\"image\":{\"@id\":\"https:\/\/conexion23.com\/#\/schema\/logo\/image\/\"},\"sameAs\":[\"https:\/\/www.facebook.com\/conexion23com\",\"https:\/\/www.instagram.com\/conexion23com\/\",\"https:\/\/www.youtube.com\/channel\/UCYc7vxxFZMYLIHNsHHxPZ3Q\"]},{\"@type\":\"Person\",\"@id\":\"https:\/\/conexion23.com\/#\/schema\/person\/c0b7ce1f0e7a915d08fa289072b8353a\",\"name\":\"Benjam\u00edn Rosario\",\"image\":{\"@type\":\"ImageObject\",\"inLanguage\":\"es\",\"@id\":\"https:\/\/conexion23.com\/#\/schema\/person\/image\/\",\"url\":\"https:\/\/secure.gravatar.com\/avatar\/62e1b2539b49cdeb50ee302e2a5f2bd31dc7fdba412bbac67e2a2a6e0c89bb2a?s=96&d=mm&r=g\",\"contentUrl\":\"https:\/\/secure.gravatar.com\/avatar\/62e1b2539b49cdeb50ee302e2a5f2bd31dc7fdba412bbac67e2a2a6e0c89bb2a?s=96&d=mm&r=g\",\"caption\":\"Benjam\u00edn Rosario\"},\"url\":\"https:\/\/conexion23.com\/?author=7\"}]}<\/script>\n<!-- \/ Yoast SEO plugin. -->","yoast_head_json":{"title":"Fallece Sor Sonia Hernandez en tr\u00e1gico accidente en autopista Duarte - Conexi\u00f3n 23","description":"En un tr\u00e1gico accidente de tr\u00e1nsito ocurrido frente al Hospital El Pino en La Vega, perdi\u00f3 la vida Sor Sonia Hern\u00e1ndez, una monja que ejerc\u00eda como directora del Centro Educativo Sagrado Coraz\u00f3n de Jes\u00fas en Salcedo. El accidente tambi\u00e9n dej\u00f3 a varias personas religiosas heridas que viajaban en el minib\u00fas junto a Sor Sonia.","robots":{"index":"index","follow":"follow","max-snippet":"max-snippet:-1","max-image-preview":"max-image-preview:large","max-video-preview":"max-video-preview:-1"},"canonical":"https:\/\/conexion23.com\/?p=20825","og_locale":"es_ES","og_type":"article","og_title":"Fallece Sor Sonia Hernandez en tr\u00e1gico accidente en autopista Duarte - Conexi\u00f3n 23","og_description":"En un tr\u00e1gico accidente de tr\u00e1nsito ocurrido frente al Hospital El Pino en La Vega, perdi\u00f3 la vida Sor Sonia Hern\u00e1ndez, una monja que ejerc\u00eda como directora del Centro Educativo Sagrado Coraz\u00f3n de Jes\u00fas en Salcedo. El accidente tambi\u00e9n dej\u00f3 a varias personas religiosas heridas que viajaban en el minib\u00fas junto a Sor Sonia.","og_url":"https:\/\/conexion23.com\/?p=20825","og_site_name":"Conexi\u00f3n 23","article_publisher":"https:\/\/www.facebook.com\/conexion23com","article_published_time":"2023-09-11T13:08:24+00:00","article_modified_time":"2023-09-11T13:08:29+00:00","og_image":[{"width":843,"height":836,"url":"https:\/\/conexion23.com\/wp-content\/uploads\/2023\/09\/377823514_273276172191816_7907033222807867912_n.jpg","type":"image\/jpeg"}],"author":"Benjam\u00edn Rosario","twitter_card":"summary_large_image","twitter_misc":{"Escrito por":"Benjam\u00edn Rosario","Tiempo de lectura":"1 minuto"},"schema":{"@context":"https:\/\/schema.org","@graph":[{"@type":"Article","@id":"https:\/\/conexion23.com\/?p=20825#article","isPartOf":{"@id":"https:\/\/conexion23.com\/?p=20825"},"author":{"name":"Benjam\u00edn Rosario","@id":"https:\/\/conexion23.com\/#\/schema\/person\/c0b7ce1f0e7a915d08fa289072b8353a"},"headline":"Fallece Sor Sonia Hernandez en tr\u00e1gico accidente en autopista Duarte","datePublished":"2023-09-11T13:08:24+00:00","dateModified":"2023-09-11T13:08:29+00:00","mainEntityOfPage":{"@id":"https:\/\/conexion23.com\/?p=20825"},"wordCount":239,"commentCount":0,"publisher":{"@id":"https:\/\/conexion23.com\/#organization"},"image":{"@id":"https:\/\/conexion23.com\/?p=20825#primaryimage"},"thumbnailUrl":"https:\/\/conexion23.com\/wp-content\/uploads\/2023\/09\/377823514_273276172191816_7907033222807867912_n.jpg","keywords":["accidente","Heridos","lavega","monja"],"articleSection":["Uncategorized"],"inLanguage":"es","potentialAction":[{"@type":"CommentAction","name":"Comment","target":["https:\/\/conexion23.com\/?p=20825#respond"]}]},{"@type":"WebPage","@id":"https:\/\/conexion23.com\/?p=20825","url":"https:\/\/conexion23.com\/?p=20825","name":"Fallece Sor Sonia Hernandez en tr\u00e1gico accidente en autopista Duarte - Conexi\u00f3n 23","isPartOf":{"@id":"https:\/\/conexion23.com\/#website"},"primaryImageOfPage":{"@id":"https:\/\/conexion23.com\/?p=20825#primaryimage"},"image":{"@id":"https:\/\/conexion23.com\/?p=20825#primaryimage"},"thumbnailUrl":"https:\/\/conexion23.com\/wp-content\/uploads\/2023\/09\/377823514_273276172191816_7907033222807867912_n.jpg","datePublished":"2023-09-11T13:08:24+00:00","dateModified":"2023-09-11T13:08:29+00:00","description":"En un tr\u00e1gico accidente de tr\u00e1nsito ocurrido frente al Hospital El Pino en La Vega, perdi\u00f3 la vida Sor Sonia Hern\u00e1ndez, una monja que ejerc\u00eda como directora del Centro Educativo Sagrado Coraz\u00f3n de Jes\u00fas en Salcedo. El accidente tambi\u00e9n dej\u00f3 a varias personas religiosas heridas que viajaban en el minib\u00fas junto a Sor Sonia.","breadcrumb":{"@id":"https:\/\/conexion23.com\/?p=20825#breadcrumb"},"inLanguage":"es","potentialAction":[{"@type":"ReadAction","target":["https:\/\/conexion23.com\/?p=20825"]}]},{"@type":"ImageObject","inLanguage":"es","@id":"https:\/\/conexion23.com\/?p=20825#primaryimage","url":"https:\/\/conexion23.com\/wp-content\/uploads\/2023\/09\/377823514_273276172191816_7907033222807867912_n.jpg","contentUrl":"https:\/\/conexion23.com\/wp-content\/uploads\/2023\/09\/377823514_273276172191816_7907033222807867912_n.jpg","width":843,"height":836},{"@type":"BreadcrumbList","@id":"https:\/\/conexion23.com\/?p=20825#breadcrumb","itemListElement":[{"@type":"ListItem","position":1,"name":"Portada","item":"https:\/\/conexion23.com\/"},{"@type":"ListItem","position":2,"name":"Fallece Sor Sonia Hernandez en tr\u00e1gico accidente en autopista Duarte"}]},{"@type":"WebSite","@id":"https:\/\/conexion23.com\/#website","url":"https:\/\/conexion23.com\/","name":"Conexi\u00f3n 23","description":"Peri\u00f3dico 100% Petromacorisano","publisher":{"@id":"https:\/\/conexion23.com\/#organization"},"potentialAction":[{"@type":"SearchAction","target":{"@type":"EntryPoint","urlTemplate":"https:\/\/conexion23.com\/?s={search_term_string}"},"query-input":{"@type":"PropertyValueSpecification","valueRequired":true,"valueName":"search_term_string"}}],"inLanguage":"es"},{"@type":"Organization","@id":"https:\/\/conexion23.com\/#organization","name":"Conexion 23","url":"https:\/\/conexion23.com\/","logo":{"@type":"ImageObject","inLanguage":"es","@id":"https:\/\/conexion23.com\/#\/schema\/logo\/image\/","url":"https:\/\/conexion23.com\/wp-content\/uploads\/2021\/11\/Diseno-sin-titulo-2.png","contentUrl":"https:\/\/conexion23.com\/wp-content\/uploads\/2021\/11\/Diseno-sin-titulo-2.png","width":541,"height":90,"caption":"Conexion 23"},"image":{"@id":"https:\/\/conexion23.com\/#\/schema\/logo\/image\/"},"sameAs":["https:\/\/www.facebook.com\/conexion23com","https:\/\/www.instagram.com\/conexion23com\/","https:\/\/www.youtube.com\/channel\/UCYc7vxxFZMYLIHNsHHxPZ3Q"]},{"@type":"Person","@id":"https:\/\/conexion23.com\/#\/schema\/person\/c0b7ce1f0e7a915d08fa289072b8353a","name":"Benjam\u00edn Rosario","image":{"@type":"ImageObject","inLanguage":"es","@id":"https:\/\/conexion23.com\/#\/schema\/person\/image\/","url":"https:\/\/secure.gravatar.com\/avatar\/62e1b2539b49cdeb50ee302e2a5f2bd31dc7fdba412bbac67e2a2a6e0c89bb2a?s=96&d=mm&r=g","contentUrl":"https:\/\/secure.gravatar.com\/avatar\/62e1b2539b49cdeb50ee302e2a5f2bd31dc7fdba412bbac67e2a2a6e0c89bb2a?s=96&d=mm&r=g","caption":"Benjam\u00edn Rosario"},"url":"https:\/\/conexion23.com\/?author=7"}]}},"_links":{"self":[{"href":"https:\/\/conexion23.com\/index.php?rest_route=\/wp\/v2\/posts\/20825","targetHints":{"allow":["GET"]}}],"collection":[{"href":"https:\/\/conexion23.com\/index.php?rest_route=\/wp\/v2\/posts"}],"about":[{"href":"https:\/\/conexion23.com\/index.php?rest_route=\/wp\/v2\/types\/post"}],"author":[{"embeddable":true,"href":"https:\/\/conexion23.com\/index.php?rest_route=\/wp\/v2\/users\/7"}],"replies":[{"embeddable":true,"href":"https:\/\/conexion23.com\/index.php?rest_route=%2Fwp%2Fv2%2Fcomments&post=20825"}],"version-history":[{"count":1,"href":"https:\/\/conexion23.com\/index.php?rest_route=\/wp\/v2\/posts\/20825\/revisions"}],"predecessor-version":[{"id":20827,"href":"https:\/\/conexion23.com\/index.php?rest_route=\/wp\/v2\/posts\/20825\/revisions\/20827"}],"wp:featuredmedia":[{"embeddable":true,"href":"https:\/\/conexion23.com\/index.php?rest_route=\/wp\/v2\/media\/20826"}],"wp:attachment":[{"href":"https:\/\/conexion23.com\/index.php?rest_route=%2Fwp%2Fv2%2Fmedia&parent=20825"}],"wp:term":[{"taxonomy":"category","embeddable":true,"href":"https:\/\/conexion23.com\/index.php?rest_route=%2Fwp%2Fv2%2Fcategories&post=20825"},{"taxonomy":"post_tag","embeddable":true,"href":"https:\/\/conexion23.com\/index.php?rest_route=%2Fwp%2Fv2%2Ftags&post=20825"}],"curies":[{"name":"wp","href":"https:\/\/api.w.org\/{rel}","templated":true}]}}