{"id":20849,"date":"2023-09-13T07:10:48","date_gmt":"2023-09-13T11:10:48","guid":{"rendered":"https:\/\/conexion23.com\/?p=20849"},"modified":"2023-09-13T07:10:53","modified_gmt":"2023-09-13T11:10:53","slug":"policia-nacional-apresa-hombre-acusado-de-quitarle-la-vida-a-otro-en-municipio-los-llanos","status":"publish","type":"post","link":"https:\/\/conexion23.com\/?p=20849","title":{"rendered":"Polic\u00eda Nacional apresa hombre acusado de quitarle la vida a otro en Municipio Los Llanos."},"content":{"rendered":"\n<p>La Polic\u00eda Nacional informa que agentes adscritos a la Sub Direcci\u00f3n Regional de Investigaciones Criminales Dicrim, apresaron al nombrado * Mario Melvin Garc\u00eda S\u00e1nchez, (a) Toto*, de 39 a\u00f1os, residente en el Batey Copeyito, Municipio Los Llanos de esta provincia, y quien esta siendo se\u00f1alado como autor de haberle quitado la vida a un joven de 22 a\u00f1os.<\/p>\n\n\n\n<p>La v\u00edctima respond\u00eda al nombre de Junior Carmona, (a) El Flaco, el cual resid\u00eda en el mismo batey el cual seg\u00fan levantamiento del cadaver presenta \u201cHeridas m\u00faltiples cort\u00f3 penetrantes por arma blanca en distintas partes del cuerpo\u201d, heridas est\u00e1s le provocaron la muerte mientras recib\u00eda atenciones m\u00e9dicas en el Hospital Don Pedro Mar\u00eda Santana de ese Municipio.<\/p>\n\n\n\n<p>Hecho ocurrido en horas de la noche del domingo 10\/09\/2023, en el Batey Copeyito, momentos en que estos sosten\u00edan una ri\u00f1a en un colmado por problemas personales.<\/p>\n\n\n\n<p>El detenido fue puesto a disposici\u00f3n de las autoridades competentes para los fines l\u00e9gales correspondientes.<\/p>\n","protected":false},"excerpt":{"rendered":"<p>La Polic\u00eda Nacional informa que agentes adscritos a la Sub Direcci\u00f3n Regional de Investigaciones Criminales Dicrim, apresaron al nombrado * Mario Melvin Garc\u00eda S\u00e1nchez, (a) Toto*, de 39 a\u00f1os, residente en el Batey Copeyito, Municipio Los Llanos de esta provincia, y quien esta siendo se\u00f1alado como autor de haberle quitado la vida a un joven [&hellip;]<\/p>\n","protected":false},"author":15,"featured_media":20850,"comment_status":"open","ping_status":"open","sticky":false,"template":"","format":"standard","meta":{"footnotes":""},"categories":[15],"tags":[],"class_list":{"0":"post-20849","1":"post","2":"type-post","3":"status-publish","4":"format-standard","5":"has-post-thumbnail","7":"category-los-llanos"},"yoast_head":"<!-- This site is optimized with the Yoast SEO plugin v27.1.1 - https:\/\/yoast.com\/product\/yoast-seo-wordpress\/ -->\n<title>Polic\u00eda Nacional apresa hombre acusado de quitarle la vida a otro en Municipio Los Llanos. - Conexi\u00f3n 23<\/title>\n<meta name=\"robots\" content=\"index, follow, max-snippet:-1, max-image-preview:large, max-video-preview:-1\" \/>\n<link rel=\"canonical\" href=\"https:\/\/conexion23.com\/?p=20849\" \/>\n<meta property=\"og:locale\" content=\"es_ES\" \/>\n<meta property=\"og:type\" content=\"article\" \/>\n<meta property=\"og:title\" content=\"Polic\u00eda Nacional apresa hombre acusado de quitarle la vida a otro en Municipio Los Llanos. - Conexi\u00f3n 23\" \/>\n<meta property=\"og:description\" content=\"La Polic\u00eda Nacional informa que agentes adscritos a la Sub Direcci\u00f3n Regional de Investigaciones Criminales Dicrim, apresaron al nombrado * Mario Melvin Garc\u00eda S\u00e1nchez, (a) Toto*, de 39 a\u00f1os, residente en el Batey Copeyito, Municipio Los Llanos de esta provincia, y quien esta siendo se\u00f1alado como autor de haberle quitado la vida a un joven [&hellip;]\" \/>\n<meta property=\"og:url\" content=\"https:\/\/conexion23.com\/?p=20849\" \/>\n<meta property=\"og:site_name\" content=\"Conexi\u00f3n 23\" \/>\n<meta property=\"article:publisher\" content=\"https:\/\/www.facebook.com\/conexion23com\" \/>\n<meta property=\"article:published_time\" content=\"2023-09-13T11:10:48+00:00\" \/>\n<meta property=\"article:modified_time\" content=\"2023-09-13T11:10:53+00:00\" \/>\n<meta property=\"og:image\" content=\"https:\/\/conexion23.com\/wp-content\/uploads\/2023\/09\/download-11.jpg\" \/>\n\t<meta property=\"og:image:width\" content=\"267\" \/>\n\t<meta property=\"og:image:height\" content=\"189\" \/>\n\t<meta property=\"og:image:type\" content=\"image\/jpeg\" \/>\n<meta name=\"author\" content=\"Raffy Ben\u00edtez\" \/>\n<meta name=\"twitter:card\" content=\"summary_large_image\" \/>\n<meta name=\"twitter:label1\" content=\"Escrito por\" \/>\n\t<meta name=\"twitter:data1\" content=\"Raffy Ben\u00edtez\" \/>\n\t<meta name=\"twitter:label2\" content=\"Tiempo de lectura\" \/>\n\t<meta name=\"twitter:data2\" content=\"1 minuto\" \/>\n<script type=\"application\/ld+json\" class=\"yoast-schema-graph\">{\"@context\":\"https:\/\/schema.org\",\"@graph\":[{\"@type\":\"Article\",\"@id\":\"https:\/\/conexion23.com\/?p=20849#article\",\"isPartOf\":{\"@id\":\"https:\/\/conexion23.com\/?p=20849\"},\"author\":{\"name\":\"Raffy Ben\u00edtez\",\"@id\":\"https:\/\/conexion23.com\/#\/schema\/person\/03e36043331117e97a373299bbcd30a6\"},\"headline\":\"Polic\u00eda Nacional apresa hombre acusado de quitarle la vida a otro en Municipio Los Llanos.\",\"datePublished\":\"2023-09-13T11:10:48+00:00\",\"dateModified\":\"2023-09-13T11:10:53+00:00\",\"mainEntityOfPage\":{\"@id\":\"https:\/\/conexion23.com\/?p=20849\"},\"wordCount\":189,\"commentCount\":0,\"publisher\":{\"@id\":\"https:\/\/conexion23.com\/#organization\"},\"image\":{\"@id\":\"https:\/\/conexion23.com\/?p=20849#primaryimage\"},\"thumbnailUrl\":\"https:\/\/conexion23.com\/wp-content\/uploads\/2023\/09\/download-11.jpg\",\"articleSection\":[\"Los Llanos\"],\"inLanguage\":\"es\",\"potentialAction\":[{\"@type\":\"CommentAction\",\"name\":\"Comment\",\"target\":[\"https:\/\/conexion23.com\/?p=20849#respond\"]}]},{\"@type\":\"WebPage\",\"@id\":\"https:\/\/conexion23.com\/?p=20849\",\"url\":\"https:\/\/conexion23.com\/?p=20849\",\"name\":\"Polic\u00eda Nacional apresa hombre acusado de quitarle la vida a otro en Municipio Los Llanos. - Conexi\u00f3n 23\",\"isPartOf\":{\"@id\":\"https:\/\/conexion23.com\/#website\"},\"primaryImageOfPage\":{\"@id\":\"https:\/\/conexion23.com\/?p=20849#primaryimage\"},\"image\":{\"@id\":\"https:\/\/conexion23.com\/?p=20849#primaryimage\"},\"thumbnailUrl\":\"https:\/\/conexion23.com\/wp-content\/uploads\/2023\/09\/download-11.jpg\",\"datePublished\":\"2023-09-13T11:10:48+00:00\",\"dateModified\":\"2023-09-13T11:10:53+00:00\",\"breadcrumb\":{\"@id\":\"https:\/\/conexion23.com\/?p=20849#breadcrumb\"},\"inLanguage\":\"es\",\"potentialAction\":[{\"@type\":\"ReadAction\",\"target\":[\"https:\/\/conexion23.com\/?p=20849\"]}]},{\"@type\":\"ImageObject\",\"inLanguage\":\"es\",\"@id\":\"https:\/\/conexion23.com\/?p=20849#primaryimage\",\"url\":\"https:\/\/conexion23.com\/wp-content\/uploads\/2023\/09\/download-11.jpg\",\"contentUrl\":\"https:\/\/conexion23.com\/wp-content\/uploads\/2023\/09\/download-11.jpg\",\"width\":267,\"height\":189},{\"@type\":\"BreadcrumbList\",\"@id\":\"https:\/\/conexion23.com\/?p=20849#breadcrumb\",\"itemListElement\":[{\"@type\":\"ListItem\",\"position\":1,\"name\":\"Portada\",\"item\":\"https:\/\/conexion23.com\/\"},{\"@type\":\"ListItem\",\"position\":2,\"name\":\"Polic\u00eda Nacional apresa hombre acusado de quitarle la vida a otro en Municipio Los Llanos.\"}]},{\"@type\":\"WebSite\",\"@id\":\"https:\/\/conexion23.com\/#website\",\"url\":\"https:\/\/conexion23.com\/\",\"name\":\"Conexi\u00f3n 23\",\"description\":\"Peri\u00f3dico 100% Petromacorisano\",\"publisher\":{\"@id\":\"https:\/\/conexion23.com\/#organization\"},\"potentialAction\":[{\"@type\":\"SearchAction\",\"target\":{\"@type\":\"EntryPoint\",\"urlTemplate\":\"https:\/\/conexion23.com\/?s={search_term_string}\"},\"query-input\":{\"@type\":\"PropertyValueSpecification\",\"valueRequired\":true,\"valueName\":\"search_term_string\"}}],\"inLanguage\":\"es\"},{\"@type\":\"Organization\",\"@id\":\"https:\/\/conexion23.com\/#organization\",\"name\":\"Conexion 23\",\"url\":\"https:\/\/conexion23.com\/\",\"logo\":{\"@type\":\"ImageObject\",\"inLanguage\":\"es\",\"@id\":\"https:\/\/conexion23.com\/#\/schema\/logo\/image\/\",\"url\":\"https:\/\/conexion23.com\/wp-content\/uploads\/2021\/11\/Diseno-sin-titulo-2.png\",\"contentUrl\":\"https:\/\/conexion23.com\/wp-content\/uploads\/2021\/11\/Diseno-sin-titulo-2.png\",\"width\":541,\"height\":90,\"caption\":\"Conexion 23\"},\"image\":{\"@id\":\"https:\/\/conexion23.com\/#\/schema\/logo\/image\/\"},\"sameAs\":[\"https:\/\/www.facebook.com\/conexion23com\",\"https:\/\/www.instagram.com\/conexion23com\/\",\"https:\/\/www.youtube.com\/channel\/UCYc7vxxFZMYLIHNsHHxPZ3Q\"]},{\"@type\":\"Person\",\"@id\":\"https:\/\/conexion23.com\/#\/schema\/person\/03e36043331117e97a373299bbcd30a6\",\"name\":\"Raffy Ben\u00edtez\",\"image\":{\"@type\":\"ImageObject\",\"inLanguage\":\"es\",\"@id\":\"https:\/\/conexion23.com\/#\/schema\/person\/image\/\",\"url\":\"https:\/\/secure.gravatar.com\/avatar\/3190a6a6c5e1b0327500f7d6c56b6242472ee6cb974cf09b401ee6b3b0798f23?s=96&d=mm&r=g\",\"contentUrl\":\"https:\/\/secure.gravatar.com\/avatar\/3190a6a6c5e1b0327500f7d6c56b6242472ee6cb974cf09b401ee6b3b0798f23?s=96&d=mm&r=g\",\"caption\":\"Raffy Ben\u00edtez\"},\"url\":\"https:\/\/conexion23.com\/?author=15\"}]}<\/script>\n<!-- \/ Yoast SEO plugin. -->","yoast_head_json":{"title":"Polic\u00eda Nacional apresa hombre acusado de quitarle la vida a otro en Municipio Los Llanos. - Conexi\u00f3n 23","robots":{"index":"index","follow":"follow","max-snippet":"max-snippet:-1","max-image-preview":"max-image-preview:large","max-video-preview":"max-video-preview:-1"},"canonical":"https:\/\/conexion23.com\/?p=20849","og_locale":"es_ES","og_type":"article","og_title":"Polic\u00eda Nacional apresa hombre acusado de quitarle la vida a otro en Municipio Los Llanos. - Conexi\u00f3n 23","og_description":"La Polic\u00eda Nacional informa que agentes adscritos a la Sub Direcci\u00f3n Regional de Investigaciones Criminales Dicrim, apresaron al nombrado * Mario Melvin Garc\u00eda S\u00e1nchez, (a) Toto*, de 39 a\u00f1os, residente en el Batey Copeyito, Municipio Los Llanos de esta provincia, y quien esta siendo se\u00f1alado como autor de haberle quitado la vida a un joven [&hellip;]","og_url":"https:\/\/conexion23.com\/?p=20849","og_site_name":"Conexi\u00f3n 23","article_publisher":"https:\/\/www.facebook.com\/conexion23com","article_published_time":"2023-09-13T11:10:48+00:00","article_modified_time":"2023-09-13T11:10:53+00:00","og_image":[{"width":267,"height":189,"url":"https:\/\/conexion23.com\/wp-content\/uploads\/2023\/09\/download-11.jpg","type":"image\/jpeg"}],"author":"Raffy Ben\u00edtez","twitter_card":"summary_large_image","twitter_misc":{"Escrito por":"Raffy Ben\u00edtez","Tiempo de lectura":"1 minuto"},"schema":{"@context":"https:\/\/schema.org","@graph":[{"@type":"Article","@id":"https:\/\/conexion23.com\/?p=20849#article","isPartOf":{"@id":"https:\/\/conexion23.com\/?p=20849"},"author":{"name":"Raffy Ben\u00edtez","@id":"https:\/\/conexion23.com\/#\/schema\/person\/03e36043331117e97a373299bbcd30a6"},"headline":"Polic\u00eda Nacional apresa hombre acusado de quitarle la vida a otro en Municipio Los Llanos.","datePublished":"2023-09-13T11:10:48+00:00","dateModified":"2023-09-13T11:10:53+00:00","mainEntityOfPage":{"@id":"https:\/\/conexion23.com\/?p=20849"},"wordCount":189,"commentCount":0,"publisher":{"@id":"https:\/\/conexion23.com\/#organization"},"image":{"@id":"https:\/\/conexion23.com\/?p=20849#primaryimage"},"thumbnailUrl":"https:\/\/conexion23.com\/wp-content\/uploads\/2023\/09\/download-11.jpg","articleSection":["Los Llanos"],"inLanguage":"es","potentialAction":[{"@type":"CommentAction","name":"Comment","target":["https:\/\/conexion23.com\/?p=20849#respond"]}]},{"@type":"WebPage","@id":"https:\/\/conexion23.com\/?p=20849","url":"https:\/\/conexion23.com\/?p=20849","name":"Polic\u00eda Nacional apresa hombre acusado de quitarle la vida a otro en Municipio Los Llanos. - Conexi\u00f3n 23","isPartOf":{"@id":"https:\/\/conexion23.com\/#website"},"primaryImageOfPage":{"@id":"https:\/\/conexion23.com\/?p=20849#primaryimage"},"image":{"@id":"https:\/\/conexion23.com\/?p=20849#primaryimage"},"thumbnailUrl":"https:\/\/conexion23.com\/wp-content\/uploads\/2023\/09\/download-11.jpg","datePublished":"2023-09-13T11:10:48+00:00","dateModified":"2023-09-13T11:10:53+00:00","breadcrumb":{"@id":"https:\/\/conexion23.com\/?p=20849#breadcrumb"},"inLanguage":"es","potentialAction":[{"@type":"ReadAction","target":["https:\/\/conexion23.com\/?p=20849"]}]},{"@type":"ImageObject","inLanguage":"es","@id":"https:\/\/conexion23.com\/?p=20849#primaryimage","url":"https:\/\/conexion23.com\/wp-content\/uploads\/2023\/09\/download-11.jpg","contentUrl":"https:\/\/conexion23.com\/wp-content\/uploads\/2023\/09\/download-11.jpg","width":267,"height":189},{"@type":"BreadcrumbList","@id":"https:\/\/conexion23.com\/?p=20849#breadcrumb","itemListElement":[{"@type":"ListItem","position":1,"name":"Portada","item":"https:\/\/conexion23.com\/"},{"@type":"ListItem","position":2,"name":"Polic\u00eda Nacional apresa hombre acusado de quitarle la vida a otro en Municipio Los Llanos."}]},{"@type":"WebSite","@id":"https:\/\/conexion23.com\/#website","url":"https:\/\/conexion23.com\/","name":"Conexi\u00f3n 23","description":"Peri\u00f3dico 100% Petromacorisano","publisher":{"@id":"https:\/\/conexion23.com\/#organization"},"potentialAction":[{"@type":"SearchAction","target":{"@type":"EntryPoint","urlTemplate":"https:\/\/conexion23.com\/?s={search_term_string}"},"query-input":{"@type":"PropertyValueSpecification","valueRequired":true,"valueName":"search_term_string"}}],"inLanguage":"es"},{"@type":"Organization","@id":"https:\/\/conexion23.com\/#organization","name":"Conexion 23","url":"https:\/\/conexion23.com\/","logo":{"@type":"ImageObject","inLanguage":"es","@id":"https:\/\/conexion23.com\/#\/schema\/logo\/image\/","url":"https:\/\/conexion23.com\/wp-content\/uploads\/2021\/11\/Diseno-sin-titulo-2.png","contentUrl":"https:\/\/conexion23.com\/wp-content\/uploads\/2021\/11\/Diseno-sin-titulo-2.png","width":541,"height":90,"caption":"Conexion 23"},"image":{"@id":"https:\/\/conexion23.com\/#\/schema\/logo\/image\/"},"sameAs":["https:\/\/www.facebook.com\/conexion23com","https:\/\/www.instagram.com\/conexion23com\/","https:\/\/www.youtube.com\/channel\/UCYc7vxxFZMYLIHNsHHxPZ3Q"]},{"@type":"Person","@id":"https:\/\/conexion23.com\/#\/schema\/person\/03e36043331117e97a373299bbcd30a6","name":"Raffy Ben\u00edtez","image":{"@type":"ImageObject","inLanguage":"es","@id":"https:\/\/conexion23.com\/#\/schema\/person\/image\/","url":"https:\/\/secure.gravatar.com\/avatar\/3190a6a6c5e1b0327500f7d6c56b6242472ee6cb974cf09b401ee6b3b0798f23?s=96&d=mm&r=g","contentUrl":"https:\/\/secure.gravatar.com\/avatar\/3190a6a6c5e1b0327500f7d6c56b6242472ee6cb974cf09b401ee6b3b0798f23?s=96&d=mm&r=g","caption":"Raffy Ben\u00edtez"},"url":"https:\/\/conexion23.com\/?author=15"}]}},"_links":{"self":[{"href":"https:\/\/conexion23.com\/index.php?rest_route=\/wp\/v2\/posts\/20849","targetHints":{"allow":["GET"]}}],"collection":[{"href":"https:\/\/conexion23.com\/index.php?rest_route=\/wp\/v2\/posts"}],"about":[{"href":"https:\/\/conexion23.com\/index.php?rest_route=\/wp\/v2\/types\/post"}],"author":[{"embeddable":true,"href":"https:\/\/conexion23.com\/index.php?rest_route=\/wp\/v2\/users\/15"}],"replies":[{"embeddable":true,"href":"https:\/\/conexion23.com\/index.php?rest_route=%2Fwp%2Fv2%2Fcomments&post=20849"}],"version-history":[{"count":1,"href":"https:\/\/conexion23.com\/index.php?rest_route=\/wp\/v2\/posts\/20849\/revisions"}],"predecessor-version":[{"id":20851,"href":"https:\/\/conexion23.com\/index.php?rest_route=\/wp\/v2\/posts\/20849\/revisions\/20851"}],"wp:featuredmedia":[{"embeddable":true,"href":"https:\/\/conexion23.com\/index.php?rest_route=\/wp\/v2\/media\/20850"}],"wp:attachment":[{"href":"https:\/\/conexion23.com\/index.php?rest_route=%2Fwp%2Fv2%2Fmedia&parent=20849"}],"wp:term":[{"taxonomy":"category","embeddable":true,"href":"https:\/\/conexion23.com\/index.php?rest_route=%2Fwp%2Fv2%2Fcategories&post=20849"},{"taxonomy":"post_tag","embeddable":true,"href":"https:\/\/conexion23.com\/index.php?rest_route=%2Fwp%2Fv2%2Ftags&post=20849"}],"curies":[{"name":"wp","href":"https:\/\/api.w.org\/{rel}","templated":true}]}}