{"id":20852,"date":"2023-09-13T07:13:11","date_gmt":"2023-09-13T11:13:11","guid":{"rendered":"https:\/\/conexion23.com\/?p=20852"},"modified":"2023-09-13T07:13:13","modified_gmt":"2023-09-13T11:13:13","slug":"restos-de-makey-calzada-son-velados-en-la-funeraria-blandino-de-la-abraham-lincoln","status":"publish","type":"post","link":"https:\/\/conexion23.com\/?p=20852","title":{"rendered":"Restos de Makey Calzada son velados en la Funeraria Blandino de la Abraham Lincoln."},"content":{"rendered":"\n<p>Los restos mortales del deportista Jos\u00e9 Daniel Calzada (Makey) est\u00e1n siendo velados desde este martes en la funeraria Blandino de la avenida Abraham Lincoln.<\/p>\n\n\n\n<p>Asimismo, este mi\u00e9rcoles le ser\u00e1 realizado una misa de cuerpo presente a partir de las 10 de la ma\u00f1ana, mientras que a las 11:30 su cuerpo ser\u00e1 trasladado al cementerio Cristo Redentor donde recibir\u00e1 cristiana sepultura.<\/p>\n\n\n\n<p>Calzada falleci\u00f3 la madrugada de este martes luego de sufrir de quebrantos de salud durante los \u00faltimos meses, enfermedad que lo mantuvo alejado de las actividades deportivas.<\/p>\n\n\n\n<p>De trato afable, Calzada desde joven se incorpor\u00f3 a los deportes y en lo cual permaneci\u00f3 por m\u00e1s de medio siglo ligado a diferentes disciplinas, muy especialmente el beisbol, softbol, voleibol, baloncesto , nataci\u00f3n entre otros.<\/p>\n\n\n\n<p>Al momento de su deceso contaba con 72 a\u00f1os. Hab\u00eda nacido en la Vega. En su juventud jug\u00f3 b\u00e9isbol y softbol molinete en la Universidad Aut\u00f3noma de Santo Domingo y en el Manicero.<\/p>\n\n\n\n<p>Fue Comisionado Nacional de B\u00e9isbol y tambi\u00e9n por muchos a\u00f1os alto directivo de los Leones del Escogido. Fue gerente general del desaparecido equipo de los Caimanes del Sur.<\/p>\n\n\n\n<p>Fue directivo del Club Arroyo Hondo, donde encabez\u00f3 el equipo de voleibol de esa instituci\u00f3n, as\u00ed como parte del combinado de baloncesto superior en el torneo distrital de esta categor\u00eda.<\/p>\n\n\n\n<p>Al momento de su fallecimiento, Calzada era asesor del ministro de Deportes, Francisco Camacho.<\/p>\n\n\n\n<p>En el b\u00e9isbol perteneci\u00f3 a los Leones del Escogido, equipo de la Liga Dominicana de B\u00e9isbol Profesional, del cual lleg\u00f3 a ser vicepresidente, as\u00ed como director de Mercadeo y de Relaciones P\u00fablicas.<\/p>\n","protected":false},"excerpt":{"rendered":"<p>Los restos mortales del deportista Jos\u00e9 Daniel Calzada (Makey) est\u00e1n siendo velados desde este martes en la funeraria Blandino de la avenida Abraham Lincoln. Asimismo, este mi\u00e9rcoles le ser\u00e1 realizado una misa de cuerpo presente a partir de las 10 de la ma\u00f1ana, mientras que a las 11:30 su cuerpo ser\u00e1 trasladado al cementerio Cristo [&hellip;]<\/p>\n","protected":false},"author":15,"featured_media":20853,"comment_status":"open","ping_status":"open","sticky":false,"template":"","format":"standard","meta":{"footnotes":""},"categories":[6],"tags":[],"class_list":{"0":"post-20852","1":"post","2":"type-post","3":"status-publish","4":"format-standard","5":"has-post-thumbnail","7":"category-deportes"},"yoast_head":"<!-- This site is optimized with the Yoast SEO plugin v27.1.1 - https:\/\/yoast.com\/product\/yoast-seo-wordpress\/ -->\n<title>Restos de Makey Calzada son velados en la Funeraria Blandino de la Abraham Lincoln. - Conexi\u00f3n 23<\/title>\n<meta name=\"robots\" content=\"index, follow, max-snippet:-1, max-image-preview:large, max-video-preview:-1\" \/>\n<link rel=\"canonical\" href=\"https:\/\/conexion23.com\/?p=20852\" \/>\n<meta property=\"og:locale\" content=\"es_ES\" \/>\n<meta property=\"og:type\" content=\"article\" \/>\n<meta property=\"og:title\" content=\"Restos de Makey Calzada son velados en la Funeraria Blandino de la Abraham Lincoln. - Conexi\u00f3n 23\" \/>\n<meta property=\"og:description\" content=\"Los restos mortales del deportista Jos\u00e9 Daniel Calzada (Makey) est\u00e1n siendo velados desde este martes en la funeraria Blandino de la avenida Abraham Lincoln. Asimismo, este mi\u00e9rcoles le ser\u00e1 realizado una misa de cuerpo presente a partir de las 10 de la ma\u00f1ana, mientras que a las 11:30 su cuerpo ser\u00e1 trasladado al cementerio Cristo [&hellip;]\" \/>\n<meta property=\"og:url\" content=\"https:\/\/conexion23.com\/?p=20852\" \/>\n<meta property=\"og:site_name\" content=\"Conexi\u00f3n 23\" \/>\n<meta property=\"article:publisher\" content=\"https:\/\/www.facebook.com\/conexion23com\" \/>\n<meta property=\"article:published_time\" content=\"2023-09-13T11:13:11+00:00\" \/>\n<meta property=\"article:modified_time\" content=\"2023-09-13T11:13:13+00:00\" \/>\n<meta property=\"og:image\" content=\"https:\/\/conexion23.com\/wp-content\/uploads\/2023\/09\/download-1-6.jpg\" \/>\n\t<meta property=\"og:image:width\" content=\"220\" \/>\n\t<meta property=\"og:image:height\" content=\"229\" \/>\n\t<meta property=\"og:image:type\" content=\"image\/jpeg\" \/>\n<meta name=\"author\" content=\"Raffy Ben\u00edtez\" \/>\n<meta name=\"twitter:card\" content=\"summary_large_image\" \/>\n<meta name=\"twitter:label1\" content=\"Escrito por\" \/>\n\t<meta name=\"twitter:data1\" content=\"Raffy Ben\u00edtez\" \/>\n\t<meta name=\"twitter:label2\" content=\"Tiempo de lectura\" \/>\n\t<meta name=\"twitter:data2\" content=\"2 minutos\" \/>\n<script type=\"application\/ld+json\" class=\"yoast-schema-graph\">{\"@context\":\"https:\/\/schema.org\",\"@graph\":[{\"@type\":\"Article\",\"@id\":\"https:\/\/conexion23.com\/?p=20852#article\",\"isPartOf\":{\"@id\":\"https:\/\/conexion23.com\/?p=20852\"},\"author\":{\"name\":\"Raffy Ben\u00edtez\",\"@id\":\"https:\/\/conexion23.com\/#\/schema\/person\/03e36043331117e97a373299bbcd30a6\"},\"headline\":\"Restos de Makey Calzada son velados en la Funeraria Blandino de la Abraham Lincoln.\",\"datePublished\":\"2023-09-13T11:13:11+00:00\",\"dateModified\":\"2023-09-13T11:13:13+00:00\",\"mainEntityOfPage\":{\"@id\":\"https:\/\/conexion23.com\/?p=20852\"},\"wordCount\":287,\"commentCount\":0,\"publisher\":{\"@id\":\"https:\/\/conexion23.com\/#organization\"},\"image\":{\"@id\":\"https:\/\/conexion23.com\/?p=20852#primaryimage\"},\"thumbnailUrl\":\"https:\/\/conexion23.com\/wp-content\/uploads\/2023\/09\/download-1-6.jpg\",\"articleSection\":[\"Deportes\"],\"inLanguage\":\"es\",\"potentialAction\":[{\"@type\":\"CommentAction\",\"name\":\"Comment\",\"target\":[\"https:\/\/conexion23.com\/?p=20852#respond\"]}]},{\"@type\":\"WebPage\",\"@id\":\"https:\/\/conexion23.com\/?p=20852\",\"url\":\"https:\/\/conexion23.com\/?p=20852\",\"name\":\"Restos de Makey Calzada son velados en la Funeraria Blandino de la Abraham Lincoln. - Conexi\u00f3n 23\",\"isPartOf\":{\"@id\":\"https:\/\/conexion23.com\/#website\"},\"primaryImageOfPage\":{\"@id\":\"https:\/\/conexion23.com\/?p=20852#primaryimage\"},\"image\":{\"@id\":\"https:\/\/conexion23.com\/?p=20852#primaryimage\"},\"thumbnailUrl\":\"https:\/\/conexion23.com\/wp-content\/uploads\/2023\/09\/download-1-6.jpg\",\"datePublished\":\"2023-09-13T11:13:11+00:00\",\"dateModified\":\"2023-09-13T11:13:13+00:00\",\"breadcrumb\":{\"@id\":\"https:\/\/conexion23.com\/?p=20852#breadcrumb\"},\"inLanguage\":\"es\",\"potentialAction\":[{\"@type\":\"ReadAction\",\"target\":[\"https:\/\/conexion23.com\/?p=20852\"]}]},{\"@type\":\"ImageObject\",\"inLanguage\":\"es\",\"@id\":\"https:\/\/conexion23.com\/?p=20852#primaryimage\",\"url\":\"https:\/\/conexion23.com\/wp-content\/uploads\/2023\/09\/download-1-6.jpg\",\"contentUrl\":\"https:\/\/conexion23.com\/wp-content\/uploads\/2023\/09\/download-1-6.jpg\",\"width\":220,\"height\":229},{\"@type\":\"BreadcrumbList\",\"@id\":\"https:\/\/conexion23.com\/?p=20852#breadcrumb\",\"itemListElement\":[{\"@type\":\"ListItem\",\"position\":1,\"name\":\"Portada\",\"item\":\"https:\/\/conexion23.com\/\"},{\"@type\":\"ListItem\",\"position\":2,\"name\":\"Restos de Makey Calzada son velados en la Funeraria Blandino de la Abraham Lincoln.\"}]},{\"@type\":\"WebSite\",\"@id\":\"https:\/\/conexion23.com\/#website\",\"url\":\"https:\/\/conexion23.com\/\",\"name\":\"Conexi\u00f3n 23\",\"description\":\"Peri\u00f3dico 100% Petromacorisano\",\"publisher\":{\"@id\":\"https:\/\/conexion23.com\/#organization\"},\"potentialAction\":[{\"@type\":\"SearchAction\",\"target\":{\"@type\":\"EntryPoint\",\"urlTemplate\":\"https:\/\/conexion23.com\/?s={search_term_string}\"},\"query-input\":{\"@type\":\"PropertyValueSpecification\",\"valueRequired\":true,\"valueName\":\"search_term_string\"}}],\"inLanguage\":\"es\"},{\"@type\":\"Organization\",\"@id\":\"https:\/\/conexion23.com\/#organization\",\"name\":\"Conexion 23\",\"url\":\"https:\/\/conexion23.com\/\",\"logo\":{\"@type\":\"ImageObject\",\"inLanguage\":\"es\",\"@id\":\"https:\/\/conexion23.com\/#\/schema\/logo\/image\/\",\"url\":\"https:\/\/conexion23.com\/wp-content\/uploads\/2021\/11\/Diseno-sin-titulo-2.png\",\"contentUrl\":\"https:\/\/conexion23.com\/wp-content\/uploads\/2021\/11\/Diseno-sin-titulo-2.png\",\"width\":541,\"height\":90,\"caption\":\"Conexion 23\"},\"image\":{\"@id\":\"https:\/\/conexion23.com\/#\/schema\/logo\/image\/\"},\"sameAs\":[\"https:\/\/www.facebook.com\/conexion23com\",\"https:\/\/www.instagram.com\/conexion23com\/\",\"https:\/\/www.youtube.com\/channel\/UCYc7vxxFZMYLIHNsHHxPZ3Q\"]},{\"@type\":\"Person\",\"@id\":\"https:\/\/conexion23.com\/#\/schema\/person\/03e36043331117e97a373299bbcd30a6\",\"name\":\"Raffy Ben\u00edtez\",\"image\":{\"@type\":\"ImageObject\",\"inLanguage\":\"es\",\"@id\":\"https:\/\/conexion23.com\/#\/schema\/person\/image\/\",\"url\":\"https:\/\/secure.gravatar.com\/avatar\/3190a6a6c5e1b0327500f7d6c56b6242472ee6cb974cf09b401ee6b3b0798f23?s=96&d=mm&r=g\",\"contentUrl\":\"https:\/\/secure.gravatar.com\/avatar\/3190a6a6c5e1b0327500f7d6c56b6242472ee6cb974cf09b401ee6b3b0798f23?s=96&d=mm&r=g\",\"caption\":\"Raffy Ben\u00edtez\"},\"url\":\"https:\/\/conexion23.com\/?author=15\"}]}<\/script>\n<!-- \/ Yoast SEO plugin. -->","yoast_head_json":{"title":"Restos de Makey Calzada son velados en la Funeraria Blandino de la Abraham Lincoln. - Conexi\u00f3n 23","robots":{"index":"index","follow":"follow","max-snippet":"max-snippet:-1","max-image-preview":"max-image-preview:large","max-video-preview":"max-video-preview:-1"},"canonical":"https:\/\/conexion23.com\/?p=20852","og_locale":"es_ES","og_type":"article","og_title":"Restos de Makey Calzada son velados en la Funeraria Blandino de la Abraham Lincoln. - Conexi\u00f3n 23","og_description":"Los restos mortales del deportista Jos\u00e9 Daniel Calzada (Makey) est\u00e1n siendo velados desde este martes en la funeraria Blandino de la avenida Abraham Lincoln. Asimismo, este mi\u00e9rcoles le ser\u00e1 realizado una misa de cuerpo presente a partir de las 10 de la ma\u00f1ana, mientras que a las 11:30 su cuerpo ser\u00e1 trasladado al cementerio Cristo [&hellip;]","og_url":"https:\/\/conexion23.com\/?p=20852","og_site_name":"Conexi\u00f3n 23","article_publisher":"https:\/\/www.facebook.com\/conexion23com","article_published_time":"2023-09-13T11:13:11+00:00","article_modified_time":"2023-09-13T11:13:13+00:00","og_image":[{"width":220,"height":229,"url":"https:\/\/conexion23.com\/wp-content\/uploads\/2023\/09\/download-1-6.jpg","type":"image\/jpeg"}],"author":"Raffy Ben\u00edtez","twitter_card":"summary_large_image","twitter_misc":{"Escrito por":"Raffy Ben\u00edtez","Tiempo de lectura":"2 minutos"},"schema":{"@context":"https:\/\/schema.org","@graph":[{"@type":"Article","@id":"https:\/\/conexion23.com\/?p=20852#article","isPartOf":{"@id":"https:\/\/conexion23.com\/?p=20852"},"author":{"name":"Raffy Ben\u00edtez","@id":"https:\/\/conexion23.com\/#\/schema\/person\/03e36043331117e97a373299bbcd30a6"},"headline":"Restos de Makey Calzada son velados en la Funeraria Blandino de la Abraham Lincoln.","datePublished":"2023-09-13T11:13:11+00:00","dateModified":"2023-09-13T11:13:13+00:00","mainEntityOfPage":{"@id":"https:\/\/conexion23.com\/?p=20852"},"wordCount":287,"commentCount":0,"publisher":{"@id":"https:\/\/conexion23.com\/#organization"},"image":{"@id":"https:\/\/conexion23.com\/?p=20852#primaryimage"},"thumbnailUrl":"https:\/\/conexion23.com\/wp-content\/uploads\/2023\/09\/download-1-6.jpg","articleSection":["Deportes"],"inLanguage":"es","potentialAction":[{"@type":"CommentAction","name":"Comment","target":["https:\/\/conexion23.com\/?p=20852#respond"]}]},{"@type":"WebPage","@id":"https:\/\/conexion23.com\/?p=20852","url":"https:\/\/conexion23.com\/?p=20852","name":"Restos de Makey Calzada son velados en la Funeraria Blandino de la Abraham Lincoln. - Conexi\u00f3n 23","isPartOf":{"@id":"https:\/\/conexion23.com\/#website"},"primaryImageOfPage":{"@id":"https:\/\/conexion23.com\/?p=20852#primaryimage"},"image":{"@id":"https:\/\/conexion23.com\/?p=20852#primaryimage"},"thumbnailUrl":"https:\/\/conexion23.com\/wp-content\/uploads\/2023\/09\/download-1-6.jpg","datePublished":"2023-09-13T11:13:11+00:00","dateModified":"2023-09-13T11:13:13+00:00","breadcrumb":{"@id":"https:\/\/conexion23.com\/?p=20852#breadcrumb"},"inLanguage":"es","potentialAction":[{"@type":"ReadAction","target":["https:\/\/conexion23.com\/?p=20852"]}]},{"@type":"ImageObject","inLanguage":"es","@id":"https:\/\/conexion23.com\/?p=20852#primaryimage","url":"https:\/\/conexion23.com\/wp-content\/uploads\/2023\/09\/download-1-6.jpg","contentUrl":"https:\/\/conexion23.com\/wp-content\/uploads\/2023\/09\/download-1-6.jpg","width":220,"height":229},{"@type":"BreadcrumbList","@id":"https:\/\/conexion23.com\/?p=20852#breadcrumb","itemListElement":[{"@type":"ListItem","position":1,"name":"Portada","item":"https:\/\/conexion23.com\/"},{"@type":"ListItem","position":2,"name":"Restos de Makey Calzada son velados en la Funeraria Blandino de la Abraham Lincoln."}]},{"@type":"WebSite","@id":"https:\/\/conexion23.com\/#website","url":"https:\/\/conexion23.com\/","name":"Conexi\u00f3n 23","description":"Peri\u00f3dico 100% Petromacorisano","publisher":{"@id":"https:\/\/conexion23.com\/#organization"},"potentialAction":[{"@type":"SearchAction","target":{"@type":"EntryPoint","urlTemplate":"https:\/\/conexion23.com\/?s={search_term_string}"},"query-input":{"@type":"PropertyValueSpecification","valueRequired":true,"valueName":"search_term_string"}}],"inLanguage":"es"},{"@type":"Organization","@id":"https:\/\/conexion23.com\/#organization","name":"Conexion 23","url":"https:\/\/conexion23.com\/","logo":{"@type":"ImageObject","inLanguage":"es","@id":"https:\/\/conexion23.com\/#\/schema\/logo\/image\/","url":"https:\/\/conexion23.com\/wp-content\/uploads\/2021\/11\/Diseno-sin-titulo-2.png","contentUrl":"https:\/\/conexion23.com\/wp-content\/uploads\/2021\/11\/Diseno-sin-titulo-2.png","width":541,"height":90,"caption":"Conexion 23"},"image":{"@id":"https:\/\/conexion23.com\/#\/schema\/logo\/image\/"},"sameAs":["https:\/\/www.facebook.com\/conexion23com","https:\/\/www.instagram.com\/conexion23com\/","https:\/\/www.youtube.com\/channel\/UCYc7vxxFZMYLIHNsHHxPZ3Q"]},{"@type":"Person","@id":"https:\/\/conexion23.com\/#\/schema\/person\/03e36043331117e97a373299bbcd30a6","name":"Raffy Ben\u00edtez","image":{"@type":"ImageObject","inLanguage":"es","@id":"https:\/\/conexion23.com\/#\/schema\/person\/image\/","url":"https:\/\/secure.gravatar.com\/avatar\/3190a6a6c5e1b0327500f7d6c56b6242472ee6cb974cf09b401ee6b3b0798f23?s=96&d=mm&r=g","contentUrl":"https:\/\/secure.gravatar.com\/avatar\/3190a6a6c5e1b0327500f7d6c56b6242472ee6cb974cf09b401ee6b3b0798f23?s=96&d=mm&r=g","caption":"Raffy Ben\u00edtez"},"url":"https:\/\/conexion23.com\/?author=15"}]}},"_links":{"self":[{"href":"https:\/\/conexion23.com\/index.php?rest_route=\/wp\/v2\/posts\/20852","targetHints":{"allow":["GET"]}}],"collection":[{"href":"https:\/\/conexion23.com\/index.php?rest_route=\/wp\/v2\/posts"}],"about":[{"href":"https:\/\/conexion23.com\/index.php?rest_route=\/wp\/v2\/types\/post"}],"author":[{"embeddable":true,"href":"https:\/\/conexion23.com\/index.php?rest_route=\/wp\/v2\/users\/15"}],"replies":[{"embeddable":true,"href":"https:\/\/conexion23.com\/index.php?rest_route=%2Fwp%2Fv2%2Fcomments&post=20852"}],"version-history":[{"count":1,"href":"https:\/\/conexion23.com\/index.php?rest_route=\/wp\/v2\/posts\/20852\/revisions"}],"predecessor-version":[{"id":20854,"href":"https:\/\/conexion23.com\/index.php?rest_route=\/wp\/v2\/posts\/20852\/revisions\/20854"}],"wp:featuredmedia":[{"embeddable":true,"href":"https:\/\/conexion23.com\/index.php?rest_route=\/wp\/v2\/media\/20853"}],"wp:attachment":[{"href":"https:\/\/conexion23.com\/index.php?rest_route=%2Fwp%2Fv2%2Fmedia&parent=20852"}],"wp:term":[{"taxonomy":"category","embeddable":true,"href":"https:\/\/conexion23.com\/index.php?rest_route=%2Fwp%2Fv2%2Fcategories&post=20852"},{"taxonomy":"post_tag","embeddable":true,"href":"https:\/\/conexion23.com\/index.php?rest_route=%2Fwp%2Fv2%2Ftags&post=20852"}],"curies":[{"name":"wp","href":"https:\/\/api.w.org\/{rel}","templated":true}]}}