{"id":20895,"date":"2023-09-14T07:53:10","date_gmt":"2023-09-14T11:53:10","guid":{"rendered":"https:\/\/conexion23.com\/?p=20895"},"modified":"2023-09-14T07:53:12","modified_gmt":"2023-09-14T11:53:12","slug":"leonel-fernandez-pide-al-gobierno-aclarar-detalles-del-acuerdo-firmado-en-2021-sobre-el-rio-masacre","status":"publish","type":"post","link":"https:\/\/conexion23.com\/?p=20895","title":{"rendered":"Leonel Fern\u00e1ndez pide al Gobierno aclarar \u00abdetalles\u00bb del acuerdo firmado en 2021 sobre el r\u00edo Masacre."},"content":{"rendered":"\n<p>El expresidente&nbsp;<strong>Leonel<\/strong>&nbsp;Fern\u00e1ndez calific\u00f3 este mi\u00e9rcoles como una<strong>&nbsp;\u00abprovocaci\u00f3n\u00bb<\/strong>&nbsp;contra la Rep\u00fablica Dominicana la construcci\u00f3n de un canal en&nbsp;<strong>Hait\u00ed<\/strong>&nbsp;para desviar las aguas del&nbsp;<strong>r\u00edo Masacre,<\/strong>&nbsp;afluente compartido por las dos naciones.<\/p>\n\n\n\n<p>Entiende que la situaci\u00f3n amerita&nbsp;<strong>\u00abactuar con firmeza\u00bb<\/strong>&nbsp;y extern\u00f3 su total rechazo a que la construcci\u00f3n del canal contin\u00fae.<\/p>\n\n\n\n<p>Fern\u00e1ndez, presidente y candidato presidencial del partido Fuerza del Pueblo para las elecciones de 2024, tambi\u00e9n exigi\u00f3 del&nbsp;<strong>Gobierno<\/strong>&nbsp;aclarar&nbsp;<strong>\u00ablos detalles del acuerdo arribado en el 2021 entre los cancilleres de ambos pa\u00edses\u00bb&nbsp;<\/strong>sobre este tema.<\/p>\n\n\n\n<p>\u00abEn medio de esta situaci\u00f3n el&nbsp;<strong>gobierno<\/strong>&nbsp;dominicano debe evitar posiciones ambiguas o contradictorias, por lo que debe aclarar el contenido y alcance de la declaraci\u00f3n conjunta binacional firmada por ambos cancilleres el 28 mayo del 2021&#8243;, plante\u00f3 en declaraciones suministradas en una nota de prensa.<\/p>\n\n\n\n<p>El pol\u00edtico opositor se refiere al&nbsp;<strong>pacto firmado por la Comisi\u00f3n Mixta Bilateral&nbsp;<\/strong>reunida el 27 de mayo de 2021, que acord\u00f3 que la obra iniciada en el r\u00edo Dajab\u00f3n o Masacre para la captaci\u00f3n de agua no consist\u00eda en un desv\u00edo del cauce del r\u00edo.<\/p>\n","protected":false},"excerpt":{"rendered":"<p>El expresidente&nbsp;Leonel&nbsp;Fern\u00e1ndez calific\u00f3 este mi\u00e9rcoles como una&nbsp;\u00abprovocaci\u00f3n\u00bb&nbsp;contra la Rep\u00fablica Dominicana la construcci\u00f3n de un canal en&nbsp;Hait\u00ed&nbsp;para desviar las aguas del&nbsp;r\u00edo Masacre,&nbsp;afluente compartido por las dos naciones. Entiende que la situaci\u00f3n amerita&nbsp;\u00abactuar con firmeza\u00bb&nbsp;y extern\u00f3 su total rechazo a que la construcci\u00f3n del canal contin\u00fae. Fern\u00e1ndez, presidente y candidato presidencial del partido Fuerza del Pueblo para [&hellip;]<\/p>\n","protected":false},"author":15,"featured_media":20896,"comment_status":"open","ping_status":"open","sticky":false,"template":"","format":"standard","meta":{"footnotes":""},"categories":[1],"tags":[],"class_list":{"0":"post-20895","1":"post","2":"type-post","3":"status-publish","4":"format-standard","5":"has-post-thumbnail","7":"category-uncategorized"},"yoast_head":"<!-- This site is optimized with the Yoast SEO plugin v27.1.1 - https:\/\/yoast.com\/product\/yoast-seo-wordpress\/ -->\n<title>Leonel Fern\u00e1ndez pide al Gobierno aclarar &quot;detalles&quot; del acuerdo firmado en 2021 sobre el r\u00edo Masacre. - Conexi\u00f3n 23<\/title>\n<meta name=\"robots\" content=\"index, follow, max-snippet:-1, max-image-preview:large, max-video-preview:-1\" \/>\n<link rel=\"canonical\" href=\"https:\/\/conexion23.com\/?p=20895\" \/>\n<meta property=\"og:locale\" content=\"es_ES\" \/>\n<meta property=\"og:type\" content=\"article\" \/>\n<meta property=\"og:title\" content=\"Leonel Fern\u00e1ndez pide al Gobierno aclarar &quot;detalles&quot; del acuerdo firmado en 2021 sobre el r\u00edo Masacre. - Conexi\u00f3n 23\" \/>\n<meta property=\"og:description\" content=\"El expresidente&nbsp;Leonel&nbsp;Fern\u00e1ndez calific\u00f3 este mi\u00e9rcoles como una&nbsp;\u00abprovocaci\u00f3n\u00bb&nbsp;contra la Rep\u00fablica Dominicana la construcci\u00f3n de un canal en&nbsp;Hait\u00ed&nbsp;para desviar las aguas del&nbsp;r\u00edo Masacre,&nbsp;afluente compartido por las dos naciones. Entiende que la situaci\u00f3n amerita&nbsp;\u00abactuar con firmeza\u00bb&nbsp;y extern\u00f3 su total rechazo a que la construcci\u00f3n del canal contin\u00fae. Fern\u00e1ndez, presidente y candidato presidencial del partido Fuerza del Pueblo para [&hellip;]\" \/>\n<meta property=\"og:url\" content=\"https:\/\/conexion23.com\/?p=20895\" \/>\n<meta property=\"og:site_name\" content=\"Conexi\u00f3n 23\" \/>\n<meta property=\"article:publisher\" content=\"https:\/\/www.facebook.com\/conexion23com\" \/>\n<meta property=\"article:published_time\" content=\"2023-09-14T11:53:10+00:00\" \/>\n<meta property=\"article:modified_time\" content=\"2023-09-14T11:53:12+00:00\" \/>\n<meta property=\"og:image\" content=\"https:\/\/conexion23.com\/wp-content\/uploads\/2023\/09\/leonel-masacre-focus-0-0-896-504.jpg\" \/>\n\t<meta property=\"og:image:width\" content=\"896\" \/>\n\t<meta property=\"og:image:height\" content=\"504\" \/>\n\t<meta property=\"og:image:type\" content=\"image\/jpeg\" \/>\n<meta name=\"author\" content=\"Raffy Ben\u00edtez\" \/>\n<meta name=\"twitter:card\" content=\"summary_large_image\" \/>\n<meta name=\"twitter:label1\" content=\"Escrito por\" \/>\n\t<meta name=\"twitter:data1\" content=\"Raffy Ben\u00edtez\" \/>\n\t<meta name=\"twitter:label2\" content=\"Tiempo de lectura\" \/>\n\t<meta name=\"twitter:data2\" content=\"1 minuto\" \/>\n<script type=\"application\/ld+json\" class=\"yoast-schema-graph\">{\"@context\":\"https:\/\/schema.org\",\"@graph\":[{\"@type\":\"Article\",\"@id\":\"https:\/\/conexion23.com\/?p=20895#article\",\"isPartOf\":{\"@id\":\"https:\/\/conexion23.com\/?p=20895\"},\"author\":{\"name\":\"Raffy Ben\u00edtez\",\"@id\":\"https:\/\/conexion23.com\/#\/schema\/person\/03e36043331117e97a373299bbcd30a6\"},\"headline\":\"Leonel Fern\u00e1ndez pide al Gobierno aclarar \u00abdetalles\u00bb del acuerdo firmado en 2021 sobre el r\u00edo Masacre.\",\"datePublished\":\"2023-09-14T11:53:10+00:00\",\"dateModified\":\"2023-09-14T11:53:12+00:00\",\"mainEntityOfPage\":{\"@id\":\"https:\/\/conexion23.com\/?p=20895\"},\"wordCount\":234,\"commentCount\":0,\"publisher\":{\"@id\":\"https:\/\/conexion23.com\/#organization\"},\"image\":{\"@id\":\"https:\/\/conexion23.com\/?p=20895#primaryimage\"},\"thumbnailUrl\":\"https:\/\/conexion23.com\/wp-content\/uploads\/2023\/09\/leonel-masacre-focus-0-0-896-504.jpg\",\"articleSection\":[\"Uncategorized\"],\"inLanguage\":\"es\",\"potentialAction\":[{\"@type\":\"CommentAction\",\"name\":\"Comment\",\"target\":[\"https:\/\/conexion23.com\/?p=20895#respond\"]}]},{\"@type\":\"WebPage\",\"@id\":\"https:\/\/conexion23.com\/?p=20895\",\"url\":\"https:\/\/conexion23.com\/?p=20895\",\"name\":\"Leonel Fern\u00e1ndez pide al Gobierno aclarar \\\"detalles\\\" del acuerdo firmado en 2021 sobre el r\u00edo Masacre. - Conexi\u00f3n 23\",\"isPartOf\":{\"@id\":\"https:\/\/conexion23.com\/#website\"},\"primaryImageOfPage\":{\"@id\":\"https:\/\/conexion23.com\/?p=20895#primaryimage\"},\"image\":{\"@id\":\"https:\/\/conexion23.com\/?p=20895#primaryimage\"},\"thumbnailUrl\":\"https:\/\/conexion23.com\/wp-content\/uploads\/2023\/09\/leonel-masacre-focus-0-0-896-504.jpg\",\"datePublished\":\"2023-09-14T11:53:10+00:00\",\"dateModified\":\"2023-09-14T11:53:12+00:00\",\"breadcrumb\":{\"@id\":\"https:\/\/conexion23.com\/?p=20895#breadcrumb\"},\"inLanguage\":\"es\",\"potentialAction\":[{\"@type\":\"ReadAction\",\"target\":[\"https:\/\/conexion23.com\/?p=20895\"]}]},{\"@type\":\"ImageObject\",\"inLanguage\":\"es\",\"@id\":\"https:\/\/conexion23.com\/?p=20895#primaryimage\",\"url\":\"https:\/\/conexion23.com\/wp-content\/uploads\/2023\/09\/leonel-masacre-focus-0-0-896-504.jpg\",\"contentUrl\":\"https:\/\/conexion23.com\/wp-content\/uploads\/2023\/09\/leonel-masacre-focus-0-0-896-504.jpg\",\"width\":896,\"height\":504},{\"@type\":\"BreadcrumbList\",\"@id\":\"https:\/\/conexion23.com\/?p=20895#breadcrumb\",\"itemListElement\":[{\"@type\":\"ListItem\",\"position\":1,\"name\":\"Portada\",\"item\":\"https:\/\/conexion23.com\/\"},{\"@type\":\"ListItem\",\"position\":2,\"name\":\"Leonel Fern\u00e1ndez pide al Gobierno aclarar \u00abdetalles\u00bb del acuerdo firmado en 2021 sobre el r\u00edo Masacre.\"}]},{\"@type\":\"WebSite\",\"@id\":\"https:\/\/conexion23.com\/#website\",\"url\":\"https:\/\/conexion23.com\/\",\"name\":\"Conexi\u00f3n 23\",\"description\":\"Peri\u00f3dico 100% Petromacorisano\",\"publisher\":{\"@id\":\"https:\/\/conexion23.com\/#organization\"},\"potentialAction\":[{\"@type\":\"SearchAction\",\"target\":{\"@type\":\"EntryPoint\",\"urlTemplate\":\"https:\/\/conexion23.com\/?s={search_term_string}\"},\"query-input\":{\"@type\":\"PropertyValueSpecification\",\"valueRequired\":true,\"valueName\":\"search_term_string\"}}],\"inLanguage\":\"es\"},{\"@type\":\"Organization\",\"@id\":\"https:\/\/conexion23.com\/#organization\",\"name\":\"Conexion 23\",\"url\":\"https:\/\/conexion23.com\/\",\"logo\":{\"@type\":\"ImageObject\",\"inLanguage\":\"es\",\"@id\":\"https:\/\/conexion23.com\/#\/schema\/logo\/image\/\",\"url\":\"https:\/\/conexion23.com\/wp-content\/uploads\/2021\/11\/Diseno-sin-titulo-2.png\",\"contentUrl\":\"https:\/\/conexion23.com\/wp-content\/uploads\/2021\/11\/Diseno-sin-titulo-2.png\",\"width\":541,\"height\":90,\"caption\":\"Conexion 23\"},\"image\":{\"@id\":\"https:\/\/conexion23.com\/#\/schema\/logo\/image\/\"},\"sameAs\":[\"https:\/\/www.facebook.com\/conexion23com\",\"https:\/\/www.instagram.com\/conexion23com\/\",\"https:\/\/www.youtube.com\/channel\/UCYc7vxxFZMYLIHNsHHxPZ3Q\"]},{\"@type\":\"Person\",\"@id\":\"https:\/\/conexion23.com\/#\/schema\/person\/03e36043331117e97a373299bbcd30a6\",\"name\":\"Raffy Ben\u00edtez\",\"image\":{\"@type\":\"ImageObject\",\"inLanguage\":\"es\",\"@id\":\"https:\/\/conexion23.com\/#\/schema\/person\/image\/\",\"url\":\"https:\/\/secure.gravatar.com\/avatar\/3190a6a6c5e1b0327500f7d6c56b6242472ee6cb974cf09b401ee6b3b0798f23?s=96&d=mm&r=g\",\"contentUrl\":\"https:\/\/secure.gravatar.com\/avatar\/3190a6a6c5e1b0327500f7d6c56b6242472ee6cb974cf09b401ee6b3b0798f23?s=96&d=mm&r=g\",\"caption\":\"Raffy Ben\u00edtez\"},\"url\":\"https:\/\/conexion23.com\/?author=15\"}]}<\/script>\n<!-- \/ Yoast SEO plugin. -->","yoast_head_json":{"title":"Leonel Fern\u00e1ndez pide al Gobierno aclarar \"detalles\" del acuerdo firmado en 2021 sobre el r\u00edo Masacre. - Conexi\u00f3n 23","robots":{"index":"index","follow":"follow","max-snippet":"max-snippet:-1","max-image-preview":"max-image-preview:large","max-video-preview":"max-video-preview:-1"},"canonical":"https:\/\/conexion23.com\/?p=20895","og_locale":"es_ES","og_type":"article","og_title":"Leonel Fern\u00e1ndez pide al Gobierno aclarar \"detalles\" del acuerdo firmado en 2021 sobre el r\u00edo Masacre. - Conexi\u00f3n 23","og_description":"El expresidente&nbsp;Leonel&nbsp;Fern\u00e1ndez calific\u00f3 este mi\u00e9rcoles como una&nbsp;\u00abprovocaci\u00f3n\u00bb&nbsp;contra la Rep\u00fablica Dominicana la construcci\u00f3n de un canal en&nbsp;Hait\u00ed&nbsp;para desviar las aguas del&nbsp;r\u00edo Masacre,&nbsp;afluente compartido por las dos naciones. Entiende que la situaci\u00f3n amerita&nbsp;\u00abactuar con firmeza\u00bb&nbsp;y extern\u00f3 su total rechazo a que la construcci\u00f3n del canal contin\u00fae. Fern\u00e1ndez, presidente y candidato presidencial del partido Fuerza del Pueblo para [&hellip;]","og_url":"https:\/\/conexion23.com\/?p=20895","og_site_name":"Conexi\u00f3n 23","article_publisher":"https:\/\/www.facebook.com\/conexion23com","article_published_time":"2023-09-14T11:53:10+00:00","article_modified_time":"2023-09-14T11:53:12+00:00","og_image":[{"width":896,"height":504,"url":"https:\/\/conexion23.com\/wp-content\/uploads\/2023\/09\/leonel-masacre-focus-0-0-896-504.jpg","type":"image\/jpeg"}],"author":"Raffy Ben\u00edtez","twitter_card":"summary_large_image","twitter_misc":{"Escrito por":"Raffy Ben\u00edtez","Tiempo de lectura":"1 minuto"},"schema":{"@context":"https:\/\/schema.org","@graph":[{"@type":"Article","@id":"https:\/\/conexion23.com\/?p=20895#article","isPartOf":{"@id":"https:\/\/conexion23.com\/?p=20895"},"author":{"name":"Raffy Ben\u00edtez","@id":"https:\/\/conexion23.com\/#\/schema\/person\/03e36043331117e97a373299bbcd30a6"},"headline":"Leonel Fern\u00e1ndez pide al Gobierno aclarar \u00abdetalles\u00bb del acuerdo firmado en 2021 sobre el r\u00edo Masacre.","datePublished":"2023-09-14T11:53:10+00:00","dateModified":"2023-09-14T11:53:12+00:00","mainEntityOfPage":{"@id":"https:\/\/conexion23.com\/?p=20895"},"wordCount":234,"commentCount":0,"publisher":{"@id":"https:\/\/conexion23.com\/#organization"},"image":{"@id":"https:\/\/conexion23.com\/?p=20895#primaryimage"},"thumbnailUrl":"https:\/\/conexion23.com\/wp-content\/uploads\/2023\/09\/leonel-masacre-focus-0-0-896-504.jpg","articleSection":["Uncategorized"],"inLanguage":"es","potentialAction":[{"@type":"CommentAction","name":"Comment","target":["https:\/\/conexion23.com\/?p=20895#respond"]}]},{"@type":"WebPage","@id":"https:\/\/conexion23.com\/?p=20895","url":"https:\/\/conexion23.com\/?p=20895","name":"Leonel Fern\u00e1ndez pide al Gobierno aclarar \"detalles\" del acuerdo firmado en 2021 sobre el r\u00edo Masacre. - Conexi\u00f3n 23","isPartOf":{"@id":"https:\/\/conexion23.com\/#website"},"primaryImageOfPage":{"@id":"https:\/\/conexion23.com\/?p=20895#primaryimage"},"image":{"@id":"https:\/\/conexion23.com\/?p=20895#primaryimage"},"thumbnailUrl":"https:\/\/conexion23.com\/wp-content\/uploads\/2023\/09\/leonel-masacre-focus-0-0-896-504.jpg","datePublished":"2023-09-14T11:53:10+00:00","dateModified":"2023-09-14T11:53:12+00:00","breadcrumb":{"@id":"https:\/\/conexion23.com\/?p=20895#breadcrumb"},"inLanguage":"es","potentialAction":[{"@type":"ReadAction","target":["https:\/\/conexion23.com\/?p=20895"]}]},{"@type":"ImageObject","inLanguage":"es","@id":"https:\/\/conexion23.com\/?p=20895#primaryimage","url":"https:\/\/conexion23.com\/wp-content\/uploads\/2023\/09\/leonel-masacre-focus-0-0-896-504.jpg","contentUrl":"https:\/\/conexion23.com\/wp-content\/uploads\/2023\/09\/leonel-masacre-focus-0-0-896-504.jpg","width":896,"height":504},{"@type":"BreadcrumbList","@id":"https:\/\/conexion23.com\/?p=20895#breadcrumb","itemListElement":[{"@type":"ListItem","position":1,"name":"Portada","item":"https:\/\/conexion23.com\/"},{"@type":"ListItem","position":2,"name":"Leonel Fern\u00e1ndez pide al Gobierno aclarar \u00abdetalles\u00bb del acuerdo firmado en 2021 sobre el r\u00edo Masacre."}]},{"@type":"WebSite","@id":"https:\/\/conexion23.com\/#website","url":"https:\/\/conexion23.com\/","name":"Conexi\u00f3n 23","description":"Peri\u00f3dico 100% Petromacorisano","publisher":{"@id":"https:\/\/conexion23.com\/#organization"},"potentialAction":[{"@type":"SearchAction","target":{"@type":"EntryPoint","urlTemplate":"https:\/\/conexion23.com\/?s={search_term_string}"},"query-input":{"@type":"PropertyValueSpecification","valueRequired":true,"valueName":"search_term_string"}}],"inLanguage":"es"},{"@type":"Organization","@id":"https:\/\/conexion23.com\/#organization","name":"Conexion 23","url":"https:\/\/conexion23.com\/","logo":{"@type":"ImageObject","inLanguage":"es","@id":"https:\/\/conexion23.com\/#\/schema\/logo\/image\/","url":"https:\/\/conexion23.com\/wp-content\/uploads\/2021\/11\/Diseno-sin-titulo-2.png","contentUrl":"https:\/\/conexion23.com\/wp-content\/uploads\/2021\/11\/Diseno-sin-titulo-2.png","width":541,"height":90,"caption":"Conexion 23"},"image":{"@id":"https:\/\/conexion23.com\/#\/schema\/logo\/image\/"},"sameAs":["https:\/\/www.facebook.com\/conexion23com","https:\/\/www.instagram.com\/conexion23com\/","https:\/\/www.youtube.com\/channel\/UCYc7vxxFZMYLIHNsHHxPZ3Q"]},{"@type":"Person","@id":"https:\/\/conexion23.com\/#\/schema\/person\/03e36043331117e97a373299bbcd30a6","name":"Raffy Ben\u00edtez","image":{"@type":"ImageObject","inLanguage":"es","@id":"https:\/\/conexion23.com\/#\/schema\/person\/image\/","url":"https:\/\/secure.gravatar.com\/avatar\/3190a6a6c5e1b0327500f7d6c56b6242472ee6cb974cf09b401ee6b3b0798f23?s=96&d=mm&r=g","contentUrl":"https:\/\/secure.gravatar.com\/avatar\/3190a6a6c5e1b0327500f7d6c56b6242472ee6cb974cf09b401ee6b3b0798f23?s=96&d=mm&r=g","caption":"Raffy Ben\u00edtez"},"url":"https:\/\/conexion23.com\/?author=15"}]}},"_links":{"self":[{"href":"https:\/\/conexion23.com\/index.php?rest_route=\/wp\/v2\/posts\/20895","targetHints":{"allow":["GET"]}}],"collection":[{"href":"https:\/\/conexion23.com\/index.php?rest_route=\/wp\/v2\/posts"}],"about":[{"href":"https:\/\/conexion23.com\/index.php?rest_route=\/wp\/v2\/types\/post"}],"author":[{"embeddable":true,"href":"https:\/\/conexion23.com\/index.php?rest_route=\/wp\/v2\/users\/15"}],"replies":[{"embeddable":true,"href":"https:\/\/conexion23.com\/index.php?rest_route=%2Fwp%2Fv2%2Fcomments&post=20895"}],"version-history":[{"count":1,"href":"https:\/\/conexion23.com\/index.php?rest_route=\/wp\/v2\/posts\/20895\/revisions"}],"predecessor-version":[{"id":20897,"href":"https:\/\/conexion23.com\/index.php?rest_route=\/wp\/v2\/posts\/20895\/revisions\/20897"}],"wp:featuredmedia":[{"embeddable":true,"href":"https:\/\/conexion23.com\/index.php?rest_route=\/wp\/v2\/media\/20896"}],"wp:attachment":[{"href":"https:\/\/conexion23.com\/index.php?rest_route=%2Fwp%2Fv2%2Fmedia&parent=20895"}],"wp:term":[{"taxonomy":"category","embeddable":true,"href":"https:\/\/conexion23.com\/index.php?rest_route=%2Fwp%2Fv2%2Fcategories&post=20895"},{"taxonomy":"post_tag","embeddable":true,"href":"https:\/\/conexion23.com\/index.php?rest_route=%2Fwp%2Fv2%2Ftags&post=20895"}],"curies":[{"name":"wp","href":"https:\/\/api.w.org\/{rel}","templated":true}]}}