{"id":21021,"date":"2023-09-19T18:33:12","date_gmt":"2023-09-19T22:33:12","guid":{"rendered":"https:\/\/conexion23.com\/?p=21021"},"modified":"2023-09-19T18:33:14","modified_gmt":"2023-09-19T22:33:14","slug":"tres-personas-heridas-tras-un-accidente-en-spm-entre-ellos-dos-militares","status":"publish","type":"post","link":"https:\/\/conexion23.com\/?p=21021","title":{"rendered":"Tres personas heridas tras un accidente en SPM, entre ellos dos militares."},"content":{"rendered":"\n<p>Un choque entre dos motociclistas en la avenida Francisco Alberto Caama\u00f1o de esta ciudad, dej\u00f3 como resultado dos miembros del Ej\u00e9rcito de la Rep\u00fablica Dominicana heridos.<\/p>\n\n\n\n<p>En el accidente tambi\u00e9n result\u00f3 herido un civil, quienes fueron asistidos por unidades del 9-11.<\/p>\n\n\n\n<p>Los mismos fueron llevados al Hospital Regional Doctor Antonio Musa de esta provincia.<\/p>\n\n\n\n<p>Los miembros del ej\u00e9rcito fueron identificados como Direnay Rosario Cabrera y Henry Moreta Recio y el civil Juan Carlos Fr\u00edas Astacio.<\/p>\n","protected":false},"excerpt":{"rendered":"<p>Un choque entre dos motociclistas en la avenida Francisco Alberto Caama\u00f1o de esta ciudad, dej\u00f3 como resultado dos miembros del Ej\u00e9rcito de la Rep\u00fablica Dominicana heridos. En el accidente tambi\u00e9n result\u00f3 herido un civil, quienes fueron asistidos por unidades del 9-11. Los mismos fueron llevados al Hospital Regional Doctor Antonio Musa de esta provincia. Los [&hellip;]<\/p>\n","protected":false},"author":15,"featured_media":21022,"comment_status":"open","ping_status":"open","sticky":false,"template":"","format":"standard","meta":{"footnotes":""},"categories":[35],"tags":[],"class_list":{"0":"post-21021","1":"post","2":"type-post","3":"status-publish","4":"format-standard","5":"has-post-thumbnail","7":"category-spm"},"yoast_head":"<!-- This site is optimized with the Yoast SEO plugin v27.1.1 - https:\/\/yoast.com\/product\/yoast-seo-wordpress\/ -->\n<title>Tres personas heridas tras un accidente en SPM, entre ellos dos militares. - Conexi\u00f3n 23<\/title>\n<meta name=\"robots\" content=\"index, follow, max-snippet:-1, max-image-preview:large, max-video-preview:-1\" \/>\n<link rel=\"canonical\" href=\"https:\/\/conexion23.com\/?p=21021\" \/>\n<meta property=\"og:locale\" content=\"es_ES\" \/>\n<meta property=\"og:type\" content=\"article\" \/>\n<meta property=\"og:title\" content=\"Tres personas heridas tras un accidente en SPM, entre ellos dos militares. - Conexi\u00f3n 23\" \/>\n<meta property=\"og:description\" content=\"Un choque entre dos motociclistas en la avenida Francisco Alberto Caama\u00f1o de esta ciudad, dej\u00f3 como resultado dos miembros del Ej\u00e9rcito de la Rep\u00fablica Dominicana heridos. En el accidente tambi\u00e9n result\u00f3 herido un civil, quienes fueron asistidos por unidades del 9-11. Los mismos fueron llevados al Hospital Regional Doctor Antonio Musa de esta provincia. Los [&hellip;]\" \/>\n<meta property=\"og:url\" content=\"https:\/\/conexion23.com\/?p=21021\" \/>\n<meta property=\"og:site_name\" content=\"Conexi\u00f3n 23\" \/>\n<meta property=\"article:publisher\" content=\"https:\/\/www.facebook.com\/conexion23com\" \/>\n<meta property=\"article:published_time\" content=\"2023-09-19T22:33:12+00:00\" \/>\n<meta property=\"article:modified_time\" content=\"2023-09-19T22:33:14+00:00\" \/>\n<meta property=\"og:image\" content=\"https:\/\/conexion23.com\/wp-content\/uploads\/2023\/09\/5a864052-9513-4816-91a4-dec5be78a3e5.jpg\" \/>\n\t<meta property=\"og:image:width\" content=\"1280\" \/>\n\t<meta property=\"og:image:height\" content=\"956\" \/>\n\t<meta property=\"og:image:type\" content=\"image\/jpeg\" \/>\n<meta name=\"author\" content=\"Raffy Ben\u00edtez\" \/>\n<meta name=\"twitter:card\" content=\"summary_large_image\" \/>\n<meta name=\"twitter:label1\" content=\"Escrito por\" \/>\n\t<meta name=\"twitter:data1\" content=\"Raffy Ben\u00edtez\" \/>\n\t<meta name=\"twitter:label2\" content=\"Tiempo de lectura\" \/>\n\t<meta name=\"twitter:data2\" content=\"1 minuto\" \/>\n<script type=\"application\/ld+json\" class=\"yoast-schema-graph\">{\"@context\":\"https:\/\/schema.org\",\"@graph\":[{\"@type\":\"Article\",\"@id\":\"https:\/\/conexion23.com\/?p=21021#article\",\"isPartOf\":{\"@id\":\"https:\/\/conexion23.com\/?p=21021\"},\"author\":{\"name\":\"Raffy Ben\u00edtez\",\"@id\":\"https:\/\/conexion23.com\/#\/schema\/person\/03e36043331117e97a373299bbcd30a6\"},\"headline\":\"Tres personas heridas tras un accidente en SPM, entre ellos dos militares.\",\"datePublished\":\"2023-09-19T22:33:12+00:00\",\"dateModified\":\"2023-09-19T22:33:14+00:00\",\"mainEntityOfPage\":{\"@id\":\"https:\/\/conexion23.com\/?p=21021\"},\"wordCount\":93,\"commentCount\":0,\"publisher\":{\"@id\":\"https:\/\/conexion23.com\/#organization\"},\"image\":{\"@id\":\"https:\/\/conexion23.com\/?p=21021#primaryimage\"},\"thumbnailUrl\":\"https:\/\/conexion23.com\/wp-content\/uploads\/2023\/09\/5a864052-9513-4816-91a4-dec5be78a3e5.jpg\",\"articleSection\":[\"SPM\"],\"inLanguage\":\"es\",\"potentialAction\":[{\"@type\":\"CommentAction\",\"name\":\"Comment\",\"target\":[\"https:\/\/conexion23.com\/?p=21021#respond\"]}]},{\"@type\":\"WebPage\",\"@id\":\"https:\/\/conexion23.com\/?p=21021\",\"url\":\"https:\/\/conexion23.com\/?p=21021\",\"name\":\"Tres personas heridas tras un accidente en SPM, entre ellos dos militares. - Conexi\u00f3n 23\",\"isPartOf\":{\"@id\":\"https:\/\/conexion23.com\/#website\"},\"primaryImageOfPage\":{\"@id\":\"https:\/\/conexion23.com\/?p=21021#primaryimage\"},\"image\":{\"@id\":\"https:\/\/conexion23.com\/?p=21021#primaryimage\"},\"thumbnailUrl\":\"https:\/\/conexion23.com\/wp-content\/uploads\/2023\/09\/5a864052-9513-4816-91a4-dec5be78a3e5.jpg\",\"datePublished\":\"2023-09-19T22:33:12+00:00\",\"dateModified\":\"2023-09-19T22:33:14+00:00\",\"breadcrumb\":{\"@id\":\"https:\/\/conexion23.com\/?p=21021#breadcrumb\"},\"inLanguage\":\"es\",\"potentialAction\":[{\"@type\":\"ReadAction\",\"target\":[\"https:\/\/conexion23.com\/?p=21021\"]}]},{\"@type\":\"ImageObject\",\"inLanguage\":\"es\",\"@id\":\"https:\/\/conexion23.com\/?p=21021#primaryimage\",\"url\":\"https:\/\/conexion23.com\/wp-content\/uploads\/2023\/09\/5a864052-9513-4816-91a4-dec5be78a3e5.jpg\",\"contentUrl\":\"https:\/\/conexion23.com\/wp-content\/uploads\/2023\/09\/5a864052-9513-4816-91a4-dec5be78a3e5.jpg\",\"width\":1280,\"height\":956},{\"@type\":\"BreadcrumbList\",\"@id\":\"https:\/\/conexion23.com\/?p=21021#breadcrumb\",\"itemListElement\":[{\"@type\":\"ListItem\",\"position\":1,\"name\":\"Portada\",\"item\":\"https:\/\/conexion23.com\/\"},{\"@type\":\"ListItem\",\"position\":2,\"name\":\"Tres personas heridas tras un accidente en SPM, entre ellos dos militares.\"}]},{\"@type\":\"WebSite\",\"@id\":\"https:\/\/conexion23.com\/#website\",\"url\":\"https:\/\/conexion23.com\/\",\"name\":\"Conexi\u00f3n 23\",\"description\":\"Peri\u00f3dico 100% Petromacorisano\",\"publisher\":{\"@id\":\"https:\/\/conexion23.com\/#organization\"},\"potentialAction\":[{\"@type\":\"SearchAction\",\"target\":{\"@type\":\"EntryPoint\",\"urlTemplate\":\"https:\/\/conexion23.com\/?s={search_term_string}\"},\"query-input\":{\"@type\":\"PropertyValueSpecification\",\"valueRequired\":true,\"valueName\":\"search_term_string\"}}],\"inLanguage\":\"es\"},{\"@type\":\"Organization\",\"@id\":\"https:\/\/conexion23.com\/#organization\",\"name\":\"Conexion 23\",\"url\":\"https:\/\/conexion23.com\/\",\"logo\":{\"@type\":\"ImageObject\",\"inLanguage\":\"es\",\"@id\":\"https:\/\/conexion23.com\/#\/schema\/logo\/image\/\",\"url\":\"https:\/\/conexion23.com\/wp-content\/uploads\/2021\/11\/Diseno-sin-titulo-2.png\",\"contentUrl\":\"https:\/\/conexion23.com\/wp-content\/uploads\/2021\/11\/Diseno-sin-titulo-2.png\",\"width\":541,\"height\":90,\"caption\":\"Conexion 23\"},\"image\":{\"@id\":\"https:\/\/conexion23.com\/#\/schema\/logo\/image\/\"},\"sameAs\":[\"https:\/\/www.facebook.com\/conexion23com\",\"https:\/\/www.instagram.com\/conexion23com\/\",\"https:\/\/www.youtube.com\/channel\/UCYc7vxxFZMYLIHNsHHxPZ3Q\"]},{\"@type\":\"Person\",\"@id\":\"https:\/\/conexion23.com\/#\/schema\/person\/03e36043331117e97a373299bbcd30a6\",\"name\":\"Raffy Ben\u00edtez\",\"image\":{\"@type\":\"ImageObject\",\"inLanguage\":\"es\",\"@id\":\"https:\/\/conexion23.com\/#\/schema\/person\/image\/\",\"url\":\"https:\/\/secure.gravatar.com\/avatar\/3190a6a6c5e1b0327500f7d6c56b6242472ee6cb974cf09b401ee6b3b0798f23?s=96&d=mm&r=g\",\"contentUrl\":\"https:\/\/secure.gravatar.com\/avatar\/3190a6a6c5e1b0327500f7d6c56b6242472ee6cb974cf09b401ee6b3b0798f23?s=96&d=mm&r=g\",\"caption\":\"Raffy Ben\u00edtez\"},\"url\":\"https:\/\/conexion23.com\/?author=15\"}]}<\/script>\n<!-- \/ Yoast SEO plugin. -->","yoast_head_json":{"title":"Tres personas heridas tras un accidente en SPM, entre ellos dos militares. - Conexi\u00f3n 23","robots":{"index":"index","follow":"follow","max-snippet":"max-snippet:-1","max-image-preview":"max-image-preview:large","max-video-preview":"max-video-preview:-1"},"canonical":"https:\/\/conexion23.com\/?p=21021","og_locale":"es_ES","og_type":"article","og_title":"Tres personas heridas tras un accidente en SPM, entre ellos dos militares. - Conexi\u00f3n 23","og_description":"Un choque entre dos motociclistas en la avenida Francisco Alberto Caama\u00f1o de esta ciudad, dej\u00f3 como resultado dos miembros del Ej\u00e9rcito de la Rep\u00fablica Dominicana heridos. En el accidente tambi\u00e9n result\u00f3 herido un civil, quienes fueron asistidos por unidades del 9-11. Los mismos fueron llevados al Hospital Regional Doctor Antonio Musa de esta provincia. Los [&hellip;]","og_url":"https:\/\/conexion23.com\/?p=21021","og_site_name":"Conexi\u00f3n 23","article_publisher":"https:\/\/www.facebook.com\/conexion23com","article_published_time":"2023-09-19T22:33:12+00:00","article_modified_time":"2023-09-19T22:33:14+00:00","og_image":[{"width":1280,"height":956,"url":"https:\/\/conexion23.com\/wp-content\/uploads\/2023\/09\/5a864052-9513-4816-91a4-dec5be78a3e5.jpg","type":"image\/jpeg"}],"author":"Raffy Ben\u00edtez","twitter_card":"summary_large_image","twitter_misc":{"Escrito por":"Raffy Ben\u00edtez","Tiempo de lectura":"1 minuto"},"schema":{"@context":"https:\/\/schema.org","@graph":[{"@type":"Article","@id":"https:\/\/conexion23.com\/?p=21021#article","isPartOf":{"@id":"https:\/\/conexion23.com\/?p=21021"},"author":{"name":"Raffy Ben\u00edtez","@id":"https:\/\/conexion23.com\/#\/schema\/person\/03e36043331117e97a373299bbcd30a6"},"headline":"Tres personas heridas tras un accidente en SPM, entre ellos dos militares.","datePublished":"2023-09-19T22:33:12+00:00","dateModified":"2023-09-19T22:33:14+00:00","mainEntityOfPage":{"@id":"https:\/\/conexion23.com\/?p=21021"},"wordCount":93,"commentCount":0,"publisher":{"@id":"https:\/\/conexion23.com\/#organization"},"image":{"@id":"https:\/\/conexion23.com\/?p=21021#primaryimage"},"thumbnailUrl":"https:\/\/conexion23.com\/wp-content\/uploads\/2023\/09\/5a864052-9513-4816-91a4-dec5be78a3e5.jpg","articleSection":["SPM"],"inLanguage":"es","potentialAction":[{"@type":"CommentAction","name":"Comment","target":["https:\/\/conexion23.com\/?p=21021#respond"]}]},{"@type":"WebPage","@id":"https:\/\/conexion23.com\/?p=21021","url":"https:\/\/conexion23.com\/?p=21021","name":"Tres personas heridas tras un accidente en SPM, entre ellos dos militares. - Conexi\u00f3n 23","isPartOf":{"@id":"https:\/\/conexion23.com\/#website"},"primaryImageOfPage":{"@id":"https:\/\/conexion23.com\/?p=21021#primaryimage"},"image":{"@id":"https:\/\/conexion23.com\/?p=21021#primaryimage"},"thumbnailUrl":"https:\/\/conexion23.com\/wp-content\/uploads\/2023\/09\/5a864052-9513-4816-91a4-dec5be78a3e5.jpg","datePublished":"2023-09-19T22:33:12+00:00","dateModified":"2023-09-19T22:33:14+00:00","breadcrumb":{"@id":"https:\/\/conexion23.com\/?p=21021#breadcrumb"},"inLanguage":"es","potentialAction":[{"@type":"ReadAction","target":["https:\/\/conexion23.com\/?p=21021"]}]},{"@type":"ImageObject","inLanguage":"es","@id":"https:\/\/conexion23.com\/?p=21021#primaryimage","url":"https:\/\/conexion23.com\/wp-content\/uploads\/2023\/09\/5a864052-9513-4816-91a4-dec5be78a3e5.jpg","contentUrl":"https:\/\/conexion23.com\/wp-content\/uploads\/2023\/09\/5a864052-9513-4816-91a4-dec5be78a3e5.jpg","width":1280,"height":956},{"@type":"BreadcrumbList","@id":"https:\/\/conexion23.com\/?p=21021#breadcrumb","itemListElement":[{"@type":"ListItem","position":1,"name":"Portada","item":"https:\/\/conexion23.com\/"},{"@type":"ListItem","position":2,"name":"Tres personas heridas tras un accidente en SPM, entre ellos dos militares."}]},{"@type":"WebSite","@id":"https:\/\/conexion23.com\/#website","url":"https:\/\/conexion23.com\/","name":"Conexi\u00f3n 23","description":"Peri\u00f3dico 100% Petromacorisano","publisher":{"@id":"https:\/\/conexion23.com\/#organization"},"potentialAction":[{"@type":"SearchAction","target":{"@type":"EntryPoint","urlTemplate":"https:\/\/conexion23.com\/?s={search_term_string}"},"query-input":{"@type":"PropertyValueSpecification","valueRequired":true,"valueName":"search_term_string"}}],"inLanguage":"es"},{"@type":"Organization","@id":"https:\/\/conexion23.com\/#organization","name":"Conexion 23","url":"https:\/\/conexion23.com\/","logo":{"@type":"ImageObject","inLanguage":"es","@id":"https:\/\/conexion23.com\/#\/schema\/logo\/image\/","url":"https:\/\/conexion23.com\/wp-content\/uploads\/2021\/11\/Diseno-sin-titulo-2.png","contentUrl":"https:\/\/conexion23.com\/wp-content\/uploads\/2021\/11\/Diseno-sin-titulo-2.png","width":541,"height":90,"caption":"Conexion 23"},"image":{"@id":"https:\/\/conexion23.com\/#\/schema\/logo\/image\/"},"sameAs":["https:\/\/www.facebook.com\/conexion23com","https:\/\/www.instagram.com\/conexion23com\/","https:\/\/www.youtube.com\/channel\/UCYc7vxxFZMYLIHNsHHxPZ3Q"]},{"@type":"Person","@id":"https:\/\/conexion23.com\/#\/schema\/person\/03e36043331117e97a373299bbcd30a6","name":"Raffy Ben\u00edtez","image":{"@type":"ImageObject","inLanguage":"es","@id":"https:\/\/conexion23.com\/#\/schema\/person\/image\/","url":"https:\/\/secure.gravatar.com\/avatar\/3190a6a6c5e1b0327500f7d6c56b6242472ee6cb974cf09b401ee6b3b0798f23?s=96&d=mm&r=g","contentUrl":"https:\/\/secure.gravatar.com\/avatar\/3190a6a6c5e1b0327500f7d6c56b6242472ee6cb974cf09b401ee6b3b0798f23?s=96&d=mm&r=g","caption":"Raffy Ben\u00edtez"},"url":"https:\/\/conexion23.com\/?author=15"}]}},"_links":{"self":[{"href":"https:\/\/conexion23.com\/index.php?rest_route=\/wp\/v2\/posts\/21021","targetHints":{"allow":["GET"]}}],"collection":[{"href":"https:\/\/conexion23.com\/index.php?rest_route=\/wp\/v2\/posts"}],"about":[{"href":"https:\/\/conexion23.com\/index.php?rest_route=\/wp\/v2\/types\/post"}],"author":[{"embeddable":true,"href":"https:\/\/conexion23.com\/index.php?rest_route=\/wp\/v2\/users\/15"}],"replies":[{"embeddable":true,"href":"https:\/\/conexion23.com\/index.php?rest_route=%2Fwp%2Fv2%2Fcomments&post=21021"}],"version-history":[{"count":1,"href":"https:\/\/conexion23.com\/index.php?rest_route=\/wp\/v2\/posts\/21021\/revisions"}],"predecessor-version":[{"id":21023,"href":"https:\/\/conexion23.com\/index.php?rest_route=\/wp\/v2\/posts\/21021\/revisions\/21023"}],"wp:featuredmedia":[{"embeddable":true,"href":"https:\/\/conexion23.com\/index.php?rest_route=\/wp\/v2\/media\/21022"}],"wp:attachment":[{"href":"https:\/\/conexion23.com\/index.php?rest_route=%2Fwp%2Fv2%2Fmedia&parent=21021"}],"wp:term":[{"taxonomy":"category","embeddable":true,"href":"https:\/\/conexion23.com\/index.php?rest_route=%2Fwp%2Fv2%2Fcategories&post=21021"},{"taxonomy":"post_tag","embeddable":true,"href":"https:\/\/conexion23.com\/index.php?rest_route=%2Fwp%2Fv2%2Ftags&post=21021"}],"curies":[{"name":"wp","href":"https:\/\/api.w.org\/{rel}","templated":true}]}}