{"id":21024,"date":"2023-09-19T18:36:27","date_gmt":"2023-09-19T22:36:27","guid":{"rendered":"https:\/\/conexion23.com\/?p=21024"},"modified":"2023-09-19T18:36:29","modified_gmt":"2023-09-19T22:36:29","slug":"fiscalia-de-spm-se-niega-a-entregar-vehiculos-y-pertenencias-a-pesar-de-que-una-orden-judicial-asi-lo-ordena","status":"publish","type":"post","link":"https:\/\/conexion23.com\/?p=21024","title":{"rendered":"Fiscal\u00eda de SPM se niega a entregar veh\u00edculos y pertenencias a pesar de que una orden judicial as\u00ed lo ordena"},"content":{"rendered":"\n<p>Dos ciudadanos se presentaron a la fiscal\u00eda de San Pedro de Macor\u00eds en el d\u00eda de hoy, para reclamar la entrega de dos veh\u00edculos retenidos por el ministerio p\u00fablico y otras pertenec\u00edas propiedad de los nombrados LENIS LIZARDO JONES Y JOSE RAFAEL CARELA SANTANA.<\/p>\n\n\n\n<p>Los veh\u00edculos retenidos son: Una yipeta PORSCHE CAYENE, a\u00f1o 2011, color blanco, una yipeta TOYOTA RAV 4X2, a\u00f1o 2017, color negro, tambi\u00e9n una cartera conteniendo la suma de 44,726.00 pesos dominicanos, 28, 00, d\u00f3lares americanos.<\/p>\n\n\n\n<p>Adem\u00e1s, celulares, perfumes, bocina, documentos, entre otras pertenec\u00edas, las cuales fueron retenidas hacen aproximadamente 4 meses por el ministerio p\u00fablico, luego de que varios agentes pertenecientes a la acci\u00f3n r\u00e1pida, los detuvieran momentos que regresaban de realizar un trabajo en Juan Dolio.<\/p>\n\n\n\n<p>En el mismo orden indican que se querellaron contra cinco miembros de la polic\u00eda nacional, los cuales actuaron en el apresamiento y tomaron sus tarjetas de cr\u00e9ditos y realizaron compras por internet por un valor de casi 50 mil pesos, querella esta que no ha prosperado, ya que los agentes siguen trabajando en las calles sin ninguna sanci\u00f3n y sin asuntos internos tomar carta en este caso.<\/p>\n\n\n\n<p>Hacen un llamado a la Procuradora General de la rep\u00fablica Magistrada Miriam German, a la magistrada Yenny Berenice y al director de la Polic\u00eda Nacional mayor general Eduardo Alberto Then, para que intervengan en su caso y les sean devueltas sus pertenec\u00edas como una resoluci\u00f3n judicial as\u00ed lo ordena.<\/p>\n\n\n\n<p>Fuente Martires polanco<\/p>\n\n\n\n<p><\/p>\n","protected":false},"excerpt":{"rendered":"<p>Dos ciudadanos se presentaron a la fiscal\u00eda de San Pedro de Macor\u00eds en el d\u00eda de hoy, para reclamar la entrega de dos veh\u00edculos retenidos por el ministerio p\u00fablico y otras pertenec\u00edas propiedad de los nombrados LENIS LIZARDO JONES Y JOSE RAFAEL CARELA SANTANA. Los veh\u00edculos retenidos son: Una yipeta PORSCHE CAYENE, a\u00f1o 2011, color [&hellip;]<\/p>\n","protected":false},"author":15,"featured_media":21025,"comment_status":"open","ping_status":"open","sticky":false,"template":"","format":"standard","meta":{"footnotes":""},"categories":[35],"tags":[],"class_list":{"0":"post-21024","1":"post","2":"type-post","3":"status-publish","4":"format-standard","5":"has-post-thumbnail","7":"category-spm"},"yoast_head":"<!-- This site is optimized with the Yoast SEO plugin v27.1.1 - https:\/\/yoast.com\/product\/yoast-seo-wordpress\/ -->\n<title>Fiscal\u00eda de SPM se niega a entregar veh\u00edculos y pertenencias a pesar de que una orden judicial as\u00ed lo ordena - Conexi\u00f3n 23<\/title>\n<meta name=\"robots\" content=\"index, follow, max-snippet:-1, max-image-preview:large, max-video-preview:-1\" \/>\n<link rel=\"canonical\" href=\"https:\/\/conexion23.com\/?p=21024\" \/>\n<meta property=\"og:locale\" content=\"es_ES\" \/>\n<meta property=\"og:type\" content=\"article\" \/>\n<meta property=\"og:title\" content=\"Fiscal\u00eda de SPM se niega a entregar veh\u00edculos y pertenencias a pesar de que una orden judicial as\u00ed lo ordena - Conexi\u00f3n 23\" \/>\n<meta property=\"og:description\" content=\"Dos ciudadanos se presentaron a la fiscal\u00eda de San Pedro de Macor\u00eds en el d\u00eda de hoy, para reclamar la entrega de dos veh\u00edculos retenidos por el ministerio p\u00fablico y otras pertenec\u00edas propiedad de los nombrados LENIS LIZARDO JONES Y JOSE RAFAEL CARELA SANTANA. Los veh\u00edculos retenidos son: Una yipeta PORSCHE CAYENE, a\u00f1o 2011, color [&hellip;]\" \/>\n<meta property=\"og:url\" content=\"https:\/\/conexion23.com\/?p=21024\" \/>\n<meta property=\"og:site_name\" content=\"Conexi\u00f3n 23\" \/>\n<meta property=\"article:publisher\" content=\"https:\/\/www.facebook.com\/conexion23com\" \/>\n<meta property=\"article:published_time\" content=\"2023-09-19T22:36:27+00:00\" \/>\n<meta property=\"article:modified_time\" content=\"2023-09-19T22:36:29+00:00\" \/>\n<meta property=\"og:image\" content=\"https:\/\/conexion23.com\/wp-content\/uploads\/2023\/09\/2d04b3ed-0a94-4c02-8113-6d95dbc60a6a.jpg\" \/>\n\t<meta property=\"og:image:width\" content=\"708\" \/>\n\t<meta property=\"og:image:height\" content=\"399\" \/>\n\t<meta property=\"og:image:type\" content=\"image\/jpeg\" \/>\n<meta name=\"author\" content=\"Raffy Ben\u00edtez\" \/>\n<meta name=\"twitter:card\" content=\"summary_large_image\" \/>\n<meta name=\"twitter:label1\" content=\"Escrito por\" \/>\n\t<meta name=\"twitter:data1\" content=\"Raffy Ben\u00edtez\" \/>\n\t<meta name=\"twitter:label2\" content=\"Tiempo de lectura\" \/>\n\t<meta name=\"twitter:data2\" content=\"2 minutos\" \/>\n<script type=\"application\/ld+json\" class=\"yoast-schema-graph\">{\"@context\":\"https:\/\/schema.org\",\"@graph\":[{\"@type\":\"Article\",\"@id\":\"https:\/\/conexion23.com\/?p=21024#article\",\"isPartOf\":{\"@id\":\"https:\/\/conexion23.com\/?p=21024\"},\"author\":{\"name\":\"Raffy Ben\u00edtez\",\"@id\":\"https:\/\/conexion23.com\/#\/schema\/person\/03e36043331117e97a373299bbcd30a6\"},\"headline\":\"Fiscal\u00eda de SPM se niega a entregar veh\u00edculos y pertenencias a pesar de que una orden judicial as\u00ed lo ordena\",\"datePublished\":\"2023-09-19T22:36:27+00:00\",\"dateModified\":\"2023-09-19T22:36:29+00:00\",\"mainEntityOfPage\":{\"@id\":\"https:\/\/conexion23.com\/?p=21024\"},\"wordCount\":278,\"commentCount\":0,\"publisher\":{\"@id\":\"https:\/\/conexion23.com\/#organization\"},\"image\":{\"@id\":\"https:\/\/conexion23.com\/?p=21024#primaryimage\"},\"thumbnailUrl\":\"https:\/\/conexion23.com\/wp-content\/uploads\/2023\/09\/2d04b3ed-0a94-4c02-8113-6d95dbc60a6a.jpg\",\"articleSection\":[\"SPM\"],\"inLanguage\":\"es\",\"potentialAction\":[{\"@type\":\"CommentAction\",\"name\":\"Comment\",\"target\":[\"https:\/\/conexion23.com\/?p=21024#respond\"]}]},{\"@type\":\"WebPage\",\"@id\":\"https:\/\/conexion23.com\/?p=21024\",\"url\":\"https:\/\/conexion23.com\/?p=21024\",\"name\":\"Fiscal\u00eda de SPM se niega a entregar veh\u00edculos y pertenencias a pesar de que una orden judicial as\u00ed lo ordena - Conexi\u00f3n 23\",\"isPartOf\":{\"@id\":\"https:\/\/conexion23.com\/#website\"},\"primaryImageOfPage\":{\"@id\":\"https:\/\/conexion23.com\/?p=21024#primaryimage\"},\"image\":{\"@id\":\"https:\/\/conexion23.com\/?p=21024#primaryimage\"},\"thumbnailUrl\":\"https:\/\/conexion23.com\/wp-content\/uploads\/2023\/09\/2d04b3ed-0a94-4c02-8113-6d95dbc60a6a.jpg\",\"datePublished\":\"2023-09-19T22:36:27+00:00\",\"dateModified\":\"2023-09-19T22:36:29+00:00\",\"breadcrumb\":{\"@id\":\"https:\/\/conexion23.com\/?p=21024#breadcrumb\"},\"inLanguage\":\"es\",\"potentialAction\":[{\"@type\":\"ReadAction\",\"target\":[\"https:\/\/conexion23.com\/?p=21024\"]}]},{\"@type\":\"ImageObject\",\"inLanguage\":\"es\",\"@id\":\"https:\/\/conexion23.com\/?p=21024#primaryimage\",\"url\":\"https:\/\/conexion23.com\/wp-content\/uploads\/2023\/09\/2d04b3ed-0a94-4c02-8113-6d95dbc60a6a.jpg\",\"contentUrl\":\"https:\/\/conexion23.com\/wp-content\/uploads\/2023\/09\/2d04b3ed-0a94-4c02-8113-6d95dbc60a6a.jpg\",\"width\":708,\"height\":399},{\"@type\":\"BreadcrumbList\",\"@id\":\"https:\/\/conexion23.com\/?p=21024#breadcrumb\",\"itemListElement\":[{\"@type\":\"ListItem\",\"position\":1,\"name\":\"Portada\",\"item\":\"https:\/\/conexion23.com\/\"},{\"@type\":\"ListItem\",\"position\":2,\"name\":\"Fiscal\u00eda de SPM se niega a entregar veh\u00edculos y pertenencias a pesar de que una orden judicial as\u00ed lo ordena\"}]},{\"@type\":\"WebSite\",\"@id\":\"https:\/\/conexion23.com\/#website\",\"url\":\"https:\/\/conexion23.com\/\",\"name\":\"Conexi\u00f3n 23\",\"description\":\"Peri\u00f3dico 100% Petromacorisano\",\"publisher\":{\"@id\":\"https:\/\/conexion23.com\/#organization\"},\"potentialAction\":[{\"@type\":\"SearchAction\",\"target\":{\"@type\":\"EntryPoint\",\"urlTemplate\":\"https:\/\/conexion23.com\/?s={search_term_string}\"},\"query-input\":{\"@type\":\"PropertyValueSpecification\",\"valueRequired\":true,\"valueName\":\"search_term_string\"}}],\"inLanguage\":\"es\"},{\"@type\":\"Organization\",\"@id\":\"https:\/\/conexion23.com\/#organization\",\"name\":\"Conexion 23\",\"url\":\"https:\/\/conexion23.com\/\",\"logo\":{\"@type\":\"ImageObject\",\"inLanguage\":\"es\",\"@id\":\"https:\/\/conexion23.com\/#\/schema\/logo\/image\/\",\"url\":\"https:\/\/conexion23.com\/wp-content\/uploads\/2021\/11\/Diseno-sin-titulo-2.png\",\"contentUrl\":\"https:\/\/conexion23.com\/wp-content\/uploads\/2021\/11\/Diseno-sin-titulo-2.png\",\"width\":541,\"height\":90,\"caption\":\"Conexion 23\"},\"image\":{\"@id\":\"https:\/\/conexion23.com\/#\/schema\/logo\/image\/\"},\"sameAs\":[\"https:\/\/www.facebook.com\/conexion23com\",\"https:\/\/www.instagram.com\/conexion23com\/\",\"https:\/\/www.youtube.com\/channel\/UCYc7vxxFZMYLIHNsHHxPZ3Q\"]},{\"@type\":\"Person\",\"@id\":\"https:\/\/conexion23.com\/#\/schema\/person\/03e36043331117e97a373299bbcd30a6\",\"name\":\"Raffy Ben\u00edtez\",\"image\":{\"@type\":\"ImageObject\",\"inLanguage\":\"es\",\"@id\":\"https:\/\/conexion23.com\/#\/schema\/person\/image\/\",\"url\":\"https:\/\/secure.gravatar.com\/avatar\/3190a6a6c5e1b0327500f7d6c56b6242472ee6cb974cf09b401ee6b3b0798f23?s=96&d=mm&r=g\",\"contentUrl\":\"https:\/\/secure.gravatar.com\/avatar\/3190a6a6c5e1b0327500f7d6c56b6242472ee6cb974cf09b401ee6b3b0798f23?s=96&d=mm&r=g\",\"caption\":\"Raffy Ben\u00edtez\"},\"url\":\"https:\/\/conexion23.com\/?author=15\"}]}<\/script>\n<!-- \/ Yoast SEO plugin. -->","yoast_head_json":{"title":"Fiscal\u00eda de SPM se niega a entregar veh\u00edculos y pertenencias a pesar de que una orden judicial as\u00ed lo ordena - Conexi\u00f3n 23","robots":{"index":"index","follow":"follow","max-snippet":"max-snippet:-1","max-image-preview":"max-image-preview:large","max-video-preview":"max-video-preview:-1"},"canonical":"https:\/\/conexion23.com\/?p=21024","og_locale":"es_ES","og_type":"article","og_title":"Fiscal\u00eda de SPM se niega a entregar veh\u00edculos y pertenencias a pesar de que una orden judicial as\u00ed lo ordena - Conexi\u00f3n 23","og_description":"Dos ciudadanos se presentaron a la fiscal\u00eda de San Pedro de Macor\u00eds en el d\u00eda de hoy, para reclamar la entrega de dos veh\u00edculos retenidos por el ministerio p\u00fablico y otras pertenec\u00edas propiedad de los nombrados LENIS LIZARDO JONES Y JOSE RAFAEL CARELA SANTANA. Los veh\u00edculos retenidos son: Una yipeta PORSCHE CAYENE, a\u00f1o 2011, color [&hellip;]","og_url":"https:\/\/conexion23.com\/?p=21024","og_site_name":"Conexi\u00f3n 23","article_publisher":"https:\/\/www.facebook.com\/conexion23com","article_published_time":"2023-09-19T22:36:27+00:00","article_modified_time":"2023-09-19T22:36:29+00:00","og_image":[{"width":708,"height":399,"url":"https:\/\/conexion23.com\/wp-content\/uploads\/2023\/09\/2d04b3ed-0a94-4c02-8113-6d95dbc60a6a.jpg","type":"image\/jpeg"}],"author":"Raffy Ben\u00edtez","twitter_card":"summary_large_image","twitter_misc":{"Escrito por":"Raffy Ben\u00edtez","Tiempo de lectura":"2 minutos"},"schema":{"@context":"https:\/\/schema.org","@graph":[{"@type":"Article","@id":"https:\/\/conexion23.com\/?p=21024#article","isPartOf":{"@id":"https:\/\/conexion23.com\/?p=21024"},"author":{"name":"Raffy Ben\u00edtez","@id":"https:\/\/conexion23.com\/#\/schema\/person\/03e36043331117e97a373299bbcd30a6"},"headline":"Fiscal\u00eda de SPM se niega a entregar veh\u00edculos y pertenencias a pesar de que una orden judicial as\u00ed lo ordena","datePublished":"2023-09-19T22:36:27+00:00","dateModified":"2023-09-19T22:36:29+00:00","mainEntityOfPage":{"@id":"https:\/\/conexion23.com\/?p=21024"},"wordCount":278,"commentCount":0,"publisher":{"@id":"https:\/\/conexion23.com\/#organization"},"image":{"@id":"https:\/\/conexion23.com\/?p=21024#primaryimage"},"thumbnailUrl":"https:\/\/conexion23.com\/wp-content\/uploads\/2023\/09\/2d04b3ed-0a94-4c02-8113-6d95dbc60a6a.jpg","articleSection":["SPM"],"inLanguage":"es","potentialAction":[{"@type":"CommentAction","name":"Comment","target":["https:\/\/conexion23.com\/?p=21024#respond"]}]},{"@type":"WebPage","@id":"https:\/\/conexion23.com\/?p=21024","url":"https:\/\/conexion23.com\/?p=21024","name":"Fiscal\u00eda de SPM se niega a entregar veh\u00edculos y pertenencias a pesar de que una orden judicial as\u00ed lo ordena - Conexi\u00f3n 23","isPartOf":{"@id":"https:\/\/conexion23.com\/#website"},"primaryImageOfPage":{"@id":"https:\/\/conexion23.com\/?p=21024#primaryimage"},"image":{"@id":"https:\/\/conexion23.com\/?p=21024#primaryimage"},"thumbnailUrl":"https:\/\/conexion23.com\/wp-content\/uploads\/2023\/09\/2d04b3ed-0a94-4c02-8113-6d95dbc60a6a.jpg","datePublished":"2023-09-19T22:36:27+00:00","dateModified":"2023-09-19T22:36:29+00:00","breadcrumb":{"@id":"https:\/\/conexion23.com\/?p=21024#breadcrumb"},"inLanguage":"es","potentialAction":[{"@type":"ReadAction","target":["https:\/\/conexion23.com\/?p=21024"]}]},{"@type":"ImageObject","inLanguage":"es","@id":"https:\/\/conexion23.com\/?p=21024#primaryimage","url":"https:\/\/conexion23.com\/wp-content\/uploads\/2023\/09\/2d04b3ed-0a94-4c02-8113-6d95dbc60a6a.jpg","contentUrl":"https:\/\/conexion23.com\/wp-content\/uploads\/2023\/09\/2d04b3ed-0a94-4c02-8113-6d95dbc60a6a.jpg","width":708,"height":399},{"@type":"BreadcrumbList","@id":"https:\/\/conexion23.com\/?p=21024#breadcrumb","itemListElement":[{"@type":"ListItem","position":1,"name":"Portada","item":"https:\/\/conexion23.com\/"},{"@type":"ListItem","position":2,"name":"Fiscal\u00eda de SPM se niega a entregar veh\u00edculos y pertenencias a pesar de que una orden judicial as\u00ed lo ordena"}]},{"@type":"WebSite","@id":"https:\/\/conexion23.com\/#website","url":"https:\/\/conexion23.com\/","name":"Conexi\u00f3n 23","description":"Peri\u00f3dico 100% Petromacorisano","publisher":{"@id":"https:\/\/conexion23.com\/#organization"},"potentialAction":[{"@type":"SearchAction","target":{"@type":"EntryPoint","urlTemplate":"https:\/\/conexion23.com\/?s={search_term_string}"},"query-input":{"@type":"PropertyValueSpecification","valueRequired":true,"valueName":"search_term_string"}}],"inLanguage":"es"},{"@type":"Organization","@id":"https:\/\/conexion23.com\/#organization","name":"Conexion 23","url":"https:\/\/conexion23.com\/","logo":{"@type":"ImageObject","inLanguage":"es","@id":"https:\/\/conexion23.com\/#\/schema\/logo\/image\/","url":"https:\/\/conexion23.com\/wp-content\/uploads\/2021\/11\/Diseno-sin-titulo-2.png","contentUrl":"https:\/\/conexion23.com\/wp-content\/uploads\/2021\/11\/Diseno-sin-titulo-2.png","width":541,"height":90,"caption":"Conexion 23"},"image":{"@id":"https:\/\/conexion23.com\/#\/schema\/logo\/image\/"},"sameAs":["https:\/\/www.facebook.com\/conexion23com","https:\/\/www.instagram.com\/conexion23com\/","https:\/\/www.youtube.com\/channel\/UCYc7vxxFZMYLIHNsHHxPZ3Q"]},{"@type":"Person","@id":"https:\/\/conexion23.com\/#\/schema\/person\/03e36043331117e97a373299bbcd30a6","name":"Raffy Ben\u00edtez","image":{"@type":"ImageObject","inLanguage":"es","@id":"https:\/\/conexion23.com\/#\/schema\/person\/image\/","url":"https:\/\/secure.gravatar.com\/avatar\/3190a6a6c5e1b0327500f7d6c56b6242472ee6cb974cf09b401ee6b3b0798f23?s=96&d=mm&r=g","contentUrl":"https:\/\/secure.gravatar.com\/avatar\/3190a6a6c5e1b0327500f7d6c56b6242472ee6cb974cf09b401ee6b3b0798f23?s=96&d=mm&r=g","caption":"Raffy Ben\u00edtez"},"url":"https:\/\/conexion23.com\/?author=15"}]}},"_links":{"self":[{"href":"https:\/\/conexion23.com\/index.php?rest_route=\/wp\/v2\/posts\/21024","targetHints":{"allow":["GET"]}}],"collection":[{"href":"https:\/\/conexion23.com\/index.php?rest_route=\/wp\/v2\/posts"}],"about":[{"href":"https:\/\/conexion23.com\/index.php?rest_route=\/wp\/v2\/types\/post"}],"author":[{"embeddable":true,"href":"https:\/\/conexion23.com\/index.php?rest_route=\/wp\/v2\/users\/15"}],"replies":[{"embeddable":true,"href":"https:\/\/conexion23.com\/index.php?rest_route=%2Fwp%2Fv2%2Fcomments&post=21024"}],"version-history":[{"count":1,"href":"https:\/\/conexion23.com\/index.php?rest_route=\/wp\/v2\/posts\/21024\/revisions"}],"predecessor-version":[{"id":21026,"href":"https:\/\/conexion23.com\/index.php?rest_route=\/wp\/v2\/posts\/21024\/revisions\/21026"}],"wp:featuredmedia":[{"embeddable":true,"href":"https:\/\/conexion23.com\/index.php?rest_route=\/wp\/v2\/media\/21025"}],"wp:attachment":[{"href":"https:\/\/conexion23.com\/index.php?rest_route=%2Fwp%2Fv2%2Fmedia&parent=21024"}],"wp:term":[{"taxonomy":"category","embeddable":true,"href":"https:\/\/conexion23.com\/index.php?rest_route=%2Fwp%2Fv2%2Fcategories&post=21024"},{"taxonomy":"post_tag","embeddable":true,"href":"https:\/\/conexion23.com\/index.php?rest_route=%2Fwp%2Fv2%2Ftags&post=21024"}],"curies":[{"name":"wp","href":"https:\/\/api.w.org\/{rel}","templated":true}]}}